{"id":9897,"date":"2024-09-27T11:50:21","date_gmt":"2024-09-27T09:50:21","guid":{"rendered":"https:\/\/aeroportcastello.com\/?p=9897"},"modified":"2024-09-27T11:50:21","modified_gmt":"2024-09-27T09:50:21","slug":"el-aeropuerto-de-castellon-avanza-en-el-certificado-de-descarbonizacion-por-su-gestion-para-la-reduccion-de-emisiones","status":"publish","type":"post","link":"https:\/\/aeroportcastello.com\/es\/el-aeropuerto-de-castellon-avanza-en-el-certificado-de-descarbonizacion-por-su-gestion-para-la-reduccion-de-emisiones\/","title":{"rendered":"El aeropuerto de Castell\u00f3n avanza en el certificado de descarbonizaci\u00f3n por su gesti\u00f3n para la reducci\u00f3n de emisiones"},"content":{"rendered":"<p><strong>La instalaci\u00f3n castellonense asciende al segundo escal\u00f3n del programa \u2018Airport Carbon Accreditation\u2019\u00a0<\/strong><\/p>\n<p>El aeropuerto de Castell\u00f3n avanza en su apuesta por la descarbonizaci\u00f3n y ha subido un nivel en el programa<em> Airport Carbon Accreditation<\/em> (ACA), que eval\u00faa los avances en materia de gesti\u00f3n y reducci\u00f3n de la huella de carbono.<\/p>\n<p>El director general de Aerocas, Justo Vell\u00f3n, ha manifestado que el aeropuerto de Castell\u00f3n \u201ctiene un compromiso firme con la sostenibilidad, la transici\u00f3n energ\u00e9tica y la descarbonizaci\u00f3n del sector, que constituyen uno de los principales desaf\u00edos que afronta el sector de la aviaci\u00f3n\u201d.<\/p>\n<p>En esta l\u00ednea, el aeropuerto ha logrado el certificado <em>Airport Carbon Accreditation<\/em>, en el nivel 2 \u2018Reducci\u00f3n\u2019, en reconocimiento a las acciones que se han llevado a cabo para gestionar las emisiones de CO2, en el marco de la estrategia global de la industria aeroportuaria de respuesta al desaf\u00edo del cambio clim\u00e1tico. Tras la obtenci\u00f3n de este certificado, el aeropuerto ha iniciado la tramitaci\u00f3n para ascender al nivel 3 \u2018Optimizaci\u00f3n\u2019.<\/p>\n<p><em>Airport Carbon Accreditation<\/em>\u00a0es el \u00fanico programa est\u00e1ndar de certificaci\u00f3n de gesti\u00f3n del carbono respaldado institucionalmente para aeropuertos. Eval\u00faa y reconoce de forma independiente los esfuerzos para gestionar y reducir las emisiones de carbono a trav\u00e9s de seis niveles de certificaci\u00f3n: &#8216;Mapeo&#8217;, &#8216;Reducci\u00f3n&#8217;, &#8216;Optimizaci\u00f3n&#8217;, &#8216;Neutralidad&#8217;, &#8216;Transformaci\u00f3n&#8217; y &#8216;Transici\u00f3n&#8217;.<\/p>\n<p>El programa se basa en metodolog\u00edas reconocidas internacionalmente, proporcionando un marco com\u00fan para la gesti\u00f3n del carbono con objetivos medibles.\u00a0Esta herramienta es flexible, en la medida en que tiene en cuenta los requisitos legales nacionales o locales, al tiempo que garantiza que la metodolog\u00eda utilizada sea siempre s\u00f3lida.<\/p>\n<p><em>Airport Carbon Accreditation<\/em>\u00a0es propiedad del Consejo Internacional de Aeropuertos-Europa (ACI-Europe), una organizaci\u00f3n que agrupa a m\u00e1s de 500 aeropuertos (entre los que se encuentra el de Castell\u00f3n) de 55 pa\u00edses y que representan m\u00e1s del 90 por ciento del tr\u00e1fico comercial en Europa. El programa est\u00e1 administrado por WSP, la consultor\u00eda ambiental encargada de hacer cumplir los estrictos criterios de acreditaci\u00f3n y salvaguardar el car\u00e1cter independiente del marco del programa.<\/p>\n","protected":false},"excerpt":{"rendered":"<p>La instalaci\u00f3n castellonense asciende al segundo escal\u00f3n del programa \u2018Airport Carbon Accreditation\u2019\u00a0 El aeropuerto de Castell\u00f3n avanza en su apuesta por la descarbonizaci\u00f3n y ha subido un nivel en el programa Airport Carbon Accreditation (ACA), que eval\u00faa los avances en materia de gesti\u00f3n y reducci\u00f3n de la huella de carbono. El director general de Aerocas, &#8230; <\/p>\n<p class=\"read-more-container\"><a title=\"El aeropuerto de Castell\u00f3n avanza en el certificado de descarbonizaci\u00f3n por su gesti\u00f3n para la reducci\u00f3n de emisiones\" class=\"read-more button\" href=\"https:\/\/aeroportcastello.com\/es\/el-aeropuerto-de-castellon-avanza-en-el-certificado-de-descarbonizacion-por-su-gestion-para-la-reduccion-de-emisiones\/#more-9897\" aria-label=\"Leer m\u00e1s sobre El aeropuerto de Castell\u00f3n avanza en el certificado de descarbonizaci\u00f3n por su gesti\u00f3n para la reducci\u00f3n de emisiones\">Leer m\u00e1s<\/a><\/p>\n","protected":false},"author":5,"featured_media":9898,"comment_status":"closed","ping_status":"closed","sticky":false,"template":"","format":"standard","meta":{"footnotes":""},"categories":[1],"tags":[],"yoast_head":"<!-- This site is optimized with the Yoast SEO plugin v22.0 - https:\/\/yoast.com\/wordpress\/plugins\/seo\/ -->\n<title>El aeropuerto de Castell\u00f3n avanza en el certificado de descarbonizaci\u00f3n por su gesti\u00f3n para la reducci\u00f3n de emisiones - Aeropuerto Castell\u00f3n<\/title>\n<meta name=\"robots\" content=\"index, follow, max-snippet:-1, max-image-preview:large, max-video-preview:-1\" \/>\n<link rel=\"canonical\" href=\"https:\/\/aeroportcastello.com\/es\/el-aeropuerto-de-castellon-avanza-en-el-certificado-de-descarbonizacion-por-su-gestion-para-la-reduccion-de-emisiones\/\" \/>\n<meta property=\"og:locale\" content=\"es_ES\" \/>\n<meta property=\"og:type\" content=\"article\" \/>\n<meta property=\"og:title\" content=\"El aeropuerto de Castell\u00f3n avanza en el certificado de descarbonizaci\u00f3n por su gesti\u00f3n para la reducci\u00f3n de emisiones - Aeropuerto Castell\u00f3n\" \/>\n<meta property=\"og:description\" content=\"La instalaci\u00f3n castellonense asciende al segundo escal\u00f3n del programa \u2018Airport Carbon Accreditation\u2019\u00a0 El aeropuerto de Castell\u00f3n avanza en su apuesta por la descarbonizaci\u00f3n y ha subido un nivel en el programa Airport Carbon Accreditation (ACA), que eval\u00faa los avances en materia de gesti\u00f3n y reducci\u00f3n de la huella de carbono. El director general de Aerocas, ... Leer m\u00e1s\" \/>\n<meta property=\"og:url\" content=\"https:\/\/aeroportcastello.com\/es\/el-aeropuerto-de-castellon-avanza-en-el-certificado-de-descarbonizacion-por-su-gestion-para-la-reduccion-de-emisiones\/\" \/>\n<meta property=\"og:site_name\" content=\"Aeropuerto Castell\u00f3n\" \/>\n<meta property=\"article:published_time\" content=\"2024-09-27T09:50:21+00:00\" \/>\n<meta property=\"og:image\" content=\"https:\/\/aeroportcastello.com\/wp-content\/uploads\/2024\/09\/DSC00160-1-scaled.jpg\" \/>\n\t<meta property=\"og:image:width\" content=\"2560\" \/>\n\t<meta property=\"og:image:height\" content=\"1708\" \/>\n\t<meta property=\"og:image:type\" content=\"image\/jpeg\" \/>\n<meta name=\"author\" content=\"JORDI\" \/>\n<meta name=\"twitter:card\" content=\"summary_large_image\" \/>\n<meta name=\"twitter:label1\" content=\"Escrito por\" \/>\n\t<meta name=\"twitter:data1\" content=\"JORDI\" \/>\n\t<meta name=\"twitter:label2\" content=\"Tiempo de lectura\" \/>\n\t<meta name=\"twitter:data2\" content=\"3 minutos\" \/>\n<script type=\"application\/ld+json\" class=\"yoast-schema-graph\">{\"@context\":\"https:\/\/schema.org\",\"@graph\":[{\"@type\":\"Article\",\"@id\":\"https:\/\/aeroportcastello.com\/es\/el-aeropuerto-de-castellon-avanza-en-el-certificado-de-descarbonizacion-por-su-gestion-para-la-reduccion-de-emisiones\/#article\",\"isPartOf\":{\"@id\":\"https:\/\/aeroportcastello.com\/es\/el-aeropuerto-de-castellon-avanza-en-el-certificado-de-descarbonizacion-por-su-gestion-para-la-reduccion-de-emisiones\/\"},\"author\":{\"name\":\"JORDI\",\"@id\":\"https:\/\/aeroportcastello.com\/es\/#\/schema\/person\/dbe9a5cd8c878b170b9626311b760bbd\"},\"headline\":\"El aeropuerto de Castell\u00f3n avanza en el certificado de descarbonizaci\u00f3n por su gesti\u00f3n para la reducci\u00f3n de emisiones\",\"datePublished\":\"2024-09-27T09:50:21+00:00\",\"dateModified\":\"2024-09-27T09:50:21+00:00\",\"mainEntityOfPage\":{\"@id\":\"https:\/\/aeroportcastello.com\/es\/el-aeropuerto-de-castellon-avanza-en-el-certificado-de-descarbonizacion-por-su-gestion-para-la-reduccion-de-emisiones\/\"},\"wordCount\":393,\"publisher\":{\"@id\":\"https:\/\/aeroportcastello.com\/es\/#organization\"},\"articleSection\":[\"Noticias Aeropuerto\"],\"inLanguage\":\"es\"},{\"@type\":\"WebPage\",\"@id\":\"https:\/\/aeroportcastello.com\/es\/el-aeropuerto-de-castellon-avanza-en-el-certificado-de-descarbonizacion-por-su-gestion-para-la-reduccion-de-emisiones\/\",\"url\":\"https:\/\/aeroportcastello.com\/es\/el-aeropuerto-de-castellon-avanza-en-el-certificado-de-descarbonizacion-por-su-gestion-para-la-reduccion-de-emisiones\/\",\"name\":\"El aeropuerto de Castell\u00f3n avanza en el certificado de descarbonizaci\u00f3n por su gesti\u00f3n para la reducci\u00f3n de emisiones - Aeropuerto Castell\u00f3n\",\"isPartOf\":{\"@id\":\"https:\/\/aeroportcastello.com\/es\/#website\"},\"datePublished\":\"2024-09-27T09:50:21+00:00\",\"dateModified\":\"2024-09-27T09:50:21+00:00\",\"breadcrumb\":{\"@id\":\"https:\/\/aeroportcastello.com\/es\/el-aeropuerto-de-castellon-avanza-en-el-certificado-de-descarbonizacion-por-su-gestion-para-la-reduccion-de-emisiones\/#breadcrumb\"},\"inLanguage\":\"es\",\"potentialAction\":[{\"@type\":\"ReadAction\",\"target\":[\"https:\/\/aeroportcastello.com\/es\/el-aeropuerto-de-castellon-avanza-en-el-certificado-de-descarbonizacion-por-su-gestion-para-la-reduccion-de-emisiones\/\"]}]},{\"@type\":\"BreadcrumbList\",\"@id\":\"https:\/\/aeroportcastello.com\/es\/el-aeropuerto-de-castellon-avanza-en-el-certificado-de-descarbonizacion-por-su-gestion-para-la-reduccion-de-emisiones\/#breadcrumb\",\"itemListElement\":[{\"@type\":\"ListItem\",\"position\":1,\"name\":\"Pasajeros\",\"item\":\"https:\/\/aeroportcastello.com\/es\/\"},{\"@type\":\"ListItem\",\"position\":2,\"name\":\"El aeropuerto de Castell\u00f3n avanza en el certificado de descarbonizaci\u00f3n por su gesti\u00f3n para la reducci\u00f3n de emisiones\"}]},{\"@type\":\"WebSite\",\"@id\":\"https:\/\/aeroportcastello.com\/es\/#website\",\"url\":\"https:\/\/aeroportcastello.com\/es\/\",\"name\":\"Aeropuerto Castell\u00f3n\",\"description\":\"Aeropuerto Castell\u00f3n\",\"publisher\":{\"@id\":\"https:\/\/aeroportcastello.com\/es\/#organization\"},\"potentialAction\":[{\"@type\":\"SearchAction\",\"target\":{\"@type\":\"EntryPoint\",\"urlTemplate\":\"https:\/\/aeroportcastello.com\/es\/?s={search_term_string}\"},\"query-input\":\"required name=search_term_string\"}],\"inLanguage\":\"es\"},{\"@type\":\"Organization\",\"@id\":\"https:\/\/aeroportcastello.com\/es\/#organization\",\"name\":\"Aeropuerto Castell\u00f3n\",\"url\":\"https:\/\/aeroportcastello.com\/es\/\",\"logo\":{\"@type\":\"ImageObject\",\"inLanguage\":\"es\",\"@id\":\"https:\/\/aeroportcastello.com\/es\/#\/schema\/logo\/image\/\",\"url\":\"https:\/\/aeroportcastello.com\/wp-content\/uploads\/2021\/05\/logo_aeroport_castello-1.svg\",\"contentUrl\":\"https:\/\/aeroportcastello.com\/wp-content\/uploads\/2021\/05\/logo_aeroport_castello-1.svg\",\"width\":482.8999999999999772626324556767940521240234375,\"height\":93.7000000000000028421709430404007434844970703125,\"caption\":\"Aeropuerto Castell\u00f3n\"},\"image\":{\"@id\":\"https:\/\/aeroportcastello.com\/es\/#\/schema\/logo\/image\/\"}},{\"@type\":\"Person\",\"@id\":\"https:\/\/aeroportcastello.com\/es\/#\/schema\/person\/dbe9a5cd8c878b170b9626311b760bbd\",\"name\":\"JORDI\",\"image\":{\"@type\":\"ImageObject\",\"inLanguage\":\"es\",\"@id\":\"https:\/\/aeroportcastello.com\/es\/#\/schema\/person\/image\/\",\"url\":\"https:\/\/secure.gravatar.com\/avatar\/3b270e37d3e82ec6b995a7d26cf97e61?s=96&d=mm&r=g\",\"contentUrl\":\"https:\/\/secure.gravatar.com\/avatar\/3b270e37d3e82ec6b995a7d26cf97e61?s=96&d=mm&r=g\",\"caption\":\"JORDI\"},\"url\":\"https:\/\/aeroportcastello.com\/es\/author\/jordi\/\"}]}<\/script>\n<!-- \/ Yoast SEO plugin. -->","yoast_head_json":{"title":"El aeropuerto de Castell\u00f3n avanza en el certificado de descarbonizaci\u00f3n por su gesti\u00f3n para la reducci\u00f3n de emisiones - Aeropuerto Castell\u00f3n","robots":{"index":"index","follow":"follow","max-snippet":"max-snippet:-1","max-image-preview":"max-image-preview:large","max-video-preview":"max-video-preview:-1"},"canonical":"https:\/\/aeroportcastello.com\/es\/el-aeropuerto-de-castellon-avanza-en-el-certificado-de-descarbonizacion-por-su-gestion-para-la-reduccion-de-emisiones\/","og_locale":"es_ES","og_type":"article","og_title":"El aeropuerto de Castell\u00f3n avanza en el certificado de descarbonizaci\u00f3n por su gesti\u00f3n para la reducci\u00f3n de emisiones - Aeropuerto Castell\u00f3n","og_description":"La instalaci\u00f3n castellonense asciende al segundo escal\u00f3n del programa \u2018Airport Carbon Accreditation\u2019\u00a0 El aeropuerto de Castell\u00f3n avanza en su apuesta por la descarbonizaci\u00f3n y ha subido un nivel en el programa Airport Carbon Accreditation (ACA), que eval\u00faa los avances en materia de gesti\u00f3n y reducci\u00f3n de la huella de carbono. El director general de Aerocas, ... Leer m\u00e1s","og_url":"https:\/\/aeroportcastello.com\/es\/el-aeropuerto-de-castellon-avanza-en-el-certificado-de-descarbonizacion-por-su-gestion-para-la-reduccion-de-emisiones\/","og_site_name":"Aeropuerto Castell\u00f3n","article_published_time":"2024-09-27T09:50:21+00:00","og_image":[{"width":2560,"height":1708,"url":"https:\/\/aeroportcastello.com\/wp-content\/uploads\/2024\/09\/DSC00160-1-scaled.jpg","type":"image\/jpeg"}],"author":"JORDI","twitter_card":"summary_large_image","twitter_misc":{"Escrito por":"JORDI","Tiempo de lectura":"3 minutos"},"schema":{"@context":"https:\/\/schema.org","@graph":[{"@type":"Article","@id":"https:\/\/aeroportcastello.com\/es\/el-aeropuerto-de-castellon-avanza-en-el-certificado-de-descarbonizacion-por-su-gestion-para-la-reduccion-de-emisiones\/#article","isPartOf":{"@id":"https:\/\/aeroportcastello.com\/es\/el-aeropuerto-de-castellon-avanza-en-el-certificado-de-descarbonizacion-por-su-gestion-para-la-reduccion-de-emisiones\/"},"author":{"name":"JORDI","@id":"https:\/\/aeroportcastello.com\/es\/#\/schema\/person\/dbe9a5cd8c878b170b9626311b760bbd"},"headline":"El aeropuerto de Castell\u00f3n avanza en el certificado de descarbonizaci\u00f3n por su gesti\u00f3n para la reducci\u00f3n de emisiones","datePublished":"2024-09-27T09:50:21+00:00","dateModified":"2024-09-27T09:50:21+00:00","mainEntityOfPage":{"@id":"https:\/\/aeroportcastello.com\/es\/el-aeropuerto-de-castellon-avanza-en-el-certificado-de-descarbonizacion-por-su-gestion-para-la-reduccion-de-emisiones\/"},"wordCount":393,"publisher":{"@id":"https:\/\/aeroportcastello.com\/es\/#organization"},"articleSection":["Noticias Aeropuerto"],"inLanguage":"es"},{"@type":"WebPage","@id":"https:\/\/aeroportcastello.com\/es\/el-aeropuerto-de-castellon-avanza-en-el-certificado-de-descarbonizacion-por-su-gestion-para-la-reduccion-de-emisiones\/","url":"https:\/\/aeroportcastello.com\/es\/el-aeropuerto-de-castellon-avanza-en-el-certificado-de-descarbonizacion-por-su-gestion-para-la-reduccion-de-emisiones\/","name":"El aeropuerto de Castell\u00f3n avanza en el certificado de descarbonizaci\u00f3n por su gesti\u00f3n para la reducci\u00f3n de emisiones - Aeropuerto Castell\u00f3n","isPartOf":{"@id":"https:\/\/aeroportcastello.com\/es\/#website"},"datePublished":"2024-09-27T09:50:21+00:00","dateModified":"2024-09-27T09:50:21+00:00","breadcrumb":{"@id":"https:\/\/aeroportcastello.com\/es\/el-aeropuerto-de-castellon-avanza-en-el-certificado-de-descarbonizacion-por-su-gestion-para-la-reduccion-de-emisiones\/#breadcrumb"},"inLanguage":"es","potentialAction":[{"@type":"ReadAction","target":["https:\/\/aeroportcastello.com\/es\/el-aeropuerto-de-castellon-avanza-en-el-certificado-de-descarbonizacion-por-su-gestion-para-la-reduccion-de-emisiones\/"]}]},{"@type":"BreadcrumbList","@id":"https:\/\/aeroportcastello.com\/es\/el-aeropuerto-de-castellon-avanza-en-el-certificado-de-descarbonizacion-por-su-gestion-para-la-reduccion-de-emisiones\/#breadcrumb","itemListElement":[{"@type":"ListItem","position":1,"name":"Pasajeros","item":"https:\/\/aeroportcastello.com\/es\/"},{"@type":"ListItem","position":2,"name":"El aeropuerto de Castell\u00f3n avanza en el certificado de descarbonizaci\u00f3n por su gesti\u00f3n para la reducci\u00f3n de emisiones"}]},{"@type":"WebSite","@id":"https:\/\/aeroportcastello.com\/es\/#website","url":"https:\/\/aeroportcastello.com\/es\/","name":"Aeropuerto Castell\u00f3n","description":"Aeropuerto Castell\u00f3n","publisher":{"@id":"https:\/\/aeroportcastello.com\/es\/#organization"},"potentialAction":[{"@type":"SearchAction","target":{"@type":"EntryPoint","urlTemplate":"https:\/\/aeroportcastello.com\/es\/?s={search_term_string}"},"query-input":"required name=search_term_string"}],"inLanguage":"es"},{"@type":"Organization","@id":"https:\/\/aeroportcastello.com\/es\/#organization","name":"Aeropuerto Castell\u00f3n","url":"https:\/\/aeroportcastello.com\/es\/","logo":{"@type":"ImageObject","inLanguage":"es","@id":"https:\/\/aeroportcastello.com\/es\/#\/schema\/logo\/image\/","url":"https:\/\/aeroportcastello.com\/wp-content\/uploads\/2021\/05\/logo_aeroport_castello-1.svg","contentUrl":"https:\/\/aeroportcastello.com\/wp-content\/uploads\/2021\/05\/logo_aeroport_castello-1.svg","width":482.8999999999999772626324556767940521240234375,"height":93.7000000000000028421709430404007434844970703125,"caption":"Aeropuerto Castell\u00f3n"},"image":{"@id":"https:\/\/aeroportcastello.com\/es\/#\/schema\/logo\/image\/"}},{"@type":"Person","@id":"https:\/\/aeroportcastello.com\/es\/#\/schema\/person\/dbe9a5cd8c878b170b9626311b760bbd","name":"JORDI","image":{"@type":"ImageObject","inLanguage":"es","@id":"https:\/\/aeroportcastello.com\/es\/#\/schema\/person\/image\/","url":"https:\/\/secure.gravatar.com\/avatar\/3b270e37d3e82ec6b995a7d26cf97e61?s=96&d=mm&r=g","contentUrl":"https:\/\/secure.gravatar.com\/avatar\/3b270e37d3e82ec6b995a7d26cf97e61?s=96&d=mm&r=g","caption":"JORDI"},"url":"https:\/\/aeroportcastello.com\/es\/author\/jordi\/"}]}},"_links":{"self":[{"href":"https:\/\/aeroportcastello.com\/es\/wp-json\/wp\/v2\/posts\/9897"}],"collection":[{"href":"https:\/\/aeroportcastello.com\/es\/wp-json\/wp\/v2\/posts"}],"about":[{"href":"https:\/\/aeroportcastello.com\/es\/wp-json\/wp\/v2\/types\/post"}],"author":[{"embeddable":true,"href":"https:\/\/aeroportcastello.com\/es\/wp-json\/wp\/v2\/users\/5"}],"replies":[{"embeddable":true,"href":"https:\/\/aeroportcastello.com\/es\/wp-json\/wp\/v2\/comments?post=9897"}],"version-history":[{"count":2,"href":"https:\/\/aeroportcastello.com\/es\/wp-json\/wp\/v2\/posts\/9897\/revisions"}],"predecessor-version":[{"id":9904,"href":"https:\/\/aeroportcastello.com\/es\/wp-json\/wp\/v2\/posts\/9897\/revisions\/9904"}],"wp:featuredmedia":[{"embeddable":true,"href":"https:\/\/aeroportcastello.com\/es\/wp-json\/wp\/v2\/media\/9898"}],"wp:attachment":[{"href":"https:\/\/aeroportcastello.com\/es\/wp-json\/wp\/v2\/media?parent=9897"}],"wp:term":[{"taxonomy":"category","embeddable":true,"href":"https:\/\/aeroportcastello.com\/es\/wp-json\/wp\/v2\/categories?post=9897"},{"taxonomy":"post_tag","embeddable":true,"href":"https:\/\/aeroportcastello.com\/es\/wp-json\/wp\/v2\/tags?post=9897"}],"curies":[{"name":"wp","href":"https:\/\/api.w.org\/{rel}","templated":true}]}}