{"id":9826,"date":"2024-09-15T10:43:51","date_gmt":"2024-09-15T08:43:51","guid":{"rendered":"https:\/\/aeroportcastello.com\/?p=9826"},"modified":"2024-09-15T10:43:51","modified_gmt":"2024-09-15T08:43:51","slug":"el-aeropuerto-de-castellon-acogera-una-operativa-charter-para-desplazar-a-cerca-de-mil-representantes-del-sector-ceramico-a-la-feria-cersaie-de-bolonia","status":"publish","type":"post","link":"https:\/\/aeroportcastello.com\/es\/el-aeropuerto-de-castellon-acogera-una-operativa-charter-para-desplazar-a-cerca-de-mil-representantes-del-sector-ceramico-a-la-feria-cersaie-de-bolonia\/","title":{"rendered":"El aeropuerto de Castell\u00f3n acoger\u00e1 una operativa ch\u00e1rter para desplazar a cerca de mil representantes del sector cer\u00e1mico a la feria Cersaie de Bolonia"},"content":{"rendered":"<p><strong>La operativa tendr\u00e1 lugar entre el 22 y el 27 de septiembre y movilizar\u00e1 a 2.000 pasajeros entre vuelos de ida y de vuelta<\/strong><\/p>\n<p>El aeropuerto de Castell\u00f3n acoger\u00e1 entre el 22 y 27 de septiembre una operativa ch\u00e1rter para el traslado de un millar representantes del sector cer\u00e1mico a la feria Cersaie de Bolonia. Los diez vuelos programados de ida y vuelta desplazar\u00e1n a cerca de dos mil pasajeros.<\/p>\n<p>El conseller de Medio Ambiente, Infraestructuras y Territorio, Vicente Mart\u00ednez Mus,\u00a0ha explicado que el aeropuerto de Castell\u00f3n acoger\u00e1 por segundo a\u00f1o consecutivo la operativa especial de Cersaie, que en este ejercicio movilizar\u00e1 m\u00e1s pasajeros que en 2023.<\/p>\n<p>El conseller manifestado su satisfacci\u00f3n con que el aeropuerto de Castell\u00f3n \u201cpreste servicio a un sector emblem\u00e1tico como el cer\u00e1mico, canalizando los traslados de las delegaciones comerciales que viajan a Bolonia para participar en Cersaie, la feria m\u00e1s importante del mundo en su \u00e1mbito\u201d.<\/p>\n<p>Mart\u00ednez Mus ha subrayado los objetivos del aeropuerto \u201cde contribuir a la internacionalizaci\u00f3n del tejido productivo de la provincia y de ejercer de aliado del empresariado\u201d.<\/p>\n<p>La operativa, organizada por los operadores Viajes El Corte Ingl\u00e9s, BCD Travel y Nautalia, consta de cinco vuelos de ida y cinco de regreso.\u00a0 Los de ida est\u00e1n previstos el domingo 22 de septiembre y los de vuelta entre los d\u00edas 26 y 27.<\/p>\n<p>El aeropuerto de Castell\u00f3n dispondr\u00e1 los medios necesarios para atender los picos de pasajeros asociados de los vuelos de Cersaie, que se sumar\u00e1n a los diferentes vuelos regulares programados.<\/p>\n","protected":false},"excerpt":{"rendered":"<p>La operativa tendr\u00e1 lugar entre el 22 y el 27 de septiembre y movilizar\u00e1 a 2.000 pasajeros entre vuelos de ida y de vuelta El aeropuerto de Castell\u00f3n acoger\u00e1 entre el 22 y 27 de septiembre una operativa ch\u00e1rter para el traslado de un millar representantes del sector cer\u00e1mico a la feria Cersaie de Bolonia. &#8230; <\/p>\n<p class=\"read-more-container\"><a title=\"El aeropuerto de Castell\u00f3n acoger\u00e1 una operativa ch\u00e1rter para desplazar a cerca de mil representantes del sector cer\u00e1mico a la feria Cersaie de Bolonia\" class=\"read-more button\" href=\"https:\/\/aeroportcastello.com\/es\/el-aeropuerto-de-castellon-acogera-una-operativa-charter-para-desplazar-a-cerca-de-mil-representantes-del-sector-ceramico-a-la-feria-cersaie-de-bolonia\/#more-9826\" aria-label=\"Leer m\u00e1s sobre El aeropuerto de Castell\u00f3n acoger\u00e1 una operativa ch\u00e1rter para desplazar a cerca de mil representantes del sector cer\u00e1mico a la feria Cersaie de Bolonia\">Leer m\u00e1s<\/a><\/p>\n","protected":false},"author":5,"featured_media":9824,"comment_status":"closed","ping_status":"closed","sticky":false,"template":"","format":"standard","meta":{"footnotes":""},"categories":[1],"tags":[],"yoast_head":"<!-- This site is optimized with the Yoast SEO plugin v22.0 - https:\/\/yoast.com\/wordpress\/plugins\/seo\/ -->\n<title>El aeropuerto de Castell\u00f3n acoger\u00e1 una operativa ch\u00e1rter para desplazar a cerca de mil representantes del sector cer\u00e1mico a la feria Cersaie de Bolonia - Aeropuerto Castell\u00f3n<\/title>\n<meta name=\"robots\" content=\"index, follow, max-snippet:-1, max-image-preview:large, max-video-preview:-1\" \/>\n<link rel=\"canonical\" href=\"https:\/\/aeroportcastello.com\/es\/el-aeropuerto-de-castellon-acogera-una-operativa-charter-para-desplazar-a-cerca-de-mil-representantes-del-sector-ceramico-a-la-feria-cersaie-de-bolonia\/\" \/>\n<meta property=\"og:locale\" content=\"es_ES\" \/>\n<meta property=\"og:type\" content=\"article\" \/>\n<meta property=\"og:title\" content=\"El aeropuerto de Castell\u00f3n acoger\u00e1 una operativa ch\u00e1rter para desplazar a cerca de mil representantes del sector cer\u00e1mico a la feria Cersaie de Bolonia - Aeropuerto Castell\u00f3n\" \/>\n<meta property=\"og:description\" content=\"La operativa tendr\u00e1 lugar entre el 22 y el 27 de septiembre y movilizar\u00e1 a 2.000 pasajeros entre vuelos de ida y de vuelta El aeropuerto de Castell\u00f3n acoger\u00e1 entre el 22 y 27 de septiembre una operativa ch\u00e1rter para el traslado de un millar representantes del sector cer\u00e1mico a la feria Cersaie de Bolonia. ... Leer m\u00e1s\" \/>\n<meta property=\"og:url\" content=\"https:\/\/aeroportcastello.com\/es\/el-aeropuerto-de-castellon-acogera-una-operativa-charter-para-desplazar-a-cerca-de-mil-representantes-del-sector-ceramico-a-la-feria-cersaie-de-bolonia\/\" \/>\n<meta property=\"og:site_name\" content=\"Aeropuerto Castell\u00f3n\" \/>\n<meta property=\"article:published_time\" content=\"2024-09-15T08:43:51+00:00\" \/>\n<meta property=\"og:image\" content=\"https:\/\/aeroportcastello.com\/wp-content\/uploads\/2024\/09\/IMG_20230907_111110-scaled.jpg\" \/>\n\t<meta property=\"og:image:width\" content=\"2560\" \/>\n\t<meta property=\"og:image:height\" content=\"1768\" \/>\n\t<meta property=\"og:image:type\" content=\"image\/jpeg\" \/>\n<meta name=\"author\" content=\"JORDI\" \/>\n<meta name=\"twitter:card\" content=\"summary_large_image\" \/>\n<meta name=\"twitter:label1\" content=\"Escrito por\" \/>\n\t<meta name=\"twitter:data1\" content=\"JORDI\" \/>\n\t<meta name=\"twitter:label2\" content=\"Tiempo de lectura\" \/>\n\t<meta name=\"twitter:data2\" content=\"2 minutos\" \/>\n<script type=\"application\/ld+json\" class=\"yoast-schema-graph\">{\"@context\":\"https:\/\/schema.org\",\"@graph\":[{\"@type\":\"Article\",\"@id\":\"https:\/\/aeroportcastello.com\/es\/el-aeropuerto-de-castellon-acogera-una-operativa-charter-para-desplazar-a-cerca-de-mil-representantes-del-sector-ceramico-a-la-feria-cersaie-de-bolonia\/#article\",\"isPartOf\":{\"@id\":\"https:\/\/aeroportcastello.com\/es\/el-aeropuerto-de-castellon-acogera-una-operativa-charter-para-desplazar-a-cerca-de-mil-representantes-del-sector-ceramico-a-la-feria-cersaie-de-bolonia\/\"},\"author\":{\"name\":\"JORDI\",\"@id\":\"https:\/\/aeroportcastello.com\/es\/#\/schema\/person\/dbe9a5cd8c878b170b9626311b760bbd\"},\"headline\":\"El aeropuerto de Castell\u00f3n acoger\u00e1 una operativa ch\u00e1rter para desplazar a cerca de mil representantes del sector cer\u00e1mico a la feria Cersaie de Bolonia\",\"datePublished\":\"2024-09-15T08:43:51+00:00\",\"dateModified\":\"2024-09-15T08:43:51+00:00\",\"mainEntityOfPage\":{\"@id\":\"https:\/\/aeroportcastello.com\/es\/el-aeropuerto-de-castellon-acogera-una-operativa-charter-para-desplazar-a-cerca-de-mil-representantes-del-sector-ceramico-a-la-feria-cersaie-de-bolonia\/\"},\"wordCount\":289,\"publisher\":{\"@id\":\"https:\/\/aeroportcastello.com\/es\/#organization\"},\"articleSection\":[\"Noticias Aeropuerto\"],\"inLanguage\":\"es\"},{\"@type\":\"WebPage\",\"@id\":\"https:\/\/aeroportcastello.com\/es\/el-aeropuerto-de-castellon-acogera-una-operativa-charter-para-desplazar-a-cerca-de-mil-representantes-del-sector-ceramico-a-la-feria-cersaie-de-bolonia\/\",\"url\":\"https:\/\/aeroportcastello.com\/es\/el-aeropuerto-de-castellon-acogera-una-operativa-charter-para-desplazar-a-cerca-de-mil-representantes-del-sector-ceramico-a-la-feria-cersaie-de-bolonia\/\",\"name\":\"El aeropuerto de Castell\u00f3n acoger\u00e1 una operativa ch\u00e1rter para desplazar a cerca de mil representantes del sector cer\u00e1mico a la feria Cersaie de Bolonia - Aeropuerto Castell\u00f3n\",\"isPartOf\":{\"@id\":\"https:\/\/aeroportcastello.com\/es\/#website\"},\"datePublished\":\"2024-09-15T08:43:51+00:00\",\"dateModified\":\"2024-09-15T08:43:51+00:00\",\"breadcrumb\":{\"@id\":\"https:\/\/aeroportcastello.com\/es\/el-aeropuerto-de-castellon-acogera-una-operativa-charter-para-desplazar-a-cerca-de-mil-representantes-del-sector-ceramico-a-la-feria-cersaie-de-bolonia\/#breadcrumb\"},\"inLanguage\":\"es\",\"potentialAction\":[{\"@type\":\"ReadAction\",\"target\":[\"https:\/\/aeroportcastello.com\/es\/el-aeropuerto-de-castellon-acogera-una-operativa-charter-para-desplazar-a-cerca-de-mil-representantes-del-sector-ceramico-a-la-feria-cersaie-de-bolonia\/\"]}]},{\"@type\":\"BreadcrumbList\",\"@id\":\"https:\/\/aeroportcastello.com\/es\/el-aeropuerto-de-castellon-acogera-una-operativa-charter-para-desplazar-a-cerca-de-mil-representantes-del-sector-ceramico-a-la-feria-cersaie-de-bolonia\/#breadcrumb\",\"itemListElement\":[{\"@type\":\"ListItem\",\"position\":1,\"name\":\"Pasajeros\",\"item\":\"https:\/\/aeroportcastello.com\/es\/\"},{\"@type\":\"ListItem\",\"position\":2,\"name\":\"El aeropuerto de Castell\u00f3n acoger\u00e1 una operativa ch\u00e1rter para desplazar a cerca de mil representantes del sector cer\u00e1mico a la feria Cersaie de Bolonia\"}]},{\"@type\":\"WebSite\",\"@id\":\"https:\/\/aeroportcastello.com\/es\/#website\",\"url\":\"https:\/\/aeroportcastello.com\/es\/\",\"name\":\"Aeropuerto Castell\u00f3n\",\"description\":\"Aeropuerto Castell\u00f3n\",\"publisher\":{\"@id\":\"https:\/\/aeroportcastello.com\/es\/#organization\"},\"potentialAction\":[{\"@type\":\"SearchAction\",\"target\":{\"@type\":\"EntryPoint\",\"urlTemplate\":\"https:\/\/aeroportcastello.com\/es\/?s={search_term_string}\"},\"query-input\":\"required name=search_term_string\"}],\"inLanguage\":\"es\"},{\"@type\":\"Organization\",\"@id\":\"https:\/\/aeroportcastello.com\/es\/#organization\",\"name\":\"Aeropuerto Castell\u00f3n\",\"url\":\"https:\/\/aeroportcastello.com\/es\/\",\"logo\":{\"@type\":\"ImageObject\",\"inLanguage\":\"es\",\"@id\":\"https:\/\/aeroportcastello.com\/es\/#\/schema\/logo\/image\/\",\"url\":\"https:\/\/aeroportcastello.com\/wp-content\/uploads\/2021\/05\/logo_aeroport_castello-1.svg\",\"contentUrl\":\"https:\/\/aeroportcastello.com\/wp-content\/uploads\/2021\/05\/logo_aeroport_castello-1.svg\",\"width\":482.8999999999999772626324556767940521240234375,\"height\":93.7000000000000028421709430404007434844970703125,\"caption\":\"Aeropuerto Castell\u00f3n\"},\"image\":{\"@id\":\"https:\/\/aeroportcastello.com\/es\/#\/schema\/logo\/image\/\"}},{\"@type\":\"Person\",\"@id\":\"https:\/\/aeroportcastello.com\/es\/#\/schema\/person\/dbe9a5cd8c878b170b9626311b760bbd\",\"name\":\"JORDI\",\"image\":{\"@type\":\"ImageObject\",\"inLanguage\":\"es\",\"@id\":\"https:\/\/aeroportcastello.com\/es\/#\/schema\/person\/image\/\",\"url\":\"https:\/\/secure.gravatar.com\/avatar\/3b270e37d3e82ec6b995a7d26cf97e61?s=96&d=mm&r=g\",\"contentUrl\":\"https:\/\/secure.gravatar.com\/avatar\/3b270e37d3e82ec6b995a7d26cf97e61?s=96&d=mm&r=g\",\"caption\":\"JORDI\"},\"url\":\"https:\/\/aeroportcastello.com\/es\/author\/jordi\/\"}]}<\/script>\n<!-- \/ Yoast SEO plugin. -->","yoast_head_json":{"title":"El aeropuerto de Castell\u00f3n acoger\u00e1 una operativa ch\u00e1rter para desplazar a cerca de mil representantes del sector cer\u00e1mico a la feria Cersaie de Bolonia - Aeropuerto Castell\u00f3n","robots":{"index":"index","follow":"follow","max-snippet":"max-snippet:-1","max-image-preview":"max-image-preview:large","max-video-preview":"max-video-preview:-1"},"canonical":"https:\/\/aeroportcastello.com\/es\/el-aeropuerto-de-castellon-acogera-una-operativa-charter-para-desplazar-a-cerca-de-mil-representantes-del-sector-ceramico-a-la-feria-cersaie-de-bolonia\/","og_locale":"es_ES","og_type":"article","og_title":"El aeropuerto de Castell\u00f3n acoger\u00e1 una operativa ch\u00e1rter para desplazar a cerca de mil representantes del sector cer\u00e1mico a la feria Cersaie de Bolonia - Aeropuerto Castell\u00f3n","og_description":"La operativa tendr\u00e1 lugar entre el 22 y el 27 de septiembre y movilizar\u00e1 a 2.000 pasajeros entre vuelos de ida y de vuelta El aeropuerto de Castell\u00f3n acoger\u00e1 entre el 22 y 27 de septiembre una operativa ch\u00e1rter para el traslado de un millar representantes del sector cer\u00e1mico a la feria Cersaie de Bolonia. ... Leer m\u00e1s","og_url":"https:\/\/aeroportcastello.com\/es\/el-aeropuerto-de-castellon-acogera-una-operativa-charter-para-desplazar-a-cerca-de-mil-representantes-del-sector-ceramico-a-la-feria-cersaie-de-bolonia\/","og_site_name":"Aeropuerto Castell\u00f3n","article_published_time":"2024-09-15T08:43:51+00:00","og_image":[{"width":2560,"height":1768,"url":"https:\/\/aeroportcastello.com\/wp-content\/uploads\/2024\/09\/IMG_20230907_111110-scaled.jpg","type":"image\/jpeg"}],"author":"JORDI","twitter_card":"summary_large_image","twitter_misc":{"Escrito por":"JORDI","Tiempo de lectura":"2 minutos"},"schema":{"@context":"https:\/\/schema.org","@graph":[{"@type":"Article","@id":"https:\/\/aeroportcastello.com\/es\/el-aeropuerto-de-castellon-acogera-una-operativa-charter-para-desplazar-a-cerca-de-mil-representantes-del-sector-ceramico-a-la-feria-cersaie-de-bolonia\/#article","isPartOf":{"@id":"https:\/\/aeroportcastello.com\/es\/el-aeropuerto-de-castellon-acogera-una-operativa-charter-para-desplazar-a-cerca-de-mil-representantes-del-sector-ceramico-a-la-feria-cersaie-de-bolonia\/"},"author":{"name":"JORDI","@id":"https:\/\/aeroportcastello.com\/es\/#\/schema\/person\/dbe9a5cd8c878b170b9626311b760bbd"},"headline":"El aeropuerto de Castell\u00f3n acoger\u00e1 una operativa ch\u00e1rter para desplazar a cerca de mil representantes del sector cer\u00e1mico a la feria Cersaie de Bolonia","datePublished":"2024-09-15T08:43:51+00:00","dateModified":"2024-09-15T08:43:51+00:00","mainEntityOfPage":{"@id":"https:\/\/aeroportcastello.com\/es\/el-aeropuerto-de-castellon-acogera-una-operativa-charter-para-desplazar-a-cerca-de-mil-representantes-del-sector-ceramico-a-la-feria-cersaie-de-bolonia\/"},"wordCount":289,"publisher":{"@id":"https:\/\/aeroportcastello.com\/es\/#organization"},"articleSection":["Noticias Aeropuerto"],"inLanguage":"es"},{"@type":"WebPage","@id":"https:\/\/aeroportcastello.com\/es\/el-aeropuerto-de-castellon-acogera-una-operativa-charter-para-desplazar-a-cerca-de-mil-representantes-del-sector-ceramico-a-la-feria-cersaie-de-bolonia\/","url":"https:\/\/aeroportcastello.com\/es\/el-aeropuerto-de-castellon-acogera-una-operativa-charter-para-desplazar-a-cerca-de-mil-representantes-del-sector-ceramico-a-la-feria-cersaie-de-bolonia\/","name":"El aeropuerto de Castell\u00f3n acoger\u00e1 una operativa ch\u00e1rter para desplazar a cerca de mil representantes del sector cer\u00e1mico a la feria Cersaie de Bolonia - Aeropuerto Castell\u00f3n","isPartOf":{"@id":"https:\/\/aeroportcastello.com\/es\/#website"},"datePublished":"2024-09-15T08:43:51+00:00","dateModified":"2024-09-15T08:43:51+00:00","breadcrumb":{"@id":"https:\/\/aeroportcastello.com\/es\/el-aeropuerto-de-castellon-acogera-una-operativa-charter-para-desplazar-a-cerca-de-mil-representantes-del-sector-ceramico-a-la-feria-cersaie-de-bolonia\/#breadcrumb"},"inLanguage":"es","potentialAction":[{"@type":"ReadAction","target":["https:\/\/aeroportcastello.com\/es\/el-aeropuerto-de-castellon-acogera-una-operativa-charter-para-desplazar-a-cerca-de-mil-representantes-del-sector-ceramico-a-la-feria-cersaie-de-bolonia\/"]}]},{"@type":"BreadcrumbList","@id":"https:\/\/aeroportcastello.com\/es\/el-aeropuerto-de-castellon-acogera-una-operativa-charter-para-desplazar-a-cerca-de-mil-representantes-del-sector-ceramico-a-la-feria-cersaie-de-bolonia\/#breadcrumb","itemListElement":[{"@type":"ListItem","position":1,"name":"Pasajeros","item":"https:\/\/aeroportcastello.com\/es\/"},{"@type":"ListItem","position":2,"name":"El aeropuerto de Castell\u00f3n acoger\u00e1 una operativa ch\u00e1rter para desplazar a cerca de mil representantes del sector cer\u00e1mico a la feria Cersaie de Bolonia"}]},{"@type":"WebSite","@id":"https:\/\/aeroportcastello.com\/es\/#website","url":"https:\/\/aeroportcastello.com\/es\/","name":"Aeropuerto Castell\u00f3n","description":"Aeropuerto Castell\u00f3n","publisher":{"@id":"https:\/\/aeroportcastello.com\/es\/#organization"},"potentialAction":[{"@type":"SearchAction","target":{"@type":"EntryPoint","urlTemplate":"https:\/\/aeroportcastello.com\/es\/?s={search_term_string}"},"query-input":"required name=search_term_string"}],"inLanguage":"es"},{"@type":"Organization","@id":"https:\/\/aeroportcastello.com\/es\/#organization","name":"Aeropuerto Castell\u00f3n","url":"https:\/\/aeroportcastello.com\/es\/","logo":{"@type":"ImageObject","inLanguage":"es","@id":"https:\/\/aeroportcastello.com\/es\/#\/schema\/logo\/image\/","url":"https:\/\/aeroportcastello.com\/wp-content\/uploads\/2021\/05\/logo_aeroport_castello-1.svg","contentUrl":"https:\/\/aeroportcastello.com\/wp-content\/uploads\/2021\/05\/logo_aeroport_castello-1.svg","width":482.8999999999999772626324556767940521240234375,"height":93.7000000000000028421709430404007434844970703125,"caption":"Aeropuerto Castell\u00f3n"},"image":{"@id":"https:\/\/aeroportcastello.com\/es\/#\/schema\/logo\/image\/"}},{"@type":"Person","@id":"https:\/\/aeroportcastello.com\/es\/#\/schema\/person\/dbe9a5cd8c878b170b9626311b760bbd","name":"JORDI","image":{"@type":"ImageObject","inLanguage":"es","@id":"https:\/\/aeroportcastello.com\/es\/#\/schema\/person\/image\/","url":"https:\/\/secure.gravatar.com\/avatar\/3b270e37d3e82ec6b995a7d26cf97e61?s=96&d=mm&r=g","contentUrl":"https:\/\/secure.gravatar.com\/avatar\/3b270e37d3e82ec6b995a7d26cf97e61?s=96&d=mm&r=g","caption":"JORDI"},"url":"https:\/\/aeroportcastello.com\/es\/author\/jordi\/"}]}},"_links":{"self":[{"href":"https:\/\/aeroportcastello.com\/es\/wp-json\/wp\/v2\/posts\/9826"}],"collection":[{"href":"https:\/\/aeroportcastello.com\/es\/wp-json\/wp\/v2\/posts"}],"about":[{"href":"https:\/\/aeroportcastello.com\/es\/wp-json\/wp\/v2\/types\/post"}],"author":[{"embeddable":true,"href":"https:\/\/aeroportcastello.com\/es\/wp-json\/wp\/v2\/users\/5"}],"replies":[{"embeddable":true,"href":"https:\/\/aeroportcastello.com\/es\/wp-json\/wp\/v2\/comments?post=9826"}],"version-history":[{"count":2,"href":"https:\/\/aeroportcastello.com\/es\/wp-json\/wp\/v2\/posts\/9826\/revisions"}],"predecessor-version":[{"id":9828,"href":"https:\/\/aeroportcastello.com\/es\/wp-json\/wp\/v2\/posts\/9826\/revisions\/9828"}],"wp:featuredmedia":[{"embeddable":true,"href":"https:\/\/aeroportcastello.com\/es\/wp-json\/wp\/v2\/media\/9824"}],"wp:attachment":[{"href":"https:\/\/aeroportcastello.com\/es\/wp-json\/wp\/v2\/media?parent=9826"}],"wp:term":[{"taxonomy":"category","embeddable":true,"href":"https:\/\/aeroportcastello.com\/es\/wp-json\/wp\/v2\/categories?post=9826"},{"taxonomy":"post_tag","embeddable":true,"href":"https:\/\/aeroportcastello.com\/es\/wp-json\/wp\/v2\/tags?post=9826"}],"curies":[{"name":"wp","href":"https:\/\/api.w.org\/{rel}","templated":true}]}}