{"id":9812,"date":"2024-09-08T10:32:32","date_gmt":"2024-09-08T08:32:32","guid":{"rendered":"https:\/\/aeroportcastello.com\/?p=9812"},"modified":"2024-09-08T10:34:44","modified_gmt":"2024-09-08T08:34:44","slug":"el-servicio-de-autobus-del-aeropuerto-de-castellon-mantiene-la-conexion-con-valencia-en-septiembre-y-octubre-para-todos-los-vuelos-internacionales","status":"publish","type":"post","link":"https:\/\/aeroportcastello.com\/es\/el-servicio-de-autobus-del-aeropuerto-de-castellon-mantiene-la-conexion-con-valencia-en-septiembre-y-octubre-para-todos-los-vuelos-internacionales\/","title":{"rendered":"El servicio de autob\u00fas del aeropuerto de Castell\u00f3n mantiene la conexi\u00f3n con Valencia en septiembre y octubre para todos los vuelos internacionales"},"content":{"rendered":"<p><strong>El bus que enlaza con Castell\u00f3n prolonga dos meses la extensi\u00f3n hasta Valencia para atender a los pasajeros de las conexiones internacionales<\/strong><\/p>\n<p>El servicio de autob\u00fas que une el aeropuerto de Castell\u00f3n y la ciudad de Castell\u00f3n tambi\u00e9n conectar\u00e1 con Valencia en septiembre y octubre para todos los vuelos internacionales.<\/p>\n<p>El director general de Aerocas,\u00a0Justo Vell\u00f3n, ha manifestado su satisfacci\u00f3n con la prolongaci\u00f3n de la l\u00ednea a Valencia, \u201cya que supone una mejora de la accesibilidad del aeropuerto y del servicio a los pasajeros internacionales\u201d.<\/p>\n<p>El aeropuerto de Castell\u00f3n dispone de un servicio discrecional de autob\u00fas, con horario adaptado al de los vuelos, que conecta el aeropuerto con la estaci\u00f3n de autobuses de la ciudad de Castell\u00f3n. Dicho servicio, gestionado por la compa\u00f1\u00eda Autos Mediterr\u00e1neo, cubre todos los vuelos nacionales e internacionales (tanto los de ida como los de vuelta) de las rutas regulares que opera la base castellonense.<\/p>\n<p>La empresa de transporte ampli\u00f3 en julio y agosto sus prestaciones, conectando tambi\u00e9n con Valencia (la parada se sit\u00faa en la estaci\u00f3n de autobuses) para el traslado de los pasajeros de todas las rutas internacionales.\u00a0 Este enlace con la capital del Turia se va a mantener en septiembre y octubre, hasta la finalizaci\u00f3n de la temporada de verano, dando servicio a los pasajeros de las rutas de Londres, Berl\u00edn, Mil\u00e1n, Bruselas, Oporto, D\u00fcsseldorf y Bucarest.<\/p>\n<p>De esta forma, el servicio de autob\u00fas discrecional enlaza con Castell\u00f3n para los vuelos de todas las rutas regulares y prolonga el trayecto hasta Valencia para los vuelos de las conexiones internacionales.<\/p>\n<p>En todos los casos, la venta de los billetes es\u00a0<em>online<\/em>\u00a0a trav\u00e9s de la web de la compa\u00f1\u00eda de autobuses, donde tambi\u00e9n se pueden consultar los horarios.<\/p>\n<p>Adem\u00e1s de este servicio discrecional, el aeropuerto de Castell\u00f3n dispone de un autob\u00fas lanzadera que une con la estaci\u00f3n de tren de Torreblanca y permite conectar con los servicios de Renfe, facilitando el acceso a las poblaciones situadas en el eje Vinar\u00f2s-Castell\u00f3n-Valencia.<\/p>\n<p>Por otra parte, el aeropuerto cuenta con servicio de taxi y puntos de alquiler de coches. As\u00ed mismo, dispone de aparcamiento gratuito con acceso controlado.<\/p>\n<p>&nbsp;<\/p>\n","protected":false},"excerpt":{"rendered":"<p>El bus que enlaza con Castell\u00f3n prolonga dos meses la extensi\u00f3n hasta Valencia para atender a los pasajeros de las conexiones internacionales El servicio de autob\u00fas que une el aeropuerto de Castell\u00f3n y la ciudad de Castell\u00f3n tambi\u00e9n conectar\u00e1 con Valencia en septiembre y octubre para todos los vuelos internacionales. El director general de Aerocas,\u00a0Justo &#8230; <\/p>\n<p class=\"read-more-container\"><a title=\"El servicio de autob\u00fas del aeropuerto de Castell\u00f3n mantiene la conexi\u00f3n con Valencia en septiembre y octubre para todos los vuelos internacionales\" class=\"read-more button\" href=\"https:\/\/aeroportcastello.com\/es\/el-servicio-de-autobus-del-aeropuerto-de-castellon-mantiene-la-conexion-con-valencia-en-septiembre-y-octubre-para-todos-los-vuelos-internacionales\/#more-9812\" aria-label=\"Leer m\u00e1s sobre El servicio de autob\u00fas del aeropuerto de Castell\u00f3n mantiene la conexi\u00f3n con Valencia en septiembre y octubre para todos los vuelos internacionales\">Leer m\u00e1s<\/a><\/p>\n","protected":false},"author":5,"featured_media":9819,"comment_status":"closed","ping_status":"closed","sticky":false,"template":"","format":"standard","meta":{"footnotes":""},"categories":[1],"tags":[],"yoast_head":"<!-- This site is optimized with the Yoast SEO plugin v22.0 - https:\/\/yoast.com\/wordpress\/plugins\/seo\/ -->\n<title>El servicio de autob\u00fas del aeropuerto de Castell\u00f3n mantiene la conexi\u00f3n con Valencia en septiembre y octubre para todos los vuelos internacionales - Aeropuerto Castell\u00f3n<\/title>\n<meta name=\"robots\" content=\"index, follow, max-snippet:-1, max-image-preview:large, max-video-preview:-1\" \/>\n<link rel=\"canonical\" href=\"https:\/\/aeroportcastello.com\/es\/el-servicio-de-autobus-del-aeropuerto-de-castellon-mantiene-la-conexion-con-valencia-en-septiembre-y-octubre-para-todos-los-vuelos-internacionales\/\" \/>\n<meta property=\"og:locale\" content=\"es_ES\" \/>\n<meta property=\"og:type\" content=\"article\" \/>\n<meta property=\"og:title\" content=\"El servicio de autob\u00fas del aeropuerto de Castell\u00f3n mantiene la conexi\u00f3n con Valencia en septiembre y octubre para todos los vuelos internacionales - Aeropuerto Castell\u00f3n\" \/>\n<meta property=\"og:description\" content=\"El bus que enlaza con Castell\u00f3n prolonga dos meses la extensi\u00f3n hasta Valencia para atender a los pasajeros de las conexiones internacionales El servicio de autob\u00fas que une el aeropuerto de Castell\u00f3n y la ciudad de Castell\u00f3n tambi\u00e9n conectar\u00e1 con Valencia en septiembre y octubre para todos los vuelos internacionales. El director general de Aerocas,\u00a0Justo ... Leer m\u00e1s\" \/>\n<meta property=\"og:url\" content=\"https:\/\/aeroportcastello.com\/es\/el-servicio-de-autobus-del-aeropuerto-de-castellon-mantiene-la-conexion-con-valencia-en-septiembre-y-octubre-para-todos-los-vuelos-internacionales\/\" \/>\n<meta property=\"og:site_name\" content=\"Aeropuerto Castell\u00f3n\" \/>\n<meta property=\"article:published_time\" content=\"2024-09-08T08:32:32+00:00\" \/>\n<meta property=\"article:modified_time\" content=\"2024-09-08T08:34:44+00:00\" \/>\n<meta property=\"og:image\" content=\"https:\/\/aeroportcastello.com\/wp-content\/uploads\/2024\/09\/foto-scaled.jpg\" \/>\n\t<meta property=\"og:image:width\" content=\"2560\" \/>\n\t<meta property=\"og:image:height\" content=\"1822\" \/>\n\t<meta property=\"og:image:type\" content=\"image\/jpeg\" \/>\n<meta name=\"author\" content=\"JORDI\" \/>\n<meta name=\"twitter:card\" content=\"summary_large_image\" \/>\n<meta name=\"twitter:label1\" content=\"Escrito por\" \/>\n\t<meta name=\"twitter:data1\" content=\"JORDI\" \/>\n\t<meta name=\"twitter:label2\" content=\"Tiempo de lectura\" \/>\n\t<meta name=\"twitter:data2\" content=\"3 minutos\" \/>\n<script type=\"application\/ld+json\" class=\"yoast-schema-graph\">{\"@context\":\"https:\/\/schema.org\",\"@graph\":[{\"@type\":\"Article\",\"@id\":\"https:\/\/aeroportcastello.com\/es\/el-servicio-de-autobus-del-aeropuerto-de-castellon-mantiene-la-conexion-con-valencia-en-septiembre-y-octubre-para-todos-los-vuelos-internacionales\/#article\",\"isPartOf\":{\"@id\":\"https:\/\/aeroportcastello.com\/es\/el-servicio-de-autobus-del-aeropuerto-de-castellon-mantiene-la-conexion-con-valencia-en-septiembre-y-octubre-para-todos-los-vuelos-internacionales\/\"},\"author\":{\"name\":\"JORDI\",\"@id\":\"https:\/\/aeroportcastello.com\/es\/#\/schema\/person\/dbe9a5cd8c878b170b9626311b760bbd\"},\"headline\":\"El servicio de autob\u00fas del aeropuerto de Castell\u00f3n mantiene la conexi\u00f3n con Valencia en septiembre y octubre para todos los vuelos internacionales\",\"datePublished\":\"2024-09-08T08:32:32+00:00\",\"dateModified\":\"2024-09-08T08:34:44+00:00\",\"mainEntityOfPage\":{\"@id\":\"https:\/\/aeroportcastello.com\/es\/el-servicio-de-autobus-del-aeropuerto-de-castellon-mantiene-la-conexion-con-valencia-en-septiembre-y-octubre-para-todos-los-vuelos-internacionales\/\"},\"wordCount\":412,\"publisher\":{\"@id\":\"https:\/\/aeroportcastello.com\/es\/#organization\"},\"articleSection\":[\"Noticias Aeropuerto\"],\"inLanguage\":\"es\"},{\"@type\":\"WebPage\",\"@id\":\"https:\/\/aeroportcastello.com\/es\/el-servicio-de-autobus-del-aeropuerto-de-castellon-mantiene-la-conexion-con-valencia-en-septiembre-y-octubre-para-todos-los-vuelos-internacionales\/\",\"url\":\"https:\/\/aeroportcastello.com\/es\/el-servicio-de-autobus-del-aeropuerto-de-castellon-mantiene-la-conexion-con-valencia-en-septiembre-y-octubre-para-todos-los-vuelos-internacionales\/\",\"name\":\"El servicio de autob\u00fas del aeropuerto de Castell\u00f3n mantiene la conexi\u00f3n con Valencia en septiembre y octubre para todos los vuelos internacionales - Aeropuerto Castell\u00f3n\",\"isPartOf\":{\"@id\":\"https:\/\/aeroportcastello.com\/es\/#website\"},\"datePublished\":\"2024-09-08T08:32:32+00:00\",\"dateModified\":\"2024-09-08T08:34:44+00:00\",\"breadcrumb\":{\"@id\":\"https:\/\/aeroportcastello.com\/es\/el-servicio-de-autobus-del-aeropuerto-de-castellon-mantiene-la-conexion-con-valencia-en-septiembre-y-octubre-para-todos-los-vuelos-internacionales\/#breadcrumb\"},\"inLanguage\":\"es\",\"potentialAction\":[{\"@type\":\"ReadAction\",\"target\":[\"https:\/\/aeroportcastello.com\/es\/el-servicio-de-autobus-del-aeropuerto-de-castellon-mantiene-la-conexion-con-valencia-en-septiembre-y-octubre-para-todos-los-vuelos-internacionales\/\"]}]},{\"@type\":\"BreadcrumbList\",\"@id\":\"https:\/\/aeroportcastello.com\/es\/el-servicio-de-autobus-del-aeropuerto-de-castellon-mantiene-la-conexion-con-valencia-en-septiembre-y-octubre-para-todos-los-vuelos-internacionales\/#breadcrumb\",\"itemListElement\":[{\"@type\":\"ListItem\",\"position\":1,\"name\":\"Pasajeros\",\"item\":\"https:\/\/aeroportcastello.com\/es\/\"},{\"@type\":\"ListItem\",\"position\":2,\"name\":\"El servicio de autob\u00fas del aeropuerto de Castell\u00f3n mantiene la conexi\u00f3n con Valencia en septiembre y octubre para todos los vuelos internacionales\"}]},{\"@type\":\"WebSite\",\"@id\":\"https:\/\/aeroportcastello.com\/es\/#website\",\"url\":\"https:\/\/aeroportcastello.com\/es\/\",\"name\":\"Aeropuerto Castell\u00f3n\",\"description\":\"Aeropuerto Castell\u00f3n\",\"publisher\":{\"@id\":\"https:\/\/aeroportcastello.com\/es\/#organization\"},\"potentialAction\":[{\"@type\":\"SearchAction\",\"target\":{\"@type\":\"EntryPoint\",\"urlTemplate\":\"https:\/\/aeroportcastello.com\/es\/?s={search_term_string}\"},\"query-input\":\"required name=search_term_string\"}],\"inLanguage\":\"es\"},{\"@type\":\"Organization\",\"@id\":\"https:\/\/aeroportcastello.com\/es\/#organization\",\"name\":\"Aeropuerto Castell\u00f3n\",\"url\":\"https:\/\/aeroportcastello.com\/es\/\",\"logo\":{\"@type\":\"ImageObject\",\"inLanguage\":\"es\",\"@id\":\"https:\/\/aeroportcastello.com\/es\/#\/schema\/logo\/image\/\",\"url\":\"https:\/\/aeroportcastello.com\/wp-content\/uploads\/2021\/05\/logo_aeroport_castello-1.svg\",\"contentUrl\":\"https:\/\/aeroportcastello.com\/wp-content\/uploads\/2021\/05\/logo_aeroport_castello-1.svg\",\"width\":482.8999999999999772626324556767940521240234375,\"height\":93.7000000000000028421709430404007434844970703125,\"caption\":\"Aeropuerto Castell\u00f3n\"},\"image\":{\"@id\":\"https:\/\/aeroportcastello.com\/es\/#\/schema\/logo\/image\/\"}},{\"@type\":\"Person\",\"@id\":\"https:\/\/aeroportcastello.com\/es\/#\/schema\/person\/dbe9a5cd8c878b170b9626311b760bbd\",\"name\":\"JORDI\",\"image\":{\"@type\":\"ImageObject\",\"inLanguage\":\"es\",\"@id\":\"https:\/\/aeroportcastello.com\/es\/#\/schema\/person\/image\/\",\"url\":\"https:\/\/secure.gravatar.com\/avatar\/3b270e37d3e82ec6b995a7d26cf97e61?s=96&d=mm&r=g\",\"contentUrl\":\"https:\/\/secure.gravatar.com\/avatar\/3b270e37d3e82ec6b995a7d26cf97e61?s=96&d=mm&r=g\",\"caption\":\"JORDI\"},\"url\":\"https:\/\/aeroportcastello.com\/es\/author\/jordi\/\"}]}<\/script>\n<!-- \/ Yoast SEO plugin. -->","yoast_head_json":{"title":"El servicio de autob\u00fas del aeropuerto de Castell\u00f3n mantiene la conexi\u00f3n con Valencia en septiembre y octubre para todos los vuelos internacionales - Aeropuerto Castell\u00f3n","robots":{"index":"index","follow":"follow","max-snippet":"max-snippet:-1","max-image-preview":"max-image-preview:large","max-video-preview":"max-video-preview:-1"},"canonical":"https:\/\/aeroportcastello.com\/es\/el-servicio-de-autobus-del-aeropuerto-de-castellon-mantiene-la-conexion-con-valencia-en-septiembre-y-octubre-para-todos-los-vuelos-internacionales\/","og_locale":"es_ES","og_type":"article","og_title":"El servicio de autob\u00fas del aeropuerto de Castell\u00f3n mantiene la conexi\u00f3n con Valencia en septiembre y octubre para todos los vuelos internacionales - Aeropuerto Castell\u00f3n","og_description":"El bus que enlaza con Castell\u00f3n prolonga dos meses la extensi\u00f3n hasta Valencia para atender a los pasajeros de las conexiones internacionales El servicio de autob\u00fas que une el aeropuerto de Castell\u00f3n y la ciudad de Castell\u00f3n tambi\u00e9n conectar\u00e1 con Valencia en septiembre y octubre para todos los vuelos internacionales. El director general de Aerocas,\u00a0Justo ... Leer m\u00e1s","og_url":"https:\/\/aeroportcastello.com\/es\/el-servicio-de-autobus-del-aeropuerto-de-castellon-mantiene-la-conexion-con-valencia-en-septiembre-y-octubre-para-todos-los-vuelos-internacionales\/","og_site_name":"Aeropuerto Castell\u00f3n","article_published_time":"2024-09-08T08:32:32+00:00","article_modified_time":"2024-09-08T08:34:44+00:00","og_image":[{"width":2560,"height":1822,"url":"https:\/\/aeroportcastello.com\/wp-content\/uploads\/2024\/09\/foto-scaled.jpg","type":"image\/jpeg"}],"author":"JORDI","twitter_card":"summary_large_image","twitter_misc":{"Escrito por":"JORDI","Tiempo de lectura":"3 minutos"},"schema":{"@context":"https:\/\/schema.org","@graph":[{"@type":"Article","@id":"https:\/\/aeroportcastello.com\/es\/el-servicio-de-autobus-del-aeropuerto-de-castellon-mantiene-la-conexion-con-valencia-en-septiembre-y-octubre-para-todos-los-vuelos-internacionales\/#article","isPartOf":{"@id":"https:\/\/aeroportcastello.com\/es\/el-servicio-de-autobus-del-aeropuerto-de-castellon-mantiene-la-conexion-con-valencia-en-septiembre-y-octubre-para-todos-los-vuelos-internacionales\/"},"author":{"name":"JORDI","@id":"https:\/\/aeroportcastello.com\/es\/#\/schema\/person\/dbe9a5cd8c878b170b9626311b760bbd"},"headline":"El servicio de autob\u00fas del aeropuerto de Castell\u00f3n mantiene la conexi\u00f3n con Valencia en septiembre y octubre para todos los vuelos internacionales","datePublished":"2024-09-08T08:32:32+00:00","dateModified":"2024-09-08T08:34:44+00:00","mainEntityOfPage":{"@id":"https:\/\/aeroportcastello.com\/es\/el-servicio-de-autobus-del-aeropuerto-de-castellon-mantiene-la-conexion-con-valencia-en-septiembre-y-octubre-para-todos-los-vuelos-internacionales\/"},"wordCount":412,"publisher":{"@id":"https:\/\/aeroportcastello.com\/es\/#organization"},"articleSection":["Noticias Aeropuerto"],"inLanguage":"es"},{"@type":"WebPage","@id":"https:\/\/aeroportcastello.com\/es\/el-servicio-de-autobus-del-aeropuerto-de-castellon-mantiene-la-conexion-con-valencia-en-septiembre-y-octubre-para-todos-los-vuelos-internacionales\/","url":"https:\/\/aeroportcastello.com\/es\/el-servicio-de-autobus-del-aeropuerto-de-castellon-mantiene-la-conexion-con-valencia-en-septiembre-y-octubre-para-todos-los-vuelos-internacionales\/","name":"El servicio de autob\u00fas del aeropuerto de Castell\u00f3n mantiene la conexi\u00f3n con Valencia en septiembre y octubre para todos los vuelos internacionales - Aeropuerto Castell\u00f3n","isPartOf":{"@id":"https:\/\/aeroportcastello.com\/es\/#website"},"datePublished":"2024-09-08T08:32:32+00:00","dateModified":"2024-09-08T08:34:44+00:00","breadcrumb":{"@id":"https:\/\/aeroportcastello.com\/es\/el-servicio-de-autobus-del-aeropuerto-de-castellon-mantiene-la-conexion-con-valencia-en-septiembre-y-octubre-para-todos-los-vuelos-internacionales\/#breadcrumb"},"inLanguage":"es","potentialAction":[{"@type":"ReadAction","target":["https:\/\/aeroportcastello.com\/es\/el-servicio-de-autobus-del-aeropuerto-de-castellon-mantiene-la-conexion-con-valencia-en-septiembre-y-octubre-para-todos-los-vuelos-internacionales\/"]}]},{"@type":"BreadcrumbList","@id":"https:\/\/aeroportcastello.com\/es\/el-servicio-de-autobus-del-aeropuerto-de-castellon-mantiene-la-conexion-con-valencia-en-septiembre-y-octubre-para-todos-los-vuelos-internacionales\/#breadcrumb","itemListElement":[{"@type":"ListItem","position":1,"name":"Pasajeros","item":"https:\/\/aeroportcastello.com\/es\/"},{"@type":"ListItem","position":2,"name":"El servicio de autob\u00fas del aeropuerto de Castell\u00f3n mantiene la conexi\u00f3n con Valencia en septiembre y octubre para todos los vuelos internacionales"}]},{"@type":"WebSite","@id":"https:\/\/aeroportcastello.com\/es\/#website","url":"https:\/\/aeroportcastello.com\/es\/","name":"Aeropuerto Castell\u00f3n","description":"Aeropuerto Castell\u00f3n","publisher":{"@id":"https:\/\/aeroportcastello.com\/es\/#organization"},"potentialAction":[{"@type":"SearchAction","target":{"@type":"EntryPoint","urlTemplate":"https:\/\/aeroportcastello.com\/es\/?s={search_term_string}"},"query-input":"required name=search_term_string"}],"inLanguage":"es"},{"@type":"Organization","@id":"https:\/\/aeroportcastello.com\/es\/#organization","name":"Aeropuerto Castell\u00f3n","url":"https:\/\/aeroportcastello.com\/es\/","logo":{"@type":"ImageObject","inLanguage":"es","@id":"https:\/\/aeroportcastello.com\/es\/#\/schema\/logo\/image\/","url":"https:\/\/aeroportcastello.com\/wp-content\/uploads\/2021\/05\/logo_aeroport_castello-1.svg","contentUrl":"https:\/\/aeroportcastello.com\/wp-content\/uploads\/2021\/05\/logo_aeroport_castello-1.svg","width":482.8999999999999772626324556767940521240234375,"height":93.7000000000000028421709430404007434844970703125,"caption":"Aeropuerto Castell\u00f3n"},"image":{"@id":"https:\/\/aeroportcastello.com\/es\/#\/schema\/logo\/image\/"}},{"@type":"Person","@id":"https:\/\/aeroportcastello.com\/es\/#\/schema\/person\/dbe9a5cd8c878b170b9626311b760bbd","name":"JORDI","image":{"@type":"ImageObject","inLanguage":"es","@id":"https:\/\/aeroportcastello.com\/es\/#\/schema\/person\/image\/","url":"https:\/\/secure.gravatar.com\/avatar\/3b270e37d3e82ec6b995a7d26cf97e61?s=96&d=mm&r=g","contentUrl":"https:\/\/secure.gravatar.com\/avatar\/3b270e37d3e82ec6b995a7d26cf97e61?s=96&d=mm&r=g","caption":"JORDI"},"url":"https:\/\/aeroportcastello.com\/es\/author\/jordi\/"}]}},"_links":{"self":[{"href":"https:\/\/aeroportcastello.com\/es\/wp-json\/wp\/v2\/posts\/9812"}],"collection":[{"href":"https:\/\/aeroportcastello.com\/es\/wp-json\/wp\/v2\/posts"}],"about":[{"href":"https:\/\/aeroportcastello.com\/es\/wp-json\/wp\/v2\/types\/post"}],"author":[{"embeddable":true,"href":"https:\/\/aeroportcastello.com\/es\/wp-json\/wp\/v2\/users\/5"}],"replies":[{"embeddable":true,"href":"https:\/\/aeroportcastello.com\/es\/wp-json\/wp\/v2\/comments?post=9812"}],"version-history":[{"count":1,"href":"https:\/\/aeroportcastello.com\/es\/wp-json\/wp\/v2\/posts\/9812\/revisions"}],"predecessor-version":[{"id":9813,"href":"https:\/\/aeroportcastello.com\/es\/wp-json\/wp\/v2\/posts\/9812\/revisions\/9813"}],"wp:featuredmedia":[{"embeddable":true,"href":"https:\/\/aeroportcastello.com\/es\/wp-json\/wp\/v2\/media\/9819"}],"wp:attachment":[{"href":"https:\/\/aeroportcastello.com\/es\/wp-json\/wp\/v2\/media?parent=9812"}],"wp:term":[{"taxonomy":"category","embeddable":true,"href":"https:\/\/aeroportcastello.com\/es\/wp-json\/wp\/v2\/categories?post=9812"},{"taxonomy":"post_tag","embeddable":true,"href":"https:\/\/aeroportcastello.com\/es\/wp-json\/wp\/v2\/tags?post=9812"}],"curies":[{"name":"wp","href":"https:\/\/api.w.org\/{rel}","templated":true}]}}