{"id":9783,"date":"2024-08-23T10:59:15","date_gmt":"2024-08-23T08:59:15","guid":{"rendered":"https:\/\/aeroportcastello.com\/el-aeropuerto-de-castellon-recibe-la-oferta-de-una-aerolinea-para-prolongar-la-ruta-de-madrid-y-abrir-una-conexion-con-palma-de-mallorca\/"},"modified":"2024-08-23T11:00:33","modified_gmt":"2024-08-23T09:00:33","slug":"el-aeropuerto-de-castellon-recibe-la-oferta-de-una-aerolinea-para-prolongar-la-ruta-de-madrid-y-abrir-una-conexion-con-palma-de-mallorca","status":"publish","type":"post","link":"https:\/\/aeroportcastello.com\/es\/el-aeropuerto-de-castellon-recibe-la-oferta-de-una-aerolinea-para-prolongar-la-ruta-de-madrid-y-abrir-una-conexion-con-palma-de-mallorca\/","title":{"rendered":"El aeropuerto de Castell\u00f3n recibe la oferta de una aerol\u00ednea para prolongar la ruta de Madrid y abrir una conexi\u00f3n con Palma de Mallorca"},"content":{"rendered":"<p><strong>Air Nostrum presenta una propuesta para gestionar durante tres a\u00f1os la l\u00ednea de Madrid y operar en 2025 la nueva ruta estival de Palma<\/strong><\/p>\n<p class=\"p1\" style=\"text-align: justify; text-justify: inter-ideograph;\"><span style=\"font-size: 12.0pt; font-family: 'Times New Roman',serif;\">La sociedad p\u00fablica Aerocas ha recibido una oferta de la compa\u00f1\u00eda Air Nostrum en la convocatoria para la captaci\u00f3n de una aerol\u00ednea que opere la ruta Castell\u00f3n-Madrid durante los pr\u00f3ximos tres a\u00f1os y ponga en marcha una nueva conexi\u00f3n estival con Palma de Mallorca a partir de 2025.<\/span><\/p>\n<p class=\"p1\" style=\"text-align: justify; text-justify: inter-ideograph;\"><span style=\"font-size: 12.0pt; font-family: 'Times New Roman',serif;\">Vencido el plazo para la presentaci\u00f3n de propuestas, se ha verificado que la oferta presentada por Air Nostrum re\u00fane los requisitos administrativos previos. Ahora falta por evaluar el resto de la documentaci\u00f3n, relativa a los aspectos t\u00e9cnicos y econ\u00f3micos.<\/span><\/p>\n<p class=\"p1\" style=\"text-align: justify; text-justify: inter-ideograph;\"><span style=\"font-size: 12.0pt; font-family: 'Times New Roman',serif;\">Aerocas licit\u00f3 el mes pasado una campa\u00f1a de posicionamiento que tiene como objetivos posibilitar la continuidad de la ruta Castell\u00f3n-Madrid durante los tres pr\u00f3ximos a\u00f1os y el establecimiento de una nueva conexi\u00f3n con Palma de Mallorca a partir del verano de 2025.<\/span><\/p>\n<p class=\"p1\" style=\"text-align: justify; text-justify: inter-ideograph;\"><span style=\"font-size: 12.0pt; font-family: 'Times New Roman',serif;\">La ruta de Madrid deber\u00e1 disponer de, al menos, cuatro frecuencias semanales, dentro de una franja horaria que garantice el m\u00e1ximo de conectividad a\u00e9rea. En este sentido, uno de los principales elementos que se valoran son las posibilidades de enlace con otros destinos internacionales y nacionales desde el aeropuerto Adolfo Su\u00e1rez Madrid-Barajas.<\/span><\/p>\n<p class=\"p1\" style=\"text-align: justify; text-justify: inter-ideograph;\"><span style=\"font-size: 12.0pt; font-family: 'Times New Roman',serif;\">Por otra parte, el contrato incluye el establecimiento, a partir de 2025, de una ruta de car\u00e1cter estival entre el aeropuerto de Castell\u00f3n y el de Palma de Mallorca. Esta conexi\u00f3n deber\u00e1 operar un m\u00ednimo de siete semanas con, al menos, dos frecuencias semanales.<\/span><\/p>\n<p class=\"p1\" style=\"text-align: justify; text-justify: inter-ideograph;\"><span style=\"font-size: 12.0pt; font-family: 'Times New Roman',serif;\">En la l\u00ednea de las anteriores campa\u00f1as de posicionamiento impulsadas por Aerocas, la compa\u00f1\u00eda adjudicataria deber\u00e1 realizar una campa\u00f1a de promoci\u00f3n del aeropuerto de Castell\u00f3n y de las rutas objeto de la licitaci\u00f3n.<\/span><\/p>\n","protected":false},"excerpt":{"rendered":"<p>Air Nostrum presenta una propuesta para gestionar durante tres a\u00f1os la l\u00ednea de Madrid y operar en 2025 la nueva ruta estival de Palma La sociedad p\u00fablica Aerocas ha recibido una oferta de la compa\u00f1\u00eda Air Nostrum en la convocatoria para la captaci\u00f3n de una aerol\u00ednea que opere la ruta Castell\u00f3n-Madrid durante los pr\u00f3ximos tres &#8230; <\/p>\n<p class=\"read-more-container\"><a title=\"El aeropuerto de Castell\u00f3n recibe la oferta de una aerol\u00ednea para prolongar la ruta de Madrid y abrir una conexi\u00f3n con Palma de Mallorca\" class=\"read-more button\" href=\"https:\/\/aeroportcastello.com\/es\/el-aeropuerto-de-castellon-recibe-la-oferta-de-una-aerolinea-para-prolongar-la-ruta-de-madrid-y-abrir-una-conexion-con-palma-de-mallorca\/#more-9783\" aria-label=\"Leer m\u00e1s sobre El aeropuerto de Castell\u00f3n recibe la oferta de una aerol\u00ednea para prolongar la ruta de Madrid y abrir una conexi\u00f3n con Palma de Mallorca\">Leer m\u00e1s<\/a><\/p>\n","protected":false},"author":5,"featured_media":9780,"comment_status":"closed","ping_status":"closed","sticky":false,"template":"","format":"standard","meta":{"footnotes":""},"categories":[1],"tags":[],"yoast_head":"<!-- This site is optimized with the Yoast SEO plugin v22.0 - https:\/\/yoast.com\/wordpress\/plugins\/seo\/ -->\n<title>El aeropuerto de Castell\u00f3n recibe la oferta de una aerol\u00ednea para prolongar la ruta de Madrid y abrir una conexi\u00f3n con Palma de Mallorca - Aeropuerto Castell\u00f3n<\/title>\n<meta name=\"robots\" content=\"index, follow, max-snippet:-1, max-image-preview:large, max-video-preview:-1\" \/>\n<link rel=\"canonical\" href=\"https:\/\/aeroportcastello.com\/es\/el-aeropuerto-de-castellon-recibe-la-oferta-de-una-aerolinea-para-prolongar-la-ruta-de-madrid-y-abrir-una-conexion-con-palma-de-mallorca\/\" \/>\n<meta property=\"og:locale\" content=\"es_ES\" \/>\n<meta property=\"og:type\" content=\"article\" \/>\n<meta property=\"og:title\" content=\"El aeropuerto de Castell\u00f3n recibe la oferta de una aerol\u00ednea para prolongar la ruta de Madrid y abrir una conexi\u00f3n con Palma de Mallorca - Aeropuerto Castell\u00f3n\" \/>\n<meta property=\"og:description\" content=\"Air Nostrum presenta una propuesta para gestionar durante tres a\u00f1os la l\u00ednea de Madrid y operar en 2025 la nueva ruta estival de Palma La sociedad p\u00fablica Aerocas ha recibido una oferta de la compa\u00f1\u00eda Air Nostrum en la convocatoria para la captaci\u00f3n de una aerol\u00ednea que opere la ruta Castell\u00f3n-Madrid durante los pr\u00f3ximos tres ... Leer m\u00e1s\" \/>\n<meta property=\"og:url\" content=\"https:\/\/aeroportcastello.com\/es\/el-aeropuerto-de-castellon-recibe-la-oferta-de-una-aerolinea-para-prolongar-la-ruta-de-madrid-y-abrir-una-conexion-con-palma-de-mallorca\/\" \/>\n<meta property=\"og:site_name\" content=\"Aeropuerto Castell\u00f3n\" \/>\n<meta property=\"article:published_time\" content=\"2024-08-23T08:59:15+00:00\" \/>\n<meta property=\"article:modified_time\" content=\"2024-08-23T09:00:33+00:00\" \/>\n<meta property=\"og:image\" content=\"https:\/\/aeroportcastello.com\/wp-content\/uploads\/2024\/08\/20221031125918__MG_8743.jpg\" \/>\n\t<meta property=\"og:image:width\" content=\"2400\" \/>\n\t<meta property=\"og:image:height\" content=\"1600\" \/>\n\t<meta property=\"og:image:type\" content=\"image\/jpeg\" \/>\n<meta name=\"author\" content=\"JORDI\" \/>\n<meta name=\"twitter:card\" content=\"summary_large_image\" \/>\n<meta name=\"twitter:label1\" content=\"Escrito por\" \/>\n\t<meta name=\"twitter:data1\" content=\"JORDI\" \/>\n\t<meta name=\"twitter:label2\" content=\"Tiempo de lectura\" \/>\n\t<meta name=\"twitter:data2\" content=\"2 minutos\" \/>\n<script type=\"application\/ld+json\" class=\"yoast-schema-graph\">{\"@context\":\"https:\/\/schema.org\",\"@graph\":[{\"@type\":\"Article\",\"@id\":\"https:\/\/aeroportcastello.com\/es\/el-aeropuerto-de-castellon-recibe-la-oferta-de-una-aerolinea-para-prolongar-la-ruta-de-madrid-y-abrir-una-conexion-con-palma-de-mallorca\/#article\",\"isPartOf\":{\"@id\":\"https:\/\/aeroportcastello.com\/es\/el-aeropuerto-de-castellon-recibe-la-oferta-de-una-aerolinea-para-prolongar-la-ruta-de-madrid-y-abrir-una-conexion-con-palma-de-mallorca\/\"},\"author\":{\"name\":\"JORDI\",\"@id\":\"https:\/\/aeroportcastello.com\/es\/#\/schema\/person\/dbe9a5cd8c878b170b9626311b760bbd\"},\"headline\":\"El aeropuerto de Castell\u00f3n recibe la oferta de una aerol\u00ednea para prolongar la ruta de Madrid y abrir una conexi\u00f3n con Palma de Mallorca\",\"datePublished\":\"2024-08-23T08:59:15+00:00\",\"dateModified\":\"2024-08-23T09:00:33+00:00\",\"mainEntityOfPage\":{\"@id\":\"https:\/\/aeroportcastello.com\/es\/el-aeropuerto-de-castellon-recibe-la-oferta-de-una-aerolinea-para-prolongar-la-ruta-de-madrid-y-abrir-una-conexion-con-palma-de-mallorca\/\"},\"wordCount\":339,\"publisher\":{\"@id\":\"https:\/\/aeroportcastello.com\/es\/#organization\"},\"articleSection\":[\"Noticias Aeropuerto\"],\"inLanguage\":\"es\"},{\"@type\":\"WebPage\",\"@id\":\"https:\/\/aeroportcastello.com\/es\/el-aeropuerto-de-castellon-recibe-la-oferta-de-una-aerolinea-para-prolongar-la-ruta-de-madrid-y-abrir-una-conexion-con-palma-de-mallorca\/\",\"url\":\"https:\/\/aeroportcastello.com\/es\/el-aeropuerto-de-castellon-recibe-la-oferta-de-una-aerolinea-para-prolongar-la-ruta-de-madrid-y-abrir-una-conexion-con-palma-de-mallorca\/\",\"name\":\"El aeropuerto de Castell\u00f3n recibe la oferta de una aerol\u00ednea para prolongar la ruta de Madrid y abrir una conexi\u00f3n con Palma de Mallorca - Aeropuerto Castell\u00f3n\",\"isPartOf\":{\"@id\":\"https:\/\/aeroportcastello.com\/es\/#website\"},\"datePublished\":\"2024-08-23T08:59:15+00:00\",\"dateModified\":\"2024-08-23T09:00:33+00:00\",\"breadcrumb\":{\"@id\":\"https:\/\/aeroportcastello.com\/es\/el-aeropuerto-de-castellon-recibe-la-oferta-de-una-aerolinea-para-prolongar-la-ruta-de-madrid-y-abrir-una-conexion-con-palma-de-mallorca\/#breadcrumb\"},\"inLanguage\":\"es\",\"potentialAction\":[{\"@type\":\"ReadAction\",\"target\":[\"https:\/\/aeroportcastello.com\/es\/el-aeropuerto-de-castellon-recibe-la-oferta-de-una-aerolinea-para-prolongar-la-ruta-de-madrid-y-abrir-una-conexion-con-palma-de-mallorca\/\"]}]},{\"@type\":\"BreadcrumbList\",\"@id\":\"https:\/\/aeroportcastello.com\/es\/el-aeropuerto-de-castellon-recibe-la-oferta-de-una-aerolinea-para-prolongar-la-ruta-de-madrid-y-abrir-una-conexion-con-palma-de-mallorca\/#breadcrumb\",\"itemListElement\":[{\"@type\":\"ListItem\",\"position\":1,\"name\":\"Pasajeros\",\"item\":\"https:\/\/aeroportcastello.com\/es\/\"},{\"@type\":\"ListItem\",\"position\":2,\"name\":\"El aeropuerto de Castell\u00f3n recibe la oferta de una aerol\u00ednea para prolongar la ruta de Madrid y abrir una conexi\u00f3n con Palma de Mallorca\"}]},{\"@type\":\"WebSite\",\"@id\":\"https:\/\/aeroportcastello.com\/es\/#website\",\"url\":\"https:\/\/aeroportcastello.com\/es\/\",\"name\":\"Aeropuerto Castell\u00f3n\",\"description\":\"Aeropuerto Castell\u00f3n\",\"publisher\":{\"@id\":\"https:\/\/aeroportcastello.com\/es\/#organization\"},\"potentialAction\":[{\"@type\":\"SearchAction\",\"target\":{\"@type\":\"EntryPoint\",\"urlTemplate\":\"https:\/\/aeroportcastello.com\/es\/?s={search_term_string}\"},\"query-input\":\"required name=search_term_string\"}],\"inLanguage\":\"es\"},{\"@type\":\"Organization\",\"@id\":\"https:\/\/aeroportcastello.com\/es\/#organization\",\"name\":\"Aeropuerto Castell\u00f3n\",\"url\":\"https:\/\/aeroportcastello.com\/es\/\",\"logo\":{\"@type\":\"ImageObject\",\"inLanguage\":\"es\",\"@id\":\"https:\/\/aeroportcastello.com\/es\/#\/schema\/logo\/image\/\",\"url\":\"https:\/\/aeroportcastello.com\/wp-content\/uploads\/2021\/05\/logo_aeroport_castello-1.svg\",\"contentUrl\":\"https:\/\/aeroportcastello.com\/wp-content\/uploads\/2021\/05\/logo_aeroport_castello-1.svg\",\"width\":482.8999999999999772626324556767940521240234375,\"height\":93.7000000000000028421709430404007434844970703125,\"caption\":\"Aeropuerto Castell\u00f3n\"},\"image\":{\"@id\":\"https:\/\/aeroportcastello.com\/es\/#\/schema\/logo\/image\/\"}},{\"@type\":\"Person\",\"@id\":\"https:\/\/aeroportcastello.com\/es\/#\/schema\/person\/dbe9a5cd8c878b170b9626311b760bbd\",\"name\":\"JORDI\",\"image\":{\"@type\":\"ImageObject\",\"inLanguage\":\"es\",\"@id\":\"https:\/\/aeroportcastello.com\/es\/#\/schema\/person\/image\/\",\"url\":\"https:\/\/secure.gravatar.com\/avatar\/3b270e37d3e82ec6b995a7d26cf97e61?s=96&d=mm&r=g\",\"contentUrl\":\"https:\/\/secure.gravatar.com\/avatar\/3b270e37d3e82ec6b995a7d26cf97e61?s=96&d=mm&r=g\",\"caption\":\"JORDI\"},\"url\":\"https:\/\/aeroportcastello.com\/es\/author\/jordi\/\"}]}<\/script>\n<!-- \/ Yoast SEO plugin. -->","yoast_head_json":{"title":"El aeropuerto de Castell\u00f3n recibe la oferta de una aerol\u00ednea para prolongar la ruta de Madrid y abrir una conexi\u00f3n con Palma de Mallorca - Aeropuerto Castell\u00f3n","robots":{"index":"index","follow":"follow","max-snippet":"max-snippet:-1","max-image-preview":"max-image-preview:large","max-video-preview":"max-video-preview:-1"},"canonical":"https:\/\/aeroportcastello.com\/es\/el-aeropuerto-de-castellon-recibe-la-oferta-de-una-aerolinea-para-prolongar-la-ruta-de-madrid-y-abrir-una-conexion-con-palma-de-mallorca\/","og_locale":"es_ES","og_type":"article","og_title":"El aeropuerto de Castell\u00f3n recibe la oferta de una aerol\u00ednea para prolongar la ruta de Madrid y abrir una conexi\u00f3n con Palma de Mallorca - Aeropuerto Castell\u00f3n","og_description":"Air Nostrum presenta una propuesta para gestionar durante tres a\u00f1os la l\u00ednea de Madrid y operar en 2025 la nueva ruta estival de Palma La sociedad p\u00fablica Aerocas ha recibido una oferta de la compa\u00f1\u00eda Air Nostrum en la convocatoria para la captaci\u00f3n de una aerol\u00ednea que opere la ruta Castell\u00f3n-Madrid durante los pr\u00f3ximos tres ... Leer m\u00e1s","og_url":"https:\/\/aeroportcastello.com\/es\/el-aeropuerto-de-castellon-recibe-la-oferta-de-una-aerolinea-para-prolongar-la-ruta-de-madrid-y-abrir-una-conexion-con-palma-de-mallorca\/","og_site_name":"Aeropuerto Castell\u00f3n","article_published_time":"2024-08-23T08:59:15+00:00","article_modified_time":"2024-08-23T09:00:33+00:00","og_image":[{"width":2400,"height":1600,"url":"https:\/\/aeroportcastello.com\/wp-content\/uploads\/2024\/08\/20221031125918__MG_8743.jpg","type":"image\/jpeg"}],"author":"JORDI","twitter_card":"summary_large_image","twitter_misc":{"Escrito por":"JORDI","Tiempo de lectura":"2 minutos"},"schema":{"@context":"https:\/\/schema.org","@graph":[{"@type":"Article","@id":"https:\/\/aeroportcastello.com\/es\/el-aeropuerto-de-castellon-recibe-la-oferta-de-una-aerolinea-para-prolongar-la-ruta-de-madrid-y-abrir-una-conexion-con-palma-de-mallorca\/#article","isPartOf":{"@id":"https:\/\/aeroportcastello.com\/es\/el-aeropuerto-de-castellon-recibe-la-oferta-de-una-aerolinea-para-prolongar-la-ruta-de-madrid-y-abrir-una-conexion-con-palma-de-mallorca\/"},"author":{"name":"JORDI","@id":"https:\/\/aeroportcastello.com\/es\/#\/schema\/person\/dbe9a5cd8c878b170b9626311b760bbd"},"headline":"El aeropuerto de Castell\u00f3n recibe la oferta de una aerol\u00ednea para prolongar la ruta de Madrid y abrir una conexi\u00f3n con Palma de Mallorca","datePublished":"2024-08-23T08:59:15+00:00","dateModified":"2024-08-23T09:00:33+00:00","mainEntityOfPage":{"@id":"https:\/\/aeroportcastello.com\/es\/el-aeropuerto-de-castellon-recibe-la-oferta-de-una-aerolinea-para-prolongar-la-ruta-de-madrid-y-abrir-una-conexion-con-palma-de-mallorca\/"},"wordCount":339,"publisher":{"@id":"https:\/\/aeroportcastello.com\/es\/#organization"},"articleSection":["Noticias Aeropuerto"],"inLanguage":"es"},{"@type":"WebPage","@id":"https:\/\/aeroportcastello.com\/es\/el-aeropuerto-de-castellon-recibe-la-oferta-de-una-aerolinea-para-prolongar-la-ruta-de-madrid-y-abrir-una-conexion-con-palma-de-mallorca\/","url":"https:\/\/aeroportcastello.com\/es\/el-aeropuerto-de-castellon-recibe-la-oferta-de-una-aerolinea-para-prolongar-la-ruta-de-madrid-y-abrir-una-conexion-con-palma-de-mallorca\/","name":"El aeropuerto de Castell\u00f3n recibe la oferta de una aerol\u00ednea para prolongar la ruta de Madrid y abrir una conexi\u00f3n con Palma de Mallorca - Aeropuerto Castell\u00f3n","isPartOf":{"@id":"https:\/\/aeroportcastello.com\/es\/#website"},"datePublished":"2024-08-23T08:59:15+00:00","dateModified":"2024-08-23T09:00:33+00:00","breadcrumb":{"@id":"https:\/\/aeroportcastello.com\/es\/el-aeropuerto-de-castellon-recibe-la-oferta-de-una-aerolinea-para-prolongar-la-ruta-de-madrid-y-abrir-una-conexion-con-palma-de-mallorca\/#breadcrumb"},"inLanguage":"es","potentialAction":[{"@type":"ReadAction","target":["https:\/\/aeroportcastello.com\/es\/el-aeropuerto-de-castellon-recibe-la-oferta-de-una-aerolinea-para-prolongar-la-ruta-de-madrid-y-abrir-una-conexion-con-palma-de-mallorca\/"]}]},{"@type":"BreadcrumbList","@id":"https:\/\/aeroportcastello.com\/es\/el-aeropuerto-de-castellon-recibe-la-oferta-de-una-aerolinea-para-prolongar-la-ruta-de-madrid-y-abrir-una-conexion-con-palma-de-mallorca\/#breadcrumb","itemListElement":[{"@type":"ListItem","position":1,"name":"Pasajeros","item":"https:\/\/aeroportcastello.com\/es\/"},{"@type":"ListItem","position":2,"name":"El aeropuerto de Castell\u00f3n recibe la oferta de una aerol\u00ednea para prolongar la ruta de Madrid y abrir una conexi\u00f3n con Palma de Mallorca"}]},{"@type":"WebSite","@id":"https:\/\/aeroportcastello.com\/es\/#website","url":"https:\/\/aeroportcastello.com\/es\/","name":"Aeropuerto Castell\u00f3n","description":"Aeropuerto Castell\u00f3n","publisher":{"@id":"https:\/\/aeroportcastello.com\/es\/#organization"},"potentialAction":[{"@type":"SearchAction","target":{"@type":"EntryPoint","urlTemplate":"https:\/\/aeroportcastello.com\/es\/?s={search_term_string}"},"query-input":"required name=search_term_string"}],"inLanguage":"es"},{"@type":"Organization","@id":"https:\/\/aeroportcastello.com\/es\/#organization","name":"Aeropuerto Castell\u00f3n","url":"https:\/\/aeroportcastello.com\/es\/","logo":{"@type":"ImageObject","inLanguage":"es","@id":"https:\/\/aeroportcastello.com\/es\/#\/schema\/logo\/image\/","url":"https:\/\/aeroportcastello.com\/wp-content\/uploads\/2021\/05\/logo_aeroport_castello-1.svg","contentUrl":"https:\/\/aeroportcastello.com\/wp-content\/uploads\/2021\/05\/logo_aeroport_castello-1.svg","width":482.8999999999999772626324556767940521240234375,"height":93.7000000000000028421709430404007434844970703125,"caption":"Aeropuerto Castell\u00f3n"},"image":{"@id":"https:\/\/aeroportcastello.com\/es\/#\/schema\/logo\/image\/"}},{"@type":"Person","@id":"https:\/\/aeroportcastello.com\/es\/#\/schema\/person\/dbe9a5cd8c878b170b9626311b760bbd","name":"JORDI","image":{"@type":"ImageObject","inLanguage":"es","@id":"https:\/\/aeroportcastello.com\/es\/#\/schema\/person\/image\/","url":"https:\/\/secure.gravatar.com\/avatar\/3b270e37d3e82ec6b995a7d26cf97e61?s=96&d=mm&r=g","contentUrl":"https:\/\/secure.gravatar.com\/avatar\/3b270e37d3e82ec6b995a7d26cf97e61?s=96&d=mm&r=g","caption":"JORDI"},"url":"https:\/\/aeroportcastello.com\/es\/author\/jordi\/"}]}},"_links":{"self":[{"href":"https:\/\/aeroportcastello.com\/es\/wp-json\/wp\/v2\/posts\/9783"}],"collection":[{"href":"https:\/\/aeroportcastello.com\/es\/wp-json\/wp\/v2\/posts"}],"about":[{"href":"https:\/\/aeroportcastello.com\/es\/wp-json\/wp\/v2\/types\/post"}],"author":[{"embeddable":true,"href":"https:\/\/aeroportcastello.com\/es\/wp-json\/wp\/v2\/users\/5"}],"replies":[{"embeddable":true,"href":"https:\/\/aeroportcastello.com\/es\/wp-json\/wp\/v2\/comments?post=9783"}],"version-history":[{"count":1,"href":"https:\/\/aeroportcastello.com\/es\/wp-json\/wp\/v2\/posts\/9783\/revisions"}],"predecessor-version":[{"id":9784,"href":"https:\/\/aeroportcastello.com\/es\/wp-json\/wp\/v2\/posts\/9783\/revisions\/9784"}],"wp:featuredmedia":[{"embeddable":true,"href":"https:\/\/aeroportcastello.com\/es\/wp-json\/wp\/v2\/media\/9780"}],"wp:attachment":[{"href":"https:\/\/aeroportcastello.com\/es\/wp-json\/wp\/v2\/media?parent=9783"}],"wp:term":[{"taxonomy":"category","embeddable":true,"href":"https:\/\/aeroportcastello.com\/es\/wp-json\/wp\/v2\/categories?post=9783"},{"taxonomy":"post_tag","embeddable":true,"href":"https:\/\/aeroportcastello.com\/es\/wp-json\/wp\/v2\/tags?post=9783"}],"curies":[{"name":"wp","href":"https:\/\/api.w.org\/{rel}","templated":true}]}}