{"id":9756,"date":"2024-07-26T16:26:00","date_gmt":"2024-07-26T14:26:00","guid":{"rendered":"https:\/\/aeroportcastello.com\/aerocas-y-el-ayuntamiento-de-castellon-acuerdan-reforzar-la-promocion-de-la-ciudad-y-mejorar-el-transporte-publico-entre-la-capital-de-la-plana-y-el-aeropuerto\/"},"modified":"2024-07-26T16:26:32","modified_gmt":"2024-07-26T14:26:32","slug":"aerocas-y-el-ayuntamiento-de-castellon-acuerdan-reforzar-la-promocion-de-la-ciudad-y-mejorar-el-transporte-publico-entre-la-capital-de-la-plana-y-el-aeropuerto","status":"publish","type":"post","link":"https:\/\/aeroportcastello.com\/es\/aerocas-y-el-ayuntamiento-de-castellon-acuerdan-reforzar-la-promocion-de-la-ciudad-y-mejorar-el-transporte-publico-entre-la-capital-de-la-plana-y-el-aeropuerto\/","title":{"rendered":"Aerocas y el Ayuntamiento de Castell\u00f3n acuerdan reforzar la promoci\u00f3n de la ciudad y mejorar el transporte p\u00fablico entre la capital de la Plana y el aeropuerto"},"content":{"rendered":"<p><strong>El conseller de Medio Ambiente, Infraestructuras y Territorio avanza que la Generalitat trabaja en la mejora de la l\u00ednea de autob\u00fas que conecta el aeropuerto con la ciudad de Castell\u00f3n<\/strong><\/p>\n<div class=\"col_noticia_izq col-lg-9\">\n<div class=\"cuerpo-noticia\">\n<p>La Generalitat, la sociedad p\u00fablica Aerocas y el Ayuntamiento de Castell\u00f3 de la Plana han acordado estrechar su colaboraci\u00f3n, a fin de reforzar la promoci\u00f3n de la ciudad en el Aeropuerto de Castell\u00f3n y avanzar en la mejora del servicio de transporte p\u00fablico que conecta la instalaci\u00f3n aeroportuaria y la ciudad.<\/p>\n<p>As\u00ed lo ha confirmado el conseller de Medio Ambiente, Infraestructuras y Territorio, Vicente Mart\u00ednez Mus, tras reunirse con la alcaldesa de Castell\u00f3 de la Plana, Bego\u00f1a Carrasco, en las instalaciones del aeropuerto. En el encuentro tambi\u00e9n han estado presentes el director general de Aerocas, Justo Vell\u00f3n, y los concejales de Infraestructuras y de Turismo, Sergio Toledo y Arantxa Miralles, respectivamente.<\/p>\n<p>Los dos dirigentes han acordado reforzar la promoci\u00f3n y posicionamiento de la ciudad de Castell\u00f3 de la Plana en el aeropuerto, poniendo en valor sus atractivos tur\u00edsticos, como son las playas y parajes naturales; la cultura, el patrimonio y la gastronom\u00eda; as\u00ed como las fiestas de la Magdalena, declaradas de inter\u00e9s tur\u00edstico internacional.<\/p>\n<p>El titular de Infraestructuras ha destacado la importancia de que la capital de la provincia est\u00e9 presente en el aeropuerto y ha remarcado que estas instalaciones son \u201cun escaparate internacional y ejercen de puerta de entrada al territorio para miles de turistas\u201d.<\/p>\n<p>El conseller y la alcaldesa tambi\u00e9n han pactado trabajar de manera coordinada en la mejora del servicio de transporte p\u00fablico. En este sentido, Vicente Mart\u00ednez Mus ha avanzado que la Direcci\u00f3n General de Transportes y Log\u00edstica de la Conselleria est\u00e1 planificando una mejora de la l\u00ednea de autob\u00fas entre el aeropuerto y la ciudad. Por otro lado, se pretende reforzar la se\u00f1alizaci\u00f3n del aeropuerto para su acceso desde la ciudad de Castell\u00f3 de la Plana.<\/p>\n<p>Vicente Mart\u00ednez Mus ha trasladado \u201cla buena marcha del aeropuerto en esta campa\u00f1a estival\u201d, con elevados porcentajes de ocupaci\u00f3n en todas sus rutas. De la misma forma, ha destacado que el primer semestre de 2024 se ha cerrado con 122.051 pasajeros y 6.575 operaciones, mejorando las cifras del mismo periodo del a\u00f1o anterior.<\/p>\n<p>El conseller ha recordado que a las diez conexiones que actualmente tiene este aeropuerto se unir\u00e1 una nueva con Asturias a final de a\u00f1o. Aerocas tambi\u00e9n acaba de licitar una campa\u00f1a que va a posibilitar la prolongaci\u00f3n de la ruta de Madrid durante tres a\u00f1os y la puesta en marcha de una nueva ruta estival a Palma de Mallorca a partir de 2025. Por otra parte, se ha impulsado una campa\u00f1a para la puesta en marcha en 2025 de dos nuevas conexiones con Budapest y Polonia, y para 2026 est\u00e1n confirmadas dos rutas a Par\u00eds y Stuttgart. Adem\u00e1s, el aeropuerto est\u00e1 desplegando una estrategia de diversificaci\u00f3n que incluye el desarrollo de actividades vinculadas a la industria aeron\u00e1utica y aeroespacial.<\/p>\n<p>Por su parte, la alcaldesa de Castell\u00f3 de la Plana, Bego\u00f1a Carrasco, ha puesto en valor la gran apuesta por la infraestructura aeoroportuaria \u201cque nos va a seguir posicionando en el mapa\u201d. \u201cYa lo estamos haciendo por mar, de la mano de la Autoridad Portuaria con el refuerzo del v\u00ednculo puerto-ciudad que tan bien est\u00e1 funcionando; por tierra, mejorando las conexiones por carretera y con la esperada estaci\u00f3n Intermodal que ser\u00e1 clave en el desarrollo industrial del \u00e1rea logistica que hemos impulsado desde el Ayuntamiento;\u00a0 y ahora tambi\u00e9n por aire, apostando por una infraestructura clave y estrat\u00e9gica, como es el aeropuerto de Castell\u00f3n que nos permite avanzar hacia un mayor progreso\u201d, ha remarcado.<\/p>\n<p>La alcaldesa ha incidido en que el objetivo es \u201cmejorar la conexi\u00f3n, la relaci\u00f3n y el sentimiento que hay entre la capital de la provincia, nuestra ciudad, y el aeropuerto de Castell\u00f3n, que los castellonenses sientan el aeropuerto como propio\u201d. \u201cLa ciudad de Castell\u00f3n cuenta con 180.000 potenciales viajeros y el aeropuerto espera recibir 300.000 pasajeros durante el a\u00f1o, lo que aumenta exponencialmente las oportunidades de mostrar nuestro destino&#8221;.<\/p>\n<p>Carrasco ha coincidido con el conseller en la necesidad de mejorar la se\u00f1al\u00e9tica y las conexiones con la capital para que los turistas puedan conocer &#8220;nuestra magn\u00edfica gastronom\u00eda y comprar en nuestro comercio local y de proximidad&#8221;. \u201cTambi\u00e9n coincidimos en la necesidad de una mayor promoci\u00f3n conjunta, con campa\u00f1as de publicidad para que los castellonenses sepan que tienen el aeropuerto a su servicio. Por tanto, vamos a fortalecer esa relaci\u00f3n ciudad-aeropuerto para seguir poniendo a Castell\u00f3n en el mapa porque el aeropuerto no es solo turismo, es una infraestructura dinamizadora de la econom\u00eda\u201d, ha sentenciado.<\/p>\n<\/div>\n<\/div>\n","protected":false},"excerpt":{"rendered":"<p>El conseller de Medio Ambiente, Infraestructuras y Territorio avanza que la Generalitat trabaja en la mejora de la l\u00ednea de autob\u00fas que conecta el aeropuerto con la ciudad de Castell\u00f3n La Generalitat, la sociedad p\u00fablica Aerocas y el Ayuntamiento de Castell\u00f3 de la Plana han acordado estrechar su colaboraci\u00f3n, a fin de reforzar la promoci\u00f3n &#8230; <\/p>\n<p class=\"read-more-container\"><a title=\"Aerocas y el Ayuntamiento de Castell\u00f3n acuerdan reforzar la promoci\u00f3n de la ciudad y mejorar el transporte p\u00fablico entre la capital de la Plana y el aeropuerto\" class=\"read-more button\" href=\"https:\/\/aeroportcastello.com\/es\/aerocas-y-el-ayuntamiento-de-castellon-acuerdan-reforzar-la-promocion-de-la-ciudad-y-mejorar-el-transporte-publico-entre-la-capital-de-la-plana-y-el-aeropuerto\/#more-9756\" aria-label=\"Leer m\u00e1s sobre Aerocas y el Ayuntamiento de Castell\u00f3n acuerdan reforzar la promoci\u00f3n de la ciudad y mejorar el transporte p\u00fablico entre la capital de la Plana y el aeropuerto\">Leer m\u00e1s<\/a><\/p>\n","protected":false},"author":5,"featured_media":9754,"comment_status":"closed","ping_status":"closed","sticky":false,"template":"","format":"standard","meta":{"footnotes":""},"categories":[1],"tags":[],"yoast_head":"<!-- This site is optimized with the Yoast SEO plugin v22.0 - https:\/\/yoast.com\/wordpress\/plugins\/seo\/ -->\n<title>Aerocas y el Ayuntamiento de Castell\u00f3n acuerdan reforzar la promoci\u00f3n de la ciudad y mejorar el transporte p\u00fablico entre la capital de la Plana y el aeropuerto - Aeropuerto Castell\u00f3n<\/title>\n<meta name=\"robots\" content=\"index, follow, max-snippet:-1, max-image-preview:large, max-video-preview:-1\" \/>\n<link rel=\"canonical\" href=\"https:\/\/aeroportcastello.com\/es\/aerocas-y-el-ayuntamiento-de-castellon-acuerdan-reforzar-la-promocion-de-la-ciudad-y-mejorar-el-transporte-publico-entre-la-capital-de-la-plana-y-el-aeropuerto\/\" \/>\n<meta property=\"og:locale\" content=\"es_ES\" \/>\n<meta property=\"og:type\" content=\"article\" \/>\n<meta property=\"og:title\" content=\"Aerocas y el Ayuntamiento de Castell\u00f3n acuerdan reforzar la promoci\u00f3n de la ciudad y mejorar el transporte p\u00fablico entre la capital de la Plana y el aeropuerto - Aeropuerto Castell\u00f3n\" \/>\n<meta property=\"og:description\" content=\"El conseller de Medio Ambiente, Infraestructuras y Territorio avanza que la Generalitat trabaja en la mejora de la l\u00ednea de autob\u00fas que conecta el aeropuerto con la ciudad de Castell\u00f3n La Generalitat, la sociedad p\u00fablica Aerocas y el Ayuntamiento de Castell\u00f3 de la Plana han acordado estrechar su colaboraci\u00f3n, a fin de reforzar la promoci\u00f3n ... Leer m\u00e1s\" \/>\n<meta property=\"og:url\" content=\"https:\/\/aeroportcastello.com\/es\/aerocas-y-el-ayuntamiento-de-castellon-acuerdan-reforzar-la-promocion-de-la-ciudad-y-mejorar-el-transporte-publico-entre-la-capital-de-la-plana-y-el-aeropuerto\/\" \/>\n<meta property=\"og:site_name\" content=\"Aeropuerto Castell\u00f3n\" \/>\n<meta property=\"article:published_time\" content=\"2024-07-26T14:26:00+00:00\" \/>\n<meta property=\"article:modified_time\" content=\"2024-07-26T14:26:32+00:00\" \/>\n<meta property=\"og:image\" content=\"https:\/\/aeroportcastello.com\/wp-content\/uploads\/2024\/07\/RMA8142-scaled.jpg\" \/>\n\t<meta property=\"og:image:width\" content=\"2560\" \/>\n\t<meta property=\"og:image:height\" content=\"1707\" \/>\n\t<meta property=\"og:image:type\" content=\"image\/jpeg\" \/>\n<meta name=\"author\" content=\"JORDI\" \/>\n<meta name=\"twitter:card\" content=\"summary_large_image\" \/>\n<meta name=\"twitter:label1\" content=\"Escrito por\" \/>\n\t<meta name=\"twitter:data1\" content=\"JORDI\" \/>\n\t<meta name=\"twitter:label2\" content=\"Tiempo de lectura\" \/>\n\t<meta name=\"twitter:data2\" content=\"5 minutos\" \/>\n<script type=\"application\/ld+json\" class=\"yoast-schema-graph\">{\"@context\":\"https:\/\/schema.org\",\"@graph\":[{\"@type\":\"Article\",\"@id\":\"https:\/\/aeroportcastello.com\/es\/aerocas-y-el-ayuntamiento-de-castellon-acuerdan-reforzar-la-promocion-de-la-ciudad-y-mejorar-el-transporte-publico-entre-la-capital-de-la-plana-y-el-aeropuerto\/#article\",\"isPartOf\":{\"@id\":\"https:\/\/aeroportcastello.com\/es\/aerocas-y-el-ayuntamiento-de-castellon-acuerdan-reforzar-la-promocion-de-la-ciudad-y-mejorar-el-transporte-publico-entre-la-capital-de-la-plana-y-el-aeropuerto\/\"},\"author\":{\"name\":\"JORDI\",\"@id\":\"https:\/\/aeroportcastello.com\/es\/#\/schema\/person\/dbe9a5cd8c878b170b9626311b760bbd\"},\"headline\":\"Aerocas y el Ayuntamiento de Castell\u00f3n acuerdan reforzar la promoci\u00f3n de la ciudad y mejorar el transporte p\u00fablico entre la capital de la Plana y el aeropuerto\",\"datePublished\":\"2024-07-26T14:26:00+00:00\",\"dateModified\":\"2024-07-26T14:26:32+00:00\",\"mainEntityOfPage\":{\"@id\":\"https:\/\/aeroportcastello.com\/es\/aerocas-y-el-ayuntamiento-de-castellon-acuerdan-reforzar-la-promocion-de-la-ciudad-y-mejorar-el-transporte-publico-entre-la-capital-de-la-plana-y-el-aeropuerto\/\"},\"wordCount\":845,\"publisher\":{\"@id\":\"https:\/\/aeroportcastello.com\/es\/#organization\"},\"articleSection\":[\"Noticias Aeropuerto\"],\"inLanguage\":\"es\"},{\"@type\":\"WebPage\",\"@id\":\"https:\/\/aeroportcastello.com\/es\/aerocas-y-el-ayuntamiento-de-castellon-acuerdan-reforzar-la-promocion-de-la-ciudad-y-mejorar-el-transporte-publico-entre-la-capital-de-la-plana-y-el-aeropuerto\/\",\"url\":\"https:\/\/aeroportcastello.com\/es\/aerocas-y-el-ayuntamiento-de-castellon-acuerdan-reforzar-la-promocion-de-la-ciudad-y-mejorar-el-transporte-publico-entre-la-capital-de-la-plana-y-el-aeropuerto\/\",\"name\":\"Aerocas y el Ayuntamiento de Castell\u00f3n acuerdan reforzar la promoci\u00f3n de la ciudad y mejorar el transporte p\u00fablico entre la capital de la Plana y el aeropuerto - Aeropuerto Castell\u00f3n\",\"isPartOf\":{\"@id\":\"https:\/\/aeroportcastello.com\/es\/#website\"},\"datePublished\":\"2024-07-26T14:26:00+00:00\",\"dateModified\":\"2024-07-26T14:26:32+00:00\",\"breadcrumb\":{\"@id\":\"https:\/\/aeroportcastello.com\/es\/aerocas-y-el-ayuntamiento-de-castellon-acuerdan-reforzar-la-promocion-de-la-ciudad-y-mejorar-el-transporte-publico-entre-la-capital-de-la-plana-y-el-aeropuerto\/#breadcrumb\"},\"inLanguage\":\"es\",\"potentialAction\":[{\"@type\":\"ReadAction\",\"target\":[\"https:\/\/aeroportcastello.com\/es\/aerocas-y-el-ayuntamiento-de-castellon-acuerdan-reforzar-la-promocion-de-la-ciudad-y-mejorar-el-transporte-publico-entre-la-capital-de-la-plana-y-el-aeropuerto\/\"]}]},{\"@type\":\"BreadcrumbList\",\"@id\":\"https:\/\/aeroportcastello.com\/es\/aerocas-y-el-ayuntamiento-de-castellon-acuerdan-reforzar-la-promocion-de-la-ciudad-y-mejorar-el-transporte-publico-entre-la-capital-de-la-plana-y-el-aeropuerto\/#breadcrumb\",\"itemListElement\":[{\"@type\":\"ListItem\",\"position\":1,\"name\":\"Pasajeros\",\"item\":\"https:\/\/aeroportcastello.com\/es\/\"},{\"@type\":\"ListItem\",\"position\":2,\"name\":\"Aerocas y el Ayuntamiento de Castell\u00f3n acuerdan reforzar la promoci\u00f3n de la ciudad y mejorar el transporte p\u00fablico entre la capital de la Plana y el aeropuerto\"}]},{\"@type\":\"WebSite\",\"@id\":\"https:\/\/aeroportcastello.com\/es\/#website\",\"url\":\"https:\/\/aeroportcastello.com\/es\/\",\"name\":\"Aeropuerto Castell\u00f3n\",\"description\":\"Aeropuerto Castell\u00f3n\",\"publisher\":{\"@id\":\"https:\/\/aeroportcastello.com\/es\/#organization\"},\"potentialAction\":[{\"@type\":\"SearchAction\",\"target\":{\"@type\":\"EntryPoint\",\"urlTemplate\":\"https:\/\/aeroportcastello.com\/es\/?s={search_term_string}\"},\"query-input\":\"required name=search_term_string\"}],\"inLanguage\":\"es\"},{\"@type\":\"Organization\",\"@id\":\"https:\/\/aeroportcastello.com\/es\/#organization\",\"name\":\"Aeropuerto Castell\u00f3n\",\"url\":\"https:\/\/aeroportcastello.com\/es\/\",\"logo\":{\"@type\":\"ImageObject\",\"inLanguage\":\"es\",\"@id\":\"https:\/\/aeroportcastello.com\/es\/#\/schema\/logo\/image\/\",\"url\":\"https:\/\/aeroportcastello.com\/wp-content\/uploads\/2021\/05\/logo_aeroport_castello-1.svg\",\"contentUrl\":\"https:\/\/aeroportcastello.com\/wp-content\/uploads\/2021\/05\/logo_aeroport_castello-1.svg\",\"width\":482.8999999999999772626324556767940521240234375,\"height\":93.7000000000000028421709430404007434844970703125,\"caption\":\"Aeropuerto Castell\u00f3n\"},\"image\":{\"@id\":\"https:\/\/aeroportcastello.com\/es\/#\/schema\/logo\/image\/\"}},{\"@type\":\"Person\",\"@id\":\"https:\/\/aeroportcastello.com\/es\/#\/schema\/person\/dbe9a5cd8c878b170b9626311b760bbd\",\"name\":\"JORDI\",\"image\":{\"@type\":\"ImageObject\",\"inLanguage\":\"es\",\"@id\":\"https:\/\/aeroportcastello.com\/es\/#\/schema\/person\/image\/\",\"url\":\"https:\/\/secure.gravatar.com\/avatar\/3b270e37d3e82ec6b995a7d26cf97e61?s=96&d=mm&r=g\",\"contentUrl\":\"https:\/\/secure.gravatar.com\/avatar\/3b270e37d3e82ec6b995a7d26cf97e61?s=96&d=mm&r=g\",\"caption\":\"JORDI\"},\"url\":\"https:\/\/aeroportcastello.com\/es\/author\/jordi\/\"}]}<\/script>\n<!-- \/ Yoast SEO plugin. -->","yoast_head_json":{"title":"Aerocas y el Ayuntamiento de Castell\u00f3n acuerdan reforzar la promoci\u00f3n de la ciudad y mejorar el transporte p\u00fablico entre la capital de la Plana y el aeropuerto - Aeropuerto Castell\u00f3n","robots":{"index":"index","follow":"follow","max-snippet":"max-snippet:-1","max-image-preview":"max-image-preview:large","max-video-preview":"max-video-preview:-1"},"canonical":"https:\/\/aeroportcastello.com\/es\/aerocas-y-el-ayuntamiento-de-castellon-acuerdan-reforzar-la-promocion-de-la-ciudad-y-mejorar-el-transporte-publico-entre-la-capital-de-la-plana-y-el-aeropuerto\/","og_locale":"es_ES","og_type":"article","og_title":"Aerocas y el Ayuntamiento de Castell\u00f3n acuerdan reforzar la promoci\u00f3n de la ciudad y mejorar el transporte p\u00fablico entre la capital de la Plana y el aeropuerto - Aeropuerto Castell\u00f3n","og_description":"El conseller de Medio Ambiente, Infraestructuras y Territorio avanza que la Generalitat trabaja en la mejora de la l\u00ednea de autob\u00fas que conecta el aeropuerto con la ciudad de Castell\u00f3n La Generalitat, la sociedad p\u00fablica Aerocas y el Ayuntamiento de Castell\u00f3 de la Plana han acordado estrechar su colaboraci\u00f3n, a fin de reforzar la promoci\u00f3n ... Leer m\u00e1s","og_url":"https:\/\/aeroportcastello.com\/es\/aerocas-y-el-ayuntamiento-de-castellon-acuerdan-reforzar-la-promocion-de-la-ciudad-y-mejorar-el-transporte-publico-entre-la-capital-de-la-plana-y-el-aeropuerto\/","og_site_name":"Aeropuerto Castell\u00f3n","article_published_time":"2024-07-26T14:26:00+00:00","article_modified_time":"2024-07-26T14:26:32+00:00","og_image":[{"width":2560,"height":1707,"url":"https:\/\/aeroportcastello.com\/wp-content\/uploads\/2024\/07\/RMA8142-scaled.jpg","type":"image\/jpeg"}],"author":"JORDI","twitter_card":"summary_large_image","twitter_misc":{"Escrito por":"JORDI","Tiempo de lectura":"5 minutos"},"schema":{"@context":"https:\/\/schema.org","@graph":[{"@type":"Article","@id":"https:\/\/aeroportcastello.com\/es\/aerocas-y-el-ayuntamiento-de-castellon-acuerdan-reforzar-la-promocion-de-la-ciudad-y-mejorar-el-transporte-publico-entre-la-capital-de-la-plana-y-el-aeropuerto\/#article","isPartOf":{"@id":"https:\/\/aeroportcastello.com\/es\/aerocas-y-el-ayuntamiento-de-castellon-acuerdan-reforzar-la-promocion-de-la-ciudad-y-mejorar-el-transporte-publico-entre-la-capital-de-la-plana-y-el-aeropuerto\/"},"author":{"name":"JORDI","@id":"https:\/\/aeroportcastello.com\/es\/#\/schema\/person\/dbe9a5cd8c878b170b9626311b760bbd"},"headline":"Aerocas y el Ayuntamiento de Castell\u00f3n acuerdan reforzar la promoci\u00f3n de la ciudad y mejorar el transporte p\u00fablico entre la capital de la Plana y el aeropuerto","datePublished":"2024-07-26T14:26:00+00:00","dateModified":"2024-07-26T14:26:32+00:00","mainEntityOfPage":{"@id":"https:\/\/aeroportcastello.com\/es\/aerocas-y-el-ayuntamiento-de-castellon-acuerdan-reforzar-la-promocion-de-la-ciudad-y-mejorar-el-transporte-publico-entre-la-capital-de-la-plana-y-el-aeropuerto\/"},"wordCount":845,"publisher":{"@id":"https:\/\/aeroportcastello.com\/es\/#organization"},"articleSection":["Noticias Aeropuerto"],"inLanguage":"es"},{"@type":"WebPage","@id":"https:\/\/aeroportcastello.com\/es\/aerocas-y-el-ayuntamiento-de-castellon-acuerdan-reforzar-la-promocion-de-la-ciudad-y-mejorar-el-transporte-publico-entre-la-capital-de-la-plana-y-el-aeropuerto\/","url":"https:\/\/aeroportcastello.com\/es\/aerocas-y-el-ayuntamiento-de-castellon-acuerdan-reforzar-la-promocion-de-la-ciudad-y-mejorar-el-transporte-publico-entre-la-capital-de-la-plana-y-el-aeropuerto\/","name":"Aerocas y el Ayuntamiento de Castell\u00f3n acuerdan reforzar la promoci\u00f3n de la ciudad y mejorar el transporte p\u00fablico entre la capital de la Plana y el aeropuerto - Aeropuerto Castell\u00f3n","isPartOf":{"@id":"https:\/\/aeroportcastello.com\/es\/#website"},"datePublished":"2024-07-26T14:26:00+00:00","dateModified":"2024-07-26T14:26:32+00:00","breadcrumb":{"@id":"https:\/\/aeroportcastello.com\/es\/aerocas-y-el-ayuntamiento-de-castellon-acuerdan-reforzar-la-promocion-de-la-ciudad-y-mejorar-el-transporte-publico-entre-la-capital-de-la-plana-y-el-aeropuerto\/#breadcrumb"},"inLanguage":"es","potentialAction":[{"@type":"ReadAction","target":["https:\/\/aeroportcastello.com\/es\/aerocas-y-el-ayuntamiento-de-castellon-acuerdan-reforzar-la-promocion-de-la-ciudad-y-mejorar-el-transporte-publico-entre-la-capital-de-la-plana-y-el-aeropuerto\/"]}]},{"@type":"BreadcrumbList","@id":"https:\/\/aeroportcastello.com\/es\/aerocas-y-el-ayuntamiento-de-castellon-acuerdan-reforzar-la-promocion-de-la-ciudad-y-mejorar-el-transporte-publico-entre-la-capital-de-la-plana-y-el-aeropuerto\/#breadcrumb","itemListElement":[{"@type":"ListItem","position":1,"name":"Pasajeros","item":"https:\/\/aeroportcastello.com\/es\/"},{"@type":"ListItem","position":2,"name":"Aerocas y el Ayuntamiento de Castell\u00f3n acuerdan reforzar la promoci\u00f3n de la ciudad y mejorar el transporte p\u00fablico entre la capital de la Plana y el aeropuerto"}]},{"@type":"WebSite","@id":"https:\/\/aeroportcastello.com\/es\/#website","url":"https:\/\/aeroportcastello.com\/es\/","name":"Aeropuerto Castell\u00f3n","description":"Aeropuerto Castell\u00f3n","publisher":{"@id":"https:\/\/aeroportcastello.com\/es\/#organization"},"potentialAction":[{"@type":"SearchAction","target":{"@type":"EntryPoint","urlTemplate":"https:\/\/aeroportcastello.com\/es\/?s={search_term_string}"},"query-input":"required name=search_term_string"}],"inLanguage":"es"},{"@type":"Organization","@id":"https:\/\/aeroportcastello.com\/es\/#organization","name":"Aeropuerto Castell\u00f3n","url":"https:\/\/aeroportcastello.com\/es\/","logo":{"@type":"ImageObject","inLanguage":"es","@id":"https:\/\/aeroportcastello.com\/es\/#\/schema\/logo\/image\/","url":"https:\/\/aeroportcastello.com\/wp-content\/uploads\/2021\/05\/logo_aeroport_castello-1.svg","contentUrl":"https:\/\/aeroportcastello.com\/wp-content\/uploads\/2021\/05\/logo_aeroport_castello-1.svg","width":482.8999999999999772626324556767940521240234375,"height":93.7000000000000028421709430404007434844970703125,"caption":"Aeropuerto Castell\u00f3n"},"image":{"@id":"https:\/\/aeroportcastello.com\/es\/#\/schema\/logo\/image\/"}},{"@type":"Person","@id":"https:\/\/aeroportcastello.com\/es\/#\/schema\/person\/dbe9a5cd8c878b170b9626311b760bbd","name":"JORDI","image":{"@type":"ImageObject","inLanguage":"es","@id":"https:\/\/aeroportcastello.com\/es\/#\/schema\/person\/image\/","url":"https:\/\/secure.gravatar.com\/avatar\/3b270e37d3e82ec6b995a7d26cf97e61?s=96&d=mm&r=g","contentUrl":"https:\/\/secure.gravatar.com\/avatar\/3b270e37d3e82ec6b995a7d26cf97e61?s=96&d=mm&r=g","caption":"JORDI"},"url":"https:\/\/aeroportcastello.com\/es\/author\/jordi\/"}]}},"_links":{"self":[{"href":"https:\/\/aeroportcastello.com\/es\/wp-json\/wp\/v2\/posts\/9756"}],"collection":[{"href":"https:\/\/aeroportcastello.com\/es\/wp-json\/wp\/v2\/posts"}],"about":[{"href":"https:\/\/aeroportcastello.com\/es\/wp-json\/wp\/v2\/types\/post"}],"author":[{"embeddable":true,"href":"https:\/\/aeroportcastello.com\/es\/wp-json\/wp\/v2\/users\/5"}],"replies":[{"embeddable":true,"href":"https:\/\/aeroportcastello.com\/es\/wp-json\/wp\/v2\/comments?post=9756"}],"version-history":[{"count":1,"href":"https:\/\/aeroportcastello.com\/es\/wp-json\/wp\/v2\/posts\/9756\/revisions"}],"predecessor-version":[{"id":9757,"href":"https:\/\/aeroportcastello.com\/es\/wp-json\/wp\/v2\/posts\/9756\/revisions\/9757"}],"wp:featuredmedia":[{"embeddable":true,"href":"https:\/\/aeroportcastello.com\/es\/wp-json\/wp\/v2\/media\/9754"}],"wp:attachment":[{"href":"https:\/\/aeroportcastello.com\/es\/wp-json\/wp\/v2\/media?parent=9756"}],"wp:term":[{"taxonomy":"category","embeddable":true,"href":"https:\/\/aeroportcastello.com\/es\/wp-json\/wp\/v2\/categories?post=9756"},{"taxonomy":"post_tag","embeddable":true,"href":"https:\/\/aeroportcastello.com\/es\/wp-json\/wp\/v2\/tags?post=9756"}],"curies":[{"name":"wp","href":"https:\/\/api.w.org\/{rel}","templated":true}]}}