{"id":9655,"date":"2024-06-26T11:08:31","date_gmt":"2024-06-26T09:08:31","guid":{"rendered":"https:\/\/aeroportcastello.com\/?p=9655"},"modified":"2024-06-26T11:13:18","modified_gmt":"2024-06-26T09:13:18","slug":"el-aeropuerto-de-castellon-acuerda-licitar-una-campana-para-restablecer-las-conexiones-con-polonia-y-budapest-a-partir-de-2025","status":"publish","type":"post","link":"https:\/\/aeroportcastello.com\/es\/el-aeropuerto-de-castellon-acuerda-licitar-una-campana-para-restablecer-las-conexiones-con-polonia-y-budapest-a-partir-de-2025\/","title":{"rendered":"El aeropuerto de Castell\u00f3n acuerda licitar una campa\u00f1a para restablecer las conexiones con Polonia y Budapest a partir de 2025"},"content":{"rendered":"<p><strong>Ambas rutas regulares deber\u00e1n operar un m\u00ednimo de 30 semanas cada a\u00f1o con, al menos, dos frecuencias semanales<\/strong><\/p>\n<p>La sociedad p\u00fablica Aeropuerto de Castell\u00f3n (Aerocas) ha acordado licitar una campa\u00f1a de consolidaci\u00f3n en los mercados europeos encaminada al establecimiento de sendas conexiones con Budapest y Polonia a partir del pr\u00f3ximo a\u00f1o.<\/p>\n<p>As\u00ed lo ha anunciado la consellera de Medio Ambiente, Agua, Infraestructuras y Territorio, Salom\u00e9 Pradas,\u00a0quien ha manifestado que esta nueva licitaci\u00f3n \u201cresponde a los objetivos del gobierno de la Generalitat de reforzar la conectividad a\u00e9rea de Castell\u00f3n y de impulsar la actividad comercial del aeropuerto\u201d.<\/p>\n<p>En este sentido, la campa\u00f1a que va a salir a concurso, estructurada en dos lotes, est\u00e1 focalizada en el afianzamiento de los mercados de Budapest y Polonia. Se trata de dos destinos de centro Europa que han tenido en los \u00faltimos a\u00f1os conexi\u00f3n a\u00e9rea con Castell\u00f3n, que se pretende recuperar en 2025.<\/p>\n<p>Las dos rutas deber\u00e1n operar un m\u00ednimo de 30 semanas al a\u00f1o con, al menos, dos frecuencias semanales.<\/p>\n<p>En la l\u00ednea de anteriores campa\u00f1as, la compa\u00f1\u00eda adjudicataria deber\u00e1 realizar un plan de promoci\u00f3n en el que posicione el aeropuerto de Castell\u00f3n y su \u00e1rea de influencia como destino.<\/p>\n<p>La campa\u00f1a tendr\u00e1 una duraci\u00f3n de cuatro a\u00f1os y cada ruta tiene asignado un importe anual m\u00e1ximo de 250.000 euros.<\/p>\n<p>Las nuevas conexiones reforzar\u00e1n la oferta de vuelos del aeropuerto de Castell\u00f3n, que en este 2024 opera conexiones regulares con once destinos: Roma, Londres, Bruselas, Mil\u00e1n, Berl\u00edn, D\u00fcsseldorf, Oporto, Bucarest, Bilbao, Madrid y Asturias.<\/p>\n","protected":false},"excerpt":{"rendered":"<p>Ambas rutas regulares deber\u00e1n operar un m\u00ednimo de 30 semanas cada a\u00f1o con, al menos, dos frecuencias semanales La sociedad p\u00fablica Aeropuerto de Castell\u00f3n (Aerocas) ha acordado licitar una campa\u00f1a de consolidaci\u00f3n en los mercados europeos encaminada al establecimiento de sendas conexiones con Budapest y Polonia a partir del pr\u00f3ximo a\u00f1o. As\u00ed lo ha anunciado &#8230; <\/p>\n<p class=\"read-more-container\"><a title=\"El aeropuerto de Castell\u00f3n acuerda licitar una campa\u00f1a para restablecer las conexiones con Polonia y Budapest a partir de 2025\" class=\"read-more button\" href=\"https:\/\/aeroportcastello.com\/es\/el-aeropuerto-de-castellon-acuerda-licitar-una-campana-para-restablecer-las-conexiones-con-polonia-y-budapest-a-partir-de-2025\/#more-9655\" aria-label=\"Leer m\u00e1s sobre El aeropuerto de Castell\u00f3n acuerda licitar una campa\u00f1a para restablecer las conexiones con Polonia y Budapest a partir de 2025\">Leer m\u00e1s<\/a><\/p>\n","protected":false},"author":5,"featured_media":9659,"comment_status":"closed","ping_status":"closed","sticky":false,"template":"","format":"standard","meta":{"footnotes":""},"categories":[1],"tags":[],"yoast_head":"<!-- This site is optimized with the Yoast SEO plugin v22.0 - https:\/\/yoast.com\/wordpress\/plugins\/seo\/ -->\n<title>El aeropuerto de Castell\u00f3n acuerda licitar una campa\u00f1a para restablecer las conexiones con Polonia y Budapest a partir de 2025 - Aeropuerto Castell\u00f3n<\/title>\n<meta name=\"robots\" content=\"index, follow, max-snippet:-1, max-image-preview:large, max-video-preview:-1\" \/>\n<link rel=\"canonical\" href=\"https:\/\/aeroportcastello.com\/es\/el-aeropuerto-de-castellon-acuerda-licitar-una-campana-para-restablecer-las-conexiones-con-polonia-y-budapest-a-partir-de-2025\/\" \/>\n<meta property=\"og:locale\" content=\"es_ES\" \/>\n<meta property=\"og:type\" content=\"article\" \/>\n<meta property=\"og:title\" content=\"El aeropuerto de Castell\u00f3n acuerda licitar una campa\u00f1a para restablecer las conexiones con Polonia y Budapest a partir de 2025 - Aeropuerto Castell\u00f3n\" \/>\n<meta property=\"og:description\" content=\"Ambas rutas regulares deber\u00e1n operar un m\u00ednimo de 30 semanas cada a\u00f1o con, al menos, dos frecuencias semanales La sociedad p\u00fablica Aeropuerto de Castell\u00f3n (Aerocas) ha acordado licitar una campa\u00f1a de consolidaci\u00f3n en los mercados europeos encaminada al establecimiento de sendas conexiones con Budapest y Polonia a partir del pr\u00f3ximo a\u00f1o. As\u00ed lo ha anunciado ... Leer m\u00e1s\" \/>\n<meta property=\"og:url\" content=\"https:\/\/aeroportcastello.com\/es\/el-aeropuerto-de-castellon-acuerda-licitar-una-campana-para-restablecer-las-conexiones-con-polonia-y-budapest-a-partir-de-2025\/\" \/>\n<meta property=\"og:site_name\" content=\"Aeropuerto Castell\u00f3n\" \/>\n<meta property=\"article:published_time\" content=\"2024-06-26T09:08:31+00:00\" \/>\n<meta property=\"article:modified_time\" content=\"2024-06-26T09:13:18+00:00\" \/>\n<meta name=\"author\" content=\"JORDI\" \/>\n<meta name=\"twitter:card\" content=\"summary_large_image\" \/>\n<meta name=\"twitter:label1\" content=\"Escrito por\" \/>\n\t<meta name=\"twitter:data1\" content=\"JORDI\" \/>\n\t<meta name=\"twitter:label2\" content=\"Tiempo de lectura\" \/>\n\t<meta name=\"twitter:data2\" content=\"2 minutos\" \/>\n<script type=\"application\/ld+json\" class=\"yoast-schema-graph\">{\"@context\":\"https:\/\/schema.org\",\"@graph\":[{\"@type\":\"Article\",\"@id\":\"https:\/\/aeroportcastello.com\/es\/el-aeropuerto-de-castellon-acuerda-licitar-una-campana-para-restablecer-las-conexiones-con-polonia-y-budapest-a-partir-de-2025\/#article\",\"isPartOf\":{\"@id\":\"https:\/\/aeroportcastello.com\/es\/el-aeropuerto-de-castellon-acuerda-licitar-una-campana-para-restablecer-las-conexiones-con-polonia-y-budapest-a-partir-de-2025\/\"},\"author\":{\"name\":\"JORDI\",\"@id\":\"https:\/\/aeroportcastello.com\/es\/#\/schema\/person\/dbe9a5cd8c878b170b9626311b760bbd\"},\"headline\":\"El aeropuerto de Castell\u00f3n acuerda licitar una campa\u00f1a para restablecer las conexiones con Polonia y Budapest a partir de 2025\",\"datePublished\":\"2024-06-26T09:08:31+00:00\",\"dateModified\":\"2024-06-26T09:13:18+00:00\",\"mainEntityOfPage\":{\"@id\":\"https:\/\/aeroportcastello.com\/es\/el-aeropuerto-de-castellon-acuerda-licitar-una-campana-para-restablecer-las-conexiones-con-polonia-y-budapest-a-partir-de-2025\/\"},\"wordCount\":301,\"publisher\":{\"@id\":\"https:\/\/aeroportcastello.com\/es\/#organization\"},\"articleSection\":[\"Noticias Aeropuerto\"],\"inLanguage\":\"es\"},{\"@type\":\"WebPage\",\"@id\":\"https:\/\/aeroportcastello.com\/es\/el-aeropuerto-de-castellon-acuerda-licitar-una-campana-para-restablecer-las-conexiones-con-polonia-y-budapest-a-partir-de-2025\/\",\"url\":\"https:\/\/aeroportcastello.com\/es\/el-aeropuerto-de-castellon-acuerda-licitar-una-campana-para-restablecer-las-conexiones-con-polonia-y-budapest-a-partir-de-2025\/\",\"name\":\"El aeropuerto de Castell\u00f3n acuerda licitar una campa\u00f1a para restablecer las conexiones con Polonia y Budapest a partir de 2025 - Aeropuerto Castell\u00f3n\",\"isPartOf\":{\"@id\":\"https:\/\/aeroportcastello.com\/es\/#website\"},\"datePublished\":\"2024-06-26T09:08:31+00:00\",\"dateModified\":\"2024-06-26T09:13:18+00:00\",\"breadcrumb\":{\"@id\":\"https:\/\/aeroportcastello.com\/es\/el-aeropuerto-de-castellon-acuerda-licitar-una-campana-para-restablecer-las-conexiones-con-polonia-y-budapest-a-partir-de-2025\/#breadcrumb\"},\"inLanguage\":\"es\",\"potentialAction\":[{\"@type\":\"ReadAction\",\"target\":[\"https:\/\/aeroportcastello.com\/es\/el-aeropuerto-de-castellon-acuerda-licitar-una-campana-para-restablecer-las-conexiones-con-polonia-y-budapest-a-partir-de-2025\/\"]}]},{\"@type\":\"BreadcrumbList\",\"@id\":\"https:\/\/aeroportcastello.com\/es\/el-aeropuerto-de-castellon-acuerda-licitar-una-campana-para-restablecer-las-conexiones-con-polonia-y-budapest-a-partir-de-2025\/#breadcrumb\",\"itemListElement\":[{\"@type\":\"ListItem\",\"position\":1,\"name\":\"Pasajeros\",\"item\":\"https:\/\/aeroportcastello.com\/es\/\"},{\"@type\":\"ListItem\",\"position\":2,\"name\":\"El aeropuerto de Castell\u00f3n acuerda licitar una campa\u00f1a para restablecer las conexiones con Polonia y Budapest a partir de 2025\"}]},{\"@type\":\"WebSite\",\"@id\":\"https:\/\/aeroportcastello.com\/es\/#website\",\"url\":\"https:\/\/aeroportcastello.com\/es\/\",\"name\":\"Aeropuerto Castell\u00f3n\",\"description\":\"Aeropuerto Castell\u00f3n\",\"publisher\":{\"@id\":\"https:\/\/aeroportcastello.com\/es\/#organization\"},\"potentialAction\":[{\"@type\":\"SearchAction\",\"target\":{\"@type\":\"EntryPoint\",\"urlTemplate\":\"https:\/\/aeroportcastello.com\/es\/?s={search_term_string}\"},\"query-input\":\"required name=search_term_string\"}],\"inLanguage\":\"es\"},{\"@type\":\"Organization\",\"@id\":\"https:\/\/aeroportcastello.com\/es\/#organization\",\"name\":\"Aeropuerto Castell\u00f3n\",\"url\":\"https:\/\/aeroportcastello.com\/es\/\",\"logo\":{\"@type\":\"ImageObject\",\"inLanguage\":\"es\",\"@id\":\"https:\/\/aeroportcastello.com\/es\/#\/schema\/logo\/image\/\",\"url\":\"https:\/\/aeroportcastello.com\/wp-content\/uploads\/2021\/05\/logo_aeroport_castello-1.svg\",\"contentUrl\":\"https:\/\/aeroportcastello.com\/wp-content\/uploads\/2021\/05\/logo_aeroport_castello-1.svg\",\"width\":482.8999999999999772626324556767940521240234375,\"height\":93.7000000000000028421709430404007434844970703125,\"caption\":\"Aeropuerto Castell\u00f3n\"},\"image\":{\"@id\":\"https:\/\/aeroportcastello.com\/es\/#\/schema\/logo\/image\/\"}},{\"@type\":\"Person\",\"@id\":\"https:\/\/aeroportcastello.com\/es\/#\/schema\/person\/dbe9a5cd8c878b170b9626311b760bbd\",\"name\":\"JORDI\",\"image\":{\"@type\":\"ImageObject\",\"inLanguage\":\"es\",\"@id\":\"https:\/\/aeroportcastello.com\/es\/#\/schema\/person\/image\/\",\"url\":\"https:\/\/secure.gravatar.com\/avatar\/3b270e37d3e82ec6b995a7d26cf97e61?s=96&d=mm&r=g\",\"contentUrl\":\"https:\/\/secure.gravatar.com\/avatar\/3b270e37d3e82ec6b995a7d26cf97e61?s=96&d=mm&r=g\",\"caption\":\"JORDI\"},\"url\":\"https:\/\/aeroportcastello.com\/es\/author\/jordi\/\"}]}<\/script>\n<!-- \/ Yoast SEO plugin. -->","yoast_head_json":{"title":"El aeropuerto de Castell\u00f3n acuerda licitar una campa\u00f1a para restablecer las conexiones con Polonia y Budapest a partir de 2025 - Aeropuerto Castell\u00f3n","robots":{"index":"index","follow":"follow","max-snippet":"max-snippet:-1","max-image-preview":"max-image-preview:large","max-video-preview":"max-video-preview:-1"},"canonical":"https:\/\/aeroportcastello.com\/es\/el-aeropuerto-de-castellon-acuerda-licitar-una-campana-para-restablecer-las-conexiones-con-polonia-y-budapest-a-partir-de-2025\/","og_locale":"es_ES","og_type":"article","og_title":"El aeropuerto de Castell\u00f3n acuerda licitar una campa\u00f1a para restablecer las conexiones con Polonia y Budapest a partir de 2025 - Aeropuerto Castell\u00f3n","og_description":"Ambas rutas regulares deber\u00e1n operar un m\u00ednimo de 30 semanas cada a\u00f1o con, al menos, dos frecuencias semanales La sociedad p\u00fablica Aeropuerto de Castell\u00f3n (Aerocas) ha acordado licitar una campa\u00f1a de consolidaci\u00f3n en los mercados europeos encaminada al establecimiento de sendas conexiones con Budapest y Polonia a partir del pr\u00f3ximo a\u00f1o. As\u00ed lo ha anunciado ... Leer m\u00e1s","og_url":"https:\/\/aeroportcastello.com\/es\/el-aeropuerto-de-castellon-acuerda-licitar-una-campana-para-restablecer-las-conexiones-con-polonia-y-budapest-a-partir-de-2025\/","og_site_name":"Aeropuerto Castell\u00f3n","article_published_time":"2024-06-26T09:08:31+00:00","article_modified_time":"2024-06-26T09:13:18+00:00","author":"JORDI","twitter_card":"summary_large_image","twitter_misc":{"Escrito por":"JORDI","Tiempo de lectura":"2 minutos"},"schema":{"@context":"https:\/\/schema.org","@graph":[{"@type":"Article","@id":"https:\/\/aeroportcastello.com\/es\/el-aeropuerto-de-castellon-acuerda-licitar-una-campana-para-restablecer-las-conexiones-con-polonia-y-budapest-a-partir-de-2025\/#article","isPartOf":{"@id":"https:\/\/aeroportcastello.com\/es\/el-aeropuerto-de-castellon-acuerda-licitar-una-campana-para-restablecer-las-conexiones-con-polonia-y-budapest-a-partir-de-2025\/"},"author":{"name":"JORDI","@id":"https:\/\/aeroportcastello.com\/es\/#\/schema\/person\/dbe9a5cd8c878b170b9626311b760bbd"},"headline":"El aeropuerto de Castell\u00f3n acuerda licitar una campa\u00f1a para restablecer las conexiones con Polonia y Budapest a partir de 2025","datePublished":"2024-06-26T09:08:31+00:00","dateModified":"2024-06-26T09:13:18+00:00","mainEntityOfPage":{"@id":"https:\/\/aeroportcastello.com\/es\/el-aeropuerto-de-castellon-acuerda-licitar-una-campana-para-restablecer-las-conexiones-con-polonia-y-budapest-a-partir-de-2025\/"},"wordCount":301,"publisher":{"@id":"https:\/\/aeroportcastello.com\/es\/#organization"},"articleSection":["Noticias Aeropuerto"],"inLanguage":"es"},{"@type":"WebPage","@id":"https:\/\/aeroportcastello.com\/es\/el-aeropuerto-de-castellon-acuerda-licitar-una-campana-para-restablecer-las-conexiones-con-polonia-y-budapest-a-partir-de-2025\/","url":"https:\/\/aeroportcastello.com\/es\/el-aeropuerto-de-castellon-acuerda-licitar-una-campana-para-restablecer-las-conexiones-con-polonia-y-budapest-a-partir-de-2025\/","name":"El aeropuerto de Castell\u00f3n acuerda licitar una campa\u00f1a para restablecer las conexiones con Polonia y Budapest a partir de 2025 - Aeropuerto Castell\u00f3n","isPartOf":{"@id":"https:\/\/aeroportcastello.com\/es\/#website"},"datePublished":"2024-06-26T09:08:31+00:00","dateModified":"2024-06-26T09:13:18+00:00","breadcrumb":{"@id":"https:\/\/aeroportcastello.com\/es\/el-aeropuerto-de-castellon-acuerda-licitar-una-campana-para-restablecer-las-conexiones-con-polonia-y-budapest-a-partir-de-2025\/#breadcrumb"},"inLanguage":"es","potentialAction":[{"@type":"ReadAction","target":["https:\/\/aeroportcastello.com\/es\/el-aeropuerto-de-castellon-acuerda-licitar-una-campana-para-restablecer-las-conexiones-con-polonia-y-budapest-a-partir-de-2025\/"]}]},{"@type":"BreadcrumbList","@id":"https:\/\/aeroportcastello.com\/es\/el-aeropuerto-de-castellon-acuerda-licitar-una-campana-para-restablecer-las-conexiones-con-polonia-y-budapest-a-partir-de-2025\/#breadcrumb","itemListElement":[{"@type":"ListItem","position":1,"name":"Pasajeros","item":"https:\/\/aeroportcastello.com\/es\/"},{"@type":"ListItem","position":2,"name":"El aeropuerto de Castell\u00f3n acuerda licitar una campa\u00f1a para restablecer las conexiones con Polonia y Budapest a partir de 2025"}]},{"@type":"WebSite","@id":"https:\/\/aeroportcastello.com\/es\/#website","url":"https:\/\/aeroportcastello.com\/es\/","name":"Aeropuerto Castell\u00f3n","description":"Aeropuerto Castell\u00f3n","publisher":{"@id":"https:\/\/aeroportcastello.com\/es\/#organization"},"potentialAction":[{"@type":"SearchAction","target":{"@type":"EntryPoint","urlTemplate":"https:\/\/aeroportcastello.com\/es\/?s={search_term_string}"},"query-input":"required name=search_term_string"}],"inLanguage":"es"},{"@type":"Organization","@id":"https:\/\/aeroportcastello.com\/es\/#organization","name":"Aeropuerto Castell\u00f3n","url":"https:\/\/aeroportcastello.com\/es\/","logo":{"@type":"ImageObject","inLanguage":"es","@id":"https:\/\/aeroportcastello.com\/es\/#\/schema\/logo\/image\/","url":"https:\/\/aeroportcastello.com\/wp-content\/uploads\/2021\/05\/logo_aeroport_castello-1.svg","contentUrl":"https:\/\/aeroportcastello.com\/wp-content\/uploads\/2021\/05\/logo_aeroport_castello-1.svg","width":482.8999999999999772626324556767940521240234375,"height":93.7000000000000028421709430404007434844970703125,"caption":"Aeropuerto Castell\u00f3n"},"image":{"@id":"https:\/\/aeroportcastello.com\/es\/#\/schema\/logo\/image\/"}},{"@type":"Person","@id":"https:\/\/aeroportcastello.com\/es\/#\/schema\/person\/dbe9a5cd8c878b170b9626311b760bbd","name":"JORDI","image":{"@type":"ImageObject","inLanguage":"es","@id":"https:\/\/aeroportcastello.com\/es\/#\/schema\/person\/image\/","url":"https:\/\/secure.gravatar.com\/avatar\/3b270e37d3e82ec6b995a7d26cf97e61?s=96&d=mm&r=g","contentUrl":"https:\/\/secure.gravatar.com\/avatar\/3b270e37d3e82ec6b995a7d26cf97e61?s=96&d=mm&r=g","caption":"JORDI"},"url":"https:\/\/aeroportcastello.com\/es\/author\/jordi\/"}]}},"_links":{"self":[{"href":"https:\/\/aeroportcastello.com\/es\/wp-json\/wp\/v2\/posts\/9655"}],"collection":[{"href":"https:\/\/aeroportcastello.com\/es\/wp-json\/wp\/v2\/posts"}],"about":[{"href":"https:\/\/aeroportcastello.com\/es\/wp-json\/wp\/v2\/types\/post"}],"author":[{"embeddable":true,"href":"https:\/\/aeroportcastello.com\/es\/wp-json\/wp\/v2\/users\/5"}],"replies":[{"embeddable":true,"href":"https:\/\/aeroportcastello.com\/es\/wp-json\/wp\/v2\/comments?post=9655"}],"version-history":[{"count":1,"href":"https:\/\/aeroportcastello.com\/es\/wp-json\/wp\/v2\/posts\/9655\/revisions"}],"predecessor-version":[{"id":9656,"href":"https:\/\/aeroportcastello.com\/es\/wp-json\/wp\/v2\/posts\/9655\/revisions\/9656"}],"wp:featuredmedia":[{"embeddable":true,"href":"https:\/\/aeroportcastello.com\/es\/wp-json\/wp\/v2\/media\/9659"}],"wp:attachment":[{"href":"https:\/\/aeroportcastello.com\/es\/wp-json\/wp\/v2\/media?parent=9655"}],"wp:term":[{"taxonomy":"category","embeddable":true,"href":"https:\/\/aeroportcastello.com\/es\/wp-json\/wp\/v2\/categories?post=9655"},{"taxonomy":"post_tag","embeddable":true,"href":"https:\/\/aeroportcastello.com\/es\/wp-json\/wp\/v2\/tags?post=9655"}],"curies":[{"name":"wp","href":"https:\/\/api.w.org\/{rel}","templated":true}]}}