{"id":9645,"date":"2024-06-21T13:33:48","date_gmt":"2024-06-21T11:33:48","guid":{"rendered":"https:\/\/aeroportcastello.com\/?p=9645"},"modified":"2024-06-21T13:33:48","modified_gmt":"2024-06-21T11:33:48","slug":"el-aeropuerto-de-castellon-el-macvac-y-valenciaphoto-ponen-en-marcha-la-octava-exposicion-del-proyecto-artistico-sala-30","status":"publish","type":"post","link":"https:\/\/aeroportcastello.com\/es\/el-aeropuerto-de-castellon-el-macvac-y-valenciaphoto-ponen-en-marcha-la-octava-exposicion-del-proyecto-artistico-sala-30\/","title":{"rendered":"El aeropuerto de Castell\u00f3n, el Macvac y ValenciaPhoto ponen en marcha la octava exposici\u00f3n del proyecto art\u00edstico \u2018Sala 30\u2019"},"content":{"rendered":"<p><strong>La exposici\u00f3n, situada en la planta baja de la terminal de pasajeros, recoge una muestra de la colecci\u00f3n fotogr\u00e1fica del Museu de Vilafam\u00e9s<\/strong><\/p>\n<p>El Aeropuerto de Castell\u00f3n, el Museu d\u2019Art Contemporani \u2018Vicente Aguilera Cerni\u2019 (Macvac) de Vilafam\u00e9s y el Festival Internacional de Fotograf\u00eda y Debate de Valencia (ValenciaPhoto) han organizado la octava exposici\u00f3n del proyecto \u2018Sala 30\u2019, que recoge una muestra de la colecci\u00f3n fotogr\u00e1fica del Macvac,<\/p>\n<p>El director general de Aerocas, Justo Vell\u00f3n, ha mostrado su satisfacci\u00f3n con la puesta en marcha de esta nueva exposici\u00f3n, \u201cque confirma el afianzamiento del proyecto cultural \u2018Sala 30\u2019\u201d. Justo Vell\u00f3n ha destacado que esta iniciativa cultural, nacida hace siete a\u00f1os, \u201caporta valor a\u00f1adido al aeropuerto, al ofrecer a los pasajeros la opci\u00f3n de disfrutar del arte nada m\u00e1s bajarse del avi\u00f3n o antes de coger el vuelo de regreso\u201d.<\/p>\n<p>La exposici\u00f3n, con el t\u00edtulo <em>ValenciaPhoto Urbi et Orbi, <\/em>est\u00e1 situada en la planta baja de la terminal de pasajeros del aeropuerto y ha sido comisariada por Nicol\u00e1s Llorens, en colaboraci\u00f3n con el Festival Internacional de Fotograf\u00eda y Debate de Valencia.<\/p>\n<p>En la inauguraci\u00f3n de la muestra han estado presentes, entre otros, el director general de Aerocas, Justo Vell\u00f3n, la alcaldesa de Vilafam\u00e9s, Ana Andrada, el gestor del Macvac, Joan Feliu, y el comisario de la exposici\u00f3n, Nicol\u00e1s Llorens.<\/p>\n<p>Con esta exposici\u00f3n, el Aeropuerto de Castell\u00f3n, el Macvac y ValenciaPhoto trabajan de forma conjunta en la promoci\u00f3n y gesti\u00f3n de sus respectivos proyectos institucionales, fomentando las visitas del p\u00fablico y promocionando la imagen cultural de la provincia<\/p>\n<p>El proyecto \u2018Sala 30\u2019 naci\u00f3 en 2017 de la mano del Macvac y del aeropuerto de Castell\u00f3n. A trav\u00e9s de esta iniciativa, se ha articulado una oferta cultural vinculada al aeropuerto, dot\u00e1ndolo de diferentes espacios art\u00edsticos que se renuevan peri\u00f3dicamente.<\/p>\n<p>&nbsp;<\/p>\n","protected":false},"excerpt":{"rendered":"<p>La exposici\u00f3n, situada en la planta baja de la terminal de pasajeros, recoge una muestra de la colecci\u00f3n fotogr\u00e1fica del Museu de Vilafam\u00e9s El Aeropuerto de Castell\u00f3n, el Museu d\u2019Art Contemporani \u2018Vicente Aguilera Cerni\u2019 (Macvac) de Vilafam\u00e9s y el Festival Internacional de Fotograf\u00eda y Debate de Valencia (ValenciaPhoto) han organizado la octava exposici\u00f3n del proyecto &#8230; <\/p>\n<p class=\"read-more-container\"><a title=\"El aeropuerto de Castell\u00f3n, el Macvac y ValenciaPhoto ponen en marcha la octava exposici\u00f3n del proyecto art\u00edstico \u2018Sala 30\u2019\" class=\"read-more button\" href=\"https:\/\/aeroportcastello.com\/es\/el-aeropuerto-de-castellon-el-macvac-y-valenciaphoto-ponen-en-marcha-la-octava-exposicion-del-proyecto-artistico-sala-30\/#more-9645\" aria-label=\"Leer m\u00e1s sobre El aeropuerto de Castell\u00f3n, el Macvac y ValenciaPhoto ponen en marcha la octava exposici\u00f3n del proyecto art\u00edstico \u2018Sala 30\u2019\">Leer m\u00e1s<\/a><\/p>\n","protected":false},"author":5,"featured_media":9648,"comment_status":"closed","ping_status":"closed","sticky":false,"template":"","format":"standard","meta":{"footnotes":""},"categories":[1],"tags":[],"yoast_head":"<!-- This site is optimized with the Yoast SEO plugin v22.0 - https:\/\/yoast.com\/wordpress\/plugins\/seo\/ -->\n<title>El aeropuerto de Castell\u00f3n, el Macvac y ValenciaPhoto ponen en marcha la octava exposici\u00f3n del proyecto art\u00edstico \u2018Sala 30\u2019 - Aeropuerto Castell\u00f3n<\/title>\n<meta name=\"robots\" content=\"index, follow, max-snippet:-1, max-image-preview:large, max-video-preview:-1\" \/>\n<link rel=\"canonical\" href=\"https:\/\/aeroportcastello.com\/es\/el-aeropuerto-de-castellon-el-macvac-y-valenciaphoto-ponen-en-marcha-la-octava-exposicion-del-proyecto-artistico-sala-30\/\" \/>\n<meta property=\"og:locale\" content=\"es_ES\" \/>\n<meta property=\"og:type\" content=\"article\" \/>\n<meta property=\"og:title\" content=\"El aeropuerto de Castell\u00f3n, el Macvac y ValenciaPhoto ponen en marcha la octava exposici\u00f3n del proyecto art\u00edstico \u2018Sala 30\u2019 - Aeropuerto Castell\u00f3n\" \/>\n<meta property=\"og:description\" content=\"La exposici\u00f3n, situada en la planta baja de la terminal de pasajeros, recoge una muestra de la colecci\u00f3n fotogr\u00e1fica del Museu de Vilafam\u00e9s El Aeropuerto de Castell\u00f3n, el Museu d\u2019Art Contemporani \u2018Vicente Aguilera Cerni\u2019 (Macvac) de Vilafam\u00e9s y el Festival Internacional de Fotograf\u00eda y Debate de Valencia (ValenciaPhoto) han organizado la octava exposici\u00f3n del proyecto ... Leer m\u00e1s\" \/>\n<meta property=\"og:url\" content=\"https:\/\/aeroportcastello.com\/es\/el-aeropuerto-de-castellon-el-macvac-y-valenciaphoto-ponen-en-marcha-la-octava-exposicion-del-proyecto-artistico-sala-30\/\" \/>\n<meta property=\"og:site_name\" content=\"Aeropuerto Castell\u00f3n\" \/>\n<meta property=\"article:published_time\" content=\"2024-06-21T11:33:48+00:00\" \/>\n<meta name=\"author\" content=\"JORDI\" \/>\n<meta name=\"twitter:card\" content=\"summary_large_image\" \/>\n<meta name=\"twitter:label1\" content=\"Escrito por\" \/>\n\t<meta name=\"twitter:data1\" content=\"JORDI\" \/>\n\t<meta name=\"twitter:label2\" content=\"Tiempo de lectura\" \/>\n\t<meta name=\"twitter:data2\" content=\"2 minutos\" \/>\n<script type=\"application\/ld+json\" class=\"yoast-schema-graph\">{\"@context\":\"https:\/\/schema.org\",\"@graph\":[{\"@type\":\"Article\",\"@id\":\"https:\/\/aeroportcastello.com\/es\/el-aeropuerto-de-castellon-el-macvac-y-valenciaphoto-ponen-en-marcha-la-octava-exposicion-del-proyecto-artistico-sala-30\/#article\",\"isPartOf\":{\"@id\":\"https:\/\/aeroportcastello.com\/es\/el-aeropuerto-de-castellon-el-macvac-y-valenciaphoto-ponen-en-marcha-la-octava-exposicion-del-proyecto-artistico-sala-30\/\"},\"author\":{\"name\":\"JORDI\",\"@id\":\"https:\/\/aeroportcastello.com\/es\/#\/schema\/person\/dbe9a5cd8c878b170b9626311b760bbd\"},\"headline\":\"El aeropuerto de Castell\u00f3n, el Macvac y ValenciaPhoto ponen en marcha la octava exposici\u00f3n del proyecto art\u00edstico \u2018Sala 30\u2019\",\"datePublished\":\"2024-06-21T11:33:48+00:00\",\"dateModified\":\"2024-06-21T11:33:48+00:00\",\"mainEntityOfPage\":{\"@id\":\"https:\/\/aeroportcastello.com\/es\/el-aeropuerto-de-castellon-el-macvac-y-valenciaphoto-ponen-en-marcha-la-octava-exposicion-del-proyecto-artistico-sala-30\/\"},\"wordCount\":352,\"publisher\":{\"@id\":\"https:\/\/aeroportcastello.com\/es\/#organization\"},\"articleSection\":[\"Noticias Aeropuerto\"],\"inLanguage\":\"es\"},{\"@type\":\"WebPage\",\"@id\":\"https:\/\/aeroportcastello.com\/es\/el-aeropuerto-de-castellon-el-macvac-y-valenciaphoto-ponen-en-marcha-la-octava-exposicion-del-proyecto-artistico-sala-30\/\",\"url\":\"https:\/\/aeroportcastello.com\/es\/el-aeropuerto-de-castellon-el-macvac-y-valenciaphoto-ponen-en-marcha-la-octava-exposicion-del-proyecto-artistico-sala-30\/\",\"name\":\"El aeropuerto de Castell\u00f3n, el Macvac y ValenciaPhoto ponen en marcha la octava exposici\u00f3n del proyecto art\u00edstico \u2018Sala 30\u2019 - Aeropuerto Castell\u00f3n\",\"isPartOf\":{\"@id\":\"https:\/\/aeroportcastello.com\/es\/#website\"},\"datePublished\":\"2024-06-21T11:33:48+00:00\",\"dateModified\":\"2024-06-21T11:33:48+00:00\",\"breadcrumb\":{\"@id\":\"https:\/\/aeroportcastello.com\/es\/el-aeropuerto-de-castellon-el-macvac-y-valenciaphoto-ponen-en-marcha-la-octava-exposicion-del-proyecto-artistico-sala-30\/#breadcrumb\"},\"inLanguage\":\"es\",\"potentialAction\":[{\"@type\":\"ReadAction\",\"target\":[\"https:\/\/aeroportcastello.com\/es\/el-aeropuerto-de-castellon-el-macvac-y-valenciaphoto-ponen-en-marcha-la-octava-exposicion-del-proyecto-artistico-sala-30\/\"]}]},{\"@type\":\"BreadcrumbList\",\"@id\":\"https:\/\/aeroportcastello.com\/es\/el-aeropuerto-de-castellon-el-macvac-y-valenciaphoto-ponen-en-marcha-la-octava-exposicion-del-proyecto-artistico-sala-30\/#breadcrumb\",\"itemListElement\":[{\"@type\":\"ListItem\",\"position\":1,\"name\":\"Pasajeros\",\"item\":\"https:\/\/aeroportcastello.com\/es\/\"},{\"@type\":\"ListItem\",\"position\":2,\"name\":\"El aeropuerto de Castell\u00f3n, el Macvac y ValenciaPhoto ponen en marcha la octava exposici\u00f3n del proyecto art\u00edstico \u2018Sala 30\u2019\"}]},{\"@type\":\"WebSite\",\"@id\":\"https:\/\/aeroportcastello.com\/es\/#website\",\"url\":\"https:\/\/aeroportcastello.com\/es\/\",\"name\":\"Aeropuerto Castell\u00f3n\",\"description\":\"Aeropuerto Castell\u00f3n\",\"publisher\":{\"@id\":\"https:\/\/aeroportcastello.com\/es\/#organization\"},\"potentialAction\":[{\"@type\":\"SearchAction\",\"target\":{\"@type\":\"EntryPoint\",\"urlTemplate\":\"https:\/\/aeroportcastello.com\/es\/?s={search_term_string}\"},\"query-input\":\"required name=search_term_string\"}],\"inLanguage\":\"es\"},{\"@type\":\"Organization\",\"@id\":\"https:\/\/aeroportcastello.com\/es\/#organization\",\"name\":\"Aeropuerto Castell\u00f3n\",\"url\":\"https:\/\/aeroportcastello.com\/es\/\",\"logo\":{\"@type\":\"ImageObject\",\"inLanguage\":\"es\",\"@id\":\"https:\/\/aeroportcastello.com\/es\/#\/schema\/logo\/image\/\",\"url\":\"https:\/\/aeroportcastello.com\/wp-content\/uploads\/2021\/05\/logo_aeroport_castello-1.svg\",\"contentUrl\":\"https:\/\/aeroportcastello.com\/wp-content\/uploads\/2021\/05\/logo_aeroport_castello-1.svg\",\"width\":482.8999999999999772626324556767940521240234375,\"height\":93.7000000000000028421709430404007434844970703125,\"caption\":\"Aeropuerto Castell\u00f3n\"},\"image\":{\"@id\":\"https:\/\/aeroportcastello.com\/es\/#\/schema\/logo\/image\/\"}},{\"@type\":\"Person\",\"@id\":\"https:\/\/aeroportcastello.com\/es\/#\/schema\/person\/dbe9a5cd8c878b170b9626311b760bbd\",\"name\":\"JORDI\",\"image\":{\"@type\":\"ImageObject\",\"inLanguage\":\"es\",\"@id\":\"https:\/\/aeroportcastello.com\/es\/#\/schema\/person\/image\/\",\"url\":\"https:\/\/secure.gravatar.com\/avatar\/3b270e37d3e82ec6b995a7d26cf97e61?s=96&d=mm&r=g\",\"contentUrl\":\"https:\/\/secure.gravatar.com\/avatar\/3b270e37d3e82ec6b995a7d26cf97e61?s=96&d=mm&r=g\",\"caption\":\"JORDI\"},\"url\":\"https:\/\/aeroportcastello.com\/es\/author\/jordi\/\"}]}<\/script>\n<!-- \/ Yoast SEO plugin. -->","yoast_head_json":{"title":"El aeropuerto de Castell\u00f3n, el Macvac y ValenciaPhoto ponen en marcha la octava exposici\u00f3n del proyecto art\u00edstico \u2018Sala 30\u2019 - Aeropuerto Castell\u00f3n","robots":{"index":"index","follow":"follow","max-snippet":"max-snippet:-1","max-image-preview":"max-image-preview:large","max-video-preview":"max-video-preview:-1"},"canonical":"https:\/\/aeroportcastello.com\/es\/el-aeropuerto-de-castellon-el-macvac-y-valenciaphoto-ponen-en-marcha-la-octava-exposicion-del-proyecto-artistico-sala-30\/","og_locale":"es_ES","og_type":"article","og_title":"El aeropuerto de Castell\u00f3n, el Macvac y ValenciaPhoto ponen en marcha la octava exposici\u00f3n del proyecto art\u00edstico \u2018Sala 30\u2019 - Aeropuerto Castell\u00f3n","og_description":"La exposici\u00f3n, situada en la planta baja de la terminal de pasajeros, recoge una muestra de la colecci\u00f3n fotogr\u00e1fica del Museu de Vilafam\u00e9s El Aeropuerto de Castell\u00f3n, el Museu d\u2019Art Contemporani \u2018Vicente Aguilera Cerni\u2019 (Macvac) de Vilafam\u00e9s y el Festival Internacional de Fotograf\u00eda y Debate de Valencia (ValenciaPhoto) han organizado la octava exposici\u00f3n del proyecto ... Leer m\u00e1s","og_url":"https:\/\/aeroportcastello.com\/es\/el-aeropuerto-de-castellon-el-macvac-y-valenciaphoto-ponen-en-marcha-la-octava-exposicion-del-proyecto-artistico-sala-30\/","og_site_name":"Aeropuerto Castell\u00f3n","article_published_time":"2024-06-21T11:33:48+00:00","author":"JORDI","twitter_card":"summary_large_image","twitter_misc":{"Escrito por":"JORDI","Tiempo de lectura":"2 minutos"},"schema":{"@context":"https:\/\/schema.org","@graph":[{"@type":"Article","@id":"https:\/\/aeroportcastello.com\/es\/el-aeropuerto-de-castellon-el-macvac-y-valenciaphoto-ponen-en-marcha-la-octava-exposicion-del-proyecto-artistico-sala-30\/#article","isPartOf":{"@id":"https:\/\/aeroportcastello.com\/es\/el-aeropuerto-de-castellon-el-macvac-y-valenciaphoto-ponen-en-marcha-la-octava-exposicion-del-proyecto-artistico-sala-30\/"},"author":{"name":"JORDI","@id":"https:\/\/aeroportcastello.com\/es\/#\/schema\/person\/dbe9a5cd8c878b170b9626311b760bbd"},"headline":"El aeropuerto de Castell\u00f3n, el Macvac y ValenciaPhoto ponen en marcha la octava exposici\u00f3n del proyecto art\u00edstico \u2018Sala 30\u2019","datePublished":"2024-06-21T11:33:48+00:00","dateModified":"2024-06-21T11:33:48+00:00","mainEntityOfPage":{"@id":"https:\/\/aeroportcastello.com\/es\/el-aeropuerto-de-castellon-el-macvac-y-valenciaphoto-ponen-en-marcha-la-octava-exposicion-del-proyecto-artistico-sala-30\/"},"wordCount":352,"publisher":{"@id":"https:\/\/aeroportcastello.com\/es\/#organization"},"articleSection":["Noticias Aeropuerto"],"inLanguage":"es"},{"@type":"WebPage","@id":"https:\/\/aeroportcastello.com\/es\/el-aeropuerto-de-castellon-el-macvac-y-valenciaphoto-ponen-en-marcha-la-octava-exposicion-del-proyecto-artistico-sala-30\/","url":"https:\/\/aeroportcastello.com\/es\/el-aeropuerto-de-castellon-el-macvac-y-valenciaphoto-ponen-en-marcha-la-octava-exposicion-del-proyecto-artistico-sala-30\/","name":"El aeropuerto de Castell\u00f3n, el Macvac y ValenciaPhoto ponen en marcha la octava exposici\u00f3n del proyecto art\u00edstico \u2018Sala 30\u2019 - Aeropuerto Castell\u00f3n","isPartOf":{"@id":"https:\/\/aeroportcastello.com\/es\/#website"},"datePublished":"2024-06-21T11:33:48+00:00","dateModified":"2024-06-21T11:33:48+00:00","breadcrumb":{"@id":"https:\/\/aeroportcastello.com\/es\/el-aeropuerto-de-castellon-el-macvac-y-valenciaphoto-ponen-en-marcha-la-octava-exposicion-del-proyecto-artistico-sala-30\/#breadcrumb"},"inLanguage":"es","potentialAction":[{"@type":"ReadAction","target":["https:\/\/aeroportcastello.com\/es\/el-aeropuerto-de-castellon-el-macvac-y-valenciaphoto-ponen-en-marcha-la-octava-exposicion-del-proyecto-artistico-sala-30\/"]}]},{"@type":"BreadcrumbList","@id":"https:\/\/aeroportcastello.com\/es\/el-aeropuerto-de-castellon-el-macvac-y-valenciaphoto-ponen-en-marcha-la-octava-exposicion-del-proyecto-artistico-sala-30\/#breadcrumb","itemListElement":[{"@type":"ListItem","position":1,"name":"Pasajeros","item":"https:\/\/aeroportcastello.com\/es\/"},{"@type":"ListItem","position":2,"name":"El aeropuerto de Castell\u00f3n, el Macvac y ValenciaPhoto ponen en marcha la octava exposici\u00f3n del proyecto art\u00edstico \u2018Sala 30\u2019"}]},{"@type":"WebSite","@id":"https:\/\/aeroportcastello.com\/es\/#website","url":"https:\/\/aeroportcastello.com\/es\/","name":"Aeropuerto Castell\u00f3n","description":"Aeropuerto Castell\u00f3n","publisher":{"@id":"https:\/\/aeroportcastello.com\/es\/#organization"},"potentialAction":[{"@type":"SearchAction","target":{"@type":"EntryPoint","urlTemplate":"https:\/\/aeroportcastello.com\/es\/?s={search_term_string}"},"query-input":"required name=search_term_string"}],"inLanguage":"es"},{"@type":"Organization","@id":"https:\/\/aeroportcastello.com\/es\/#organization","name":"Aeropuerto Castell\u00f3n","url":"https:\/\/aeroportcastello.com\/es\/","logo":{"@type":"ImageObject","inLanguage":"es","@id":"https:\/\/aeroportcastello.com\/es\/#\/schema\/logo\/image\/","url":"https:\/\/aeroportcastello.com\/wp-content\/uploads\/2021\/05\/logo_aeroport_castello-1.svg","contentUrl":"https:\/\/aeroportcastello.com\/wp-content\/uploads\/2021\/05\/logo_aeroport_castello-1.svg","width":482.8999999999999772626324556767940521240234375,"height":93.7000000000000028421709430404007434844970703125,"caption":"Aeropuerto Castell\u00f3n"},"image":{"@id":"https:\/\/aeroportcastello.com\/es\/#\/schema\/logo\/image\/"}},{"@type":"Person","@id":"https:\/\/aeroportcastello.com\/es\/#\/schema\/person\/dbe9a5cd8c878b170b9626311b760bbd","name":"JORDI","image":{"@type":"ImageObject","inLanguage":"es","@id":"https:\/\/aeroportcastello.com\/es\/#\/schema\/person\/image\/","url":"https:\/\/secure.gravatar.com\/avatar\/3b270e37d3e82ec6b995a7d26cf97e61?s=96&d=mm&r=g","contentUrl":"https:\/\/secure.gravatar.com\/avatar\/3b270e37d3e82ec6b995a7d26cf97e61?s=96&d=mm&r=g","caption":"JORDI"},"url":"https:\/\/aeroportcastello.com\/es\/author\/jordi\/"}]}},"_links":{"self":[{"href":"https:\/\/aeroportcastello.com\/es\/wp-json\/wp\/v2\/posts\/9645"}],"collection":[{"href":"https:\/\/aeroportcastello.com\/es\/wp-json\/wp\/v2\/posts"}],"about":[{"href":"https:\/\/aeroportcastello.com\/es\/wp-json\/wp\/v2\/types\/post"}],"author":[{"embeddable":true,"href":"https:\/\/aeroportcastello.com\/es\/wp-json\/wp\/v2\/users\/5"}],"replies":[{"embeddable":true,"href":"https:\/\/aeroportcastello.com\/es\/wp-json\/wp\/v2\/comments?post=9645"}],"version-history":[{"count":1,"href":"https:\/\/aeroportcastello.com\/es\/wp-json\/wp\/v2\/posts\/9645\/revisions"}],"predecessor-version":[{"id":9649,"href":"https:\/\/aeroportcastello.com\/es\/wp-json\/wp\/v2\/posts\/9645\/revisions\/9649"}],"wp:featuredmedia":[{"embeddable":true,"href":"https:\/\/aeroportcastello.com\/es\/wp-json\/wp\/v2\/media\/9648"}],"wp:attachment":[{"href":"https:\/\/aeroportcastello.com\/es\/wp-json\/wp\/v2\/media?parent=9645"}],"wp:term":[{"taxonomy":"category","embeddable":true,"href":"https:\/\/aeroportcastello.com\/es\/wp-json\/wp\/v2\/categories?post=9645"},{"taxonomy":"post_tag","embeddable":true,"href":"https:\/\/aeroportcastello.com\/es\/wp-json\/wp\/v2\/tags?post=9645"}],"curies":[{"name":"wp","href":"https:\/\/api.w.org\/{rel}","templated":true}]}}