{"id":9616,"date":"2024-06-16T13:22:11","date_gmt":"2024-06-16T11:22:11","guid":{"rendered":"https:\/\/aeroportcastello.com\/?p=9616"},"modified":"2024-06-16T13:22:11","modified_gmt":"2024-06-16T11:22:11","slug":"el-servicio-de-autobus-del-aeropuerto-de-castellon-conectara-tambien-con-valencia-en-julio-y-agosto-para-todos-los-vuelos-internacionales","status":"publish","type":"post","link":"https:\/\/aeroportcastello.com\/es\/el-servicio-de-autobus-del-aeropuerto-de-castellon-conectara-tambien-con-valencia-en-julio-y-agosto-para-todos-los-vuelos-internacionales\/","title":{"rendered":"El servicio de autob\u00fas del aeropuerto de Castell\u00f3n conectar\u00e1 tambi\u00e9n con Valencia en julio y agosto para todos los vuelos internacionales"},"content":{"rendered":"<p><strong>El bus que enlaza con Castell\u00f3n seguir\u00e1 hasta Valencia para las rutas de Londres, Roma, Berl\u00edn, Mil\u00e1n, Bruselas, Oporto, D\u00fcsseldorf y Bucarest<\/strong><\/p>\n<p style=\"text-align: justify; text-justify: inter-ideograph; background: white; margin: 0cm 0cm 18.0pt 0cm;\"><span style=\"color: #0c0c0c;\">El servicio de autob\u00fas del aeropuerto de Castell\u00f3n que conecta con la capital de la Plana enlazar\u00e1 tambi\u00e9n con la ciudad de Valencia en los meses de julio y agosto para atender la demanda de los pasajeros de todas las rutas internacionales.<\/span><\/p>\n<p style=\"text-align: justify; text-justify: inter-ideograph; background: white; margin: 0cm 0cm 18.0pt 0cm;\"><span style=\"color: #0c0c0c;\">La consellera <span style=\"background: white;\">de Medio Ambiente, Agua, Infraestructuras y Territorio, Salom\u00e9 Pradas,\u00a0ha manifestado su satisfacci\u00f3n con la extensi\u00f3n del bus hasta Valencia, \u201cya que constituye <\/span><\/span><span style=\"color: #545454;\">una mejora del servicio a los usuarios del aeropuerto y est\u00e1 alineada con el objetivo de ampliar el \u00e1rea de influencia de la infraestructura y, por tanto, el potencial de pasajeros\u201d.<\/span><\/p>\n<p style=\"text-align: justify; text-justify: inter-ideograph; background: white; margin: 0cm 0cm 18.0pt 0cm;\"><span style=\"color: #0c0c0c;\">El aeropuerto de Castell\u00f3n dispone de un servicio discrecional de autob\u00fas, con horario adaptado al de los vuelos, que conecta el aeropuerto con la estaci\u00f3n de autobuses de la ciudad de Castell\u00f3n. Dicho servicio, gestionado por la compa\u00f1\u00eda Autos Mediterr\u00e1neo, cubre todos los vuelos nacionales e internacionales (tanto los de ida como los de vuelta) de las diez rutas que opera en la actualidad la base castellonense.<\/span><\/p>\n<p style=\"text-align: justify; text-justify: inter-ideograph; background: white; margin: 0cm 0cm 18.0pt 0cm;\"><span style=\"color: #0c0c0c;\">La empresa de transporte va a ampliar su cobertura este verano y conectar\u00e1 en julio y agosto tambi\u00e9n con Valencia (la parada se sit\u00faa en la estaci\u00f3n de autobuses) para dar servicio a los pasajeros de las rutas de Londres, Roma, Berl\u00edn, Mil\u00e1n, Bruselas, Oporto, D\u00fcsseldorf y Bucarest. As\u00ed, los viajeros de estos vuelos podr\u00e1n acceder al aeropuerto desde la capital del Turia y lo mismo en sentido inverso.<\/span><\/p>\n<p style=\"text-align: justify; text-justify: inter-ideograph; background: white; margin: 0cm 0cm 18.0pt 0cm;\"><span style=\"color: #0c0c0c;\">De esta forma, el servicio de autob\u00fas discrecional enlazar\u00e1 con Castell\u00f3n para los vuelos de todas las rutas regulares y prolongar\u00e1 el trayecto hasta Valencia para los vuelos de las ocho conexiones internacionales.<\/span><\/p>\n<p style=\"text-align: justify; text-justify: inter-ideograph; background: white; margin: 0cm 0cm 18.0pt 0cm;\"><span style=\"color: #0c0c0c;\">En todos los casos, la venta de los billetes es\u00a0<em>online<\/em>\u00a0a trav\u00e9s de la web de la compa\u00f1\u00eda de autobuses, donde tambi\u00e9n se pueden consultar los horarios.<\/span><\/p>\n<p style=\"text-align: justify; text-justify: inter-ideograph; background: white; margin: 0cm 0cm 18.0pt 0cm;\"><span style=\"color: #0c0c0c;\">Adem\u00e1s de este servicio discrecional, el aeropuerto de Castell\u00f3n dispone de un autob\u00fas lanzadera que une con la estaci\u00f3n de tren de Torreblanca y permite conectar con los servicios de Renfe, facilitando el acceso a las poblaciones situadas en el eje Vinar\u00f2s-Castell\u00f3n-Valencia.<\/span><\/p>\n<p style=\"text-align: justify; text-justify: inter-ideograph; background: white; margin: 0cm 0cm 18.0pt 0cm;\"><span style=\"color: #0c0c0c;\">Por otra parte, el aeropuerto dispone de servicio de taxi y puntos de alquiler de coches<\/span><span style=\"font-size: 11.0pt; color: #0c0c0c;\">.<\/span><\/p>\n<p class=\"p1\" style=\"text-align: justify; text-justify: inter-ideograph;\"><span style=\"font-size: 12.0pt; font-family: 'Times New Roman',serif;\">\u00a0<\/span><\/p>\n","protected":false},"excerpt":{"rendered":"<p>El bus que enlaza con Castell\u00f3n seguir\u00e1 hasta Valencia para las rutas de Londres, Roma, Berl\u00edn, Mil\u00e1n, Bruselas, Oporto, D\u00fcsseldorf y Bucarest El servicio de autob\u00fas del aeropuerto de Castell\u00f3n que conecta con la capital de la Plana enlazar\u00e1 tambi\u00e9n con la ciudad de Valencia en los meses de julio y agosto para atender la &#8230; <\/p>\n<p class=\"read-more-container\"><a title=\"El servicio de autob\u00fas del aeropuerto de Castell\u00f3n conectar\u00e1 tambi\u00e9n con Valencia en julio y agosto para todos los vuelos internacionales\" class=\"read-more button\" href=\"https:\/\/aeroportcastello.com\/es\/el-servicio-de-autobus-del-aeropuerto-de-castellon-conectara-tambien-con-valencia-en-julio-y-agosto-para-todos-los-vuelos-internacionales\/#more-9616\" aria-label=\"Leer m\u00e1s sobre El servicio de autob\u00fas del aeropuerto de Castell\u00f3n conectar\u00e1 tambi\u00e9n con Valencia en julio y agosto para todos los vuelos internacionales\">Leer m\u00e1s<\/a><\/p>\n","protected":false},"author":5,"featured_media":9614,"comment_status":"closed","ping_status":"closed","sticky":false,"template":"","format":"standard","meta":{"footnotes":""},"categories":[1],"tags":[],"yoast_head":"<!-- This site is optimized with the Yoast SEO plugin v22.0 - https:\/\/yoast.com\/wordpress\/plugins\/seo\/ -->\n<title>El servicio de autob\u00fas del aeropuerto de Castell\u00f3n conectar\u00e1 tambi\u00e9n con Valencia en julio y agosto para todos los vuelos internacionales - Aeropuerto Castell\u00f3n<\/title>\n<meta name=\"robots\" content=\"index, follow, max-snippet:-1, max-image-preview:large, max-video-preview:-1\" \/>\n<link rel=\"canonical\" href=\"https:\/\/aeroportcastello.com\/es\/el-servicio-de-autobus-del-aeropuerto-de-castellon-conectara-tambien-con-valencia-en-julio-y-agosto-para-todos-los-vuelos-internacionales\/\" \/>\n<meta property=\"og:locale\" content=\"es_ES\" \/>\n<meta property=\"og:type\" content=\"article\" \/>\n<meta property=\"og:title\" content=\"El servicio de autob\u00fas del aeropuerto de Castell\u00f3n conectar\u00e1 tambi\u00e9n con Valencia en julio y agosto para todos los vuelos internacionales - Aeropuerto Castell\u00f3n\" \/>\n<meta property=\"og:description\" content=\"El bus que enlaza con Castell\u00f3n seguir\u00e1 hasta Valencia para las rutas de Londres, Roma, Berl\u00edn, Mil\u00e1n, Bruselas, Oporto, D\u00fcsseldorf y Bucarest El servicio de autob\u00fas del aeropuerto de Castell\u00f3n que conecta con la capital de la Plana enlazar\u00e1 tambi\u00e9n con la ciudad de Valencia en los meses de julio y agosto para atender la ... Leer m\u00e1s\" \/>\n<meta property=\"og:url\" content=\"https:\/\/aeroportcastello.com\/es\/el-servicio-de-autobus-del-aeropuerto-de-castellon-conectara-tambien-con-valencia-en-julio-y-agosto-para-todos-los-vuelos-internacionales\/\" \/>\n<meta property=\"og:site_name\" content=\"Aeropuerto Castell\u00f3n\" \/>\n<meta property=\"article:published_time\" content=\"2024-06-16T11:22:11+00:00\" \/>\n<meta property=\"og:image\" content=\"https:\/\/aeroportcastello.com\/wp-content\/uploads\/2024\/06\/foto.jpg\" \/>\n\t<meta property=\"og:image:width\" content=\"2016\" \/>\n\t<meta property=\"og:image:height\" content=\"1512\" \/>\n\t<meta property=\"og:image:type\" content=\"image\/jpeg\" \/>\n<meta name=\"author\" content=\"JORDI\" \/>\n<meta name=\"twitter:card\" content=\"summary_large_image\" \/>\n<meta name=\"twitter:label1\" content=\"Escrito por\" \/>\n\t<meta name=\"twitter:data1\" content=\"JORDI\" \/>\n\t<meta name=\"twitter:label2\" content=\"Tiempo de lectura\" \/>\n\t<meta name=\"twitter:data2\" content=\"3 minutos\" \/>\n<script type=\"application\/ld+json\" class=\"yoast-schema-graph\">{\"@context\":\"https:\/\/schema.org\",\"@graph\":[{\"@type\":\"Article\",\"@id\":\"https:\/\/aeroportcastello.com\/es\/el-servicio-de-autobus-del-aeropuerto-de-castellon-conectara-tambien-con-valencia-en-julio-y-agosto-para-todos-los-vuelos-internacionales\/#article\",\"isPartOf\":{\"@id\":\"https:\/\/aeroportcastello.com\/es\/el-servicio-de-autobus-del-aeropuerto-de-castellon-conectara-tambien-con-valencia-en-julio-y-agosto-para-todos-los-vuelos-internacionales\/\"},\"author\":{\"name\":\"JORDI\",\"@id\":\"https:\/\/aeroportcastello.com\/es\/#\/schema\/person\/dbe9a5cd8c878b170b9626311b760bbd\"},\"headline\":\"El servicio de autob\u00fas del aeropuerto de Castell\u00f3n conectar\u00e1 tambi\u00e9n con Valencia en julio y agosto para todos los vuelos internacionales\",\"datePublished\":\"2024-06-16T11:22:11+00:00\",\"dateModified\":\"2024-06-16T11:22:11+00:00\",\"mainEntityOfPage\":{\"@id\":\"https:\/\/aeroportcastello.com\/es\/el-servicio-de-autobus-del-aeropuerto-de-castellon-conectara-tambien-con-valencia-en-julio-y-agosto-para-todos-los-vuelos-internacionales\/\"},\"wordCount\":432,\"publisher\":{\"@id\":\"https:\/\/aeroportcastello.com\/es\/#organization\"},\"articleSection\":[\"Noticias Aeropuerto\"],\"inLanguage\":\"es\"},{\"@type\":\"WebPage\",\"@id\":\"https:\/\/aeroportcastello.com\/es\/el-servicio-de-autobus-del-aeropuerto-de-castellon-conectara-tambien-con-valencia-en-julio-y-agosto-para-todos-los-vuelos-internacionales\/\",\"url\":\"https:\/\/aeroportcastello.com\/es\/el-servicio-de-autobus-del-aeropuerto-de-castellon-conectara-tambien-con-valencia-en-julio-y-agosto-para-todos-los-vuelos-internacionales\/\",\"name\":\"El servicio de autob\u00fas del aeropuerto de Castell\u00f3n conectar\u00e1 tambi\u00e9n con Valencia en julio y agosto para todos los vuelos internacionales - Aeropuerto Castell\u00f3n\",\"isPartOf\":{\"@id\":\"https:\/\/aeroportcastello.com\/es\/#website\"},\"datePublished\":\"2024-06-16T11:22:11+00:00\",\"dateModified\":\"2024-06-16T11:22:11+00:00\",\"breadcrumb\":{\"@id\":\"https:\/\/aeroportcastello.com\/es\/el-servicio-de-autobus-del-aeropuerto-de-castellon-conectara-tambien-con-valencia-en-julio-y-agosto-para-todos-los-vuelos-internacionales\/#breadcrumb\"},\"inLanguage\":\"es\",\"potentialAction\":[{\"@type\":\"ReadAction\",\"target\":[\"https:\/\/aeroportcastello.com\/es\/el-servicio-de-autobus-del-aeropuerto-de-castellon-conectara-tambien-con-valencia-en-julio-y-agosto-para-todos-los-vuelos-internacionales\/\"]}]},{\"@type\":\"BreadcrumbList\",\"@id\":\"https:\/\/aeroportcastello.com\/es\/el-servicio-de-autobus-del-aeropuerto-de-castellon-conectara-tambien-con-valencia-en-julio-y-agosto-para-todos-los-vuelos-internacionales\/#breadcrumb\",\"itemListElement\":[{\"@type\":\"ListItem\",\"position\":1,\"name\":\"Pasajeros\",\"item\":\"https:\/\/aeroportcastello.com\/es\/\"},{\"@type\":\"ListItem\",\"position\":2,\"name\":\"El servicio de autob\u00fas del aeropuerto de Castell\u00f3n conectar\u00e1 tambi\u00e9n con Valencia en julio y agosto para todos los vuelos internacionales\"}]},{\"@type\":\"WebSite\",\"@id\":\"https:\/\/aeroportcastello.com\/es\/#website\",\"url\":\"https:\/\/aeroportcastello.com\/es\/\",\"name\":\"Aeropuerto Castell\u00f3n\",\"description\":\"Aeropuerto Castell\u00f3n\",\"publisher\":{\"@id\":\"https:\/\/aeroportcastello.com\/es\/#organization\"},\"potentialAction\":[{\"@type\":\"SearchAction\",\"target\":{\"@type\":\"EntryPoint\",\"urlTemplate\":\"https:\/\/aeroportcastello.com\/es\/?s={search_term_string}\"},\"query-input\":\"required name=search_term_string\"}],\"inLanguage\":\"es\"},{\"@type\":\"Organization\",\"@id\":\"https:\/\/aeroportcastello.com\/es\/#organization\",\"name\":\"Aeropuerto Castell\u00f3n\",\"url\":\"https:\/\/aeroportcastello.com\/es\/\",\"logo\":{\"@type\":\"ImageObject\",\"inLanguage\":\"es\",\"@id\":\"https:\/\/aeroportcastello.com\/es\/#\/schema\/logo\/image\/\",\"url\":\"https:\/\/aeroportcastello.com\/wp-content\/uploads\/2021\/05\/logo_aeroport_castello-1.svg\",\"contentUrl\":\"https:\/\/aeroportcastello.com\/wp-content\/uploads\/2021\/05\/logo_aeroport_castello-1.svg\",\"width\":482.8999999999999772626324556767940521240234375,\"height\":93.7000000000000028421709430404007434844970703125,\"caption\":\"Aeropuerto Castell\u00f3n\"},\"image\":{\"@id\":\"https:\/\/aeroportcastello.com\/es\/#\/schema\/logo\/image\/\"}},{\"@type\":\"Person\",\"@id\":\"https:\/\/aeroportcastello.com\/es\/#\/schema\/person\/dbe9a5cd8c878b170b9626311b760bbd\",\"name\":\"JORDI\",\"image\":{\"@type\":\"ImageObject\",\"inLanguage\":\"es\",\"@id\":\"https:\/\/aeroportcastello.com\/es\/#\/schema\/person\/image\/\",\"url\":\"https:\/\/secure.gravatar.com\/avatar\/3b270e37d3e82ec6b995a7d26cf97e61?s=96&d=mm&r=g\",\"contentUrl\":\"https:\/\/secure.gravatar.com\/avatar\/3b270e37d3e82ec6b995a7d26cf97e61?s=96&d=mm&r=g\",\"caption\":\"JORDI\"},\"url\":\"https:\/\/aeroportcastello.com\/es\/author\/jordi\/\"}]}<\/script>\n<!-- \/ Yoast SEO plugin. -->","yoast_head_json":{"title":"El servicio de autob\u00fas del aeropuerto de Castell\u00f3n conectar\u00e1 tambi\u00e9n con Valencia en julio y agosto para todos los vuelos internacionales - Aeropuerto Castell\u00f3n","robots":{"index":"index","follow":"follow","max-snippet":"max-snippet:-1","max-image-preview":"max-image-preview:large","max-video-preview":"max-video-preview:-1"},"canonical":"https:\/\/aeroportcastello.com\/es\/el-servicio-de-autobus-del-aeropuerto-de-castellon-conectara-tambien-con-valencia-en-julio-y-agosto-para-todos-los-vuelos-internacionales\/","og_locale":"es_ES","og_type":"article","og_title":"El servicio de autob\u00fas del aeropuerto de Castell\u00f3n conectar\u00e1 tambi\u00e9n con Valencia en julio y agosto para todos los vuelos internacionales - Aeropuerto Castell\u00f3n","og_description":"El bus que enlaza con Castell\u00f3n seguir\u00e1 hasta Valencia para las rutas de Londres, Roma, Berl\u00edn, Mil\u00e1n, Bruselas, Oporto, D\u00fcsseldorf y Bucarest El servicio de autob\u00fas del aeropuerto de Castell\u00f3n que conecta con la capital de la Plana enlazar\u00e1 tambi\u00e9n con la ciudad de Valencia en los meses de julio y agosto para atender la ... Leer m\u00e1s","og_url":"https:\/\/aeroportcastello.com\/es\/el-servicio-de-autobus-del-aeropuerto-de-castellon-conectara-tambien-con-valencia-en-julio-y-agosto-para-todos-los-vuelos-internacionales\/","og_site_name":"Aeropuerto Castell\u00f3n","article_published_time":"2024-06-16T11:22:11+00:00","og_image":[{"width":2016,"height":1512,"url":"https:\/\/aeroportcastello.com\/wp-content\/uploads\/2024\/06\/foto.jpg","type":"image\/jpeg"}],"author":"JORDI","twitter_card":"summary_large_image","twitter_misc":{"Escrito por":"JORDI","Tiempo de lectura":"3 minutos"},"schema":{"@context":"https:\/\/schema.org","@graph":[{"@type":"Article","@id":"https:\/\/aeroportcastello.com\/es\/el-servicio-de-autobus-del-aeropuerto-de-castellon-conectara-tambien-con-valencia-en-julio-y-agosto-para-todos-los-vuelos-internacionales\/#article","isPartOf":{"@id":"https:\/\/aeroportcastello.com\/es\/el-servicio-de-autobus-del-aeropuerto-de-castellon-conectara-tambien-con-valencia-en-julio-y-agosto-para-todos-los-vuelos-internacionales\/"},"author":{"name":"JORDI","@id":"https:\/\/aeroportcastello.com\/es\/#\/schema\/person\/dbe9a5cd8c878b170b9626311b760bbd"},"headline":"El servicio de autob\u00fas del aeropuerto de Castell\u00f3n conectar\u00e1 tambi\u00e9n con Valencia en julio y agosto para todos los vuelos internacionales","datePublished":"2024-06-16T11:22:11+00:00","dateModified":"2024-06-16T11:22:11+00:00","mainEntityOfPage":{"@id":"https:\/\/aeroportcastello.com\/es\/el-servicio-de-autobus-del-aeropuerto-de-castellon-conectara-tambien-con-valencia-en-julio-y-agosto-para-todos-los-vuelos-internacionales\/"},"wordCount":432,"publisher":{"@id":"https:\/\/aeroportcastello.com\/es\/#organization"},"articleSection":["Noticias Aeropuerto"],"inLanguage":"es"},{"@type":"WebPage","@id":"https:\/\/aeroportcastello.com\/es\/el-servicio-de-autobus-del-aeropuerto-de-castellon-conectara-tambien-con-valencia-en-julio-y-agosto-para-todos-los-vuelos-internacionales\/","url":"https:\/\/aeroportcastello.com\/es\/el-servicio-de-autobus-del-aeropuerto-de-castellon-conectara-tambien-con-valencia-en-julio-y-agosto-para-todos-los-vuelos-internacionales\/","name":"El servicio de autob\u00fas del aeropuerto de Castell\u00f3n conectar\u00e1 tambi\u00e9n con Valencia en julio y agosto para todos los vuelos internacionales - Aeropuerto Castell\u00f3n","isPartOf":{"@id":"https:\/\/aeroportcastello.com\/es\/#website"},"datePublished":"2024-06-16T11:22:11+00:00","dateModified":"2024-06-16T11:22:11+00:00","breadcrumb":{"@id":"https:\/\/aeroportcastello.com\/es\/el-servicio-de-autobus-del-aeropuerto-de-castellon-conectara-tambien-con-valencia-en-julio-y-agosto-para-todos-los-vuelos-internacionales\/#breadcrumb"},"inLanguage":"es","potentialAction":[{"@type":"ReadAction","target":["https:\/\/aeroportcastello.com\/es\/el-servicio-de-autobus-del-aeropuerto-de-castellon-conectara-tambien-con-valencia-en-julio-y-agosto-para-todos-los-vuelos-internacionales\/"]}]},{"@type":"BreadcrumbList","@id":"https:\/\/aeroportcastello.com\/es\/el-servicio-de-autobus-del-aeropuerto-de-castellon-conectara-tambien-con-valencia-en-julio-y-agosto-para-todos-los-vuelos-internacionales\/#breadcrumb","itemListElement":[{"@type":"ListItem","position":1,"name":"Pasajeros","item":"https:\/\/aeroportcastello.com\/es\/"},{"@type":"ListItem","position":2,"name":"El servicio de autob\u00fas del aeropuerto de Castell\u00f3n conectar\u00e1 tambi\u00e9n con Valencia en julio y agosto para todos los vuelos internacionales"}]},{"@type":"WebSite","@id":"https:\/\/aeroportcastello.com\/es\/#website","url":"https:\/\/aeroportcastello.com\/es\/","name":"Aeropuerto Castell\u00f3n","description":"Aeropuerto Castell\u00f3n","publisher":{"@id":"https:\/\/aeroportcastello.com\/es\/#organization"},"potentialAction":[{"@type":"SearchAction","target":{"@type":"EntryPoint","urlTemplate":"https:\/\/aeroportcastello.com\/es\/?s={search_term_string}"},"query-input":"required name=search_term_string"}],"inLanguage":"es"},{"@type":"Organization","@id":"https:\/\/aeroportcastello.com\/es\/#organization","name":"Aeropuerto Castell\u00f3n","url":"https:\/\/aeroportcastello.com\/es\/","logo":{"@type":"ImageObject","inLanguage":"es","@id":"https:\/\/aeroportcastello.com\/es\/#\/schema\/logo\/image\/","url":"https:\/\/aeroportcastello.com\/wp-content\/uploads\/2021\/05\/logo_aeroport_castello-1.svg","contentUrl":"https:\/\/aeroportcastello.com\/wp-content\/uploads\/2021\/05\/logo_aeroport_castello-1.svg","width":482.8999999999999772626324556767940521240234375,"height":93.7000000000000028421709430404007434844970703125,"caption":"Aeropuerto Castell\u00f3n"},"image":{"@id":"https:\/\/aeroportcastello.com\/es\/#\/schema\/logo\/image\/"}},{"@type":"Person","@id":"https:\/\/aeroportcastello.com\/es\/#\/schema\/person\/dbe9a5cd8c878b170b9626311b760bbd","name":"JORDI","image":{"@type":"ImageObject","inLanguage":"es","@id":"https:\/\/aeroportcastello.com\/es\/#\/schema\/person\/image\/","url":"https:\/\/secure.gravatar.com\/avatar\/3b270e37d3e82ec6b995a7d26cf97e61?s=96&d=mm&r=g","contentUrl":"https:\/\/secure.gravatar.com\/avatar\/3b270e37d3e82ec6b995a7d26cf97e61?s=96&d=mm&r=g","caption":"JORDI"},"url":"https:\/\/aeroportcastello.com\/es\/author\/jordi\/"}]}},"_links":{"self":[{"href":"https:\/\/aeroportcastello.com\/es\/wp-json\/wp\/v2\/posts\/9616"}],"collection":[{"href":"https:\/\/aeroportcastello.com\/es\/wp-json\/wp\/v2\/posts"}],"about":[{"href":"https:\/\/aeroportcastello.com\/es\/wp-json\/wp\/v2\/types\/post"}],"author":[{"embeddable":true,"href":"https:\/\/aeroportcastello.com\/es\/wp-json\/wp\/v2\/users\/5"}],"replies":[{"embeddable":true,"href":"https:\/\/aeroportcastello.com\/es\/wp-json\/wp\/v2\/comments?post=9616"}],"version-history":[{"count":1,"href":"https:\/\/aeroportcastello.com\/es\/wp-json\/wp\/v2\/posts\/9616\/revisions"}],"predecessor-version":[{"id":9617,"href":"https:\/\/aeroportcastello.com\/es\/wp-json\/wp\/v2\/posts\/9616\/revisions\/9617"}],"wp:featuredmedia":[{"embeddable":true,"href":"https:\/\/aeroportcastello.com\/es\/wp-json\/wp\/v2\/media\/9614"}],"wp:attachment":[{"href":"https:\/\/aeroportcastello.com\/es\/wp-json\/wp\/v2\/media?parent=9616"}],"wp:term":[{"taxonomy":"category","embeddable":true,"href":"https:\/\/aeroportcastello.com\/es\/wp-json\/wp\/v2\/categories?post=9616"},{"taxonomy":"post_tag","embeddable":true,"href":"https:\/\/aeroportcastello.com\/es\/wp-json\/wp\/v2\/tags?post=9616"}],"curies":[{"name":"wp","href":"https:\/\/api.w.org\/{rel}","templated":true}]}}