{"id":9576,"date":"2024-05-28T12:14:55","date_gmt":"2024-05-28T10:14:55","guid":{"rendered":"https:\/\/aeroportcastello.com\/?p=9576"},"modified":"2024-05-28T12:16:24","modified_gmt":"2024-05-28T10:16:24","slug":"el-aeropuerto-de-castellon-refuerza-su-oferta-de-vuelos-con-la-puesta-en-marcha-de-las-rutas-de-bilbao-y-oporto","status":"publish","type":"post","link":"https:\/\/aeroportcastello.com\/es\/el-aeropuerto-de-castellon-refuerza-su-oferta-de-vuelos-con-la-puesta-en-marcha-de-las-rutas-de-bilbao-y-oporto\/","title":{"rendered":"El aeropuerto de Castell\u00f3n refuerza su oferta de vuelos con la puesta en marcha de las rutas de Bilbao y Oporto"},"content":{"rendered":"<p><strong>Ambas conexiones se activan el s\u00e1bado 1 de junio y estar\u00e1n operativas durante la campa\u00f1a de verano, con dos frecuencias semanales cada una<\/strong><\/p>\n<p>El aeropuerto de Castell\u00f3n incrementa a partir de esta semana su oferta de vuelos con la puesta en marcha de las rutas de Bilbao y Oporto. Ambas conexiones arrancan el pr\u00f3ximo s\u00e1bado 1 de junio con dos frecuencias semanales.<\/p>\n<p>La consellera de Medio Ambiente, Agua, Infraestructuras y Territorio, Salom\u00e9 Pradas, ha manifestado que la activaci\u00f3n de estas rutas refuerza la conectividad a\u00e9rea de Castell\u00f3n y \u201cfavorece la llegada a la provincia de turistas desde el Pa\u00eds Vasco y Portugal\u201d.<\/p>\n<p>La consellera ha destacado que la incorporaci\u00f3n de las dos conexiones eleva a diez el n\u00famero de rutas operativas en la presente campa\u00f1a estival, a las que se sumar\u00e1 una und\u00e9cima a partir de diciembre con el estreno de la nueva de Asturias<\/p>\n<p>La ruta de Bilbao, operada por la aerol\u00ednea Volotea, regresa al aeropuerto de Castell\u00f3n despu\u00e9s de un par\u00e9ntesis de un a\u00f1o. Esta conexi\u00f3n, de car\u00e1cter estival, dispone de vuelos en mi\u00e9rcoles y s\u00e1bado y estar\u00e1 vigente durante 20 semanas, hasta el 16 de octubre, ofertando un total de 80 vuelos. <\/p>\n<p>Por otra parte, el aeropuerto vuelve a operar, por segundo a\u00f1o consecutivo, la ruta de Oporto, gestionada por Ryanair. Los vuelos est\u00e1n programados en martes y s\u00e1bado hasta el 28 de septiembre.  <\/p>\n<p><strong>Un vuelo m\u00e1s a Bucarest<\/strong><br \/>\nAs\u00ed mismo, la aerol\u00ednea Wizz Air refuerza a partir de esta semana la ruta de Bucarest con la incorporaci\u00f3n de un cuarto vuelo semanal los domingos, que se suma a los actuales en martes, jueves y s\u00e1bado. <\/p>\n","protected":false},"excerpt":{"rendered":"<p>Ambas conexiones se activan el s\u00e1bado 1 de junio y estar\u00e1n operativas durante la campa\u00f1a de verano, con dos frecuencias semanales cada una El aeropuerto de Castell\u00f3n incrementa a partir de esta semana su oferta de vuelos con la puesta en marcha de las rutas de Bilbao y Oporto. Ambas conexiones arrancan el pr\u00f3ximo s\u00e1bado &#8230; <\/p>\n<p class=\"read-more-container\"><a title=\"El aeropuerto de Castell\u00f3n refuerza su oferta de vuelos con la puesta en marcha de las rutas de Bilbao y Oporto\" class=\"read-more button\" href=\"https:\/\/aeroportcastello.com\/es\/el-aeropuerto-de-castellon-refuerza-su-oferta-de-vuelos-con-la-puesta-en-marcha-de-las-rutas-de-bilbao-y-oporto\/#more-9576\" aria-label=\"Leer m\u00e1s sobre El aeropuerto de Castell\u00f3n refuerza su oferta de vuelos con la puesta en marcha de las rutas de Bilbao y Oporto\">Leer m\u00e1s<\/a><\/p>\n","protected":false},"author":5,"featured_media":9575,"comment_status":"closed","ping_status":"closed","sticky":false,"template":"","format":"standard","meta":{"footnotes":""},"categories":[1],"tags":[],"yoast_head":"<!-- This site is optimized with the Yoast SEO plugin v22.0 - https:\/\/yoast.com\/wordpress\/plugins\/seo\/ -->\n<title>El aeropuerto de Castell\u00f3n refuerza su oferta de vuelos con la puesta en marcha de las rutas de Bilbao y Oporto - Aeropuerto Castell\u00f3n<\/title>\n<meta name=\"robots\" content=\"index, follow, max-snippet:-1, max-image-preview:large, max-video-preview:-1\" \/>\n<link rel=\"canonical\" href=\"https:\/\/aeroportcastello.com\/es\/el-aeropuerto-de-castellon-refuerza-su-oferta-de-vuelos-con-la-puesta-en-marcha-de-las-rutas-de-bilbao-y-oporto\/\" \/>\n<meta property=\"og:locale\" content=\"es_ES\" \/>\n<meta property=\"og:type\" content=\"article\" \/>\n<meta property=\"og:title\" content=\"El aeropuerto de Castell\u00f3n refuerza su oferta de vuelos con la puesta en marcha de las rutas de Bilbao y Oporto - Aeropuerto Castell\u00f3n\" \/>\n<meta property=\"og:description\" content=\"Ambas conexiones se activan el s\u00e1bado 1 de junio y estar\u00e1n operativas durante la campa\u00f1a de verano, con dos frecuencias semanales cada una El aeropuerto de Castell\u00f3n incrementa a partir de esta semana su oferta de vuelos con la puesta en marcha de las rutas de Bilbao y Oporto. Ambas conexiones arrancan el pr\u00f3ximo s\u00e1bado ... Leer m\u00e1s\" \/>\n<meta property=\"og:url\" content=\"https:\/\/aeroportcastello.com\/es\/el-aeropuerto-de-castellon-refuerza-su-oferta-de-vuelos-con-la-puesta-en-marcha-de-las-rutas-de-bilbao-y-oporto\/\" \/>\n<meta property=\"og:site_name\" content=\"Aeropuerto Castell\u00f3n\" \/>\n<meta property=\"article:published_time\" content=\"2024-05-28T10:14:55+00:00\" \/>\n<meta property=\"article:modified_time\" content=\"2024-05-28T10:16:24+00:00\" \/>\n<meta property=\"og:image\" content=\"https:\/\/aeroportcastello.com\/wp-content\/uploads\/2024\/05\/DSC09913-scaled.jpg\" \/>\n\t<meta property=\"og:image:width\" content=\"2560\" \/>\n\t<meta property=\"og:image:height\" content=\"1708\" \/>\n\t<meta property=\"og:image:type\" content=\"image\/jpeg\" \/>\n<meta name=\"author\" content=\"JORDI\" \/>\n<meta name=\"twitter:card\" content=\"summary_large_image\" \/>\n<meta name=\"twitter:label1\" content=\"Escrito por\" \/>\n\t<meta name=\"twitter:data1\" content=\"JORDI\" \/>\n\t<meta name=\"twitter:label2\" content=\"Tiempo de lectura\" \/>\n\t<meta name=\"twitter:data2\" content=\"2 minutos\" \/>\n<script type=\"application\/ld+json\" class=\"yoast-schema-graph\">{\"@context\":\"https:\/\/schema.org\",\"@graph\":[{\"@type\":\"Article\",\"@id\":\"https:\/\/aeroportcastello.com\/es\/el-aeropuerto-de-castellon-refuerza-su-oferta-de-vuelos-con-la-puesta-en-marcha-de-las-rutas-de-bilbao-y-oporto\/#article\",\"isPartOf\":{\"@id\":\"https:\/\/aeroportcastello.com\/es\/el-aeropuerto-de-castellon-refuerza-su-oferta-de-vuelos-con-la-puesta-en-marcha-de-las-rutas-de-bilbao-y-oporto\/\"},\"author\":{\"name\":\"JORDI\",\"@id\":\"https:\/\/aeroportcastello.com\/es\/#\/schema\/person\/dbe9a5cd8c878b170b9626311b760bbd\"},\"headline\":\"El aeropuerto de Castell\u00f3n refuerza su oferta de vuelos con la puesta en marcha de las rutas de Bilbao y Oporto\",\"datePublished\":\"2024-05-28T10:14:55+00:00\",\"dateModified\":\"2024-05-28T10:16:24+00:00\",\"mainEntityOfPage\":{\"@id\":\"https:\/\/aeroportcastello.com\/es\/el-aeropuerto-de-castellon-refuerza-su-oferta-de-vuelos-con-la-puesta-en-marcha-de-las-rutas-de-bilbao-y-oporto\/\"},\"wordCount\":315,\"publisher\":{\"@id\":\"https:\/\/aeroportcastello.com\/es\/#organization\"},\"articleSection\":[\"Noticias Aeropuerto\"],\"inLanguage\":\"es\"},{\"@type\":\"WebPage\",\"@id\":\"https:\/\/aeroportcastello.com\/es\/el-aeropuerto-de-castellon-refuerza-su-oferta-de-vuelos-con-la-puesta-en-marcha-de-las-rutas-de-bilbao-y-oporto\/\",\"url\":\"https:\/\/aeroportcastello.com\/es\/el-aeropuerto-de-castellon-refuerza-su-oferta-de-vuelos-con-la-puesta-en-marcha-de-las-rutas-de-bilbao-y-oporto\/\",\"name\":\"El aeropuerto de Castell\u00f3n refuerza su oferta de vuelos con la puesta en marcha de las rutas de Bilbao y Oporto - Aeropuerto Castell\u00f3n\",\"isPartOf\":{\"@id\":\"https:\/\/aeroportcastello.com\/es\/#website\"},\"datePublished\":\"2024-05-28T10:14:55+00:00\",\"dateModified\":\"2024-05-28T10:16:24+00:00\",\"breadcrumb\":{\"@id\":\"https:\/\/aeroportcastello.com\/es\/el-aeropuerto-de-castellon-refuerza-su-oferta-de-vuelos-con-la-puesta-en-marcha-de-las-rutas-de-bilbao-y-oporto\/#breadcrumb\"},\"inLanguage\":\"es\",\"potentialAction\":[{\"@type\":\"ReadAction\",\"target\":[\"https:\/\/aeroportcastello.com\/es\/el-aeropuerto-de-castellon-refuerza-su-oferta-de-vuelos-con-la-puesta-en-marcha-de-las-rutas-de-bilbao-y-oporto\/\"]}]},{\"@type\":\"BreadcrumbList\",\"@id\":\"https:\/\/aeroportcastello.com\/es\/el-aeropuerto-de-castellon-refuerza-su-oferta-de-vuelos-con-la-puesta-en-marcha-de-las-rutas-de-bilbao-y-oporto\/#breadcrumb\",\"itemListElement\":[{\"@type\":\"ListItem\",\"position\":1,\"name\":\"Pasajeros\",\"item\":\"https:\/\/aeroportcastello.com\/es\/\"},{\"@type\":\"ListItem\",\"position\":2,\"name\":\"El aeropuerto de Castell\u00f3n refuerza su oferta de vuelos con la puesta en marcha de las rutas de Bilbao y Oporto\"}]},{\"@type\":\"WebSite\",\"@id\":\"https:\/\/aeroportcastello.com\/es\/#website\",\"url\":\"https:\/\/aeroportcastello.com\/es\/\",\"name\":\"Aeropuerto Castell\u00f3n\",\"description\":\"Aeropuerto Castell\u00f3n\",\"publisher\":{\"@id\":\"https:\/\/aeroportcastello.com\/es\/#organization\"},\"potentialAction\":[{\"@type\":\"SearchAction\",\"target\":{\"@type\":\"EntryPoint\",\"urlTemplate\":\"https:\/\/aeroportcastello.com\/es\/?s={search_term_string}\"},\"query-input\":\"required name=search_term_string\"}],\"inLanguage\":\"es\"},{\"@type\":\"Organization\",\"@id\":\"https:\/\/aeroportcastello.com\/es\/#organization\",\"name\":\"Aeropuerto Castell\u00f3n\",\"url\":\"https:\/\/aeroportcastello.com\/es\/\",\"logo\":{\"@type\":\"ImageObject\",\"inLanguage\":\"es\",\"@id\":\"https:\/\/aeroportcastello.com\/es\/#\/schema\/logo\/image\/\",\"url\":\"https:\/\/aeroportcastello.com\/wp-content\/uploads\/2021\/05\/logo_aeroport_castello-1.svg\",\"contentUrl\":\"https:\/\/aeroportcastello.com\/wp-content\/uploads\/2021\/05\/logo_aeroport_castello-1.svg\",\"width\":482.8999999999999772626324556767940521240234375,\"height\":93.7000000000000028421709430404007434844970703125,\"caption\":\"Aeropuerto Castell\u00f3n\"},\"image\":{\"@id\":\"https:\/\/aeroportcastello.com\/es\/#\/schema\/logo\/image\/\"}},{\"@type\":\"Person\",\"@id\":\"https:\/\/aeroportcastello.com\/es\/#\/schema\/person\/dbe9a5cd8c878b170b9626311b760bbd\",\"name\":\"JORDI\",\"image\":{\"@type\":\"ImageObject\",\"inLanguage\":\"es\",\"@id\":\"https:\/\/aeroportcastello.com\/es\/#\/schema\/person\/image\/\",\"url\":\"https:\/\/secure.gravatar.com\/avatar\/3b270e37d3e82ec6b995a7d26cf97e61?s=96&d=mm&r=g\",\"contentUrl\":\"https:\/\/secure.gravatar.com\/avatar\/3b270e37d3e82ec6b995a7d26cf97e61?s=96&d=mm&r=g\",\"caption\":\"JORDI\"},\"url\":\"https:\/\/aeroportcastello.com\/es\/author\/jordi\/\"}]}<\/script>\n<!-- \/ Yoast SEO plugin. -->","yoast_head_json":{"title":"El aeropuerto de Castell\u00f3n refuerza su oferta de vuelos con la puesta en marcha de las rutas de Bilbao y Oporto - Aeropuerto Castell\u00f3n","robots":{"index":"index","follow":"follow","max-snippet":"max-snippet:-1","max-image-preview":"max-image-preview:large","max-video-preview":"max-video-preview:-1"},"canonical":"https:\/\/aeroportcastello.com\/es\/el-aeropuerto-de-castellon-refuerza-su-oferta-de-vuelos-con-la-puesta-en-marcha-de-las-rutas-de-bilbao-y-oporto\/","og_locale":"es_ES","og_type":"article","og_title":"El aeropuerto de Castell\u00f3n refuerza su oferta de vuelos con la puesta en marcha de las rutas de Bilbao y Oporto - Aeropuerto Castell\u00f3n","og_description":"Ambas conexiones se activan el s\u00e1bado 1 de junio y estar\u00e1n operativas durante la campa\u00f1a de verano, con dos frecuencias semanales cada una El aeropuerto de Castell\u00f3n incrementa a partir de esta semana su oferta de vuelos con la puesta en marcha de las rutas de Bilbao y Oporto. Ambas conexiones arrancan el pr\u00f3ximo s\u00e1bado ... Leer m\u00e1s","og_url":"https:\/\/aeroportcastello.com\/es\/el-aeropuerto-de-castellon-refuerza-su-oferta-de-vuelos-con-la-puesta-en-marcha-de-las-rutas-de-bilbao-y-oporto\/","og_site_name":"Aeropuerto Castell\u00f3n","article_published_time":"2024-05-28T10:14:55+00:00","article_modified_time":"2024-05-28T10:16:24+00:00","og_image":[{"width":2560,"height":1708,"url":"https:\/\/aeroportcastello.com\/wp-content\/uploads\/2024\/05\/DSC09913-scaled.jpg","type":"image\/jpeg"}],"author":"JORDI","twitter_card":"summary_large_image","twitter_misc":{"Escrito por":"JORDI","Tiempo de lectura":"2 minutos"},"schema":{"@context":"https:\/\/schema.org","@graph":[{"@type":"Article","@id":"https:\/\/aeroportcastello.com\/es\/el-aeropuerto-de-castellon-refuerza-su-oferta-de-vuelos-con-la-puesta-en-marcha-de-las-rutas-de-bilbao-y-oporto\/#article","isPartOf":{"@id":"https:\/\/aeroportcastello.com\/es\/el-aeropuerto-de-castellon-refuerza-su-oferta-de-vuelos-con-la-puesta-en-marcha-de-las-rutas-de-bilbao-y-oporto\/"},"author":{"name":"JORDI","@id":"https:\/\/aeroportcastello.com\/es\/#\/schema\/person\/dbe9a5cd8c878b170b9626311b760bbd"},"headline":"El aeropuerto de Castell\u00f3n refuerza su oferta de vuelos con la puesta en marcha de las rutas de Bilbao y Oporto","datePublished":"2024-05-28T10:14:55+00:00","dateModified":"2024-05-28T10:16:24+00:00","mainEntityOfPage":{"@id":"https:\/\/aeroportcastello.com\/es\/el-aeropuerto-de-castellon-refuerza-su-oferta-de-vuelos-con-la-puesta-en-marcha-de-las-rutas-de-bilbao-y-oporto\/"},"wordCount":315,"publisher":{"@id":"https:\/\/aeroportcastello.com\/es\/#organization"},"articleSection":["Noticias Aeropuerto"],"inLanguage":"es"},{"@type":"WebPage","@id":"https:\/\/aeroportcastello.com\/es\/el-aeropuerto-de-castellon-refuerza-su-oferta-de-vuelos-con-la-puesta-en-marcha-de-las-rutas-de-bilbao-y-oporto\/","url":"https:\/\/aeroportcastello.com\/es\/el-aeropuerto-de-castellon-refuerza-su-oferta-de-vuelos-con-la-puesta-en-marcha-de-las-rutas-de-bilbao-y-oporto\/","name":"El aeropuerto de Castell\u00f3n refuerza su oferta de vuelos con la puesta en marcha de las rutas de Bilbao y Oporto - Aeropuerto Castell\u00f3n","isPartOf":{"@id":"https:\/\/aeroportcastello.com\/es\/#website"},"datePublished":"2024-05-28T10:14:55+00:00","dateModified":"2024-05-28T10:16:24+00:00","breadcrumb":{"@id":"https:\/\/aeroportcastello.com\/es\/el-aeropuerto-de-castellon-refuerza-su-oferta-de-vuelos-con-la-puesta-en-marcha-de-las-rutas-de-bilbao-y-oporto\/#breadcrumb"},"inLanguage":"es","potentialAction":[{"@type":"ReadAction","target":["https:\/\/aeroportcastello.com\/es\/el-aeropuerto-de-castellon-refuerza-su-oferta-de-vuelos-con-la-puesta-en-marcha-de-las-rutas-de-bilbao-y-oporto\/"]}]},{"@type":"BreadcrumbList","@id":"https:\/\/aeroportcastello.com\/es\/el-aeropuerto-de-castellon-refuerza-su-oferta-de-vuelos-con-la-puesta-en-marcha-de-las-rutas-de-bilbao-y-oporto\/#breadcrumb","itemListElement":[{"@type":"ListItem","position":1,"name":"Pasajeros","item":"https:\/\/aeroportcastello.com\/es\/"},{"@type":"ListItem","position":2,"name":"El aeropuerto de Castell\u00f3n refuerza su oferta de vuelos con la puesta en marcha de las rutas de Bilbao y Oporto"}]},{"@type":"WebSite","@id":"https:\/\/aeroportcastello.com\/es\/#website","url":"https:\/\/aeroportcastello.com\/es\/","name":"Aeropuerto Castell\u00f3n","description":"Aeropuerto Castell\u00f3n","publisher":{"@id":"https:\/\/aeroportcastello.com\/es\/#organization"},"potentialAction":[{"@type":"SearchAction","target":{"@type":"EntryPoint","urlTemplate":"https:\/\/aeroportcastello.com\/es\/?s={search_term_string}"},"query-input":"required name=search_term_string"}],"inLanguage":"es"},{"@type":"Organization","@id":"https:\/\/aeroportcastello.com\/es\/#organization","name":"Aeropuerto Castell\u00f3n","url":"https:\/\/aeroportcastello.com\/es\/","logo":{"@type":"ImageObject","inLanguage":"es","@id":"https:\/\/aeroportcastello.com\/es\/#\/schema\/logo\/image\/","url":"https:\/\/aeroportcastello.com\/wp-content\/uploads\/2021\/05\/logo_aeroport_castello-1.svg","contentUrl":"https:\/\/aeroportcastello.com\/wp-content\/uploads\/2021\/05\/logo_aeroport_castello-1.svg","width":482.8999999999999772626324556767940521240234375,"height":93.7000000000000028421709430404007434844970703125,"caption":"Aeropuerto Castell\u00f3n"},"image":{"@id":"https:\/\/aeroportcastello.com\/es\/#\/schema\/logo\/image\/"}},{"@type":"Person","@id":"https:\/\/aeroportcastello.com\/es\/#\/schema\/person\/dbe9a5cd8c878b170b9626311b760bbd","name":"JORDI","image":{"@type":"ImageObject","inLanguage":"es","@id":"https:\/\/aeroportcastello.com\/es\/#\/schema\/person\/image\/","url":"https:\/\/secure.gravatar.com\/avatar\/3b270e37d3e82ec6b995a7d26cf97e61?s=96&d=mm&r=g","contentUrl":"https:\/\/secure.gravatar.com\/avatar\/3b270e37d3e82ec6b995a7d26cf97e61?s=96&d=mm&r=g","caption":"JORDI"},"url":"https:\/\/aeroportcastello.com\/es\/author\/jordi\/"}]}},"_links":{"self":[{"href":"https:\/\/aeroportcastello.com\/es\/wp-json\/wp\/v2\/posts\/9576"}],"collection":[{"href":"https:\/\/aeroportcastello.com\/es\/wp-json\/wp\/v2\/posts"}],"about":[{"href":"https:\/\/aeroportcastello.com\/es\/wp-json\/wp\/v2\/types\/post"}],"author":[{"embeddable":true,"href":"https:\/\/aeroportcastello.com\/es\/wp-json\/wp\/v2\/users\/5"}],"replies":[{"embeddable":true,"href":"https:\/\/aeroportcastello.com\/es\/wp-json\/wp\/v2\/comments?post=9576"}],"version-history":[{"count":2,"href":"https:\/\/aeroportcastello.com\/es\/wp-json\/wp\/v2\/posts\/9576\/revisions"}],"predecessor-version":[{"id":9579,"href":"https:\/\/aeroportcastello.com\/es\/wp-json\/wp\/v2\/posts\/9576\/revisions\/9579"}],"wp:featuredmedia":[{"embeddable":true,"href":"https:\/\/aeroportcastello.com\/es\/wp-json\/wp\/v2\/media\/9575"}],"wp:attachment":[{"href":"https:\/\/aeroportcastello.com\/es\/wp-json\/wp\/v2\/media?parent=9576"}],"wp:term":[{"taxonomy":"category","embeddable":true,"href":"https:\/\/aeroportcastello.com\/es\/wp-json\/wp\/v2\/categories?post=9576"},{"taxonomy":"post_tag","embeddable":true,"href":"https:\/\/aeroportcastello.com\/es\/wp-json\/wp\/v2\/tags?post=9576"}],"curies":[{"name":"wp","href":"https:\/\/api.w.org\/{rel}","templated":true}]}}