{"id":9293,"date":"2024-03-17T10:12:30","date_gmt":"2024-03-17T09:12:30","guid":{"rendered":"https:\/\/aeroportcastello.com\/?p=9293"},"modified":"2024-03-17T10:12:30","modified_gmt":"2024-03-17T09:12:30","slug":"el-aeropuerto-de-castellon-licita-una-campana-de-posicionamiento-para-captar-una-nueva-ruta-nacional-en-2024","status":"publish","type":"post","link":"https:\/\/aeroportcastello.com\/es\/el-aeropuerto-de-castellon-licita-una-campana-de-posicionamiento-para-captar-una-nueva-ruta-nacional-en-2024\/","title":{"rendered":"El aeropuerto de Castell\u00f3n licita una campa\u00f1a de posicionamiento para captar una nueva ruta nacional en 2024"},"content":{"rendered":"<p><strong>La nueva conexi\u00f3n deber\u00e1 operar con dos frecuencias semanales, enlazando con uno de los siguientes destinos: Sevilla, Galicia o Asturias<\/strong><\/p>\n<p>La sociedad p\u00fablica Aeropuerto de Castell\u00f3n (Aerocas) ha licitado una nueva campa\u00f1a de posicionamiento dirigida a la captaci\u00f3n de una ruta nacional. La conexi\u00f3n deber\u00e1 entrar en funcionamiento a lo largo del presente 2024 y enlazar\u00e1 con Sevilla, Galicia o Asturias.<\/p>\n<p>La consellera de Medio Ambiente, Agua, Infraestructuras y Territorio, Salom\u00e9 Pradas, ha destacado que esta licitaci\u00f3n \u201cest\u00e1 alineada con el compromiso del Consell con el aeropuerto de Castell\u00f3n y la mejora de la conectividad a\u00e9rea de la provincia, a trav\u00e9s de la puesta en marcha de nuevas rutas\u201d.<\/p>\n<p>En este sentido, la consellera ha recordado que esta ruta nacional se sumar\u00e1 a las nuevas conexiones de Berl\u00edn y Mil\u00e1n, que entran en funcionamiento el pr\u00f3ximo 31 de marzo, y a la nueva de Bilbao, que arranca el 1 de junio.<\/p>\n<p>La nueva conexi\u00f3n nacional deber\u00e1 disponer de dos frecuencias semanales y tiene previsto comenzar durante el 2024. El contrato tendr\u00e1 una duraci\u00f3n de cuatro a\u00f1os.<\/p>\n<p>En la l\u00ednea de anteriores campa\u00f1as, la compa\u00f1\u00eda adjudicataria deber\u00e1 realizar un plan de promoci\u00f3n en el que posicione el aeropuerto de Castell\u00f3n y su \u00e1rea de influencia como destino.<\/p>\n<p>El lanzamiento de esta campa\u00f1a se produce despu\u00e9s de que en la anterior licitaci\u00f3n dirigida al mercado nacional se quedara sin adjudicar uno de los lotes objeto del proceso. A fin de favorecer la concurrencia, se va a volver a sacar a concurso la ruta no adjudicada y se ampl\u00eda el abanico de posibles destinos a los mercados de Sevilla, Galicia y Asturias.<\/p>\n","protected":false},"excerpt":{"rendered":"<p>La nueva conexi\u00f3n deber\u00e1 operar con dos frecuencias semanales, enlazando con uno de los siguientes destinos: Sevilla, Galicia o Asturias La sociedad p\u00fablica Aeropuerto de Castell\u00f3n (Aerocas) ha licitado una nueva campa\u00f1a de posicionamiento dirigida a la captaci\u00f3n de una ruta nacional. La conexi\u00f3n deber\u00e1 entrar en funcionamiento a lo largo del presente 2024 y &#8230; <\/p>\n<p class=\"read-more-container\"><a title=\"El aeropuerto de Castell\u00f3n licita una campa\u00f1a de posicionamiento para captar una nueva ruta nacional en 2024\" class=\"read-more button\" href=\"https:\/\/aeroportcastello.com\/es\/el-aeropuerto-de-castellon-licita-una-campana-de-posicionamiento-para-captar-una-nueva-ruta-nacional-en-2024\/#more-9293\" aria-label=\"Leer m\u00e1s sobre El aeropuerto de Castell\u00f3n licita una campa\u00f1a de posicionamiento para captar una nueva ruta nacional en 2024\">Leer m\u00e1s<\/a><\/p>\n","protected":false},"author":5,"featured_media":9290,"comment_status":"closed","ping_status":"closed","sticky":false,"template":"","format":"standard","meta":{"footnotes":""},"categories":[1],"tags":[],"yoast_head":"<!-- This site is optimized with the Yoast SEO plugin v22.0 - https:\/\/yoast.com\/wordpress\/plugins\/seo\/ -->\n<title>El aeropuerto de Castell\u00f3n licita una campa\u00f1a de posicionamiento para captar una nueva ruta nacional en 2024 - Aeropuerto Castell\u00f3n<\/title>\n<meta name=\"robots\" content=\"index, follow, max-snippet:-1, max-image-preview:large, max-video-preview:-1\" \/>\n<link rel=\"canonical\" href=\"https:\/\/aeroportcastello.com\/es\/el-aeropuerto-de-castellon-licita-una-campana-de-posicionamiento-para-captar-una-nueva-ruta-nacional-en-2024\/\" \/>\n<meta property=\"og:locale\" content=\"es_ES\" \/>\n<meta property=\"og:type\" content=\"article\" \/>\n<meta property=\"og:title\" content=\"El aeropuerto de Castell\u00f3n licita una campa\u00f1a de posicionamiento para captar una nueva ruta nacional en 2024 - Aeropuerto Castell\u00f3n\" \/>\n<meta property=\"og:description\" content=\"La nueva conexi\u00f3n deber\u00e1 operar con dos frecuencias semanales, enlazando con uno de los siguientes destinos: Sevilla, Galicia o Asturias La sociedad p\u00fablica Aeropuerto de Castell\u00f3n (Aerocas) ha licitado una nueva campa\u00f1a de posicionamiento dirigida a la captaci\u00f3n de una ruta nacional. La conexi\u00f3n deber\u00e1 entrar en funcionamiento a lo largo del presente 2024 y ... Leer m\u00e1s\" \/>\n<meta property=\"og:url\" content=\"https:\/\/aeroportcastello.com\/es\/el-aeropuerto-de-castellon-licita-una-campana-de-posicionamiento-para-captar-una-nueva-ruta-nacional-en-2024\/\" \/>\n<meta property=\"og:site_name\" content=\"Aeropuerto Castell\u00f3n\" \/>\n<meta property=\"article:published_time\" content=\"2024-03-17T09:12:30+00:00\" \/>\n<meta property=\"og:image\" content=\"https:\/\/aeroportcastello.com\/wp-content\/uploads\/2024\/03\/GAG03591-scaled.jpg\" \/>\n\t<meta property=\"og:image:width\" content=\"2560\" \/>\n\t<meta property=\"og:image:height\" content=\"1707\" \/>\n\t<meta property=\"og:image:type\" content=\"image\/jpeg\" \/>\n<meta name=\"author\" content=\"JORDI\" \/>\n<meta name=\"twitter:card\" content=\"summary_large_image\" \/>\n<meta name=\"twitter:label1\" content=\"Escrito por\" \/>\n\t<meta name=\"twitter:data1\" content=\"JORDI\" \/>\n\t<meta name=\"twitter:label2\" content=\"Tiempo de lectura\" \/>\n\t<meta name=\"twitter:data2\" content=\"2 minutos\" \/>\n<script type=\"application\/ld+json\" class=\"yoast-schema-graph\">{\"@context\":\"https:\/\/schema.org\",\"@graph\":[{\"@type\":\"Article\",\"@id\":\"https:\/\/aeroportcastello.com\/es\/el-aeropuerto-de-castellon-licita-una-campana-de-posicionamiento-para-captar-una-nueva-ruta-nacional-en-2024\/#article\",\"isPartOf\":{\"@id\":\"https:\/\/aeroportcastello.com\/es\/el-aeropuerto-de-castellon-licita-una-campana-de-posicionamiento-para-captar-una-nueva-ruta-nacional-en-2024\/\"},\"author\":{\"name\":\"JORDI\",\"@id\":\"https:\/\/aeroportcastello.com\/es\/#\/schema\/person\/dbe9a5cd8c878b170b9626311b760bbd\"},\"headline\":\"El aeropuerto de Castell\u00f3n licita una campa\u00f1a de posicionamiento para captar una nueva ruta nacional en 2024\",\"datePublished\":\"2024-03-17T09:12:30+00:00\",\"dateModified\":\"2024-03-17T09:12:30+00:00\",\"mainEntityOfPage\":{\"@id\":\"https:\/\/aeroportcastello.com\/es\/el-aeropuerto-de-castellon-licita-una-campana-de-posicionamiento-para-captar-una-nueva-ruta-nacional-en-2024\/\"},\"wordCount\":308,\"publisher\":{\"@id\":\"https:\/\/aeroportcastello.com\/es\/#organization\"},\"articleSection\":[\"Noticias Aeropuerto\"],\"inLanguage\":\"es\"},{\"@type\":\"WebPage\",\"@id\":\"https:\/\/aeroportcastello.com\/es\/el-aeropuerto-de-castellon-licita-una-campana-de-posicionamiento-para-captar-una-nueva-ruta-nacional-en-2024\/\",\"url\":\"https:\/\/aeroportcastello.com\/es\/el-aeropuerto-de-castellon-licita-una-campana-de-posicionamiento-para-captar-una-nueva-ruta-nacional-en-2024\/\",\"name\":\"El aeropuerto de Castell\u00f3n licita una campa\u00f1a de posicionamiento para captar una nueva ruta nacional en 2024 - Aeropuerto Castell\u00f3n\",\"isPartOf\":{\"@id\":\"https:\/\/aeroportcastello.com\/es\/#website\"},\"datePublished\":\"2024-03-17T09:12:30+00:00\",\"dateModified\":\"2024-03-17T09:12:30+00:00\",\"breadcrumb\":{\"@id\":\"https:\/\/aeroportcastello.com\/es\/el-aeropuerto-de-castellon-licita-una-campana-de-posicionamiento-para-captar-una-nueva-ruta-nacional-en-2024\/#breadcrumb\"},\"inLanguage\":\"es\",\"potentialAction\":[{\"@type\":\"ReadAction\",\"target\":[\"https:\/\/aeroportcastello.com\/es\/el-aeropuerto-de-castellon-licita-una-campana-de-posicionamiento-para-captar-una-nueva-ruta-nacional-en-2024\/\"]}]},{\"@type\":\"BreadcrumbList\",\"@id\":\"https:\/\/aeroportcastello.com\/es\/el-aeropuerto-de-castellon-licita-una-campana-de-posicionamiento-para-captar-una-nueva-ruta-nacional-en-2024\/#breadcrumb\",\"itemListElement\":[{\"@type\":\"ListItem\",\"position\":1,\"name\":\"Pasajeros\",\"item\":\"https:\/\/aeroportcastello.com\/es\/\"},{\"@type\":\"ListItem\",\"position\":2,\"name\":\"El aeropuerto de Castell\u00f3n licita una campa\u00f1a de posicionamiento para captar una nueva ruta nacional en 2024\"}]},{\"@type\":\"WebSite\",\"@id\":\"https:\/\/aeroportcastello.com\/es\/#website\",\"url\":\"https:\/\/aeroportcastello.com\/es\/\",\"name\":\"Aeropuerto Castell\u00f3n\",\"description\":\"Aeropuerto Castell\u00f3n\",\"publisher\":{\"@id\":\"https:\/\/aeroportcastello.com\/es\/#organization\"},\"potentialAction\":[{\"@type\":\"SearchAction\",\"target\":{\"@type\":\"EntryPoint\",\"urlTemplate\":\"https:\/\/aeroportcastello.com\/es\/?s={search_term_string}\"},\"query-input\":\"required name=search_term_string\"}],\"inLanguage\":\"es\"},{\"@type\":\"Organization\",\"@id\":\"https:\/\/aeroportcastello.com\/es\/#organization\",\"name\":\"Aeropuerto Castell\u00f3n\",\"url\":\"https:\/\/aeroportcastello.com\/es\/\",\"logo\":{\"@type\":\"ImageObject\",\"inLanguage\":\"es\",\"@id\":\"https:\/\/aeroportcastello.com\/es\/#\/schema\/logo\/image\/\",\"url\":\"https:\/\/aeroportcastello.com\/wp-content\/uploads\/2021\/05\/logo_aeroport_castello-1.svg\",\"contentUrl\":\"https:\/\/aeroportcastello.com\/wp-content\/uploads\/2021\/05\/logo_aeroport_castello-1.svg\",\"width\":482.8999999999999772626324556767940521240234375,\"height\":93.7000000000000028421709430404007434844970703125,\"caption\":\"Aeropuerto Castell\u00f3n\"},\"image\":{\"@id\":\"https:\/\/aeroportcastello.com\/es\/#\/schema\/logo\/image\/\"}},{\"@type\":\"Person\",\"@id\":\"https:\/\/aeroportcastello.com\/es\/#\/schema\/person\/dbe9a5cd8c878b170b9626311b760bbd\",\"name\":\"JORDI\",\"image\":{\"@type\":\"ImageObject\",\"inLanguage\":\"es\",\"@id\":\"https:\/\/aeroportcastello.com\/es\/#\/schema\/person\/image\/\",\"url\":\"https:\/\/secure.gravatar.com\/avatar\/3b270e37d3e82ec6b995a7d26cf97e61?s=96&d=mm&r=g\",\"contentUrl\":\"https:\/\/secure.gravatar.com\/avatar\/3b270e37d3e82ec6b995a7d26cf97e61?s=96&d=mm&r=g\",\"caption\":\"JORDI\"},\"url\":\"https:\/\/aeroportcastello.com\/es\/author\/jordi\/\"}]}<\/script>\n<!-- \/ Yoast SEO plugin. -->","yoast_head_json":{"title":"El aeropuerto de Castell\u00f3n licita una campa\u00f1a de posicionamiento para captar una nueva ruta nacional en 2024 - Aeropuerto Castell\u00f3n","robots":{"index":"index","follow":"follow","max-snippet":"max-snippet:-1","max-image-preview":"max-image-preview:large","max-video-preview":"max-video-preview:-1"},"canonical":"https:\/\/aeroportcastello.com\/es\/el-aeropuerto-de-castellon-licita-una-campana-de-posicionamiento-para-captar-una-nueva-ruta-nacional-en-2024\/","og_locale":"es_ES","og_type":"article","og_title":"El aeropuerto de Castell\u00f3n licita una campa\u00f1a de posicionamiento para captar una nueva ruta nacional en 2024 - Aeropuerto Castell\u00f3n","og_description":"La nueva conexi\u00f3n deber\u00e1 operar con dos frecuencias semanales, enlazando con uno de los siguientes destinos: Sevilla, Galicia o Asturias La sociedad p\u00fablica Aeropuerto de Castell\u00f3n (Aerocas) ha licitado una nueva campa\u00f1a de posicionamiento dirigida a la captaci\u00f3n de una ruta nacional. La conexi\u00f3n deber\u00e1 entrar en funcionamiento a lo largo del presente 2024 y ... Leer m\u00e1s","og_url":"https:\/\/aeroportcastello.com\/es\/el-aeropuerto-de-castellon-licita-una-campana-de-posicionamiento-para-captar-una-nueva-ruta-nacional-en-2024\/","og_site_name":"Aeropuerto Castell\u00f3n","article_published_time":"2024-03-17T09:12:30+00:00","og_image":[{"width":2560,"height":1707,"url":"https:\/\/aeroportcastello.com\/wp-content\/uploads\/2024\/03\/GAG03591-scaled.jpg","type":"image\/jpeg"}],"author":"JORDI","twitter_card":"summary_large_image","twitter_misc":{"Escrito por":"JORDI","Tiempo de lectura":"2 minutos"},"schema":{"@context":"https:\/\/schema.org","@graph":[{"@type":"Article","@id":"https:\/\/aeroportcastello.com\/es\/el-aeropuerto-de-castellon-licita-una-campana-de-posicionamiento-para-captar-una-nueva-ruta-nacional-en-2024\/#article","isPartOf":{"@id":"https:\/\/aeroportcastello.com\/es\/el-aeropuerto-de-castellon-licita-una-campana-de-posicionamiento-para-captar-una-nueva-ruta-nacional-en-2024\/"},"author":{"name":"JORDI","@id":"https:\/\/aeroportcastello.com\/es\/#\/schema\/person\/dbe9a5cd8c878b170b9626311b760bbd"},"headline":"El aeropuerto de Castell\u00f3n licita una campa\u00f1a de posicionamiento para captar una nueva ruta nacional en 2024","datePublished":"2024-03-17T09:12:30+00:00","dateModified":"2024-03-17T09:12:30+00:00","mainEntityOfPage":{"@id":"https:\/\/aeroportcastello.com\/es\/el-aeropuerto-de-castellon-licita-una-campana-de-posicionamiento-para-captar-una-nueva-ruta-nacional-en-2024\/"},"wordCount":308,"publisher":{"@id":"https:\/\/aeroportcastello.com\/es\/#organization"},"articleSection":["Noticias Aeropuerto"],"inLanguage":"es"},{"@type":"WebPage","@id":"https:\/\/aeroportcastello.com\/es\/el-aeropuerto-de-castellon-licita-una-campana-de-posicionamiento-para-captar-una-nueva-ruta-nacional-en-2024\/","url":"https:\/\/aeroportcastello.com\/es\/el-aeropuerto-de-castellon-licita-una-campana-de-posicionamiento-para-captar-una-nueva-ruta-nacional-en-2024\/","name":"El aeropuerto de Castell\u00f3n licita una campa\u00f1a de posicionamiento para captar una nueva ruta nacional en 2024 - Aeropuerto Castell\u00f3n","isPartOf":{"@id":"https:\/\/aeroportcastello.com\/es\/#website"},"datePublished":"2024-03-17T09:12:30+00:00","dateModified":"2024-03-17T09:12:30+00:00","breadcrumb":{"@id":"https:\/\/aeroportcastello.com\/es\/el-aeropuerto-de-castellon-licita-una-campana-de-posicionamiento-para-captar-una-nueva-ruta-nacional-en-2024\/#breadcrumb"},"inLanguage":"es","potentialAction":[{"@type":"ReadAction","target":["https:\/\/aeroportcastello.com\/es\/el-aeropuerto-de-castellon-licita-una-campana-de-posicionamiento-para-captar-una-nueva-ruta-nacional-en-2024\/"]}]},{"@type":"BreadcrumbList","@id":"https:\/\/aeroportcastello.com\/es\/el-aeropuerto-de-castellon-licita-una-campana-de-posicionamiento-para-captar-una-nueva-ruta-nacional-en-2024\/#breadcrumb","itemListElement":[{"@type":"ListItem","position":1,"name":"Pasajeros","item":"https:\/\/aeroportcastello.com\/es\/"},{"@type":"ListItem","position":2,"name":"El aeropuerto de Castell\u00f3n licita una campa\u00f1a de posicionamiento para captar una nueva ruta nacional en 2024"}]},{"@type":"WebSite","@id":"https:\/\/aeroportcastello.com\/es\/#website","url":"https:\/\/aeroportcastello.com\/es\/","name":"Aeropuerto Castell\u00f3n","description":"Aeropuerto Castell\u00f3n","publisher":{"@id":"https:\/\/aeroportcastello.com\/es\/#organization"},"potentialAction":[{"@type":"SearchAction","target":{"@type":"EntryPoint","urlTemplate":"https:\/\/aeroportcastello.com\/es\/?s={search_term_string}"},"query-input":"required name=search_term_string"}],"inLanguage":"es"},{"@type":"Organization","@id":"https:\/\/aeroportcastello.com\/es\/#organization","name":"Aeropuerto Castell\u00f3n","url":"https:\/\/aeroportcastello.com\/es\/","logo":{"@type":"ImageObject","inLanguage":"es","@id":"https:\/\/aeroportcastello.com\/es\/#\/schema\/logo\/image\/","url":"https:\/\/aeroportcastello.com\/wp-content\/uploads\/2021\/05\/logo_aeroport_castello-1.svg","contentUrl":"https:\/\/aeroportcastello.com\/wp-content\/uploads\/2021\/05\/logo_aeroport_castello-1.svg","width":482.8999999999999772626324556767940521240234375,"height":93.7000000000000028421709430404007434844970703125,"caption":"Aeropuerto Castell\u00f3n"},"image":{"@id":"https:\/\/aeroportcastello.com\/es\/#\/schema\/logo\/image\/"}},{"@type":"Person","@id":"https:\/\/aeroportcastello.com\/es\/#\/schema\/person\/dbe9a5cd8c878b170b9626311b760bbd","name":"JORDI","image":{"@type":"ImageObject","inLanguage":"es","@id":"https:\/\/aeroportcastello.com\/es\/#\/schema\/person\/image\/","url":"https:\/\/secure.gravatar.com\/avatar\/3b270e37d3e82ec6b995a7d26cf97e61?s=96&d=mm&r=g","contentUrl":"https:\/\/secure.gravatar.com\/avatar\/3b270e37d3e82ec6b995a7d26cf97e61?s=96&d=mm&r=g","caption":"JORDI"},"url":"https:\/\/aeroportcastello.com\/es\/author\/jordi\/"}]}},"_links":{"self":[{"href":"https:\/\/aeroportcastello.com\/es\/wp-json\/wp\/v2\/posts\/9293"}],"collection":[{"href":"https:\/\/aeroportcastello.com\/es\/wp-json\/wp\/v2\/posts"}],"about":[{"href":"https:\/\/aeroportcastello.com\/es\/wp-json\/wp\/v2\/types\/post"}],"author":[{"embeddable":true,"href":"https:\/\/aeroportcastello.com\/es\/wp-json\/wp\/v2\/users\/5"}],"replies":[{"embeddable":true,"href":"https:\/\/aeroportcastello.com\/es\/wp-json\/wp\/v2\/comments?post=9293"}],"version-history":[{"count":1,"href":"https:\/\/aeroportcastello.com\/es\/wp-json\/wp\/v2\/posts\/9293\/revisions"}],"predecessor-version":[{"id":9294,"href":"https:\/\/aeroportcastello.com\/es\/wp-json\/wp\/v2\/posts\/9293\/revisions\/9294"}],"wp:featuredmedia":[{"embeddable":true,"href":"https:\/\/aeroportcastello.com\/es\/wp-json\/wp\/v2\/media\/9290"}],"wp:attachment":[{"href":"https:\/\/aeroportcastello.com\/es\/wp-json\/wp\/v2\/media?parent=9293"}],"wp:term":[{"taxonomy":"category","embeddable":true,"href":"https:\/\/aeroportcastello.com\/es\/wp-json\/wp\/v2\/categories?post=9293"},{"taxonomy":"post_tag","embeddable":true,"href":"https:\/\/aeroportcastello.com\/es\/wp-json\/wp\/v2\/tags?post=9293"}],"curies":[{"name":"wp","href":"https:\/\/api.w.org\/{rel}","templated":true}]}}