{"id":9131,"date":"2024-02-01T11:13:01","date_gmt":"2024-02-01T10:13:01","guid":{"rendered":"https:\/\/aeroportcastello.com\/el-aeropuerto-de-castellon-adjudica-las-obras-de-ampliacion-del-aparcamiento-para-atender-el-incremento-de-usuarios\/"},"modified":"2024-02-01T11:15:51","modified_gmt":"2024-02-01T10:15:51","slug":"el-aeropuerto-de-castellon-adjudica-las-obras-de-ampliacion-del-aparcamiento-para-atender-el-incremento-de-usuarios","status":"publish","type":"post","link":"https:\/\/aeroportcastello.com\/es\/el-aeropuerto-de-castellon-adjudica-las-obras-de-ampliacion-del-aparcamiento-para-atender-el-incremento-de-usuarios\/","title":{"rendered":"El aeropuerto de Castell\u00f3n adjudica las obras de ampliaci\u00f3n del aparcamiento para atender el incremento de usuarios"},"content":{"rendered":"<p><strong>La actuaci\u00f3n permitir\u00e1 pasar de las actuales 350 plazas a cerca de 500 e incluye tambi\u00e9n la automatizaci\u00f3n del parking para un uso m\u00e1s eficiente<\/strong><\/p>\n<p>La sociedad p\u00fablica Aeropuerto de Castell\u00f3n (Aerocas) ha adjudicado el contrato para la ampliaci\u00f3n y automatizaci\u00f3n del aparcamiento, a fin de dar respuesta al incremento del tr\u00e1fico y del n\u00famero de usuarios.<\/p>\n<p>El director general de Aerocas, Justo Vell\u00f3n, ha explicado que la actuaci\u00f3n \u201cva a permitir ampliar el n\u00famero de plazas del aparcamiento, favorecer un uso m\u00e1s eficiente del mismo y mejorar el control de los accesos, al objeto de atender el aumento de la demanda vinculado al incremento del tr\u00e1fico comercial\u201d.<\/p>\n<p>En este sentido, ha recordado que el aeropuerto de Castell\u00f3n cerr\u00f3 2023 con m\u00e1s de 283.000 pasajeros, cifra que constituye el registro anual m\u00e1s alto en la trayectoria de la infraestructura.<\/p>\n<p>El contrato ha sido adjudicado por un importe de 218.500 euros (IVA excluido) y un plazo m\u00e1ximo de ejecuci\u00f3n de las obras de cuatro meses desde la formalizaci\u00f3n del contrato.<\/p>\n<p>La actuaci\u00f3n contempla una ampliaci\u00f3n de 4.200 metros cuadrados de la zona de aparcamiento, que pasar\u00e1 de las actuales 350 plazas a cerca de 500.<\/p>\n<p>El proyecto tambi\u00e9n incluye una reconfiguraci\u00f3n del aparcamiento existente, dot\u00e1ndolo de la se\u00f1al\u00e9tica adecuada para un uso eficiente y definiendo zonas cubiertas.<\/p>\n<p>As\u00ed mismo, prev\u00e9 su automatizaci\u00f3n con la instalaci\u00f3n del equipamiento necesario para el control de entradas y salidas, adem\u00e1s de los elementos f\u00edsicos de seguridad para asegurar el correcto uso de los accesos.<\/p>\n","protected":false},"excerpt":{"rendered":"<p>La actuaci\u00f3n permitir\u00e1 pasar de las actuales 350 plazas a cerca de 500 e incluye tambi\u00e9n la automatizaci\u00f3n del parking para un uso m\u00e1s eficiente La sociedad p\u00fablica Aeropuerto de Castell\u00f3n (Aerocas) ha adjudicado el contrato para la ampliaci\u00f3n y automatizaci\u00f3n del aparcamiento, a fin de dar respuesta al incremento del tr\u00e1fico y del n\u00famero &#8230; <\/p>\n<p class=\"read-more-container\"><a title=\"El aeropuerto de Castell\u00f3n adjudica las obras de ampliaci\u00f3n del aparcamiento para atender el incremento de usuarios\" class=\"read-more button\" href=\"https:\/\/aeroportcastello.com\/es\/el-aeropuerto-de-castellon-adjudica-las-obras-de-ampliacion-del-aparcamiento-para-atender-el-incremento-de-usuarios\/#more-9131\" aria-label=\"Leer m\u00e1s sobre El aeropuerto de Castell\u00f3n adjudica las obras de ampliaci\u00f3n del aparcamiento para atender el incremento de usuarios\">Leer m\u00e1s<\/a><\/p>\n","protected":false},"author":5,"featured_media":9128,"comment_status":"closed","ping_status":"closed","sticky":false,"template":"","format":"standard","meta":{"footnotes":""},"categories":[1],"tags":[],"yoast_head":"<!-- This site is optimized with the Yoast SEO plugin v22.0 - https:\/\/yoast.com\/wordpress\/plugins\/seo\/ -->\n<title>El aeropuerto de Castell\u00f3n adjudica las obras de ampliaci\u00f3n del aparcamiento para atender el incremento de usuarios - Aeropuerto Castell\u00f3n<\/title>\n<meta name=\"robots\" content=\"index, follow, max-snippet:-1, max-image-preview:large, max-video-preview:-1\" \/>\n<link rel=\"canonical\" href=\"https:\/\/aeroportcastello.com\/es\/el-aeropuerto-de-castellon-adjudica-las-obras-de-ampliacion-del-aparcamiento-para-atender-el-incremento-de-usuarios\/\" \/>\n<meta property=\"og:locale\" content=\"es_ES\" \/>\n<meta property=\"og:type\" content=\"article\" \/>\n<meta property=\"og:title\" content=\"El aeropuerto de Castell\u00f3n adjudica las obras de ampliaci\u00f3n del aparcamiento para atender el incremento de usuarios - Aeropuerto Castell\u00f3n\" \/>\n<meta property=\"og:description\" content=\"La actuaci\u00f3n permitir\u00e1 pasar de las actuales 350 plazas a cerca de 500 e incluye tambi\u00e9n la automatizaci\u00f3n del parking para un uso m\u00e1s eficiente La sociedad p\u00fablica Aeropuerto de Castell\u00f3n (Aerocas) ha adjudicado el contrato para la ampliaci\u00f3n y automatizaci\u00f3n del aparcamiento, a fin de dar respuesta al incremento del tr\u00e1fico y del n\u00famero ... Leer m\u00e1s\" \/>\n<meta property=\"og:url\" content=\"https:\/\/aeroportcastello.com\/es\/el-aeropuerto-de-castellon-adjudica-las-obras-de-ampliacion-del-aparcamiento-para-atender-el-incremento-de-usuarios\/\" \/>\n<meta property=\"og:site_name\" content=\"Aeropuerto Castell\u00f3n\" \/>\n<meta property=\"article:published_time\" content=\"2024-02-01T10:13:01+00:00\" \/>\n<meta property=\"article:modified_time\" content=\"2024-02-01T10:15:51+00:00\" \/>\n<meta property=\"og:image\" content=\"https:\/\/aeroportcastello.com\/wp-content\/uploads\/2024\/02\/FOTO.jpg\" \/>\n\t<meta property=\"og:image:width\" content=\"1600\" \/>\n\t<meta property=\"og:image:height\" content=\"1069\" \/>\n\t<meta property=\"og:image:type\" content=\"image\/jpeg\" \/>\n<meta name=\"author\" content=\"JORDI\" \/>\n<meta name=\"twitter:card\" content=\"summary_large_image\" \/>\n<meta name=\"twitter:label1\" content=\"Escrito por\" \/>\n\t<meta name=\"twitter:data1\" content=\"JORDI\" \/>\n\t<meta name=\"twitter:label2\" content=\"Tiempo de lectura\" \/>\n\t<meta name=\"twitter:data2\" content=\"2 minutos\" \/>\n<script type=\"application\/ld+json\" class=\"yoast-schema-graph\">{\"@context\":\"https:\/\/schema.org\",\"@graph\":[{\"@type\":\"Article\",\"@id\":\"https:\/\/aeroportcastello.com\/es\/el-aeropuerto-de-castellon-adjudica-las-obras-de-ampliacion-del-aparcamiento-para-atender-el-incremento-de-usuarios\/#article\",\"isPartOf\":{\"@id\":\"https:\/\/aeroportcastello.com\/es\/el-aeropuerto-de-castellon-adjudica-las-obras-de-ampliacion-del-aparcamiento-para-atender-el-incremento-de-usuarios\/\"},\"author\":{\"name\":\"JORDI\",\"@id\":\"https:\/\/aeroportcastello.com\/es\/#\/schema\/person\/dbe9a5cd8c878b170b9626311b760bbd\"},\"headline\":\"El aeropuerto de Castell\u00f3n adjudica las obras de ampliaci\u00f3n del aparcamiento para atender el incremento de usuarios\",\"datePublished\":\"2024-02-01T10:13:01+00:00\",\"dateModified\":\"2024-02-01T10:15:51+00:00\",\"mainEntityOfPage\":{\"@id\":\"https:\/\/aeroportcastello.com\/es\/el-aeropuerto-de-castellon-adjudica-las-obras-de-ampliacion-del-aparcamiento-para-atender-el-incremento-de-usuarios\/\"},\"wordCount\":292,\"publisher\":{\"@id\":\"https:\/\/aeroportcastello.com\/es\/#organization\"},\"articleSection\":[\"Noticias Aeropuerto\"],\"inLanguage\":\"es\"},{\"@type\":\"WebPage\",\"@id\":\"https:\/\/aeroportcastello.com\/es\/el-aeropuerto-de-castellon-adjudica-las-obras-de-ampliacion-del-aparcamiento-para-atender-el-incremento-de-usuarios\/\",\"url\":\"https:\/\/aeroportcastello.com\/es\/el-aeropuerto-de-castellon-adjudica-las-obras-de-ampliacion-del-aparcamiento-para-atender-el-incremento-de-usuarios\/\",\"name\":\"El aeropuerto de Castell\u00f3n adjudica las obras de ampliaci\u00f3n del aparcamiento para atender el incremento de usuarios - Aeropuerto Castell\u00f3n\",\"isPartOf\":{\"@id\":\"https:\/\/aeroportcastello.com\/es\/#website\"},\"datePublished\":\"2024-02-01T10:13:01+00:00\",\"dateModified\":\"2024-02-01T10:15:51+00:00\",\"breadcrumb\":{\"@id\":\"https:\/\/aeroportcastello.com\/es\/el-aeropuerto-de-castellon-adjudica-las-obras-de-ampliacion-del-aparcamiento-para-atender-el-incremento-de-usuarios\/#breadcrumb\"},\"inLanguage\":\"es\",\"potentialAction\":[{\"@type\":\"ReadAction\",\"target\":[\"https:\/\/aeroportcastello.com\/es\/el-aeropuerto-de-castellon-adjudica-las-obras-de-ampliacion-del-aparcamiento-para-atender-el-incremento-de-usuarios\/\"]}]},{\"@type\":\"BreadcrumbList\",\"@id\":\"https:\/\/aeroportcastello.com\/es\/el-aeropuerto-de-castellon-adjudica-las-obras-de-ampliacion-del-aparcamiento-para-atender-el-incremento-de-usuarios\/#breadcrumb\",\"itemListElement\":[{\"@type\":\"ListItem\",\"position\":1,\"name\":\"Pasajeros\",\"item\":\"https:\/\/aeroportcastello.com\/es\/\"},{\"@type\":\"ListItem\",\"position\":2,\"name\":\"El aeropuerto de Castell\u00f3n adjudica las obras de ampliaci\u00f3n del aparcamiento para atender el incremento de usuarios\"}]},{\"@type\":\"WebSite\",\"@id\":\"https:\/\/aeroportcastello.com\/es\/#website\",\"url\":\"https:\/\/aeroportcastello.com\/es\/\",\"name\":\"Aeropuerto Castell\u00f3n\",\"description\":\"Aeropuerto Castell\u00f3n\",\"publisher\":{\"@id\":\"https:\/\/aeroportcastello.com\/es\/#organization\"},\"potentialAction\":[{\"@type\":\"SearchAction\",\"target\":{\"@type\":\"EntryPoint\",\"urlTemplate\":\"https:\/\/aeroportcastello.com\/es\/?s={search_term_string}\"},\"query-input\":\"required name=search_term_string\"}],\"inLanguage\":\"es\"},{\"@type\":\"Organization\",\"@id\":\"https:\/\/aeroportcastello.com\/es\/#organization\",\"name\":\"Aeropuerto Castell\u00f3n\",\"url\":\"https:\/\/aeroportcastello.com\/es\/\",\"logo\":{\"@type\":\"ImageObject\",\"inLanguage\":\"es\",\"@id\":\"https:\/\/aeroportcastello.com\/es\/#\/schema\/logo\/image\/\",\"url\":\"https:\/\/aeroportcastello.com\/wp-content\/uploads\/2021\/05\/logo_aeroport_castello-1.svg\",\"contentUrl\":\"https:\/\/aeroportcastello.com\/wp-content\/uploads\/2021\/05\/logo_aeroport_castello-1.svg\",\"width\":482.8999999999999772626324556767940521240234375,\"height\":93.7000000000000028421709430404007434844970703125,\"caption\":\"Aeropuerto Castell\u00f3n\"},\"image\":{\"@id\":\"https:\/\/aeroportcastello.com\/es\/#\/schema\/logo\/image\/\"}},{\"@type\":\"Person\",\"@id\":\"https:\/\/aeroportcastello.com\/es\/#\/schema\/person\/dbe9a5cd8c878b170b9626311b760bbd\",\"name\":\"JORDI\",\"image\":{\"@type\":\"ImageObject\",\"inLanguage\":\"es\",\"@id\":\"https:\/\/aeroportcastello.com\/es\/#\/schema\/person\/image\/\",\"url\":\"https:\/\/secure.gravatar.com\/avatar\/3b270e37d3e82ec6b995a7d26cf97e61?s=96&d=mm&r=g\",\"contentUrl\":\"https:\/\/secure.gravatar.com\/avatar\/3b270e37d3e82ec6b995a7d26cf97e61?s=96&d=mm&r=g\",\"caption\":\"JORDI\"},\"url\":\"https:\/\/aeroportcastello.com\/es\/author\/jordi\/\"}]}<\/script>\n<!-- \/ Yoast SEO plugin. -->","yoast_head_json":{"title":"El aeropuerto de Castell\u00f3n adjudica las obras de ampliaci\u00f3n del aparcamiento para atender el incremento de usuarios - Aeropuerto Castell\u00f3n","robots":{"index":"index","follow":"follow","max-snippet":"max-snippet:-1","max-image-preview":"max-image-preview:large","max-video-preview":"max-video-preview:-1"},"canonical":"https:\/\/aeroportcastello.com\/es\/el-aeropuerto-de-castellon-adjudica-las-obras-de-ampliacion-del-aparcamiento-para-atender-el-incremento-de-usuarios\/","og_locale":"es_ES","og_type":"article","og_title":"El aeropuerto de Castell\u00f3n adjudica las obras de ampliaci\u00f3n del aparcamiento para atender el incremento de usuarios - Aeropuerto Castell\u00f3n","og_description":"La actuaci\u00f3n permitir\u00e1 pasar de las actuales 350 plazas a cerca de 500 e incluye tambi\u00e9n la automatizaci\u00f3n del parking para un uso m\u00e1s eficiente La sociedad p\u00fablica Aeropuerto de Castell\u00f3n (Aerocas) ha adjudicado el contrato para la ampliaci\u00f3n y automatizaci\u00f3n del aparcamiento, a fin de dar respuesta al incremento del tr\u00e1fico y del n\u00famero ... Leer m\u00e1s","og_url":"https:\/\/aeroportcastello.com\/es\/el-aeropuerto-de-castellon-adjudica-las-obras-de-ampliacion-del-aparcamiento-para-atender-el-incremento-de-usuarios\/","og_site_name":"Aeropuerto Castell\u00f3n","article_published_time":"2024-02-01T10:13:01+00:00","article_modified_time":"2024-02-01T10:15:51+00:00","og_image":[{"width":1600,"height":1069,"url":"https:\/\/aeroportcastello.com\/wp-content\/uploads\/2024\/02\/FOTO.jpg","type":"image\/jpeg"}],"author":"JORDI","twitter_card":"summary_large_image","twitter_misc":{"Escrito por":"JORDI","Tiempo de lectura":"2 minutos"},"schema":{"@context":"https:\/\/schema.org","@graph":[{"@type":"Article","@id":"https:\/\/aeroportcastello.com\/es\/el-aeropuerto-de-castellon-adjudica-las-obras-de-ampliacion-del-aparcamiento-para-atender-el-incremento-de-usuarios\/#article","isPartOf":{"@id":"https:\/\/aeroportcastello.com\/es\/el-aeropuerto-de-castellon-adjudica-las-obras-de-ampliacion-del-aparcamiento-para-atender-el-incremento-de-usuarios\/"},"author":{"name":"JORDI","@id":"https:\/\/aeroportcastello.com\/es\/#\/schema\/person\/dbe9a5cd8c878b170b9626311b760bbd"},"headline":"El aeropuerto de Castell\u00f3n adjudica las obras de ampliaci\u00f3n del aparcamiento para atender el incremento de usuarios","datePublished":"2024-02-01T10:13:01+00:00","dateModified":"2024-02-01T10:15:51+00:00","mainEntityOfPage":{"@id":"https:\/\/aeroportcastello.com\/es\/el-aeropuerto-de-castellon-adjudica-las-obras-de-ampliacion-del-aparcamiento-para-atender-el-incremento-de-usuarios\/"},"wordCount":292,"publisher":{"@id":"https:\/\/aeroportcastello.com\/es\/#organization"},"articleSection":["Noticias Aeropuerto"],"inLanguage":"es"},{"@type":"WebPage","@id":"https:\/\/aeroportcastello.com\/es\/el-aeropuerto-de-castellon-adjudica-las-obras-de-ampliacion-del-aparcamiento-para-atender-el-incremento-de-usuarios\/","url":"https:\/\/aeroportcastello.com\/es\/el-aeropuerto-de-castellon-adjudica-las-obras-de-ampliacion-del-aparcamiento-para-atender-el-incremento-de-usuarios\/","name":"El aeropuerto de Castell\u00f3n adjudica las obras de ampliaci\u00f3n del aparcamiento para atender el incremento de usuarios - Aeropuerto Castell\u00f3n","isPartOf":{"@id":"https:\/\/aeroportcastello.com\/es\/#website"},"datePublished":"2024-02-01T10:13:01+00:00","dateModified":"2024-02-01T10:15:51+00:00","breadcrumb":{"@id":"https:\/\/aeroportcastello.com\/es\/el-aeropuerto-de-castellon-adjudica-las-obras-de-ampliacion-del-aparcamiento-para-atender-el-incremento-de-usuarios\/#breadcrumb"},"inLanguage":"es","potentialAction":[{"@type":"ReadAction","target":["https:\/\/aeroportcastello.com\/es\/el-aeropuerto-de-castellon-adjudica-las-obras-de-ampliacion-del-aparcamiento-para-atender-el-incremento-de-usuarios\/"]}]},{"@type":"BreadcrumbList","@id":"https:\/\/aeroportcastello.com\/es\/el-aeropuerto-de-castellon-adjudica-las-obras-de-ampliacion-del-aparcamiento-para-atender-el-incremento-de-usuarios\/#breadcrumb","itemListElement":[{"@type":"ListItem","position":1,"name":"Pasajeros","item":"https:\/\/aeroportcastello.com\/es\/"},{"@type":"ListItem","position":2,"name":"El aeropuerto de Castell\u00f3n adjudica las obras de ampliaci\u00f3n del aparcamiento para atender el incremento de usuarios"}]},{"@type":"WebSite","@id":"https:\/\/aeroportcastello.com\/es\/#website","url":"https:\/\/aeroportcastello.com\/es\/","name":"Aeropuerto Castell\u00f3n","description":"Aeropuerto Castell\u00f3n","publisher":{"@id":"https:\/\/aeroportcastello.com\/es\/#organization"},"potentialAction":[{"@type":"SearchAction","target":{"@type":"EntryPoint","urlTemplate":"https:\/\/aeroportcastello.com\/es\/?s={search_term_string}"},"query-input":"required name=search_term_string"}],"inLanguage":"es"},{"@type":"Organization","@id":"https:\/\/aeroportcastello.com\/es\/#organization","name":"Aeropuerto Castell\u00f3n","url":"https:\/\/aeroportcastello.com\/es\/","logo":{"@type":"ImageObject","inLanguage":"es","@id":"https:\/\/aeroportcastello.com\/es\/#\/schema\/logo\/image\/","url":"https:\/\/aeroportcastello.com\/wp-content\/uploads\/2021\/05\/logo_aeroport_castello-1.svg","contentUrl":"https:\/\/aeroportcastello.com\/wp-content\/uploads\/2021\/05\/logo_aeroport_castello-1.svg","width":482.8999999999999772626324556767940521240234375,"height":93.7000000000000028421709430404007434844970703125,"caption":"Aeropuerto Castell\u00f3n"},"image":{"@id":"https:\/\/aeroportcastello.com\/es\/#\/schema\/logo\/image\/"}},{"@type":"Person","@id":"https:\/\/aeroportcastello.com\/es\/#\/schema\/person\/dbe9a5cd8c878b170b9626311b760bbd","name":"JORDI","image":{"@type":"ImageObject","inLanguage":"es","@id":"https:\/\/aeroportcastello.com\/es\/#\/schema\/person\/image\/","url":"https:\/\/secure.gravatar.com\/avatar\/3b270e37d3e82ec6b995a7d26cf97e61?s=96&d=mm&r=g","contentUrl":"https:\/\/secure.gravatar.com\/avatar\/3b270e37d3e82ec6b995a7d26cf97e61?s=96&d=mm&r=g","caption":"JORDI"},"url":"https:\/\/aeroportcastello.com\/es\/author\/jordi\/"}]}},"_links":{"self":[{"href":"https:\/\/aeroportcastello.com\/es\/wp-json\/wp\/v2\/posts\/9131"}],"collection":[{"href":"https:\/\/aeroportcastello.com\/es\/wp-json\/wp\/v2\/posts"}],"about":[{"href":"https:\/\/aeroportcastello.com\/es\/wp-json\/wp\/v2\/types\/post"}],"author":[{"embeddable":true,"href":"https:\/\/aeroportcastello.com\/es\/wp-json\/wp\/v2\/users\/5"}],"replies":[{"embeddable":true,"href":"https:\/\/aeroportcastello.com\/es\/wp-json\/wp\/v2\/comments?post=9131"}],"version-history":[{"count":1,"href":"https:\/\/aeroportcastello.com\/es\/wp-json\/wp\/v2\/posts\/9131\/revisions"}],"predecessor-version":[{"id":9132,"href":"https:\/\/aeroportcastello.com\/es\/wp-json\/wp\/v2\/posts\/9131\/revisions\/9132"}],"wp:featuredmedia":[{"embeddable":true,"href":"https:\/\/aeroportcastello.com\/es\/wp-json\/wp\/v2\/media\/9128"}],"wp:attachment":[{"href":"https:\/\/aeroportcastello.com\/es\/wp-json\/wp\/v2\/media?parent=9131"}],"wp:term":[{"taxonomy":"category","embeddable":true,"href":"https:\/\/aeroportcastello.com\/es\/wp-json\/wp\/v2\/categories?post=9131"},{"taxonomy":"post_tag","embeddable":true,"href":"https:\/\/aeroportcastello.com\/es\/wp-json\/wp\/v2\/tags?post=9131"}],"curies":[{"name":"wp","href":"https:\/\/api.w.org\/{rel}","templated":true}]}}