{"id":7924,"date":"2023-10-15T10:16:52","date_gmt":"2023-10-15T08:16:52","guid":{"rendered":"https:\/\/aeroportcastello.com\/?p=7924"},"modified":"2023-10-15T10:16:52","modified_gmt":"2023-10-15T08:16:52","slug":"el-aeropuerto-de-castellon-promueve-nuevas-oportunidades-de-conexion-aerea-en-la-feria-routes-world-2023","status":"publish","type":"post","link":"https:\/\/aeroportcastello.com\/es\/el-aeropuerto-de-castellon-promueve-nuevas-oportunidades-de-conexion-aerea-en-la-feria-routes-world-2023\/","title":{"rendered":"El aeropuerto de Castell\u00f3n promueve nuevas oportunidades de conexi\u00f3n a\u00e9rea en la feria \u2018Routes World 2023\u2019"},"content":{"rendered":"<p><strong>A lo largo del certamen, que tiene lugar en Estambul, hay programada una veintena de reuniones con representantes de aerol\u00edneas y aeropuertos<\/strong><\/p>\n<p style=\"text-align: justify; text-justify: inter-ideograph; background: white; margin: 0cm 0cm 18.0pt 0cm;\"><span style=\"color: #0c0c0c; background: white;\">El aeropuerto de Castell\u00f3n participa en \u2018Routes World 2023\u2019, la principal feria de conectividad a\u00e9rea del panorama internacional, que tiene lugar entre el 15 y el 17 de octubre en Estambul (Turqu\u00eda). <\/span><\/p>\n<p style=\"text-align: justify; text-justify: inter-ideograph; background: white; margin: 0cm 0cm 18.0pt 0cm;\"><span style=\"color: #0c0c0c; background: white;\">El director general de Costas, Puertos y Aeropuertos de la Conselleria de Medio Ambiente, Agua, Infraestructuras y Territorio, Vicente Mart\u00ednez Mus, ha manifestado la apuesta de la Generalitat por \u201cpotenciar la conectividad del aeropuerto, a fin de atraer m\u00e1s turismo y facilitar la movilidad de los castellonenses\u201d.<\/span><\/p>\n<p style=\"text-align: justify; text-justify: inter-ideograph; background: white; margin: 0cm 0cm 18.0pt 0cm;\"><span style=\"color: black;\">A lo largo del certamen, el aeropuerto tiene programada una veintena de encuentros con profesionales del sector de la aviaci\u00f3n comercial, <\/span><span style=\"color: #0c0c0c;\">con el objetivo de promover nuevas oportunidades de conexi\u00f3n a\u00e9rea que permitan consolidar y reforzar la actual oferta de vuelos.<\/span><\/p>\n<p style=\"text-align: justify; text-justify: inter-ideograph; background: white; margin: 0cm 0cm 18.0pt 0cm;\"><span style=\"color: black;\">Por una parte, se han organizado<\/span><span style=\"color: #0c0c0c;\"> reuniones con diversas aerol\u00edneas encaminadas a profundizar en los contactos que se vienen manteniendo para la apertura de nuevos mercados y el afianzamiento de los existentes.<\/span><\/p>\n<p style=\"text-align: justify; text-justify: inter-ideograph; background: white; margin: 0cm 0cm 18.0pt 0cm;\"><span style=\"color: #0c0c0c;\">As\u00ed mismo, el aeropuerto de Castell\u00f3n mantendr\u00e1 contactos con representantes de aeropuertos con los que ya hay conexi\u00f3n -como los de Budapest, Roma u Oporto- para abordar estrategias conjuntas dirigidas a fomentar la utilizaci\u00f3n de las rutas y contribuir a su consolidaci\u00f3n.<\/span><\/p>\n<p style=\"text-align: justify; text-justify: inter-ideograph; background: white; margin: 0cm 0cm 18.0pt 0cm;\"><span style=\"color: #0c0c0c;\">El aeropuerto de Castell\u00f3n <\/span><span style=\"color: black;\">opera en el presente a\u00f1o el mayor n\u00famero de rutas regulares de su trayectoria, 11 en total, que han supuesto que la infraestructura registre sus cifras de pasajeros m\u00e1s altas. Entre enero y septiembre, se contabilizan m\u00e1s de 232.000 usuarios, lo que ya supone la mejor marca anual del aeropuerto.<\/span><\/p>\n","protected":false},"excerpt":{"rendered":"<p>A lo largo del certamen, que tiene lugar en Estambul, hay programada una veintena de reuniones con representantes de aerol\u00edneas y aeropuertos El aeropuerto de Castell\u00f3n participa en \u2018Routes World 2023\u2019, la principal feria de conectividad a\u00e9rea del panorama internacional, que tiene lugar entre el 15 y el 17 de octubre en Estambul (Turqu\u00eda). El &#8230; <\/p>\n<p class=\"read-more-container\"><a title=\"El aeropuerto de Castell\u00f3n promueve nuevas oportunidades de conexi\u00f3n a\u00e9rea en la feria \u2018Routes World 2023\u2019\" class=\"read-more button\" href=\"https:\/\/aeroportcastello.com\/es\/el-aeropuerto-de-castellon-promueve-nuevas-oportunidades-de-conexion-aerea-en-la-feria-routes-world-2023\/#more-7924\" aria-label=\"Leer m\u00e1s sobre El aeropuerto de Castell\u00f3n promueve nuevas oportunidades de conexi\u00f3n a\u00e9rea en la feria \u2018Routes World 2023\u2019\">Leer m\u00e1s<\/a><\/p>\n","protected":false},"author":1,"featured_media":7928,"comment_status":"closed","ping_status":"closed","sticky":false,"template":"","format":"standard","meta":{"footnotes":""},"categories":[1],"tags":[],"yoast_head":"<!-- This site is optimized with the Yoast SEO plugin v22.0 - https:\/\/yoast.com\/wordpress\/plugins\/seo\/ -->\n<title>El aeropuerto de Castell\u00f3n promueve nuevas oportunidades de conexi\u00f3n a\u00e9rea en la feria \u2018Routes World 2023\u2019 - Aeropuerto Castell\u00f3n<\/title>\n<meta name=\"robots\" content=\"index, follow, max-snippet:-1, max-image-preview:large, max-video-preview:-1\" \/>\n<link rel=\"canonical\" href=\"https:\/\/aeroportcastello.com\/es\/el-aeropuerto-de-castellon-promueve-nuevas-oportunidades-de-conexion-aerea-en-la-feria-routes-world-2023\/\" \/>\n<meta property=\"og:locale\" content=\"es_ES\" \/>\n<meta property=\"og:type\" content=\"article\" \/>\n<meta property=\"og:title\" content=\"El aeropuerto de Castell\u00f3n promueve nuevas oportunidades de conexi\u00f3n a\u00e9rea en la feria \u2018Routes World 2023\u2019 - Aeropuerto Castell\u00f3n\" \/>\n<meta property=\"og:description\" content=\"A lo largo del certamen, que tiene lugar en Estambul, hay programada una veintena de reuniones con representantes de aerol\u00edneas y aeropuertos El aeropuerto de Castell\u00f3n participa en \u2018Routes World 2023\u2019, la principal feria de conectividad a\u00e9rea del panorama internacional, que tiene lugar entre el 15 y el 17 de octubre en Estambul (Turqu\u00eda). El ... Leer m\u00e1s\" \/>\n<meta property=\"og:url\" content=\"https:\/\/aeroportcastello.com\/es\/el-aeropuerto-de-castellon-promueve-nuevas-oportunidades-de-conexion-aerea-en-la-feria-routes-world-2023\/\" \/>\n<meta property=\"og:site_name\" content=\"Aeropuerto Castell\u00f3n\" \/>\n<meta property=\"article:published_time\" content=\"2023-10-15T08:16:52+00:00\" \/>\n<meta property=\"og:image\" content=\"https:\/\/aeroportcastello.com\/wp-content\/uploads\/2023\/10\/foto-scaled.jpg\" \/>\n\t<meta property=\"og:image:width\" content=\"2560\" \/>\n\t<meta property=\"og:image:height\" content=\"1847\" \/>\n\t<meta property=\"og:image:type\" content=\"image\/jpeg\" \/>\n<meta name=\"author\" content=\"admin\" \/>\n<meta name=\"twitter:card\" content=\"summary_large_image\" \/>\n<meta name=\"twitter:label1\" content=\"Escrito por\" \/>\n\t<meta name=\"twitter:data1\" content=\"admin\" \/>\n\t<meta name=\"twitter:label2\" content=\"Tiempo de lectura\" \/>\n\t<meta name=\"twitter:data2\" content=\"2 minutos\" \/>\n<script type=\"application\/ld+json\" class=\"yoast-schema-graph\">{\"@context\":\"https:\/\/schema.org\",\"@graph\":[{\"@type\":\"Article\",\"@id\":\"https:\/\/aeroportcastello.com\/es\/el-aeropuerto-de-castellon-promueve-nuevas-oportunidades-de-conexion-aerea-en-la-feria-routes-world-2023\/#article\",\"isPartOf\":{\"@id\":\"https:\/\/aeroportcastello.com\/es\/el-aeropuerto-de-castellon-promueve-nuevas-oportunidades-de-conexion-aerea-en-la-feria-routes-world-2023\/\"},\"author\":{\"name\":\"admin\",\"@id\":\"https:\/\/aeroportcastello.com\/es\/#\/schema\/person\/6ce30e1beabb48891a1227bcaf9c5afc\"},\"headline\":\"El aeropuerto de Castell\u00f3n promueve nuevas oportunidades de conexi\u00f3n a\u00e9rea en la feria \u2018Routes World 2023\u2019\",\"datePublished\":\"2023-10-15T08:16:52+00:00\",\"dateModified\":\"2023-10-15T08:16:52+00:00\",\"mainEntityOfPage\":{\"@id\":\"https:\/\/aeroportcastello.com\/es\/el-aeropuerto-de-castellon-promueve-nuevas-oportunidades-de-conexion-aerea-en-la-feria-routes-world-2023\/\"},\"wordCount\":302,\"publisher\":{\"@id\":\"https:\/\/aeroportcastello.com\/es\/#organization\"},\"articleSection\":[\"Noticias Aeropuerto\"],\"inLanguage\":\"es\"},{\"@type\":\"WebPage\",\"@id\":\"https:\/\/aeroportcastello.com\/es\/el-aeropuerto-de-castellon-promueve-nuevas-oportunidades-de-conexion-aerea-en-la-feria-routes-world-2023\/\",\"url\":\"https:\/\/aeroportcastello.com\/es\/el-aeropuerto-de-castellon-promueve-nuevas-oportunidades-de-conexion-aerea-en-la-feria-routes-world-2023\/\",\"name\":\"El aeropuerto de Castell\u00f3n promueve nuevas oportunidades de conexi\u00f3n a\u00e9rea en la feria \u2018Routes World 2023\u2019 - Aeropuerto Castell\u00f3n\",\"isPartOf\":{\"@id\":\"https:\/\/aeroportcastello.com\/es\/#website\"},\"datePublished\":\"2023-10-15T08:16:52+00:00\",\"dateModified\":\"2023-10-15T08:16:52+00:00\",\"breadcrumb\":{\"@id\":\"https:\/\/aeroportcastello.com\/es\/el-aeropuerto-de-castellon-promueve-nuevas-oportunidades-de-conexion-aerea-en-la-feria-routes-world-2023\/#breadcrumb\"},\"inLanguage\":\"es\",\"potentialAction\":[{\"@type\":\"ReadAction\",\"target\":[\"https:\/\/aeroportcastello.com\/es\/el-aeropuerto-de-castellon-promueve-nuevas-oportunidades-de-conexion-aerea-en-la-feria-routes-world-2023\/\"]}]},{\"@type\":\"BreadcrumbList\",\"@id\":\"https:\/\/aeroportcastello.com\/es\/el-aeropuerto-de-castellon-promueve-nuevas-oportunidades-de-conexion-aerea-en-la-feria-routes-world-2023\/#breadcrumb\",\"itemListElement\":[{\"@type\":\"ListItem\",\"position\":1,\"name\":\"Pasajeros\",\"item\":\"https:\/\/aeroportcastello.com\/es\/\"},{\"@type\":\"ListItem\",\"position\":2,\"name\":\"El aeropuerto de Castell\u00f3n promueve nuevas oportunidades de conexi\u00f3n a\u00e9rea en la feria \u2018Routes World 2023\u2019\"}]},{\"@type\":\"WebSite\",\"@id\":\"https:\/\/aeroportcastello.com\/es\/#website\",\"url\":\"https:\/\/aeroportcastello.com\/es\/\",\"name\":\"Aeropuerto Castell\u00f3n\",\"description\":\"Aeropuerto Castell\u00f3n\",\"publisher\":{\"@id\":\"https:\/\/aeroportcastello.com\/es\/#organization\"},\"potentialAction\":[{\"@type\":\"SearchAction\",\"target\":{\"@type\":\"EntryPoint\",\"urlTemplate\":\"https:\/\/aeroportcastello.com\/es\/?s={search_term_string}\"},\"query-input\":\"required name=search_term_string\"}],\"inLanguage\":\"es\"},{\"@type\":\"Organization\",\"@id\":\"https:\/\/aeroportcastello.com\/es\/#organization\",\"name\":\"Aeropuerto Castell\u00f3n\",\"url\":\"https:\/\/aeroportcastello.com\/es\/\",\"logo\":{\"@type\":\"ImageObject\",\"inLanguage\":\"es\",\"@id\":\"https:\/\/aeroportcastello.com\/es\/#\/schema\/logo\/image\/\",\"url\":\"https:\/\/aeroportcastello.com\/wp-content\/uploads\/2021\/05\/logo_aeroport_castello-1.svg\",\"contentUrl\":\"https:\/\/aeroportcastello.com\/wp-content\/uploads\/2021\/05\/logo_aeroport_castello-1.svg\",\"width\":482.8999999999999772626324556767940521240234375,\"height\":93.7000000000000028421709430404007434844970703125,\"caption\":\"Aeropuerto Castell\u00f3n\"},\"image\":{\"@id\":\"https:\/\/aeroportcastello.com\/es\/#\/schema\/logo\/image\/\"}},{\"@type\":\"Person\",\"@id\":\"https:\/\/aeroportcastello.com\/es\/#\/schema\/person\/6ce30e1beabb48891a1227bcaf9c5afc\",\"name\":\"admin\",\"image\":{\"@type\":\"ImageObject\",\"inLanguage\":\"es\",\"@id\":\"https:\/\/aeroportcastello.com\/es\/#\/schema\/person\/image\/\",\"url\":\"https:\/\/secure.gravatar.com\/avatar\/49a104bbc10efec0d78dc86b9d8c7ddc?s=96&d=mm&r=g\",\"contentUrl\":\"https:\/\/secure.gravatar.com\/avatar\/49a104bbc10efec0d78dc86b9d8c7ddc?s=96&d=mm&r=g\",\"caption\":\"admin\"},\"sameAs\":[\"https:\/\/aeroportcastello.com\"],\"url\":\"https:\/\/aeroportcastello.com\/es\/author\/adm-nunsys\/\"}]}<\/script>\n<!-- \/ Yoast SEO plugin. -->","yoast_head_json":{"title":"El aeropuerto de Castell\u00f3n promueve nuevas oportunidades de conexi\u00f3n a\u00e9rea en la feria \u2018Routes World 2023\u2019 - Aeropuerto Castell\u00f3n","robots":{"index":"index","follow":"follow","max-snippet":"max-snippet:-1","max-image-preview":"max-image-preview:large","max-video-preview":"max-video-preview:-1"},"canonical":"https:\/\/aeroportcastello.com\/es\/el-aeropuerto-de-castellon-promueve-nuevas-oportunidades-de-conexion-aerea-en-la-feria-routes-world-2023\/","og_locale":"es_ES","og_type":"article","og_title":"El aeropuerto de Castell\u00f3n promueve nuevas oportunidades de conexi\u00f3n a\u00e9rea en la feria \u2018Routes World 2023\u2019 - Aeropuerto Castell\u00f3n","og_description":"A lo largo del certamen, que tiene lugar en Estambul, hay programada una veintena de reuniones con representantes de aerol\u00edneas y aeropuertos El aeropuerto de Castell\u00f3n participa en \u2018Routes World 2023\u2019, la principal feria de conectividad a\u00e9rea del panorama internacional, que tiene lugar entre el 15 y el 17 de octubre en Estambul (Turqu\u00eda). El ... Leer m\u00e1s","og_url":"https:\/\/aeroportcastello.com\/es\/el-aeropuerto-de-castellon-promueve-nuevas-oportunidades-de-conexion-aerea-en-la-feria-routes-world-2023\/","og_site_name":"Aeropuerto Castell\u00f3n","article_published_time":"2023-10-15T08:16:52+00:00","og_image":[{"width":2560,"height":1847,"url":"https:\/\/aeroportcastello.com\/wp-content\/uploads\/2023\/10\/foto-scaled.jpg","type":"image\/jpeg"}],"author":"admin","twitter_card":"summary_large_image","twitter_misc":{"Escrito por":"admin","Tiempo de lectura":"2 minutos"},"schema":{"@context":"https:\/\/schema.org","@graph":[{"@type":"Article","@id":"https:\/\/aeroportcastello.com\/es\/el-aeropuerto-de-castellon-promueve-nuevas-oportunidades-de-conexion-aerea-en-la-feria-routes-world-2023\/#article","isPartOf":{"@id":"https:\/\/aeroportcastello.com\/es\/el-aeropuerto-de-castellon-promueve-nuevas-oportunidades-de-conexion-aerea-en-la-feria-routes-world-2023\/"},"author":{"name":"admin","@id":"https:\/\/aeroportcastello.com\/es\/#\/schema\/person\/6ce30e1beabb48891a1227bcaf9c5afc"},"headline":"El aeropuerto de Castell\u00f3n promueve nuevas oportunidades de conexi\u00f3n a\u00e9rea en la feria \u2018Routes World 2023\u2019","datePublished":"2023-10-15T08:16:52+00:00","dateModified":"2023-10-15T08:16:52+00:00","mainEntityOfPage":{"@id":"https:\/\/aeroportcastello.com\/es\/el-aeropuerto-de-castellon-promueve-nuevas-oportunidades-de-conexion-aerea-en-la-feria-routes-world-2023\/"},"wordCount":302,"publisher":{"@id":"https:\/\/aeroportcastello.com\/es\/#organization"},"articleSection":["Noticias Aeropuerto"],"inLanguage":"es"},{"@type":"WebPage","@id":"https:\/\/aeroportcastello.com\/es\/el-aeropuerto-de-castellon-promueve-nuevas-oportunidades-de-conexion-aerea-en-la-feria-routes-world-2023\/","url":"https:\/\/aeroportcastello.com\/es\/el-aeropuerto-de-castellon-promueve-nuevas-oportunidades-de-conexion-aerea-en-la-feria-routes-world-2023\/","name":"El aeropuerto de Castell\u00f3n promueve nuevas oportunidades de conexi\u00f3n a\u00e9rea en la feria \u2018Routes World 2023\u2019 - Aeropuerto Castell\u00f3n","isPartOf":{"@id":"https:\/\/aeroportcastello.com\/es\/#website"},"datePublished":"2023-10-15T08:16:52+00:00","dateModified":"2023-10-15T08:16:52+00:00","breadcrumb":{"@id":"https:\/\/aeroportcastello.com\/es\/el-aeropuerto-de-castellon-promueve-nuevas-oportunidades-de-conexion-aerea-en-la-feria-routes-world-2023\/#breadcrumb"},"inLanguage":"es","potentialAction":[{"@type":"ReadAction","target":["https:\/\/aeroportcastello.com\/es\/el-aeropuerto-de-castellon-promueve-nuevas-oportunidades-de-conexion-aerea-en-la-feria-routes-world-2023\/"]}]},{"@type":"BreadcrumbList","@id":"https:\/\/aeroportcastello.com\/es\/el-aeropuerto-de-castellon-promueve-nuevas-oportunidades-de-conexion-aerea-en-la-feria-routes-world-2023\/#breadcrumb","itemListElement":[{"@type":"ListItem","position":1,"name":"Pasajeros","item":"https:\/\/aeroportcastello.com\/es\/"},{"@type":"ListItem","position":2,"name":"El aeropuerto de Castell\u00f3n promueve nuevas oportunidades de conexi\u00f3n a\u00e9rea en la feria \u2018Routes World 2023\u2019"}]},{"@type":"WebSite","@id":"https:\/\/aeroportcastello.com\/es\/#website","url":"https:\/\/aeroportcastello.com\/es\/","name":"Aeropuerto Castell\u00f3n","description":"Aeropuerto Castell\u00f3n","publisher":{"@id":"https:\/\/aeroportcastello.com\/es\/#organization"},"potentialAction":[{"@type":"SearchAction","target":{"@type":"EntryPoint","urlTemplate":"https:\/\/aeroportcastello.com\/es\/?s={search_term_string}"},"query-input":"required name=search_term_string"}],"inLanguage":"es"},{"@type":"Organization","@id":"https:\/\/aeroportcastello.com\/es\/#organization","name":"Aeropuerto Castell\u00f3n","url":"https:\/\/aeroportcastello.com\/es\/","logo":{"@type":"ImageObject","inLanguage":"es","@id":"https:\/\/aeroportcastello.com\/es\/#\/schema\/logo\/image\/","url":"https:\/\/aeroportcastello.com\/wp-content\/uploads\/2021\/05\/logo_aeroport_castello-1.svg","contentUrl":"https:\/\/aeroportcastello.com\/wp-content\/uploads\/2021\/05\/logo_aeroport_castello-1.svg","width":482.8999999999999772626324556767940521240234375,"height":93.7000000000000028421709430404007434844970703125,"caption":"Aeropuerto Castell\u00f3n"},"image":{"@id":"https:\/\/aeroportcastello.com\/es\/#\/schema\/logo\/image\/"}},{"@type":"Person","@id":"https:\/\/aeroportcastello.com\/es\/#\/schema\/person\/6ce30e1beabb48891a1227bcaf9c5afc","name":"admin","image":{"@type":"ImageObject","inLanguage":"es","@id":"https:\/\/aeroportcastello.com\/es\/#\/schema\/person\/image\/","url":"https:\/\/secure.gravatar.com\/avatar\/49a104bbc10efec0d78dc86b9d8c7ddc?s=96&d=mm&r=g","contentUrl":"https:\/\/secure.gravatar.com\/avatar\/49a104bbc10efec0d78dc86b9d8c7ddc?s=96&d=mm&r=g","caption":"admin"},"sameAs":["https:\/\/aeroportcastello.com"],"url":"https:\/\/aeroportcastello.com\/es\/author\/adm-nunsys\/"}]}},"_links":{"self":[{"href":"https:\/\/aeroportcastello.com\/es\/wp-json\/wp\/v2\/posts\/7924"}],"collection":[{"href":"https:\/\/aeroportcastello.com\/es\/wp-json\/wp\/v2\/posts"}],"about":[{"href":"https:\/\/aeroportcastello.com\/es\/wp-json\/wp\/v2\/types\/post"}],"author":[{"embeddable":true,"href":"https:\/\/aeroportcastello.com\/es\/wp-json\/wp\/v2\/users\/1"}],"replies":[{"embeddable":true,"href":"https:\/\/aeroportcastello.com\/es\/wp-json\/wp\/v2\/comments?post=7924"}],"version-history":[{"count":1,"href":"https:\/\/aeroportcastello.com\/es\/wp-json\/wp\/v2\/posts\/7924\/revisions"}],"predecessor-version":[{"id":7925,"href":"https:\/\/aeroportcastello.com\/es\/wp-json\/wp\/v2\/posts\/7924\/revisions\/7925"}],"wp:featuredmedia":[{"embeddable":true,"href":"https:\/\/aeroportcastello.com\/es\/wp-json\/wp\/v2\/media\/7928"}],"wp:attachment":[{"href":"https:\/\/aeroportcastello.com\/es\/wp-json\/wp\/v2\/media?parent=7924"}],"wp:term":[{"taxonomy":"category","embeddable":true,"href":"https:\/\/aeroportcastello.com\/es\/wp-json\/wp\/v2\/categories?post=7924"},{"taxonomy":"post_tag","embeddable":true,"href":"https:\/\/aeroportcastello.com\/es\/wp-json\/wp\/v2\/tags?post=7924"}],"curies":[{"name":"wp","href":"https:\/\/api.w.org\/{rel}","templated":true}]}}