{"id":7841,"date":"2023-09-06T13:01:57","date_gmt":"2023-09-06T11:01:57","guid":{"rendered":"https:\/\/aeroportcastello.com\/el-servicio-de-autobus-del-aeropuerto-de-castellon-mantiene-la-conexion-con-valencia-en-septiembre-y-octubre-para-varias-rutas-internacionales\/"},"modified":"2023-09-06T13:20:38","modified_gmt":"2023-09-06T11:20:38","slug":"el-servicio-de-autobus-del-aeropuerto-de-castellon-mantiene-la-conexion-con-valencia-en-septiembre-y-octubre-para-varias-rutas-internacionales","status":"publish","type":"post","link":"https:\/\/aeroportcastello.com\/es\/el-servicio-de-autobus-del-aeropuerto-de-castellon-mantiene-la-conexion-con-valencia-en-septiembre-y-octubre-para-varias-rutas-internacionales\/","title":{"rendered":"El servicio de autob\u00fas del aeropuerto de Castell\u00f3n mantiene la conexi\u00f3n con Valencia en septiembre y octubre para varias rutas internacionales"},"content":{"rendered":"<p><strong>El bus que enlaza con Castell\u00f3 prolonga su recorrido hasta Valencia para atender todos los vuelos de Bruselas, Katowice, Budapest y D\u00fcsseldorf y parte de los de Bucarest y Dubl\u00edn<\/strong><\/p>\n<p>La consellera de Medio Ambiente, Agua, Infraestructuras y Territorio, Salom\u00e9 Pradas, ha anunciado que el servicio de autob\u00fas que conecta el aeropuerto de Castell\u00f3n con la capital de la Plana tambi\u00e9n enlazar\u00e1 con Valencia durante los meses de septiembre y octubre para atender varias de las rutas internacionales.<\/p>\n<p>La titular de Infraestructuras ha destacado que la ampliaci\u00f3n de la conexi\u00f3n en bus hasta Valencia por parte de la empresa de transporte supone \u201cuna mejora sustancial\u201d para el aeropuerto y entronca con el objetivo de ampliar su \u00e1rea de influencia y el potencial de usuarios.<\/p>\n<p>El aeropuerto de Castell\u00f3n dispone de un servicio de autob\u00fas con horario adaptado al de los vuelos que une con la estaci\u00f3n de autobuses de la ciudad de Castell\u00f3, dando cobertura a todos los vuelos regulares (tanto los de ida como los de vuelta) de las once rutas nacionales e internacionales que opera en la actualidad la base castellonense.<\/p>\n<p>La empresa de transporte que gestiona este servicio, Autos Mediterr\u00e1neo, ha ampliado este verano sus prestaciones, conectando tambi\u00e9n con Val\u00e8ncia para el traslado de los pasajeros de varias de las rutas internacionales. \u00a0Este enlace con la capital del Turia se va a mantener en septiembre y octubre para cubrir todos los vuelos de las rutas de Bruselas, Katowice, Budapest y D\u00fcsseldorf. Adem\u00e1s, atender\u00e1 los vuelos de Bucarest de los lunes y viernes y el de Dubl\u00edn de los viernes.<\/p>\n<p>De esta forma, el autob\u00fas conecta con Castell\u00f3 de la Plana para todos los vuelos regulares y alarga su recorrido hasta Valencia (la parada se sit\u00faa en la estaci\u00f3n de autobuses) para los vuelos internacionales indicados.<\/p>\n<p>En todos los casos, la venta de los billetes es <em>online<\/em> a trav\u00e9s de la web de la compa\u00f1\u00eda de autobuses, donde tambi\u00e9n se pueden consultar los horarios.<\/p>\n<p>Adem\u00e1s de este servicio, el aeropuerto de Castell\u00f3n dispone de un autob\u00fas lanzadera que une con la estaci\u00f3n de tren de Torreblanca y permite conectar varias veces al d\u00eda con los servicios de Renfe, facilitando el acceso a las poblaciones situadas en el eje Vinar\u00f2s-Castell\u00f3-Val\u00e8ncia.<\/p>\n<p>Por otra parte, el aeropuerto dispone de servicio de taxi y puntos de alquiler de coches.<\/p>\n","protected":false},"excerpt":{"rendered":"<p>El bus que enlaza con Castell\u00f3 prolonga su recorrido hasta Valencia para atender todos los vuelos de Bruselas, Katowice, Budapest y D\u00fcsseldorf y parte de los de Bucarest y Dubl\u00edn La consellera de Medio Ambiente, Agua, Infraestructuras y Territorio, Salom\u00e9 Pradas, ha anunciado que el servicio de autob\u00fas que conecta el aeropuerto de Castell\u00f3n con &#8230; <\/p>\n<p class=\"read-more-container\"><a title=\"El servicio de autob\u00fas del aeropuerto de Castell\u00f3n mantiene la conexi\u00f3n con Valencia en septiembre y octubre para varias rutas internacionales\" class=\"read-more button\" href=\"https:\/\/aeroportcastello.com\/es\/el-servicio-de-autobus-del-aeropuerto-de-castellon-mantiene-la-conexion-con-valencia-en-septiembre-y-octubre-para-varias-rutas-internacionales\/#more-7841\" aria-label=\"Leer m\u00e1s sobre El servicio de autob\u00fas del aeropuerto de Castell\u00f3n mantiene la conexi\u00f3n con Valencia en septiembre y octubre para varias rutas internacionales\">Leer m\u00e1s<\/a><\/p>\n","protected":false},"author":1,"featured_media":7839,"comment_status":"closed","ping_status":"closed","sticky":false,"template":"","format":"standard","meta":{"footnotes":""},"categories":[1],"tags":[],"yoast_head":"<!-- This site is optimized with the Yoast SEO plugin v22.0 - https:\/\/yoast.com\/wordpress\/plugins\/seo\/ -->\n<title>El servicio de autob\u00fas del aeropuerto de Castell\u00f3n mantiene la conexi\u00f3n con Valencia en septiembre y octubre para varias rutas internacionales - Aeropuerto Castell\u00f3n<\/title>\n<meta name=\"robots\" content=\"index, follow, max-snippet:-1, max-image-preview:large, max-video-preview:-1\" \/>\n<link rel=\"canonical\" href=\"https:\/\/aeroportcastello.com\/es\/el-servicio-de-autobus-del-aeropuerto-de-castellon-mantiene-la-conexion-con-valencia-en-septiembre-y-octubre-para-varias-rutas-internacionales\/\" \/>\n<meta property=\"og:locale\" content=\"es_ES\" \/>\n<meta property=\"og:type\" content=\"article\" \/>\n<meta property=\"og:title\" content=\"El servicio de autob\u00fas del aeropuerto de Castell\u00f3n mantiene la conexi\u00f3n con Valencia en septiembre y octubre para varias rutas internacionales - Aeropuerto Castell\u00f3n\" \/>\n<meta property=\"og:description\" content=\"El bus que enlaza con Castell\u00f3 prolonga su recorrido hasta Valencia para atender todos los vuelos de Bruselas, Katowice, Budapest y D\u00fcsseldorf y parte de los de Bucarest y Dubl\u00edn La consellera de Medio Ambiente, Agua, Infraestructuras y Territorio, Salom\u00e9 Pradas, ha anunciado que el servicio de autob\u00fas que conecta el aeropuerto de Castell\u00f3n con ... Leer m\u00e1s\" \/>\n<meta property=\"og:url\" content=\"https:\/\/aeroportcastello.com\/es\/el-servicio-de-autobus-del-aeropuerto-de-castellon-mantiene-la-conexion-con-valencia-en-septiembre-y-octubre-para-varias-rutas-internacionales\/\" \/>\n<meta property=\"og:site_name\" content=\"Aeropuerto Castell\u00f3n\" \/>\n<meta property=\"article:published_time\" content=\"2023-09-06T11:01:57+00:00\" \/>\n<meta property=\"article:modified_time\" content=\"2023-09-06T11:20:38+00:00\" \/>\n<meta property=\"og:image\" content=\"https:\/\/aeroportcastello.com\/wp-content\/uploads\/2023\/09\/IMG_20230904_091329-scaled.jpg\" \/>\n\t<meta property=\"og:image:width\" content=\"2560\" \/>\n\t<meta property=\"og:image:height\" content=\"1851\" \/>\n\t<meta property=\"og:image:type\" content=\"image\/jpeg\" \/>\n<meta name=\"author\" content=\"admin\" \/>\n<meta name=\"twitter:card\" content=\"summary_large_image\" \/>\n<meta name=\"twitter:label1\" content=\"Escrito por\" \/>\n\t<meta name=\"twitter:data1\" content=\"admin\" \/>\n\t<meta name=\"twitter:label2\" content=\"Tiempo de lectura\" \/>\n\t<meta name=\"twitter:data2\" content=\"3 minutos\" \/>\n<script type=\"application\/ld+json\" class=\"yoast-schema-graph\">{\"@context\":\"https:\/\/schema.org\",\"@graph\":[{\"@type\":\"Article\",\"@id\":\"https:\/\/aeroportcastello.com\/es\/el-servicio-de-autobus-del-aeropuerto-de-castellon-mantiene-la-conexion-con-valencia-en-septiembre-y-octubre-para-varias-rutas-internacionales\/#article\",\"isPartOf\":{\"@id\":\"https:\/\/aeroportcastello.com\/es\/el-servicio-de-autobus-del-aeropuerto-de-castellon-mantiene-la-conexion-con-valencia-en-septiembre-y-octubre-para-varias-rutas-internacionales\/\"},\"author\":{\"name\":\"admin\",\"@id\":\"https:\/\/aeroportcastello.com\/es\/#\/schema\/person\/6ce30e1beabb48891a1227bcaf9c5afc\"},\"headline\":\"El servicio de autob\u00fas del aeropuerto de Castell\u00f3n mantiene la conexi\u00f3n con Valencia en septiembre y octubre para varias rutas internacionales\",\"datePublished\":\"2023-09-06T11:01:57+00:00\",\"dateModified\":\"2023-09-06T11:20:38+00:00\",\"mainEntityOfPage\":{\"@id\":\"https:\/\/aeroportcastello.com\/es\/el-servicio-de-autobus-del-aeropuerto-de-castellon-mantiene-la-conexion-con-valencia-en-septiembre-y-octubre-para-varias-rutas-internacionales\/\"},\"wordCount\":441,\"publisher\":{\"@id\":\"https:\/\/aeroportcastello.com\/es\/#organization\"},\"articleSection\":[\"Noticias Aeropuerto\"],\"inLanguage\":\"es\"},{\"@type\":\"WebPage\",\"@id\":\"https:\/\/aeroportcastello.com\/es\/el-servicio-de-autobus-del-aeropuerto-de-castellon-mantiene-la-conexion-con-valencia-en-septiembre-y-octubre-para-varias-rutas-internacionales\/\",\"url\":\"https:\/\/aeroportcastello.com\/es\/el-servicio-de-autobus-del-aeropuerto-de-castellon-mantiene-la-conexion-con-valencia-en-septiembre-y-octubre-para-varias-rutas-internacionales\/\",\"name\":\"El servicio de autob\u00fas del aeropuerto de Castell\u00f3n mantiene la conexi\u00f3n con Valencia en septiembre y octubre para varias rutas internacionales - Aeropuerto Castell\u00f3n\",\"isPartOf\":{\"@id\":\"https:\/\/aeroportcastello.com\/es\/#website\"},\"datePublished\":\"2023-09-06T11:01:57+00:00\",\"dateModified\":\"2023-09-06T11:20:38+00:00\",\"breadcrumb\":{\"@id\":\"https:\/\/aeroportcastello.com\/es\/el-servicio-de-autobus-del-aeropuerto-de-castellon-mantiene-la-conexion-con-valencia-en-septiembre-y-octubre-para-varias-rutas-internacionales\/#breadcrumb\"},\"inLanguage\":\"es\",\"potentialAction\":[{\"@type\":\"ReadAction\",\"target\":[\"https:\/\/aeroportcastello.com\/es\/el-servicio-de-autobus-del-aeropuerto-de-castellon-mantiene-la-conexion-con-valencia-en-septiembre-y-octubre-para-varias-rutas-internacionales\/\"]}]},{\"@type\":\"BreadcrumbList\",\"@id\":\"https:\/\/aeroportcastello.com\/es\/el-servicio-de-autobus-del-aeropuerto-de-castellon-mantiene-la-conexion-con-valencia-en-septiembre-y-octubre-para-varias-rutas-internacionales\/#breadcrumb\",\"itemListElement\":[{\"@type\":\"ListItem\",\"position\":1,\"name\":\"Pasajeros\",\"item\":\"https:\/\/aeroportcastello.com\/es\/\"},{\"@type\":\"ListItem\",\"position\":2,\"name\":\"El servicio de autob\u00fas del aeropuerto de Castell\u00f3n mantiene la conexi\u00f3n con Valencia en septiembre y octubre para varias rutas internacionales\"}]},{\"@type\":\"WebSite\",\"@id\":\"https:\/\/aeroportcastello.com\/es\/#website\",\"url\":\"https:\/\/aeroportcastello.com\/es\/\",\"name\":\"Aeropuerto Castell\u00f3n\",\"description\":\"Aeropuerto Castell\u00f3n\",\"publisher\":{\"@id\":\"https:\/\/aeroportcastello.com\/es\/#organization\"},\"potentialAction\":[{\"@type\":\"SearchAction\",\"target\":{\"@type\":\"EntryPoint\",\"urlTemplate\":\"https:\/\/aeroportcastello.com\/es\/?s={search_term_string}\"},\"query-input\":\"required name=search_term_string\"}],\"inLanguage\":\"es\"},{\"@type\":\"Organization\",\"@id\":\"https:\/\/aeroportcastello.com\/es\/#organization\",\"name\":\"Aeropuerto Castell\u00f3n\",\"url\":\"https:\/\/aeroportcastello.com\/es\/\",\"logo\":{\"@type\":\"ImageObject\",\"inLanguage\":\"es\",\"@id\":\"https:\/\/aeroportcastello.com\/es\/#\/schema\/logo\/image\/\",\"url\":\"https:\/\/aeroportcastello.com\/wp-content\/uploads\/2021\/05\/logo_aeroport_castello-1.svg\",\"contentUrl\":\"https:\/\/aeroportcastello.com\/wp-content\/uploads\/2021\/05\/logo_aeroport_castello-1.svg\",\"width\":482.8999999999999772626324556767940521240234375,\"height\":93.7000000000000028421709430404007434844970703125,\"caption\":\"Aeropuerto Castell\u00f3n\"},\"image\":{\"@id\":\"https:\/\/aeroportcastello.com\/es\/#\/schema\/logo\/image\/\"}},{\"@type\":\"Person\",\"@id\":\"https:\/\/aeroportcastello.com\/es\/#\/schema\/person\/6ce30e1beabb48891a1227bcaf9c5afc\",\"name\":\"admin\",\"image\":{\"@type\":\"ImageObject\",\"inLanguage\":\"es\",\"@id\":\"https:\/\/aeroportcastello.com\/es\/#\/schema\/person\/image\/\",\"url\":\"https:\/\/secure.gravatar.com\/avatar\/49a104bbc10efec0d78dc86b9d8c7ddc?s=96&d=mm&r=g\",\"contentUrl\":\"https:\/\/secure.gravatar.com\/avatar\/49a104bbc10efec0d78dc86b9d8c7ddc?s=96&d=mm&r=g\",\"caption\":\"admin\"},\"sameAs\":[\"https:\/\/aeroportcastello.com\"],\"url\":\"https:\/\/aeroportcastello.com\/es\/author\/adm-nunsys\/\"}]}<\/script>\n<!-- \/ Yoast SEO plugin. -->","yoast_head_json":{"title":"El servicio de autob\u00fas del aeropuerto de Castell\u00f3n mantiene la conexi\u00f3n con Valencia en septiembre y octubre para varias rutas internacionales - Aeropuerto Castell\u00f3n","robots":{"index":"index","follow":"follow","max-snippet":"max-snippet:-1","max-image-preview":"max-image-preview:large","max-video-preview":"max-video-preview:-1"},"canonical":"https:\/\/aeroportcastello.com\/es\/el-servicio-de-autobus-del-aeropuerto-de-castellon-mantiene-la-conexion-con-valencia-en-septiembre-y-octubre-para-varias-rutas-internacionales\/","og_locale":"es_ES","og_type":"article","og_title":"El servicio de autob\u00fas del aeropuerto de Castell\u00f3n mantiene la conexi\u00f3n con Valencia en septiembre y octubre para varias rutas internacionales - Aeropuerto Castell\u00f3n","og_description":"El bus que enlaza con Castell\u00f3 prolonga su recorrido hasta Valencia para atender todos los vuelos de Bruselas, Katowice, Budapest y D\u00fcsseldorf y parte de los de Bucarest y Dubl\u00edn La consellera de Medio Ambiente, Agua, Infraestructuras y Territorio, Salom\u00e9 Pradas, ha anunciado que el servicio de autob\u00fas que conecta el aeropuerto de Castell\u00f3n con ... Leer m\u00e1s","og_url":"https:\/\/aeroportcastello.com\/es\/el-servicio-de-autobus-del-aeropuerto-de-castellon-mantiene-la-conexion-con-valencia-en-septiembre-y-octubre-para-varias-rutas-internacionales\/","og_site_name":"Aeropuerto Castell\u00f3n","article_published_time":"2023-09-06T11:01:57+00:00","article_modified_time":"2023-09-06T11:20:38+00:00","og_image":[{"width":2560,"height":1851,"url":"https:\/\/aeroportcastello.com\/wp-content\/uploads\/2023\/09\/IMG_20230904_091329-scaled.jpg","type":"image\/jpeg"}],"author":"admin","twitter_card":"summary_large_image","twitter_misc":{"Escrito por":"admin","Tiempo de lectura":"3 minutos"},"schema":{"@context":"https:\/\/schema.org","@graph":[{"@type":"Article","@id":"https:\/\/aeroportcastello.com\/es\/el-servicio-de-autobus-del-aeropuerto-de-castellon-mantiene-la-conexion-con-valencia-en-septiembre-y-octubre-para-varias-rutas-internacionales\/#article","isPartOf":{"@id":"https:\/\/aeroportcastello.com\/es\/el-servicio-de-autobus-del-aeropuerto-de-castellon-mantiene-la-conexion-con-valencia-en-septiembre-y-octubre-para-varias-rutas-internacionales\/"},"author":{"name":"admin","@id":"https:\/\/aeroportcastello.com\/es\/#\/schema\/person\/6ce30e1beabb48891a1227bcaf9c5afc"},"headline":"El servicio de autob\u00fas del aeropuerto de Castell\u00f3n mantiene la conexi\u00f3n con Valencia en septiembre y octubre para varias rutas internacionales","datePublished":"2023-09-06T11:01:57+00:00","dateModified":"2023-09-06T11:20:38+00:00","mainEntityOfPage":{"@id":"https:\/\/aeroportcastello.com\/es\/el-servicio-de-autobus-del-aeropuerto-de-castellon-mantiene-la-conexion-con-valencia-en-septiembre-y-octubre-para-varias-rutas-internacionales\/"},"wordCount":441,"publisher":{"@id":"https:\/\/aeroportcastello.com\/es\/#organization"},"articleSection":["Noticias Aeropuerto"],"inLanguage":"es"},{"@type":"WebPage","@id":"https:\/\/aeroportcastello.com\/es\/el-servicio-de-autobus-del-aeropuerto-de-castellon-mantiene-la-conexion-con-valencia-en-septiembre-y-octubre-para-varias-rutas-internacionales\/","url":"https:\/\/aeroportcastello.com\/es\/el-servicio-de-autobus-del-aeropuerto-de-castellon-mantiene-la-conexion-con-valencia-en-septiembre-y-octubre-para-varias-rutas-internacionales\/","name":"El servicio de autob\u00fas del aeropuerto de Castell\u00f3n mantiene la conexi\u00f3n con Valencia en septiembre y octubre para varias rutas internacionales - Aeropuerto Castell\u00f3n","isPartOf":{"@id":"https:\/\/aeroportcastello.com\/es\/#website"},"datePublished":"2023-09-06T11:01:57+00:00","dateModified":"2023-09-06T11:20:38+00:00","breadcrumb":{"@id":"https:\/\/aeroportcastello.com\/es\/el-servicio-de-autobus-del-aeropuerto-de-castellon-mantiene-la-conexion-con-valencia-en-septiembre-y-octubre-para-varias-rutas-internacionales\/#breadcrumb"},"inLanguage":"es","potentialAction":[{"@type":"ReadAction","target":["https:\/\/aeroportcastello.com\/es\/el-servicio-de-autobus-del-aeropuerto-de-castellon-mantiene-la-conexion-con-valencia-en-septiembre-y-octubre-para-varias-rutas-internacionales\/"]}]},{"@type":"BreadcrumbList","@id":"https:\/\/aeroportcastello.com\/es\/el-servicio-de-autobus-del-aeropuerto-de-castellon-mantiene-la-conexion-con-valencia-en-septiembre-y-octubre-para-varias-rutas-internacionales\/#breadcrumb","itemListElement":[{"@type":"ListItem","position":1,"name":"Pasajeros","item":"https:\/\/aeroportcastello.com\/es\/"},{"@type":"ListItem","position":2,"name":"El servicio de autob\u00fas del aeropuerto de Castell\u00f3n mantiene la conexi\u00f3n con Valencia en septiembre y octubre para varias rutas internacionales"}]},{"@type":"WebSite","@id":"https:\/\/aeroportcastello.com\/es\/#website","url":"https:\/\/aeroportcastello.com\/es\/","name":"Aeropuerto Castell\u00f3n","description":"Aeropuerto Castell\u00f3n","publisher":{"@id":"https:\/\/aeroportcastello.com\/es\/#organization"},"potentialAction":[{"@type":"SearchAction","target":{"@type":"EntryPoint","urlTemplate":"https:\/\/aeroportcastello.com\/es\/?s={search_term_string}"},"query-input":"required name=search_term_string"}],"inLanguage":"es"},{"@type":"Organization","@id":"https:\/\/aeroportcastello.com\/es\/#organization","name":"Aeropuerto Castell\u00f3n","url":"https:\/\/aeroportcastello.com\/es\/","logo":{"@type":"ImageObject","inLanguage":"es","@id":"https:\/\/aeroportcastello.com\/es\/#\/schema\/logo\/image\/","url":"https:\/\/aeroportcastello.com\/wp-content\/uploads\/2021\/05\/logo_aeroport_castello-1.svg","contentUrl":"https:\/\/aeroportcastello.com\/wp-content\/uploads\/2021\/05\/logo_aeroport_castello-1.svg","width":482.8999999999999772626324556767940521240234375,"height":93.7000000000000028421709430404007434844970703125,"caption":"Aeropuerto Castell\u00f3n"},"image":{"@id":"https:\/\/aeroportcastello.com\/es\/#\/schema\/logo\/image\/"}},{"@type":"Person","@id":"https:\/\/aeroportcastello.com\/es\/#\/schema\/person\/6ce30e1beabb48891a1227bcaf9c5afc","name":"admin","image":{"@type":"ImageObject","inLanguage":"es","@id":"https:\/\/aeroportcastello.com\/es\/#\/schema\/person\/image\/","url":"https:\/\/secure.gravatar.com\/avatar\/49a104bbc10efec0d78dc86b9d8c7ddc?s=96&d=mm&r=g","contentUrl":"https:\/\/secure.gravatar.com\/avatar\/49a104bbc10efec0d78dc86b9d8c7ddc?s=96&d=mm&r=g","caption":"admin"},"sameAs":["https:\/\/aeroportcastello.com"],"url":"https:\/\/aeroportcastello.com\/es\/author\/adm-nunsys\/"}]}},"_links":{"self":[{"href":"https:\/\/aeroportcastello.com\/es\/wp-json\/wp\/v2\/posts\/7841"}],"collection":[{"href":"https:\/\/aeroportcastello.com\/es\/wp-json\/wp\/v2\/posts"}],"about":[{"href":"https:\/\/aeroportcastello.com\/es\/wp-json\/wp\/v2\/types\/post"}],"author":[{"embeddable":true,"href":"https:\/\/aeroportcastello.com\/es\/wp-json\/wp\/v2\/users\/1"}],"replies":[{"embeddable":true,"href":"https:\/\/aeroportcastello.com\/es\/wp-json\/wp\/v2\/comments?post=7841"}],"version-history":[{"count":2,"href":"https:\/\/aeroportcastello.com\/es\/wp-json\/wp\/v2\/posts\/7841\/revisions"}],"predecessor-version":[{"id":7844,"href":"https:\/\/aeroportcastello.com\/es\/wp-json\/wp\/v2\/posts\/7841\/revisions\/7844"}],"wp:featuredmedia":[{"embeddable":true,"href":"https:\/\/aeroportcastello.com\/es\/wp-json\/wp\/v2\/media\/7839"}],"wp:attachment":[{"href":"https:\/\/aeroportcastello.com\/es\/wp-json\/wp\/v2\/media?parent=7841"}],"wp:term":[{"taxonomy":"category","embeddable":true,"href":"https:\/\/aeroportcastello.com\/es\/wp-json\/wp\/v2\/categories?post=7841"},{"taxonomy":"post_tag","embeddable":true,"href":"https:\/\/aeroportcastello.com\/es\/wp-json\/wp\/v2\/tags?post=7841"}],"curies":[{"name":"wp","href":"https:\/\/api.w.org\/{rel}","templated":true}]}}