{"id":7261,"date":"2023-06-24T08:54:05","date_gmt":"2023-06-24T06:54:05","guid":{"rendered":"https:\/\/aeroportcastello.com\/el-servicio-de-autobus-del-aeropuerto-de-castellon-conectara-tambien-con-valencia-en-julio-y-agosto-para-los-vuelos-de-cinco-rutas-internacionales\/"},"modified":"2023-06-24T08:54:44","modified_gmt":"2023-06-24T06:54:44","slug":"el-servicio-de-autobus-del-aeropuerto-de-castellon-conectara-tambien-con-valencia-en-julio-y-agosto-para-los-vuelos-de-cinco-rutas-internacionales","status":"publish","type":"post","link":"https:\/\/aeroportcastello.com\/es\/el-servicio-de-autobus-del-aeropuerto-de-castellon-conectara-tambien-con-valencia-en-julio-y-agosto-para-los-vuelos-de-cinco-rutas-internacionales\/","title":{"rendered":"El servicio de autob\u00fas del aeropuerto de Castell\u00f3n conectar\u00e1 tambi\u00e9n con Val\u00e8ncia en julio y agosto para los vuelos de cinco rutas internacionales"},"content":{"rendered":"<p><strong>El bus que enlaza con Castell\u00f3 prolongar\u00e1 su recorrido hasta Val\u00e8ncia para los vuelos de Bruselas, Bucarest, Katowice, Budapest y D\u00fcsseldorf<\/strong><\/p>\n<p>El servicio de autob\u00fas del aeropuerto de Castell\u00f3n que conecta con la capital de la Plana enlazar\u00e1 tambi\u00e9n con la ciudad de Val\u00e8ncia en los meses de julio y agosto para atender la demanda de los pasajeros de cinco de las actuales rutas internacionales.<\/p>\n<p>El aeropuerto de Castell\u00f3n dispone de un servicio discrecional de autob\u00fas, con horario adaptado al de los vuelos, que conecta el aeropuerto con la estaci\u00f3n de autobuses de la ciudad de Castell\u00f3. Dicho servicio, gestionado por la compa\u00f1\u00eda Autos Mediterr\u00e1neo, cubre todos los vuelos (tanto los de ida como los de vuelta) de las once rutas que opera en la actualidad la base castellonense.<\/p>\n<p>La empresa de transporte va a ampliar su cobertura este verano y conectar\u00e1 en julio y agosto tambi\u00e9n con Val\u00e8ncia (la parada se sit\u00faa en la estaci\u00f3n de autobuses) para dar servicio a los pasajeros de las rutas de Bruselas, Bucarest, Katowice, Budapest y D\u00fcsseldorf. As\u00ed, los viajeros de estos vuelos podr\u00e1n acceder al aeropuerto desde la capital del Turia y lo mismo en sentido inverso.<\/p>\n<p>De esta forma, el servicio de autob\u00fas discrecional enlazar\u00e1 con Castell\u00f3 de la Plana para los vuelos de todas las rutas regulares y prolongar\u00e1 el trayecto hasta Val\u00e8ncia para los vuelos de cinco de estas conexiones.<\/p>\n<p>En todos los casos, la venta de los billetes es <em>online<\/em> a trav\u00e9s de la web de la compa\u00f1\u00eda de autobuses, donde tambi\u00e9n se pueden consultar los horarios.<\/p>\n<p>Adem\u00e1s de este servicio discrecional, el aeropuerto de Castell\u00f3n dispone de un autob\u00fas lanzadera que une con la estaci\u00f3n de tren de Torreblanca y permite conectar con los servicios de Renfe, facilitando el acceso a las poblaciones situadas en el eje Vinar\u00f2s-Castell\u00f3-Val\u00e8ncia.<\/p>\n<p>Por otra parte, el aeropuerto dispone de servicio de taxi y puntos de alquiler de coches.<\/p>\n","protected":false},"excerpt":{"rendered":"<p>El bus que enlaza con Castell\u00f3 prolongar\u00e1 su recorrido hasta Val\u00e8ncia para los vuelos de Bruselas, Bucarest, Katowice, Budapest y D\u00fcsseldorf El servicio de autob\u00fas del aeropuerto de Castell\u00f3n que conecta con la capital de la Plana enlazar\u00e1 tambi\u00e9n con la ciudad de Val\u00e8ncia en los meses de julio y agosto para atender la demanda &#8230; <\/p>\n<p class=\"read-more-container\"><a title=\"El servicio de autob\u00fas del aeropuerto de Castell\u00f3n conectar\u00e1 tambi\u00e9n con Val\u00e8ncia en julio y agosto para los vuelos de cinco rutas internacionales\" class=\"read-more button\" href=\"https:\/\/aeroportcastello.com\/es\/el-servicio-de-autobus-del-aeropuerto-de-castellon-conectara-tambien-con-valencia-en-julio-y-agosto-para-los-vuelos-de-cinco-rutas-internacionales\/#more-7261\" aria-label=\"Leer m\u00e1s sobre El servicio de autob\u00fas del aeropuerto de Castell\u00f3n conectar\u00e1 tambi\u00e9n con Val\u00e8ncia en julio y agosto para los vuelos de cinco rutas internacionales\">Leer m\u00e1s<\/a><\/p>\n","protected":false},"author":1,"featured_media":7246,"comment_status":"closed","ping_status":"closed","sticky":false,"template":"","format":"standard","meta":{"footnotes":""},"categories":[1],"tags":[],"yoast_head":"<!-- This site is optimized with the Yoast SEO plugin v22.0 - https:\/\/yoast.com\/wordpress\/plugins\/seo\/ -->\n<title>El servicio de autob\u00fas del aeropuerto de Castell\u00f3n conectar\u00e1 tambi\u00e9n con Val\u00e8ncia en julio y agosto para los vuelos de cinco rutas internacionales - Aeropuerto Castell\u00f3n<\/title>\n<meta name=\"robots\" content=\"index, follow, max-snippet:-1, max-image-preview:large, max-video-preview:-1\" \/>\n<link rel=\"canonical\" href=\"https:\/\/aeroportcastello.com\/es\/el-servicio-de-autobus-del-aeropuerto-de-castellon-conectara-tambien-con-valencia-en-julio-y-agosto-para-los-vuelos-de-cinco-rutas-internacionales\/\" \/>\n<meta property=\"og:locale\" content=\"es_ES\" \/>\n<meta property=\"og:type\" content=\"article\" \/>\n<meta property=\"og:title\" content=\"El servicio de autob\u00fas del aeropuerto de Castell\u00f3n conectar\u00e1 tambi\u00e9n con Val\u00e8ncia en julio y agosto para los vuelos de cinco rutas internacionales - Aeropuerto Castell\u00f3n\" \/>\n<meta property=\"og:description\" content=\"El bus que enlaza con Castell\u00f3 prolongar\u00e1 su recorrido hasta Val\u00e8ncia para los vuelos de Bruselas, Bucarest, Katowice, Budapest y D\u00fcsseldorf El servicio de autob\u00fas del aeropuerto de Castell\u00f3n que conecta con la capital de la Plana enlazar\u00e1 tambi\u00e9n con la ciudad de Val\u00e8ncia en los meses de julio y agosto para atender la demanda ... Leer m\u00e1s\" \/>\n<meta property=\"og:url\" content=\"https:\/\/aeroportcastello.com\/es\/el-servicio-de-autobus-del-aeropuerto-de-castellon-conectara-tambien-con-valencia-en-julio-y-agosto-para-los-vuelos-de-cinco-rutas-internacionales\/\" \/>\n<meta property=\"og:site_name\" content=\"Aeropuerto Castell\u00f3n\" \/>\n<meta property=\"article:published_time\" content=\"2023-06-24T06:54:05+00:00\" \/>\n<meta property=\"article:modified_time\" content=\"2023-06-24T06:54:44+00:00\" \/>\n<meta property=\"og:image\" content=\"https:\/\/aeroportcastello.com\/wp-content\/uploads\/2023\/06\/IMG_20230523_134240-scaled.jpg\" \/>\n\t<meta property=\"og:image:width\" content=\"2560\" \/>\n\t<meta property=\"og:image:height\" content=\"1952\" \/>\n\t<meta property=\"og:image:type\" content=\"image\/jpeg\" \/>\n<meta name=\"author\" content=\"admin\" \/>\n<meta name=\"twitter:card\" content=\"summary_large_image\" \/>\n<meta name=\"twitter:label1\" content=\"Escrito por\" \/>\n\t<meta name=\"twitter:data1\" content=\"admin\" \/>\n\t<meta name=\"twitter:label2\" content=\"Tiempo de lectura\" \/>\n\t<meta name=\"twitter:data2\" content=\"2 minutos\" \/>\n<script type=\"application\/ld+json\" class=\"yoast-schema-graph\">{\"@context\":\"https:\/\/schema.org\",\"@graph\":[{\"@type\":\"Article\",\"@id\":\"https:\/\/aeroportcastello.com\/es\/el-servicio-de-autobus-del-aeropuerto-de-castellon-conectara-tambien-con-valencia-en-julio-y-agosto-para-los-vuelos-de-cinco-rutas-internacionales\/#article\",\"isPartOf\":{\"@id\":\"https:\/\/aeroportcastello.com\/es\/el-servicio-de-autobus-del-aeropuerto-de-castellon-conectara-tambien-con-valencia-en-julio-y-agosto-para-los-vuelos-de-cinco-rutas-internacionales\/\"},\"author\":{\"name\":\"admin\",\"@id\":\"https:\/\/aeroportcastello.com\/es\/#\/schema\/person\/6ce30e1beabb48891a1227bcaf9c5afc\"},\"headline\":\"El servicio de autob\u00fas del aeropuerto de Castell\u00f3n conectar\u00e1 tambi\u00e9n con Val\u00e8ncia en julio y agosto para los vuelos de cinco rutas internacionales\",\"datePublished\":\"2023-06-24T06:54:05+00:00\",\"dateModified\":\"2023-06-24T06:54:44+00:00\",\"mainEntityOfPage\":{\"@id\":\"https:\/\/aeroportcastello.com\/es\/el-servicio-de-autobus-del-aeropuerto-de-castellon-conectara-tambien-con-valencia-en-julio-y-agosto-para-los-vuelos-de-cinco-rutas-internacionales\/\"},\"wordCount\":373,\"publisher\":{\"@id\":\"https:\/\/aeroportcastello.com\/es\/#organization\"},\"articleSection\":[\"Noticias Aeropuerto\"],\"inLanguage\":\"es\"},{\"@type\":\"WebPage\",\"@id\":\"https:\/\/aeroportcastello.com\/es\/el-servicio-de-autobus-del-aeropuerto-de-castellon-conectara-tambien-con-valencia-en-julio-y-agosto-para-los-vuelos-de-cinco-rutas-internacionales\/\",\"url\":\"https:\/\/aeroportcastello.com\/es\/el-servicio-de-autobus-del-aeropuerto-de-castellon-conectara-tambien-con-valencia-en-julio-y-agosto-para-los-vuelos-de-cinco-rutas-internacionales\/\",\"name\":\"El servicio de autob\u00fas del aeropuerto de Castell\u00f3n conectar\u00e1 tambi\u00e9n con Val\u00e8ncia en julio y agosto para los vuelos de cinco rutas internacionales - Aeropuerto Castell\u00f3n\",\"isPartOf\":{\"@id\":\"https:\/\/aeroportcastello.com\/es\/#website\"},\"datePublished\":\"2023-06-24T06:54:05+00:00\",\"dateModified\":\"2023-06-24T06:54:44+00:00\",\"breadcrumb\":{\"@id\":\"https:\/\/aeroportcastello.com\/es\/el-servicio-de-autobus-del-aeropuerto-de-castellon-conectara-tambien-con-valencia-en-julio-y-agosto-para-los-vuelos-de-cinco-rutas-internacionales\/#breadcrumb\"},\"inLanguage\":\"es\",\"potentialAction\":[{\"@type\":\"ReadAction\",\"target\":[\"https:\/\/aeroportcastello.com\/es\/el-servicio-de-autobus-del-aeropuerto-de-castellon-conectara-tambien-con-valencia-en-julio-y-agosto-para-los-vuelos-de-cinco-rutas-internacionales\/\"]}]},{\"@type\":\"BreadcrumbList\",\"@id\":\"https:\/\/aeroportcastello.com\/es\/el-servicio-de-autobus-del-aeropuerto-de-castellon-conectara-tambien-con-valencia-en-julio-y-agosto-para-los-vuelos-de-cinco-rutas-internacionales\/#breadcrumb\",\"itemListElement\":[{\"@type\":\"ListItem\",\"position\":1,\"name\":\"Pasajeros\",\"item\":\"https:\/\/aeroportcastello.com\/es\/\"},{\"@type\":\"ListItem\",\"position\":2,\"name\":\"El servicio de autob\u00fas del aeropuerto de Castell\u00f3n conectar\u00e1 tambi\u00e9n con Val\u00e8ncia en julio y agosto para los vuelos de cinco rutas internacionales\"}]},{\"@type\":\"WebSite\",\"@id\":\"https:\/\/aeroportcastello.com\/es\/#website\",\"url\":\"https:\/\/aeroportcastello.com\/es\/\",\"name\":\"Aeropuerto Castell\u00f3n\",\"description\":\"Aeropuerto Castell\u00f3n\",\"publisher\":{\"@id\":\"https:\/\/aeroportcastello.com\/es\/#organization\"},\"potentialAction\":[{\"@type\":\"SearchAction\",\"target\":{\"@type\":\"EntryPoint\",\"urlTemplate\":\"https:\/\/aeroportcastello.com\/es\/?s={search_term_string}\"},\"query-input\":\"required name=search_term_string\"}],\"inLanguage\":\"es\"},{\"@type\":\"Organization\",\"@id\":\"https:\/\/aeroportcastello.com\/es\/#organization\",\"name\":\"Aeropuerto Castell\u00f3n\",\"url\":\"https:\/\/aeroportcastello.com\/es\/\",\"logo\":{\"@type\":\"ImageObject\",\"inLanguage\":\"es\",\"@id\":\"https:\/\/aeroportcastello.com\/es\/#\/schema\/logo\/image\/\",\"url\":\"https:\/\/aeroportcastello.com\/wp-content\/uploads\/2021\/05\/logo_aeroport_castello-1.svg\",\"contentUrl\":\"https:\/\/aeroportcastello.com\/wp-content\/uploads\/2021\/05\/logo_aeroport_castello-1.svg\",\"width\":482.8999999999999772626324556767940521240234375,\"height\":93.7000000000000028421709430404007434844970703125,\"caption\":\"Aeropuerto Castell\u00f3n\"},\"image\":{\"@id\":\"https:\/\/aeroportcastello.com\/es\/#\/schema\/logo\/image\/\"}},{\"@type\":\"Person\",\"@id\":\"https:\/\/aeroportcastello.com\/es\/#\/schema\/person\/6ce30e1beabb48891a1227bcaf9c5afc\",\"name\":\"admin\",\"image\":{\"@type\":\"ImageObject\",\"inLanguage\":\"es\",\"@id\":\"https:\/\/aeroportcastello.com\/es\/#\/schema\/person\/image\/\",\"url\":\"https:\/\/secure.gravatar.com\/avatar\/49a104bbc10efec0d78dc86b9d8c7ddc?s=96&d=mm&r=g\",\"contentUrl\":\"https:\/\/secure.gravatar.com\/avatar\/49a104bbc10efec0d78dc86b9d8c7ddc?s=96&d=mm&r=g\",\"caption\":\"admin\"},\"sameAs\":[\"https:\/\/aeroportcastello.com\"],\"url\":\"https:\/\/aeroportcastello.com\/es\/author\/adm-nunsys\/\"}]}<\/script>\n<!-- \/ Yoast SEO plugin. -->","yoast_head_json":{"title":"El servicio de autob\u00fas del aeropuerto de Castell\u00f3n conectar\u00e1 tambi\u00e9n con Val\u00e8ncia en julio y agosto para los vuelos de cinco rutas internacionales - Aeropuerto Castell\u00f3n","robots":{"index":"index","follow":"follow","max-snippet":"max-snippet:-1","max-image-preview":"max-image-preview:large","max-video-preview":"max-video-preview:-1"},"canonical":"https:\/\/aeroportcastello.com\/es\/el-servicio-de-autobus-del-aeropuerto-de-castellon-conectara-tambien-con-valencia-en-julio-y-agosto-para-los-vuelos-de-cinco-rutas-internacionales\/","og_locale":"es_ES","og_type":"article","og_title":"El servicio de autob\u00fas del aeropuerto de Castell\u00f3n conectar\u00e1 tambi\u00e9n con Val\u00e8ncia en julio y agosto para los vuelos de cinco rutas internacionales - Aeropuerto Castell\u00f3n","og_description":"El bus que enlaza con Castell\u00f3 prolongar\u00e1 su recorrido hasta Val\u00e8ncia para los vuelos de Bruselas, Bucarest, Katowice, Budapest y D\u00fcsseldorf El servicio de autob\u00fas del aeropuerto de Castell\u00f3n que conecta con la capital de la Plana enlazar\u00e1 tambi\u00e9n con la ciudad de Val\u00e8ncia en los meses de julio y agosto para atender la demanda ... Leer m\u00e1s","og_url":"https:\/\/aeroportcastello.com\/es\/el-servicio-de-autobus-del-aeropuerto-de-castellon-conectara-tambien-con-valencia-en-julio-y-agosto-para-los-vuelos-de-cinco-rutas-internacionales\/","og_site_name":"Aeropuerto Castell\u00f3n","article_published_time":"2023-06-24T06:54:05+00:00","article_modified_time":"2023-06-24T06:54:44+00:00","og_image":[{"width":2560,"height":1952,"url":"https:\/\/aeroportcastello.com\/wp-content\/uploads\/2023\/06\/IMG_20230523_134240-scaled.jpg","type":"image\/jpeg"}],"author":"admin","twitter_card":"summary_large_image","twitter_misc":{"Escrito por":"admin","Tiempo de lectura":"2 minutos"},"schema":{"@context":"https:\/\/schema.org","@graph":[{"@type":"Article","@id":"https:\/\/aeroportcastello.com\/es\/el-servicio-de-autobus-del-aeropuerto-de-castellon-conectara-tambien-con-valencia-en-julio-y-agosto-para-los-vuelos-de-cinco-rutas-internacionales\/#article","isPartOf":{"@id":"https:\/\/aeroportcastello.com\/es\/el-servicio-de-autobus-del-aeropuerto-de-castellon-conectara-tambien-con-valencia-en-julio-y-agosto-para-los-vuelos-de-cinco-rutas-internacionales\/"},"author":{"name":"admin","@id":"https:\/\/aeroportcastello.com\/es\/#\/schema\/person\/6ce30e1beabb48891a1227bcaf9c5afc"},"headline":"El servicio de autob\u00fas del aeropuerto de Castell\u00f3n conectar\u00e1 tambi\u00e9n con Val\u00e8ncia en julio y agosto para los vuelos de cinco rutas internacionales","datePublished":"2023-06-24T06:54:05+00:00","dateModified":"2023-06-24T06:54:44+00:00","mainEntityOfPage":{"@id":"https:\/\/aeroportcastello.com\/es\/el-servicio-de-autobus-del-aeropuerto-de-castellon-conectara-tambien-con-valencia-en-julio-y-agosto-para-los-vuelos-de-cinco-rutas-internacionales\/"},"wordCount":373,"publisher":{"@id":"https:\/\/aeroportcastello.com\/es\/#organization"},"articleSection":["Noticias Aeropuerto"],"inLanguage":"es"},{"@type":"WebPage","@id":"https:\/\/aeroportcastello.com\/es\/el-servicio-de-autobus-del-aeropuerto-de-castellon-conectara-tambien-con-valencia-en-julio-y-agosto-para-los-vuelos-de-cinco-rutas-internacionales\/","url":"https:\/\/aeroportcastello.com\/es\/el-servicio-de-autobus-del-aeropuerto-de-castellon-conectara-tambien-con-valencia-en-julio-y-agosto-para-los-vuelos-de-cinco-rutas-internacionales\/","name":"El servicio de autob\u00fas del aeropuerto de Castell\u00f3n conectar\u00e1 tambi\u00e9n con Val\u00e8ncia en julio y agosto para los vuelos de cinco rutas internacionales - Aeropuerto Castell\u00f3n","isPartOf":{"@id":"https:\/\/aeroportcastello.com\/es\/#website"},"datePublished":"2023-06-24T06:54:05+00:00","dateModified":"2023-06-24T06:54:44+00:00","breadcrumb":{"@id":"https:\/\/aeroportcastello.com\/es\/el-servicio-de-autobus-del-aeropuerto-de-castellon-conectara-tambien-con-valencia-en-julio-y-agosto-para-los-vuelos-de-cinco-rutas-internacionales\/#breadcrumb"},"inLanguage":"es","potentialAction":[{"@type":"ReadAction","target":["https:\/\/aeroportcastello.com\/es\/el-servicio-de-autobus-del-aeropuerto-de-castellon-conectara-tambien-con-valencia-en-julio-y-agosto-para-los-vuelos-de-cinco-rutas-internacionales\/"]}]},{"@type":"BreadcrumbList","@id":"https:\/\/aeroportcastello.com\/es\/el-servicio-de-autobus-del-aeropuerto-de-castellon-conectara-tambien-con-valencia-en-julio-y-agosto-para-los-vuelos-de-cinco-rutas-internacionales\/#breadcrumb","itemListElement":[{"@type":"ListItem","position":1,"name":"Pasajeros","item":"https:\/\/aeroportcastello.com\/es\/"},{"@type":"ListItem","position":2,"name":"El servicio de autob\u00fas del aeropuerto de Castell\u00f3n conectar\u00e1 tambi\u00e9n con Val\u00e8ncia en julio y agosto para los vuelos de cinco rutas internacionales"}]},{"@type":"WebSite","@id":"https:\/\/aeroportcastello.com\/es\/#website","url":"https:\/\/aeroportcastello.com\/es\/","name":"Aeropuerto Castell\u00f3n","description":"Aeropuerto Castell\u00f3n","publisher":{"@id":"https:\/\/aeroportcastello.com\/es\/#organization"},"potentialAction":[{"@type":"SearchAction","target":{"@type":"EntryPoint","urlTemplate":"https:\/\/aeroportcastello.com\/es\/?s={search_term_string}"},"query-input":"required name=search_term_string"}],"inLanguage":"es"},{"@type":"Organization","@id":"https:\/\/aeroportcastello.com\/es\/#organization","name":"Aeropuerto Castell\u00f3n","url":"https:\/\/aeroportcastello.com\/es\/","logo":{"@type":"ImageObject","inLanguage":"es","@id":"https:\/\/aeroportcastello.com\/es\/#\/schema\/logo\/image\/","url":"https:\/\/aeroportcastello.com\/wp-content\/uploads\/2021\/05\/logo_aeroport_castello-1.svg","contentUrl":"https:\/\/aeroportcastello.com\/wp-content\/uploads\/2021\/05\/logo_aeroport_castello-1.svg","width":482.8999999999999772626324556767940521240234375,"height":93.7000000000000028421709430404007434844970703125,"caption":"Aeropuerto Castell\u00f3n"},"image":{"@id":"https:\/\/aeroportcastello.com\/es\/#\/schema\/logo\/image\/"}},{"@type":"Person","@id":"https:\/\/aeroportcastello.com\/es\/#\/schema\/person\/6ce30e1beabb48891a1227bcaf9c5afc","name":"admin","image":{"@type":"ImageObject","inLanguage":"es","@id":"https:\/\/aeroportcastello.com\/es\/#\/schema\/person\/image\/","url":"https:\/\/secure.gravatar.com\/avatar\/49a104bbc10efec0d78dc86b9d8c7ddc?s=96&d=mm&r=g","contentUrl":"https:\/\/secure.gravatar.com\/avatar\/49a104bbc10efec0d78dc86b9d8c7ddc?s=96&d=mm&r=g","caption":"admin"},"sameAs":["https:\/\/aeroportcastello.com"],"url":"https:\/\/aeroportcastello.com\/es\/author\/adm-nunsys\/"}]}},"_links":{"self":[{"href":"https:\/\/aeroportcastello.com\/es\/wp-json\/wp\/v2\/posts\/7261"}],"collection":[{"href":"https:\/\/aeroportcastello.com\/es\/wp-json\/wp\/v2\/posts"}],"about":[{"href":"https:\/\/aeroportcastello.com\/es\/wp-json\/wp\/v2\/types\/post"}],"author":[{"embeddable":true,"href":"https:\/\/aeroportcastello.com\/es\/wp-json\/wp\/v2\/users\/1"}],"replies":[{"embeddable":true,"href":"https:\/\/aeroportcastello.com\/es\/wp-json\/wp\/v2\/comments?post=7261"}],"version-history":[{"count":1,"href":"https:\/\/aeroportcastello.com\/es\/wp-json\/wp\/v2\/posts\/7261\/revisions"}],"predecessor-version":[{"id":7262,"href":"https:\/\/aeroportcastello.com\/es\/wp-json\/wp\/v2\/posts\/7261\/revisions\/7262"}],"wp:featuredmedia":[{"embeddable":true,"href":"https:\/\/aeroportcastello.com\/es\/wp-json\/wp\/v2\/media\/7246"}],"wp:attachment":[{"href":"https:\/\/aeroportcastello.com\/es\/wp-json\/wp\/v2\/media?parent=7261"}],"wp:term":[{"taxonomy":"category","embeddable":true,"href":"https:\/\/aeroportcastello.com\/es\/wp-json\/wp\/v2\/categories?post=7261"},{"taxonomy":"post_tag","embeddable":true,"href":"https:\/\/aeroportcastello.com\/es\/wp-json\/wp\/v2\/tags?post=7261"}],"curies":[{"name":"wp","href":"https:\/\/api.w.org\/{rel}","templated":true}]}}