{"id":6988,"date":"2023-04-27T11:19:47","date_gmt":"2023-04-27T09:19:47","guid":{"rendered":"https:\/\/aeroportcastello.com\/el-aeropuerto-de-castellon-activa-la-ruta-estival-de-katowice-con-una-oferta-de-vuelos-que-duplica-la-del-verano-anterior\/"},"modified":"2023-04-27T11:20:07","modified_gmt":"2023-04-27T09:20:07","slug":"el-aeropuerto-de-castellon-activa-la-ruta-estival-de-katowice-con-una-oferta-de-vuelos-que-duplica-la-del-verano-anterior","status":"publish","type":"post","link":"https:\/\/aeroportcastello.com\/es\/el-aeropuerto-de-castellon-activa-la-ruta-estival-de-katowice-con-una-oferta-de-vuelos-que-duplica-la-del-verano-anterior\/","title":{"rendered":"El aeropuerto de Castell\u00f3n activa la ruta estival de Katowice con una oferta de vuelos que duplica la del verano anterior"},"content":{"rendered":"<p><strong>La conexi\u00f3n con Polonia se ha reiniciado este jueves con dos frecuencias semanales, a las que se sumar\u00e1 una tercera a partir del 13 de junio<\/strong><\/p>\n<p>El aeropuerto de Castell\u00f3n ha activado este jueves la ruta de Katowice (Polonia), operada por la compa\u00f1\u00eda Wizz Air, que duplica en esta campa\u00f1a estival la oferta de vuelos del verano de 2022.<\/p>\n<p>La conexi\u00f3n se ha puesto en marcha con dos frecuencias semanales, en lunes y jueves, que se incrementar\u00e1n a tres a partir del 13 junio, operando en martes, jueves y domingo.<\/p>\n<p>La directora general de Aerocas, Blanca Mar\u00edn, ha destacado que la ruta de Katowice oferta en la presente campa\u00f1a estival un total de 120 vuelos, \u201cduplicando la programaci\u00f3n del verano pasado\u201d, en que registr\u00f3 62 operaciones. Unas cifras que confirman, ha apuntado Blanca Mar\u00edn, \u201cla evoluci\u00f3n positiva de esta ruta, que conecta Castell\u00f3n con un mercado tur\u00edstico emisor creciente como es Polonia\u201d.<\/p>\n<p>Con la entrada en funcionamiento de la l\u00ednea de Katowice, el aeropuerto tiene operativas diez rutas regulares, sum\u00e1ndose a las de Londres, Bruselas, Dubl\u00edn, Oporto, D\u00fcsseldorf, Budapest, Bucarest y Madrid. A \u00e9stas se a\u00f1adir\u00e1n, a partir de junio, las de Sevilla y Roma.<\/p>\n<p>La convergencia de todas estas rutas supone que el aeropuerto de Castell\u00f3n opere en la presente campa\u00f1a de verano el mayor n\u00famero de frecuencias de su trayectoria y que haya una oferta de m\u00e1s de 250.000 asientos en vuelos con origen o destino Castell\u00f3n.<\/p>\n","protected":false},"excerpt":{"rendered":"<p>La conexi\u00f3n con Polonia se ha reiniciado este jueves con dos frecuencias semanales, a las que se sumar\u00e1 una tercera a partir del 13 de junio El aeropuerto de Castell\u00f3n ha activado este jueves la ruta de Katowice (Polonia), operada por la compa\u00f1\u00eda Wizz Air, que duplica en esta campa\u00f1a estival la oferta de vuelos &#8230; <\/p>\n<p class=\"read-more-container\"><a title=\"El aeropuerto de Castell\u00f3n activa la ruta estival de Katowice con una oferta de vuelos que duplica la del verano anterior\" class=\"read-more button\" href=\"https:\/\/aeroportcastello.com\/es\/el-aeropuerto-de-castellon-activa-la-ruta-estival-de-katowice-con-una-oferta-de-vuelos-que-duplica-la-del-verano-anterior\/#more-6988\" aria-label=\"Leer m\u00e1s sobre El aeropuerto de Castell\u00f3n activa la ruta estival de Katowice con una oferta de vuelos que duplica la del verano anterior\">Leer m\u00e1s<\/a><\/p>\n","protected":false},"author":1,"featured_media":6976,"comment_status":"open","ping_status":"open","sticky":false,"template":"","format":"standard","meta":{"footnotes":""},"categories":[1],"tags":[],"yoast_head":"<!-- This site is optimized with the Yoast SEO plugin v22.0 - https:\/\/yoast.com\/wordpress\/plugins\/seo\/ -->\n<title>El aeropuerto de Castell\u00f3n activa la ruta estival de Katowice con una oferta de vuelos que duplica la del verano anterior - Aeropuerto Castell\u00f3n<\/title>\n<meta name=\"robots\" content=\"index, follow, max-snippet:-1, max-image-preview:large, max-video-preview:-1\" \/>\n<link rel=\"canonical\" href=\"https:\/\/aeroportcastello.com\/es\/el-aeropuerto-de-castellon-activa-la-ruta-estival-de-katowice-con-una-oferta-de-vuelos-que-duplica-la-del-verano-anterior\/\" \/>\n<meta property=\"og:locale\" content=\"es_ES\" \/>\n<meta property=\"og:type\" content=\"article\" \/>\n<meta property=\"og:title\" content=\"El aeropuerto de Castell\u00f3n activa la ruta estival de Katowice con una oferta de vuelos que duplica la del verano anterior - Aeropuerto Castell\u00f3n\" \/>\n<meta property=\"og:description\" content=\"La conexi\u00f3n con Polonia se ha reiniciado este jueves con dos frecuencias semanales, a las que se sumar\u00e1 una tercera a partir del 13 de junio El aeropuerto de Castell\u00f3n ha activado este jueves la ruta de Katowice (Polonia), operada por la compa\u00f1\u00eda Wizz Air, que duplica en esta campa\u00f1a estival la oferta de vuelos ... Leer m\u00e1s\" \/>\n<meta property=\"og:url\" content=\"https:\/\/aeroportcastello.com\/es\/el-aeropuerto-de-castellon-activa-la-ruta-estival-de-katowice-con-una-oferta-de-vuelos-que-duplica-la-del-verano-anterior\/\" \/>\n<meta property=\"og:site_name\" content=\"Aeropuerto Castell\u00f3n\" \/>\n<meta property=\"article:published_time\" content=\"2023-04-27T09:19:47+00:00\" \/>\n<meta property=\"article:modified_time\" content=\"2023-04-27T09:20:07+00:00\" \/>\n<meta property=\"og:image\" content=\"https:\/\/aeroportcastello.com\/wp-content\/uploads\/2023\/04\/foto.jpg\" \/>\n\t<meta property=\"og:image:width\" content=\"1947\" \/>\n\t<meta property=\"og:image:height\" content=\"1218\" \/>\n\t<meta property=\"og:image:type\" content=\"image\/jpeg\" \/>\n<meta name=\"author\" content=\"admin\" \/>\n<meta name=\"twitter:card\" content=\"summary_large_image\" \/>\n<meta name=\"twitter:label1\" content=\"Escrito por\" \/>\n\t<meta name=\"twitter:data1\" content=\"admin\" \/>\n\t<meta name=\"twitter:label2\" content=\"Tiempo de lectura\" \/>\n\t<meta name=\"twitter:data2\" content=\"2 minutos\" \/>\n<script type=\"application\/ld+json\" class=\"yoast-schema-graph\">{\"@context\":\"https:\/\/schema.org\",\"@graph\":[{\"@type\":\"Article\",\"@id\":\"https:\/\/aeroportcastello.com\/es\/el-aeropuerto-de-castellon-activa-la-ruta-estival-de-katowice-con-una-oferta-de-vuelos-que-duplica-la-del-verano-anterior\/#article\",\"isPartOf\":{\"@id\":\"https:\/\/aeroportcastello.com\/es\/el-aeropuerto-de-castellon-activa-la-ruta-estival-de-katowice-con-una-oferta-de-vuelos-que-duplica-la-del-verano-anterior\/\"},\"author\":{\"name\":\"admin\",\"@id\":\"https:\/\/aeroportcastello.com\/es\/#\/schema\/person\/6ce30e1beabb48891a1227bcaf9c5afc\"},\"headline\":\"El aeropuerto de Castell\u00f3n activa la ruta estival de Katowice con una oferta de vuelos que duplica la del verano anterior\",\"datePublished\":\"2023-04-27T09:19:47+00:00\",\"dateModified\":\"2023-04-27T09:20:07+00:00\",\"mainEntityOfPage\":{\"@id\":\"https:\/\/aeroportcastello.com\/es\/el-aeropuerto-de-castellon-activa-la-ruta-estival-de-katowice-con-una-oferta-de-vuelos-que-duplica-la-del-verano-anterior\/\"},\"wordCount\":279,\"commentCount\":0,\"publisher\":{\"@id\":\"https:\/\/aeroportcastello.com\/es\/#organization\"},\"articleSection\":[\"Noticias Aeropuerto\"],\"inLanguage\":\"es\",\"potentialAction\":[{\"@type\":\"CommentAction\",\"name\":\"Comment\",\"target\":[\"https:\/\/aeroportcastello.com\/es\/el-aeropuerto-de-castellon-activa-la-ruta-estival-de-katowice-con-una-oferta-de-vuelos-que-duplica-la-del-verano-anterior\/#respond\"]}]},{\"@type\":\"WebPage\",\"@id\":\"https:\/\/aeroportcastello.com\/es\/el-aeropuerto-de-castellon-activa-la-ruta-estival-de-katowice-con-una-oferta-de-vuelos-que-duplica-la-del-verano-anterior\/\",\"url\":\"https:\/\/aeroportcastello.com\/es\/el-aeropuerto-de-castellon-activa-la-ruta-estival-de-katowice-con-una-oferta-de-vuelos-que-duplica-la-del-verano-anterior\/\",\"name\":\"El aeropuerto de Castell\u00f3n activa la ruta estival de Katowice con una oferta de vuelos que duplica la del verano anterior - Aeropuerto Castell\u00f3n\",\"isPartOf\":{\"@id\":\"https:\/\/aeroportcastello.com\/es\/#website\"},\"datePublished\":\"2023-04-27T09:19:47+00:00\",\"dateModified\":\"2023-04-27T09:20:07+00:00\",\"breadcrumb\":{\"@id\":\"https:\/\/aeroportcastello.com\/es\/el-aeropuerto-de-castellon-activa-la-ruta-estival-de-katowice-con-una-oferta-de-vuelos-que-duplica-la-del-verano-anterior\/#breadcrumb\"},\"inLanguage\":\"es\",\"potentialAction\":[{\"@type\":\"ReadAction\",\"target\":[\"https:\/\/aeroportcastello.com\/es\/el-aeropuerto-de-castellon-activa-la-ruta-estival-de-katowice-con-una-oferta-de-vuelos-que-duplica-la-del-verano-anterior\/\"]}]},{\"@type\":\"BreadcrumbList\",\"@id\":\"https:\/\/aeroportcastello.com\/es\/el-aeropuerto-de-castellon-activa-la-ruta-estival-de-katowice-con-una-oferta-de-vuelos-que-duplica-la-del-verano-anterior\/#breadcrumb\",\"itemListElement\":[{\"@type\":\"ListItem\",\"position\":1,\"name\":\"Pasajeros\",\"item\":\"https:\/\/aeroportcastello.com\/es\/\"},{\"@type\":\"ListItem\",\"position\":2,\"name\":\"El aeropuerto de Castell\u00f3n activa la ruta estival de Katowice con una oferta de vuelos que duplica la del verano anterior\"}]},{\"@type\":\"WebSite\",\"@id\":\"https:\/\/aeroportcastello.com\/es\/#website\",\"url\":\"https:\/\/aeroportcastello.com\/es\/\",\"name\":\"Aeropuerto Castell\u00f3n\",\"description\":\"Aeropuerto Castell\u00f3n\",\"publisher\":{\"@id\":\"https:\/\/aeroportcastello.com\/es\/#organization\"},\"potentialAction\":[{\"@type\":\"SearchAction\",\"target\":{\"@type\":\"EntryPoint\",\"urlTemplate\":\"https:\/\/aeroportcastello.com\/es\/?s={search_term_string}\"},\"query-input\":\"required name=search_term_string\"}],\"inLanguage\":\"es\"},{\"@type\":\"Organization\",\"@id\":\"https:\/\/aeroportcastello.com\/es\/#organization\",\"name\":\"Aeropuerto Castell\u00f3n\",\"url\":\"https:\/\/aeroportcastello.com\/es\/\",\"logo\":{\"@type\":\"ImageObject\",\"inLanguage\":\"es\",\"@id\":\"https:\/\/aeroportcastello.com\/es\/#\/schema\/logo\/image\/\",\"url\":\"https:\/\/aeroportcastello.com\/wp-content\/uploads\/2021\/05\/logo_aeroport_castello-1.svg\",\"contentUrl\":\"https:\/\/aeroportcastello.com\/wp-content\/uploads\/2021\/05\/logo_aeroport_castello-1.svg\",\"width\":482.8999999999999772626324556767940521240234375,\"height\":93.7000000000000028421709430404007434844970703125,\"caption\":\"Aeropuerto Castell\u00f3n\"},\"image\":{\"@id\":\"https:\/\/aeroportcastello.com\/es\/#\/schema\/logo\/image\/\"}},{\"@type\":\"Person\",\"@id\":\"https:\/\/aeroportcastello.com\/es\/#\/schema\/person\/6ce30e1beabb48891a1227bcaf9c5afc\",\"name\":\"admin\",\"image\":{\"@type\":\"ImageObject\",\"inLanguage\":\"es\",\"@id\":\"https:\/\/aeroportcastello.com\/es\/#\/schema\/person\/image\/\",\"url\":\"https:\/\/secure.gravatar.com\/avatar\/49a104bbc10efec0d78dc86b9d8c7ddc?s=96&d=mm&r=g\",\"contentUrl\":\"https:\/\/secure.gravatar.com\/avatar\/49a104bbc10efec0d78dc86b9d8c7ddc?s=96&d=mm&r=g\",\"caption\":\"admin\"},\"sameAs\":[\"https:\/\/aeroportcastello.com\"],\"url\":\"https:\/\/aeroportcastello.com\/es\/author\/adm-nunsys\/\"}]}<\/script>\n<!-- \/ Yoast SEO plugin. -->","yoast_head_json":{"title":"El aeropuerto de Castell\u00f3n activa la ruta estival de Katowice con una oferta de vuelos que duplica la del verano anterior - Aeropuerto Castell\u00f3n","robots":{"index":"index","follow":"follow","max-snippet":"max-snippet:-1","max-image-preview":"max-image-preview:large","max-video-preview":"max-video-preview:-1"},"canonical":"https:\/\/aeroportcastello.com\/es\/el-aeropuerto-de-castellon-activa-la-ruta-estival-de-katowice-con-una-oferta-de-vuelos-que-duplica-la-del-verano-anterior\/","og_locale":"es_ES","og_type":"article","og_title":"El aeropuerto de Castell\u00f3n activa la ruta estival de Katowice con una oferta de vuelos que duplica la del verano anterior - Aeropuerto Castell\u00f3n","og_description":"La conexi\u00f3n con Polonia se ha reiniciado este jueves con dos frecuencias semanales, a las que se sumar\u00e1 una tercera a partir del 13 de junio El aeropuerto de Castell\u00f3n ha activado este jueves la ruta de Katowice (Polonia), operada por la compa\u00f1\u00eda Wizz Air, que duplica en esta campa\u00f1a estival la oferta de vuelos ... Leer m\u00e1s","og_url":"https:\/\/aeroportcastello.com\/es\/el-aeropuerto-de-castellon-activa-la-ruta-estival-de-katowice-con-una-oferta-de-vuelos-que-duplica-la-del-verano-anterior\/","og_site_name":"Aeropuerto Castell\u00f3n","article_published_time":"2023-04-27T09:19:47+00:00","article_modified_time":"2023-04-27T09:20:07+00:00","og_image":[{"width":1947,"height":1218,"url":"https:\/\/aeroportcastello.com\/wp-content\/uploads\/2023\/04\/foto.jpg","type":"image\/jpeg"}],"author":"admin","twitter_card":"summary_large_image","twitter_misc":{"Escrito por":"admin","Tiempo de lectura":"2 minutos"},"schema":{"@context":"https:\/\/schema.org","@graph":[{"@type":"Article","@id":"https:\/\/aeroportcastello.com\/es\/el-aeropuerto-de-castellon-activa-la-ruta-estival-de-katowice-con-una-oferta-de-vuelos-que-duplica-la-del-verano-anterior\/#article","isPartOf":{"@id":"https:\/\/aeroportcastello.com\/es\/el-aeropuerto-de-castellon-activa-la-ruta-estival-de-katowice-con-una-oferta-de-vuelos-que-duplica-la-del-verano-anterior\/"},"author":{"name":"admin","@id":"https:\/\/aeroportcastello.com\/es\/#\/schema\/person\/6ce30e1beabb48891a1227bcaf9c5afc"},"headline":"El aeropuerto de Castell\u00f3n activa la ruta estival de Katowice con una oferta de vuelos que duplica la del verano anterior","datePublished":"2023-04-27T09:19:47+00:00","dateModified":"2023-04-27T09:20:07+00:00","mainEntityOfPage":{"@id":"https:\/\/aeroportcastello.com\/es\/el-aeropuerto-de-castellon-activa-la-ruta-estival-de-katowice-con-una-oferta-de-vuelos-que-duplica-la-del-verano-anterior\/"},"wordCount":279,"commentCount":0,"publisher":{"@id":"https:\/\/aeroportcastello.com\/es\/#organization"},"articleSection":["Noticias Aeropuerto"],"inLanguage":"es","potentialAction":[{"@type":"CommentAction","name":"Comment","target":["https:\/\/aeroportcastello.com\/es\/el-aeropuerto-de-castellon-activa-la-ruta-estival-de-katowice-con-una-oferta-de-vuelos-que-duplica-la-del-verano-anterior\/#respond"]}]},{"@type":"WebPage","@id":"https:\/\/aeroportcastello.com\/es\/el-aeropuerto-de-castellon-activa-la-ruta-estival-de-katowice-con-una-oferta-de-vuelos-que-duplica-la-del-verano-anterior\/","url":"https:\/\/aeroportcastello.com\/es\/el-aeropuerto-de-castellon-activa-la-ruta-estival-de-katowice-con-una-oferta-de-vuelos-que-duplica-la-del-verano-anterior\/","name":"El aeropuerto de Castell\u00f3n activa la ruta estival de Katowice con una oferta de vuelos que duplica la del verano anterior - Aeropuerto Castell\u00f3n","isPartOf":{"@id":"https:\/\/aeroportcastello.com\/es\/#website"},"datePublished":"2023-04-27T09:19:47+00:00","dateModified":"2023-04-27T09:20:07+00:00","breadcrumb":{"@id":"https:\/\/aeroportcastello.com\/es\/el-aeropuerto-de-castellon-activa-la-ruta-estival-de-katowice-con-una-oferta-de-vuelos-que-duplica-la-del-verano-anterior\/#breadcrumb"},"inLanguage":"es","potentialAction":[{"@type":"ReadAction","target":["https:\/\/aeroportcastello.com\/es\/el-aeropuerto-de-castellon-activa-la-ruta-estival-de-katowice-con-una-oferta-de-vuelos-que-duplica-la-del-verano-anterior\/"]}]},{"@type":"BreadcrumbList","@id":"https:\/\/aeroportcastello.com\/es\/el-aeropuerto-de-castellon-activa-la-ruta-estival-de-katowice-con-una-oferta-de-vuelos-que-duplica-la-del-verano-anterior\/#breadcrumb","itemListElement":[{"@type":"ListItem","position":1,"name":"Pasajeros","item":"https:\/\/aeroportcastello.com\/es\/"},{"@type":"ListItem","position":2,"name":"El aeropuerto de Castell\u00f3n activa la ruta estival de Katowice con una oferta de vuelos que duplica la del verano anterior"}]},{"@type":"WebSite","@id":"https:\/\/aeroportcastello.com\/es\/#website","url":"https:\/\/aeroportcastello.com\/es\/","name":"Aeropuerto Castell\u00f3n","description":"Aeropuerto Castell\u00f3n","publisher":{"@id":"https:\/\/aeroportcastello.com\/es\/#organization"},"potentialAction":[{"@type":"SearchAction","target":{"@type":"EntryPoint","urlTemplate":"https:\/\/aeroportcastello.com\/es\/?s={search_term_string}"},"query-input":"required name=search_term_string"}],"inLanguage":"es"},{"@type":"Organization","@id":"https:\/\/aeroportcastello.com\/es\/#organization","name":"Aeropuerto Castell\u00f3n","url":"https:\/\/aeroportcastello.com\/es\/","logo":{"@type":"ImageObject","inLanguage":"es","@id":"https:\/\/aeroportcastello.com\/es\/#\/schema\/logo\/image\/","url":"https:\/\/aeroportcastello.com\/wp-content\/uploads\/2021\/05\/logo_aeroport_castello-1.svg","contentUrl":"https:\/\/aeroportcastello.com\/wp-content\/uploads\/2021\/05\/logo_aeroport_castello-1.svg","width":482.8999999999999772626324556767940521240234375,"height":93.7000000000000028421709430404007434844970703125,"caption":"Aeropuerto Castell\u00f3n"},"image":{"@id":"https:\/\/aeroportcastello.com\/es\/#\/schema\/logo\/image\/"}},{"@type":"Person","@id":"https:\/\/aeroportcastello.com\/es\/#\/schema\/person\/6ce30e1beabb48891a1227bcaf9c5afc","name":"admin","image":{"@type":"ImageObject","inLanguage":"es","@id":"https:\/\/aeroportcastello.com\/es\/#\/schema\/person\/image\/","url":"https:\/\/secure.gravatar.com\/avatar\/49a104bbc10efec0d78dc86b9d8c7ddc?s=96&d=mm&r=g","contentUrl":"https:\/\/secure.gravatar.com\/avatar\/49a104bbc10efec0d78dc86b9d8c7ddc?s=96&d=mm&r=g","caption":"admin"},"sameAs":["https:\/\/aeroportcastello.com"],"url":"https:\/\/aeroportcastello.com\/es\/author\/adm-nunsys\/"}]}},"_links":{"self":[{"href":"https:\/\/aeroportcastello.com\/es\/wp-json\/wp\/v2\/posts\/6988"}],"collection":[{"href":"https:\/\/aeroportcastello.com\/es\/wp-json\/wp\/v2\/posts"}],"about":[{"href":"https:\/\/aeroportcastello.com\/es\/wp-json\/wp\/v2\/types\/post"}],"author":[{"embeddable":true,"href":"https:\/\/aeroportcastello.com\/es\/wp-json\/wp\/v2\/users\/1"}],"replies":[{"embeddable":true,"href":"https:\/\/aeroportcastello.com\/es\/wp-json\/wp\/v2\/comments?post=6988"}],"version-history":[{"count":1,"href":"https:\/\/aeroportcastello.com\/es\/wp-json\/wp\/v2\/posts\/6988\/revisions"}],"predecessor-version":[{"id":6989,"href":"https:\/\/aeroportcastello.com\/es\/wp-json\/wp\/v2\/posts\/6988\/revisions\/6989"}],"wp:featuredmedia":[{"embeddable":true,"href":"https:\/\/aeroportcastello.com\/es\/wp-json\/wp\/v2\/media\/6976"}],"wp:attachment":[{"href":"https:\/\/aeroportcastello.com\/es\/wp-json\/wp\/v2\/media?parent=6988"}],"wp:term":[{"taxonomy":"category","embeddable":true,"href":"https:\/\/aeroportcastello.com\/es\/wp-json\/wp\/v2\/categories?post=6988"},{"taxonomy":"post_tag","embeddable":true,"href":"https:\/\/aeroportcastello.com\/es\/wp-json\/wp\/v2\/tags?post=6988"}],"curies":[{"name":"wp","href":"https:\/\/api.w.org\/{rel}","templated":true}]}}