{"id":6815,"date":"2023-03-27T14:41:12","date_gmt":"2023-03-27T12:41:12","guid":{"rendered":"https:\/\/aeroportcastello.com\/el-aeropuerto-de-castellon-promueve-alianzas-entre-los-sectores-del-plastico-y-la-automocion-y-empresas-del-ambito-aeronautico-y-aeroespacial\/"},"modified":"2023-03-27T14:41:31","modified_gmt":"2023-03-27T12:41:31","slug":"el-aeropuerto-de-castellon-promueve-alianzas-entre-los-sectores-del-plastico-y-la-automocion-y-empresas-del-ambito-aeronautico-y-aeroespacial","status":"publish","type":"post","link":"https:\/\/aeroportcastello.com\/es\/el-aeropuerto-de-castellon-promueve-alianzas-entre-los-sectores-del-plastico-y-la-automocion-y-empresas-del-ambito-aeronautico-y-aeroespacial\/","title":{"rendered":"El aeropuerto de Castell\u00f3n promueve alianzas entre los sectores del pl\u00e1stico y la automoci\u00f3n y empresas del \u00e1mbito aeron\u00e1utico y aeroespacial"},"content":{"rendered":"<p><strong>La instalaci\u00f3n acoge un encuentro entre AVIA y AVEP y compa\u00f1\u00edas que operan en el aeropuerto, a fin de fomentar proyectos conjuntos<\/strong><\/p>\n<p>El aeropuerto de Castell\u00f3n ha organizado este lunes un encuentro representantes del Cl\u00faster de Automoci\u00f3n y Movilidad de la Comunitat Valenciana (AVIA) y de la Asociaci\u00f3n Valenciana de Empresarios de Pl\u00e1sticos (AVEP) con empresas del \u00e1mbito aeron\u00e1utico y aeroespacial, con el objetivo de promover el desarrollo de proyectos conjuntos en el entorno del aeropuerto.<\/p>\n<p>Sendas delegaciones de AVIA y AVEP han visitado las instalaciones aeroportuarias y han mantenido un encuentro con representantes de las compa\u00f1\u00edas Arkadia Space, COMET Ingenier\u00eda, Brok-air Aviation Group y e-Cube Solutions, al objeto de intercambiar informaci\u00f3n y abordar posibles v\u00edas de cooperaci\u00f3n.<\/p>\n<p>La directora general de Aerocas, Blanca Mar\u00edn, ha explicado que las industrias de la automoci\u00f3n y el pl\u00e1stico \u201cson punteras en la Comunitat Valenciana y tienen unos est\u00e1ndares de calidad y excelencia que las convierten en potenciales aliadas del sector aeron\u00e1utico y aeroespacial, caracterizado por su alto valor a\u00f1adido\u201d.<\/p>\n<p>Seg\u00fan Blanca Mar\u00edn, el encuentro de hoy \u201cha pretendido fomentar proyectos de colaboraci\u00f3n conjunta, situando el aeropuerto de Castell\u00f3n como espacio de oportunidad para la implantaci\u00f3n de iniciativas innovadoras\u201d.<\/p>\n<p>En este sentido, la directora general de Aerocas ha expuesto el proyecto de creaci\u00f3n de un parque tecnol\u00f3gico aeroespacial en la Zona de Actividades Complementarias (ZAC) del aeropuerto, cuyas obras de urbanizaci\u00f3n est\u00e1 previsto que se inicien a lo largo del presente a\u00f1o.<\/p>\n","protected":false},"excerpt":{"rendered":"<p>La instalaci\u00f3n acoge un encuentro entre AVIA y AVEP y compa\u00f1\u00edas que operan en el aeropuerto, a fin de fomentar proyectos conjuntos El aeropuerto de Castell\u00f3n ha organizado este lunes un encuentro representantes del Cl\u00faster de Automoci\u00f3n y Movilidad de la Comunitat Valenciana (AVIA) y de la Asociaci\u00f3n Valenciana de Empresarios de Pl\u00e1sticos (AVEP) con &#8230; <\/p>\n<p class=\"read-more-container\"><a title=\"El aeropuerto de Castell\u00f3n promueve alianzas entre los sectores del pl\u00e1stico y la automoci\u00f3n y empresas del \u00e1mbito aeron\u00e1utico y aeroespacial\" class=\"read-more button\" href=\"https:\/\/aeroportcastello.com\/es\/el-aeropuerto-de-castellon-promueve-alianzas-entre-los-sectores-del-plastico-y-la-automocion-y-empresas-del-ambito-aeronautico-y-aeroespacial\/#more-6815\" aria-label=\"Leer m\u00e1s sobre El aeropuerto de Castell\u00f3n promueve alianzas entre los sectores del pl\u00e1stico y la automoci\u00f3n y empresas del \u00e1mbito aeron\u00e1utico y aeroespacial\">Leer m\u00e1s<\/a><\/p>\n","protected":false},"author":1,"featured_media":6813,"comment_status":"open","ping_status":"open","sticky":false,"template":"","format":"standard","meta":{"footnotes":""},"categories":[1],"tags":[],"yoast_head":"<!-- This site is optimized with the Yoast SEO plugin v22.0 - https:\/\/yoast.com\/wordpress\/plugins\/seo\/ -->\n<title>El aeropuerto de Castell\u00f3n promueve alianzas entre los sectores del pl\u00e1stico y la automoci\u00f3n y empresas del \u00e1mbito aeron\u00e1utico y aeroespacial - Aeropuerto Castell\u00f3n<\/title>\n<meta name=\"robots\" content=\"index, follow, max-snippet:-1, max-image-preview:large, max-video-preview:-1\" \/>\n<link rel=\"canonical\" href=\"https:\/\/aeroportcastello.com\/es\/el-aeropuerto-de-castellon-promueve-alianzas-entre-los-sectores-del-plastico-y-la-automocion-y-empresas-del-ambito-aeronautico-y-aeroespacial\/\" \/>\n<meta property=\"og:locale\" content=\"es_ES\" \/>\n<meta property=\"og:type\" content=\"article\" \/>\n<meta property=\"og:title\" content=\"El aeropuerto de Castell\u00f3n promueve alianzas entre los sectores del pl\u00e1stico y la automoci\u00f3n y empresas del \u00e1mbito aeron\u00e1utico y aeroespacial - Aeropuerto Castell\u00f3n\" \/>\n<meta property=\"og:description\" content=\"La instalaci\u00f3n acoge un encuentro entre AVIA y AVEP y compa\u00f1\u00edas que operan en el aeropuerto, a fin de fomentar proyectos conjuntos El aeropuerto de Castell\u00f3n ha organizado este lunes un encuentro representantes del Cl\u00faster de Automoci\u00f3n y Movilidad de la Comunitat Valenciana (AVIA) y de la Asociaci\u00f3n Valenciana de Empresarios de Pl\u00e1sticos (AVEP) con ... Leer m\u00e1s\" \/>\n<meta property=\"og:url\" content=\"https:\/\/aeroportcastello.com\/es\/el-aeropuerto-de-castellon-promueve-alianzas-entre-los-sectores-del-plastico-y-la-automocion-y-empresas-del-ambito-aeronautico-y-aeroespacial\/\" \/>\n<meta property=\"og:site_name\" content=\"Aeropuerto Castell\u00f3n\" \/>\n<meta property=\"article:published_time\" content=\"2023-03-27T12:41:12+00:00\" \/>\n<meta property=\"article:modified_time\" content=\"2023-03-27T12:41:31+00:00\" \/>\n<meta property=\"og:image\" content=\"https:\/\/aeroportcastello.com\/wp-content\/uploads\/2023\/03\/IMG-20230327-WA0032.jpg\" \/>\n\t<meta property=\"og:image:width\" content=\"1600\" \/>\n\t<meta property=\"og:image:height\" content=\"1200\" \/>\n\t<meta property=\"og:image:type\" content=\"image\/jpeg\" \/>\n<meta name=\"author\" content=\"admin\" \/>\n<meta name=\"twitter:card\" content=\"summary_large_image\" \/>\n<meta name=\"twitter:label1\" content=\"Escrito por\" \/>\n\t<meta name=\"twitter:data1\" content=\"admin\" \/>\n\t<meta name=\"twitter:label2\" content=\"Tiempo de lectura\" \/>\n\t<meta name=\"twitter:data2\" content=\"2 minutos\" \/>\n<script type=\"application\/ld+json\" class=\"yoast-schema-graph\">{\"@context\":\"https:\/\/schema.org\",\"@graph\":[{\"@type\":\"Article\",\"@id\":\"https:\/\/aeroportcastello.com\/es\/el-aeropuerto-de-castellon-promueve-alianzas-entre-los-sectores-del-plastico-y-la-automocion-y-empresas-del-ambito-aeronautico-y-aeroespacial\/#article\",\"isPartOf\":{\"@id\":\"https:\/\/aeroportcastello.com\/es\/el-aeropuerto-de-castellon-promueve-alianzas-entre-los-sectores-del-plastico-y-la-automocion-y-empresas-del-ambito-aeronautico-y-aeroespacial\/\"},\"author\":{\"name\":\"admin\",\"@id\":\"https:\/\/aeroportcastello.com\/es\/#\/schema\/person\/6ce30e1beabb48891a1227bcaf9c5afc\"},\"headline\":\"El aeropuerto de Castell\u00f3n promueve alianzas entre los sectores del pl\u00e1stico y la automoci\u00f3n y empresas del \u00e1mbito aeron\u00e1utico y aeroespacial\",\"datePublished\":\"2023-03-27T12:41:12+00:00\",\"dateModified\":\"2023-03-27T12:41:31+00:00\",\"mainEntityOfPage\":{\"@id\":\"https:\/\/aeroportcastello.com\/es\/el-aeropuerto-de-castellon-promueve-alianzas-entre-los-sectores-del-plastico-y-la-automocion-y-empresas-del-ambito-aeronautico-y-aeroespacial\/\"},\"wordCount\":292,\"commentCount\":0,\"publisher\":{\"@id\":\"https:\/\/aeroportcastello.com\/es\/#organization\"},\"articleSection\":[\"Noticias Aeropuerto\"],\"inLanguage\":\"es\",\"potentialAction\":[{\"@type\":\"CommentAction\",\"name\":\"Comment\",\"target\":[\"https:\/\/aeroportcastello.com\/es\/el-aeropuerto-de-castellon-promueve-alianzas-entre-los-sectores-del-plastico-y-la-automocion-y-empresas-del-ambito-aeronautico-y-aeroespacial\/#respond\"]}]},{\"@type\":\"WebPage\",\"@id\":\"https:\/\/aeroportcastello.com\/es\/el-aeropuerto-de-castellon-promueve-alianzas-entre-los-sectores-del-plastico-y-la-automocion-y-empresas-del-ambito-aeronautico-y-aeroespacial\/\",\"url\":\"https:\/\/aeroportcastello.com\/es\/el-aeropuerto-de-castellon-promueve-alianzas-entre-los-sectores-del-plastico-y-la-automocion-y-empresas-del-ambito-aeronautico-y-aeroespacial\/\",\"name\":\"El aeropuerto de Castell\u00f3n promueve alianzas entre los sectores del pl\u00e1stico y la automoci\u00f3n y empresas del \u00e1mbito aeron\u00e1utico y aeroespacial - Aeropuerto Castell\u00f3n\",\"isPartOf\":{\"@id\":\"https:\/\/aeroportcastello.com\/es\/#website\"},\"datePublished\":\"2023-03-27T12:41:12+00:00\",\"dateModified\":\"2023-03-27T12:41:31+00:00\",\"breadcrumb\":{\"@id\":\"https:\/\/aeroportcastello.com\/es\/el-aeropuerto-de-castellon-promueve-alianzas-entre-los-sectores-del-plastico-y-la-automocion-y-empresas-del-ambito-aeronautico-y-aeroespacial\/#breadcrumb\"},\"inLanguage\":\"es\",\"potentialAction\":[{\"@type\":\"ReadAction\",\"target\":[\"https:\/\/aeroportcastello.com\/es\/el-aeropuerto-de-castellon-promueve-alianzas-entre-los-sectores-del-plastico-y-la-automocion-y-empresas-del-ambito-aeronautico-y-aeroespacial\/\"]}]},{\"@type\":\"BreadcrumbList\",\"@id\":\"https:\/\/aeroportcastello.com\/es\/el-aeropuerto-de-castellon-promueve-alianzas-entre-los-sectores-del-plastico-y-la-automocion-y-empresas-del-ambito-aeronautico-y-aeroespacial\/#breadcrumb\",\"itemListElement\":[{\"@type\":\"ListItem\",\"position\":1,\"name\":\"Pasajeros\",\"item\":\"https:\/\/aeroportcastello.com\/es\/\"},{\"@type\":\"ListItem\",\"position\":2,\"name\":\"El aeropuerto de Castell\u00f3n promueve alianzas entre los sectores del pl\u00e1stico y la automoci\u00f3n y empresas del \u00e1mbito aeron\u00e1utico y aeroespacial\"}]},{\"@type\":\"WebSite\",\"@id\":\"https:\/\/aeroportcastello.com\/es\/#website\",\"url\":\"https:\/\/aeroportcastello.com\/es\/\",\"name\":\"Aeropuerto Castell\u00f3n\",\"description\":\"Aeropuerto Castell\u00f3n\",\"publisher\":{\"@id\":\"https:\/\/aeroportcastello.com\/es\/#organization\"},\"potentialAction\":[{\"@type\":\"SearchAction\",\"target\":{\"@type\":\"EntryPoint\",\"urlTemplate\":\"https:\/\/aeroportcastello.com\/es\/?s={search_term_string}\"},\"query-input\":\"required name=search_term_string\"}],\"inLanguage\":\"es\"},{\"@type\":\"Organization\",\"@id\":\"https:\/\/aeroportcastello.com\/es\/#organization\",\"name\":\"Aeropuerto Castell\u00f3n\",\"url\":\"https:\/\/aeroportcastello.com\/es\/\",\"logo\":{\"@type\":\"ImageObject\",\"inLanguage\":\"es\",\"@id\":\"https:\/\/aeroportcastello.com\/es\/#\/schema\/logo\/image\/\",\"url\":\"https:\/\/aeroportcastello.com\/wp-content\/uploads\/2021\/05\/logo_aeroport_castello-1.svg\",\"contentUrl\":\"https:\/\/aeroportcastello.com\/wp-content\/uploads\/2021\/05\/logo_aeroport_castello-1.svg\",\"width\":482.8999999999999772626324556767940521240234375,\"height\":93.7000000000000028421709430404007434844970703125,\"caption\":\"Aeropuerto Castell\u00f3n\"},\"image\":{\"@id\":\"https:\/\/aeroportcastello.com\/es\/#\/schema\/logo\/image\/\"}},{\"@type\":\"Person\",\"@id\":\"https:\/\/aeroportcastello.com\/es\/#\/schema\/person\/6ce30e1beabb48891a1227bcaf9c5afc\",\"name\":\"admin\",\"image\":{\"@type\":\"ImageObject\",\"inLanguage\":\"es\",\"@id\":\"https:\/\/aeroportcastello.com\/es\/#\/schema\/person\/image\/\",\"url\":\"https:\/\/secure.gravatar.com\/avatar\/49a104bbc10efec0d78dc86b9d8c7ddc?s=96&d=mm&r=g\",\"contentUrl\":\"https:\/\/secure.gravatar.com\/avatar\/49a104bbc10efec0d78dc86b9d8c7ddc?s=96&d=mm&r=g\",\"caption\":\"admin\"},\"sameAs\":[\"https:\/\/aeroportcastello.com\"],\"url\":\"https:\/\/aeroportcastello.com\/es\/author\/adm-nunsys\/\"}]}<\/script>\n<!-- \/ Yoast SEO plugin. -->","yoast_head_json":{"title":"El aeropuerto de Castell\u00f3n promueve alianzas entre los sectores del pl\u00e1stico y la automoci\u00f3n y empresas del \u00e1mbito aeron\u00e1utico y aeroespacial - Aeropuerto Castell\u00f3n","robots":{"index":"index","follow":"follow","max-snippet":"max-snippet:-1","max-image-preview":"max-image-preview:large","max-video-preview":"max-video-preview:-1"},"canonical":"https:\/\/aeroportcastello.com\/es\/el-aeropuerto-de-castellon-promueve-alianzas-entre-los-sectores-del-plastico-y-la-automocion-y-empresas-del-ambito-aeronautico-y-aeroespacial\/","og_locale":"es_ES","og_type":"article","og_title":"El aeropuerto de Castell\u00f3n promueve alianzas entre los sectores del pl\u00e1stico y la automoci\u00f3n y empresas del \u00e1mbito aeron\u00e1utico y aeroespacial - Aeropuerto Castell\u00f3n","og_description":"La instalaci\u00f3n acoge un encuentro entre AVIA y AVEP y compa\u00f1\u00edas que operan en el aeropuerto, a fin de fomentar proyectos conjuntos El aeropuerto de Castell\u00f3n ha organizado este lunes un encuentro representantes del Cl\u00faster de Automoci\u00f3n y Movilidad de la Comunitat Valenciana (AVIA) y de la Asociaci\u00f3n Valenciana de Empresarios de Pl\u00e1sticos (AVEP) con ... Leer m\u00e1s","og_url":"https:\/\/aeroportcastello.com\/es\/el-aeropuerto-de-castellon-promueve-alianzas-entre-los-sectores-del-plastico-y-la-automocion-y-empresas-del-ambito-aeronautico-y-aeroespacial\/","og_site_name":"Aeropuerto Castell\u00f3n","article_published_time":"2023-03-27T12:41:12+00:00","article_modified_time":"2023-03-27T12:41:31+00:00","og_image":[{"width":1600,"height":1200,"url":"https:\/\/aeroportcastello.com\/wp-content\/uploads\/2023\/03\/IMG-20230327-WA0032.jpg","type":"image\/jpeg"}],"author":"admin","twitter_card":"summary_large_image","twitter_misc":{"Escrito por":"admin","Tiempo de lectura":"2 minutos"},"schema":{"@context":"https:\/\/schema.org","@graph":[{"@type":"Article","@id":"https:\/\/aeroportcastello.com\/es\/el-aeropuerto-de-castellon-promueve-alianzas-entre-los-sectores-del-plastico-y-la-automocion-y-empresas-del-ambito-aeronautico-y-aeroespacial\/#article","isPartOf":{"@id":"https:\/\/aeroportcastello.com\/es\/el-aeropuerto-de-castellon-promueve-alianzas-entre-los-sectores-del-plastico-y-la-automocion-y-empresas-del-ambito-aeronautico-y-aeroespacial\/"},"author":{"name":"admin","@id":"https:\/\/aeroportcastello.com\/es\/#\/schema\/person\/6ce30e1beabb48891a1227bcaf9c5afc"},"headline":"El aeropuerto de Castell\u00f3n promueve alianzas entre los sectores del pl\u00e1stico y la automoci\u00f3n y empresas del \u00e1mbito aeron\u00e1utico y aeroespacial","datePublished":"2023-03-27T12:41:12+00:00","dateModified":"2023-03-27T12:41:31+00:00","mainEntityOfPage":{"@id":"https:\/\/aeroportcastello.com\/es\/el-aeropuerto-de-castellon-promueve-alianzas-entre-los-sectores-del-plastico-y-la-automocion-y-empresas-del-ambito-aeronautico-y-aeroespacial\/"},"wordCount":292,"commentCount":0,"publisher":{"@id":"https:\/\/aeroportcastello.com\/es\/#organization"},"articleSection":["Noticias Aeropuerto"],"inLanguage":"es","potentialAction":[{"@type":"CommentAction","name":"Comment","target":["https:\/\/aeroportcastello.com\/es\/el-aeropuerto-de-castellon-promueve-alianzas-entre-los-sectores-del-plastico-y-la-automocion-y-empresas-del-ambito-aeronautico-y-aeroespacial\/#respond"]}]},{"@type":"WebPage","@id":"https:\/\/aeroportcastello.com\/es\/el-aeropuerto-de-castellon-promueve-alianzas-entre-los-sectores-del-plastico-y-la-automocion-y-empresas-del-ambito-aeronautico-y-aeroespacial\/","url":"https:\/\/aeroportcastello.com\/es\/el-aeropuerto-de-castellon-promueve-alianzas-entre-los-sectores-del-plastico-y-la-automocion-y-empresas-del-ambito-aeronautico-y-aeroespacial\/","name":"El aeropuerto de Castell\u00f3n promueve alianzas entre los sectores del pl\u00e1stico y la automoci\u00f3n y empresas del \u00e1mbito aeron\u00e1utico y aeroespacial - Aeropuerto Castell\u00f3n","isPartOf":{"@id":"https:\/\/aeroportcastello.com\/es\/#website"},"datePublished":"2023-03-27T12:41:12+00:00","dateModified":"2023-03-27T12:41:31+00:00","breadcrumb":{"@id":"https:\/\/aeroportcastello.com\/es\/el-aeropuerto-de-castellon-promueve-alianzas-entre-los-sectores-del-plastico-y-la-automocion-y-empresas-del-ambito-aeronautico-y-aeroespacial\/#breadcrumb"},"inLanguage":"es","potentialAction":[{"@type":"ReadAction","target":["https:\/\/aeroportcastello.com\/es\/el-aeropuerto-de-castellon-promueve-alianzas-entre-los-sectores-del-plastico-y-la-automocion-y-empresas-del-ambito-aeronautico-y-aeroespacial\/"]}]},{"@type":"BreadcrumbList","@id":"https:\/\/aeroportcastello.com\/es\/el-aeropuerto-de-castellon-promueve-alianzas-entre-los-sectores-del-plastico-y-la-automocion-y-empresas-del-ambito-aeronautico-y-aeroespacial\/#breadcrumb","itemListElement":[{"@type":"ListItem","position":1,"name":"Pasajeros","item":"https:\/\/aeroportcastello.com\/es\/"},{"@type":"ListItem","position":2,"name":"El aeropuerto de Castell\u00f3n promueve alianzas entre los sectores del pl\u00e1stico y la automoci\u00f3n y empresas del \u00e1mbito aeron\u00e1utico y aeroespacial"}]},{"@type":"WebSite","@id":"https:\/\/aeroportcastello.com\/es\/#website","url":"https:\/\/aeroportcastello.com\/es\/","name":"Aeropuerto Castell\u00f3n","description":"Aeropuerto Castell\u00f3n","publisher":{"@id":"https:\/\/aeroportcastello.com\/es\/#organization"},"potentialAction":[{"@type":"SearchAction","target":{"@type":"EntryPoint","urlTemplate":"https:\/\/aeroportcastello.com\/es\/?s={search_term_string}"},"query-input":"required name=search_term_string"}],"inLanguage":"es"},{"@type":"Organization","@id":"https:\/\/aeroportcastello.com\/es\/#organization","name":"Aeropuerto Castell\u00f3n","url":"https:\/\/aeroportcastello.com\/es\/","logo":{"@type":"ImageObject","inLanguage":"es","@id":"https:\/\/aeroportcastello.com\/es\/#\/schema\/logo\/image\/","url":"https:\/\/aeroportcastello.com\/wp-content\/uploads\/2021\/05\/logo_aeroport_castello-1.svg","contentUrl":"https:\/\/aeroportcastello.com\/wp-content\/uploads\/2021\/05\/logo_aeroport_castello-1.svg","width":482.8999999999999772626324556767940521240234375,"height":93.7000000000000028421709430404007434844970703125,"caption":"Aeropuerto Castell\u00f3n"},"image":{"@id":"https:\/\/aeroportcastello.com\/es\/#\/schema\/logo\/image\/"}},{"@type":"Person","@id":"https:\/\/aeroportcastello.com\/es\/#\/schema\/person\/6ce30e1beabb48891a1227bcaf9c5afc","name":"admin","image":{"@type":"ImageObject","inLanguage":"es","@id":"https:\/\/aeroportcastello.com\/es\/#\/schema\/person\/image\/","url":"https:\/\/secure.gravatar.com\/avatar\/49a104bbc10efec0d78dc86b9d8c7ddc?s=96&d=mm&r=g","contentUrl":"https:\/\/secure.gravatar.com\/avatar\/49a104bbc10efec0d78dc86b9d8c7ddc?s=96&d=mm&r=g","caption":"admin"},"sameAs":["https:\/\/aeroportcastello.com"],"url":"https:\/\/aeroportcastello.com\/es\/author\/adm-nunsys\/"}]}},"_links":{"self":[{"href":"https:\/\/aeroportcastello.com\/es\/wp-json\/wp\/v2\/posts\/6815"}],"collection":[{"href":"https:\/\/aeroportcastello.com\/es\/wp-json\/wp\/v2\/posts"}],"about":[{"href":"https:\/\/aeroportcastello.com\/es\/wp-json\/wp\/v2\/types\/post"}],"author":[{"embeddable":true,"href":"https:\/\/aeroportcastello.com\/es\/wp-json\/wp\/v2\/users\/1"}],"replies":[{"embeddable":true,"href":"https:\/\/aeroportcastello.com\/es\/wp-json\/wp\/v2\/comments?post=6815"}],"version-history":[{"count":1,"href":"https:\/\/aeroportcastello.com\/es\/wp-json\/wp\/v2\/posts\/6815\/revisions"}],"predecessor-version":[{"id":6816,"href":"https:\/\/aeroportcastello.com\/es\/wp-json\/wp\/v2\/posts\/6815\/revisions\/6816"}],"wp:featuredmedia":[{"embeddable":true,"href":"https:\/\/aeroportcastello.com\/es\/wp-json\/wp\/v2\/media\/6813"}],"wp:attachment":[{"href":"https:\/\/aeroportcastello.com\/es\/wp-json\/wp\/v2\/media?parent=6815"}],"wp:term":[{"taxonomy":"category","embeddable":true,"href":"https:\/\/aeroportcastello.com\/es\/wp-json\/wp\/v2\/categories?post=6815"},{"taxonomy":"post_tag","embeddable":true,"href":"https:\/\/aeroportcastello.com\/es\/wp-json\/wp\/v2\/tags?post=6815"}],"curies":[{"name":"wp","href":"https:\/\/api.w.org\/{rel}","templated":true}]}}