{"id":5109,"date":"2022-10-30T11:58:28","date_gmt":"2022-10-30T10:58:28","guid":{"rendered":"https:\/\/aeroportcastello.com\/el-aeropuerto-de-castellon-estrena-una-ruta-a-dublin-operada-por-ryanair-con-dos-frecuencias-semanales\/"},"modified":"2022-10-30T12:51:40","modified_gmt":"2022-10-30T11:51:40","slug":"el-aeropuerto-de-castellon-estrena-una-ruta-a-dublin-operada-por-ryanair-con-dos-frecuencias-semanales","status":"publish","type":"post","link":"https:\/\/aeroportcastello.com\/es\/el-aeropuerto-de-castellon-estrena-una-ruta-a-dublin-operada-por-ryanair-con-dos-frecuencias-semanales\/","title":{"rendered":"El aeropuerto de Castell\u00f3n estrena una ruta a Dubl\u00edn operada por Ryanair con dos frecuencias semanales"},"content":{"rendered":"<p><strong>La nueva ruta, la tercera de la compa\u00f1\u00eda en este aeropuerto, conecta ambos territorios los mi\u00e9rcoles y los domingos y refuerza la oferta de vuelos desde la provincia<\/strong><\/p>\n<p style=\"text-align: justify; text-justify: inter-ideograph; background: white; margin: 0cm 0cm 18.0pt 0cm;\"><span style=\"color: #0c0c0c;\">El aeropuerto de Castell\u00f3n ha estrenado este domingo una nueva ruta con Dubl\u00edn, operada por Ryanair, que dispone de dos frecuencias semanales. <\/span><\/p>\n<p style=\"text-align: justify; text-justify: inter-ideograph; background: white; margin: 0cm 0cm 18.0pt 0cm;\"><span style=\"color: #0c0c0c;\">Con motivo del vuelo inaugural, el avi\u00f3n procedente de la capital irlandesa ha sido recibido con el tradicional arco de agua trazado desde dos camiones del servicio de bomberos del aeropuerto de Castell\u00f3n.<\/span><\/p>\n<p style=\"text-align: justify; text-justify: inter-ideograph; background: white; margin: 0cm 0cm 18.0pt 0cm;\"><span style=\"color: #0c0c0c;\">La nueva conexi\u00f3n que se ha estrenado hoy dispone de dos frecuencias semanales, en mi\u00e9rcoles y domingo.<\/span><\/p>\n<p style=\"text-align: justify; text-justify: inter-ideograph; background: white; margin: 0cm 0cm 18.0pt 0cm;\"><span style=\"color: #0c0c0c;\">La consellera de Pol\u00edtica Territorial, Obras P\u00fablicas y Movilidad, Rebeca Torr\u00f3, ha mostrado su satisfacci\u00f3n con la activaci\u00f3n de la ruta de Dubl\u00edn, \u201cya que refuerza la oferta de vuelos del aeropuerto de Castell\u00f3n en la temporada invernal, contribuyendo a la desestacionalizaci\u00f3n de la actividad comercial, adem\u00e1s de conectar con un importante mercado tur\u00edstico emisor como es el irland\u00e9s\u201d.<\/span><\/p>\n<p style=\"text-align: justify; text-justify: inter-ideograph; background: white; margin: 0cm 0cm 18.0pt 0cm;\"><b><span style=\"color: #0c0c0c;\">Tercera ruta de Ryanair en Castell\u00f3n<\/span><\/b><\/p>\n<p style=\"text-align: justify; text-justify: inter-ideograph; background: white; margin: 0cm 0cm 18.0pt 0cm;\"><span style=\"color: #0c0c0c;\">La de Dubl\u00edn se convierte en la tercera ruta que opera Ryanair en el aeropuerto de Castell\u00f3n, sum\u00e1ndose a las de Londres y Bruselas.<b><\/b><\/span><\/p>\n<p style=\"text-align: justify; text-justify: inter-ideograph; background: white; margin: 0cm 0cm 18.0pt 0cm;\"><span style=\"color: #0c0c0c;\">Al respecto, la <i><span style=\"background: white;\">country manager<\/span><\/i><span style=\"background: white;\"> de la aerol\u00ednea para Espa\u00f1a y Portugal, Elena Cabrera, ha declarado: \u201cEstamos encantados de inaugurar la ruta Castellon-Dubl\u00edn. Nos complace a\u00f1adir una ruta m\u00e1s a nuestros pasajeros castellonenses, a la vez que damos a conocer la regi\u00f3n a un nuevo mercado que seguro que quedar\u00e1 encantado con lo que Castell\u00f3n tiene que ofrecer. Una prueba m\u00e1s del compromiso de Ryanair en el aeropuerto de Castell\u00f3n&#8221;.<\/span><\/span><\/p>\n","protected":false},"excerpt":{"rendered":"<p>La nueva ruta, la tercera de la compa\u00f1\u00eda en este aeropuerto, conecta ambos territorios los mi\u00e9rcoles y los domingos y refuerza la oferta de vuelos desde la provincia El aeropuerto de Castell\u00f3n ha estrenado este domingo una nueva ruta con Dubl\u00edn, operada por Ryanair, que dispone de dos frecuencias semanales. Con motivo del vuelo inaugural, &#8230; <\/p>\n<p class=\"read-more-container\"><a title=\"El aeropuerto de Castell\u00f3n estrena una ruta a Dubl\u00edn operada por Ryanair con dos frecuencias semanales\" class=\"read-more button\" href=\"https:\/\/aeroportcastello.com\/es\/el-aeropuerto-de-castellon-estrena-una-ruta-a-dublin-operada-por-ryanair-con-dos-frecuencias-semanales\/#more-5109\" aria-label=\"Leer m\u00e1s sobre El aeropuerto de Castell\u00f3n estrena una ruta a Dubl\u00edn operada por Ryanair con dos frecuencias semanales\">Leer m\u00e1s<\/a><\/p>\n","protected":false},"author":1,"featured_media":5107,"comment_status":"open","ping_status":"open","sticky":false,"template":"","format":"standard","meta":{"footnotes":""},"categories":[1],"tags":[],"yoast_head":"<!-- This site is optimized with the Yoast SEO plugin v22.0 - https:\/\/yoast.com\/wordpress\/plugins\/seo\/ -->\n<title>El aeropuerto de Castell\u00f3n estrena una ruta a Dubl\u00edn operada por Ryanair con dos frecuencias semanales - Aeropuerto Castell\u00f3n<\/title>\n<meta name=\"robots\" content=\"index, follow, max-snippet:-1, max-image-preview:large, max-video-preview:-1\" \/>\n<link rel=\"canonical\" href=\"https:\/\/aeroportcastello.com\/es\/el-aeropuerto-de-castellon-estrena-una-ruta-a-dublin-operada-por-ryanair-con-dos-frecuencias-semanales\/\" \/>\n<meta property=\"og:locale\" content=\"es_ES\" \/>\n<meta property=\"og:type\" content=\"article\" \/>\n<meta property=\"og:title\" content=\"El aeropuerto de Castell\u00f3n estrena una ruta a Dubl\u00edn operada por Ryanair con dos frecuencias semanales - Aeropuerto Castell\u00f3n\" \/>\n<meta property=\"og:description\" content=\"La nueva ruta, la tercera de la compa\u00f1\u00eda en este aeropuerto, conecta ambos territorios los mi\u00e9rcoles y los domingos y refuerza la oferta de vuelos desde la provincia El aeropuerto de Castell\u00f3n ha estrenado este domingo una nueva ruta con Dubl\u00edn, operada por Ryanair, que dispone de dos frecuencias semanales. Con motivo del vuelo inaugural, ... Leer m\u00e1s\" \/>\n<meta property=\"og:url\" content=\"https:\/\/aeroportcastello.com\/es\/el-aeropuerto-de-castellon-estrena-una-ruta-a-dublin-operada-por-ryanair-con-dos-frecuencias-semanales\/\" \/>\n<meta property=\"og:site_name\" content=\"Aeropuerto Castell\u00f3n\" \/>\n<meta property=\"article:published_time\" content=\"2022-10-30T10:58:28+00:00\" \/>\n<meta property=\"article:modified_time\" content=\"2022-10-30T11:51:40+00:00\" \/>\n<meta property=\"og:image\" content=\"https:\/\/aeroportcastello.com\/wp-content\/uploads\/2022\/10\/1-1-scaled.jpg\" \/>\n\t<meta property=\"og:image:width\" content=\"2560\" \/>\n\t<meta property=\"og:image:height\" content=\"1468\" \/>\n\t<meta property=\"og:image:type\" content=\"image\/jpeg\" \/>\n<meta name=\"author\" content=\"admin\" \/>\n<meta name=\"twitter:card\" content=\"summary_large_image\" \/>\n<meta name=\"twitter:label1\" content=\"Escrito por\" \/>\n\t<meta name=\"twitter:data1\" content=\"admin\" \/>\n\t<meta name=\"twitter:label2\" content=\"Tiempo de lectura\" \/>\n\t<meta name=\"twitter:data2\" content=\"2 minutos\" \/>\n<script type=\"application\/ld+json\" class=\"yoast-schema-graph\">{\"@context\":\"https:\/\/schema.org\",\"@graph\":[{\"@type\":\"Article\",\"@id\":\"https:\/\/aeroportcastello.com\/es\/el-aeropuerto-de-castellon-estrena-una-ruta-a-dublin-operada-por-ryanair-con-dos-frecuencias-semanales\/#article\",\"isPartOf\":{\"@id\":\"https:\/\/aeroportcastello.com\/es\/el-aeropuerto-de-castellon-estrena-una-ruta-a-dublin-operada-por-ryanair-con-dos-frecuencias-semanales\/\"},\"author\":{\"name\":\"admin\",\"@id\":\"https:\/\/aeroportcastello.com\/es\/#\/schema\/person\/6ce30e1beabb48891a1227bcaf9c5afc\"},\"headline\":\"El aeropuerto de Castell\u00f3n estrena una ruta a Dubl\u00edn operada por Ryanair con dos frecuencias semanales\",\"datePublished\":\"2022-10-30T10:58:28+00:00\",\"dateModified\":\"2022-10-30T11:51:40+00:00\",\"mainEntityOfPage\":{\"@id\":\"https:\/\/aeroportcastello.com\/es\/el-aeropuerto-de-castellon-estrena-una-ruta-a-dublin-operada-por-ryanair-con-dos-frecuencias-semanales\/\"},\"wordCount\":308,\"commentCount\":0,\"publisher\":{\"@id\":\"https:\/\/aeroportcastello.com\/es\/#organization\"},\"articleSection\":[\"Noticias Aeropuerto\"],\"inLanguage\":\"es\",\"potentialAction\":[{\"@type\":\"CommentAction\",\"name\":\"Comment\",\"target\":[\"https:\/\/aeroportcastello.com\/es\/el-aeropuerto-de-castellon-estrena-una-ruta-a-dublin-operada-por-ryanair-con-dos-frecuencias-semanales\/#respond\"]}]},{\"@type\":\"WebPage\",\"@id\":\"https:\/\/aeroportcastello.com\/es\/el-aeropuerto-de-castellon-estrena-una-ruta-a-dublin-operada-por-ryanair-con-dos-frecuencias-semanales\/\",\"url\":\"https:\/\/aeroportcastello.com\/es\/el-aeropuerto-de-castellon-estrena-una-ruta-a-dublin-operada-por-ryanair-con-dos-frecuencias-semanales\/\",\"name\":\"El aeropuerto de Castell\u00f3n estrena una ruta a Dubl\u00edn operada por Ryanair con dos frecuencias semanales - Aeropuerto Castell\u00f3n\",\"isPartOf\":{\"@id\":\"https:\/\/aeroportcastello.com\/es\/#website\"},\"datePublished\":\"2022-10-30T10:58:28+00:00\",\"dateModified\":\"2022-10-30T11:51:40+00:00\",\"breadcrumb\":{\"@id\":\"https:\/\/aeroportcastello.com\/es\/el-aeropuerto-de-castellon-estrena-una-ruta-a-dublin-operada-por-ryanair-con-dos-frecuencias-semanales\/#breadcrumb\"},\"inLanguage\":\"es\",\"potentialAction\":[{\"@type\":\"ReadAction\",\"target\":[\"https:\/\/aeroportcastello.com\/es\/el-aeropuerto-de-castellon-estrena-una-ruta-a-dublin-operada-por-ryanair-con-dos-frecuencias-semanales\/\"]}]},{\"@type\":\"BreadcrumbList\",\"@id\":\"https:\/\/aeroportcastello.com\/es\/el-aeropuerto-de-castellon-estrena-una-ruta-a-dublin-operada-por-ryanair-con-dos-frecuencias-semanales\/#breadcrumb\",\"itemListElement\":[{\"@type\":\"ListItem\",\"position\":1,\"name\":\"Pasajeros\",\"item\":\"https:\/\/aeroportcastello.com\/es\/\"},{\"@type\":\"ListItem\",\"position\":2,\"name\":\"El aeropuerto de Castell\u00f3n estrena una ruta a Dubl\u00edn operada por Ryanair con dos frecuencias semanales\"}]},{\"@type\":\"WebSite\",\"@id\":\"https:\/\/aeroportcastello.com\/es\/#website\",\"url\":\"https:\/\/aeroportcastello.com\/es\/\",\"name\":\"Aeropuerto Castell\u00f3n\",\"description\":\"Aeropuerto Castell\u00f3n\",\"publisher\":{\"@id\":\"https:\/\/aeroportcastello.com\/es\/#organization\"},\"potentialAction\":[{\"@type\":\"SearchAction\",\"target\":{\"@type\":\"EntryPoint\",\"urlTemplate\":\"https:\/\/aeroportcastello.com\/es\/?s={search_term_string}\"},\"query-input\":\"required name=search_term_string\"}],\"inLanguage\":\"es\"},{\"@type\":\"Organization\",\"@id\":\"https:\/\/aeroportcastello.com\/es\/#organization\",\"name\":\"Aeropuerto Castell\u00f3n\",\"url\":\"https:\/\/aeroportcastello.com\/es\/\",\"logo\":{\"@type\":\"ImageObject\",\"inLanguage\":\"es\",\"@id\":\"https:\/\/aeroportcastello.com\/es\/#\/schema\/logo\/image\/\",\"url\":\"https:\/\/aeroportcastello.com\/wp-content\/uploads\/2021\/05\/logo_aeroport_castello-1.svg\",\"contentUrl\":\"https:\/\/aeroportcastello.com\/wp-content\/uploads\/2021\/05\/logo_aeroport_castello-1.svg\",\"width\":482.8999999999999772626324556767940521240234375,\"height\":93.7000000000000028421709430404007434844970703125,\"caption\":\"Aeropuerto Castell\u00f3n\"},\"image\":{\"@id\":\"https:\/\/aeroportcastello.com\/es\/#\/schema\/logo\/image\/\"}},{\"@type\":\"Person\",\"@id\":\"https:\/\/aeroportcastello.com\/es\/#\/schema\/person\/6ce30e1beabb48891a1227bcaf9c5afc\",\"name\":\"admin\",\"image\":{\"@type\":\"ImageObject\",\"inLanguage\":\"es\",\"@id\":\"https:\/\/aeroportcastello.com\/es\/#\/schema\/person\/image\/\",\"url\":\"https:\/\/secure.gravatar.com\/avatar\/49a104bbc10efec0d78dc86b9d8c7ddc?s=96&d=mm&r=g\",\"contentUrl\":\"https:\/\/secure.gravatar.com\/avatar\/49a104bbc10efec0d78dc86b9d8c7ddc?s=96&d=mm&r=g\",\"caption\":\"admin\"},\"sameAs\":[\"https:\/\/aeroportcastello.com\"],\"url\":\"https:\/\/aeroportcastello.com\/es\/author\/adm-nunsys\/\"}]}<\/script>\n<!-- \/ Yoast SEO plugin. -->","yoast_head_json":{"title":"El aeropuerto de Castell\u00f3n estrena una ruta a Dubl\u00edn operada por Ryanair con dos frecuencias semanales - Aeropuerto Castell\u00f3n","robots":{"index":"index","follow":"follow","max-snippet":"max-snippet:-1","max-image-preview":"max-image-preview:large","max-video-preview":"max-video-preview:-1"},"canonical":"https:\/\/aeroportcastello.com\/es\/el-aeropuerto-de-castellon-estrena-una-ruta-a-dublin-operada-por-ryanair-con-dos-frecuencias-semanales\/","og_locale":"es_ES","og_type":"article","og_title":"El aeropuerto de Castell\u00f3n estrena una ruta a Dubl\u00edn operada por Ryanair con dos frecuencias semanales - Aeropuerto Castell\u00f3n","og_description":"La nueva ruta, la tercera de la compa\u00f1\u00eda en este aeropuerto, conecta ambos territorios los mi\u00e9rcoles y los domingos y refuerza la oferta de vuelos desde la provincia El aeropuerto de Castell\u00f3n ha estrenado este domingo una nueva ruta con Dubl\u00edn, operada por Ryanair, que dispone de dos frecuencias semanales. Con motivo del vuelo inaugural, ... Leer m\u00e1s","og_url":"https:\/\/aeroportcastello.com\/es\/el-aeropuerto-de-castellon-estrena-una-ruta-a-dublin-operada-por-ryanair-con-dos-frecuencias-semanales\/","og_site_name":"Aeropuerto Castell\u00f3n","article_published_time":"2022-10-30T10:58:28+00:00","article_modified_time":"2022-10-30T11:51:40+00:00","og_image":[{"width":2560,"height":1468,"url":"https:\/\/aeroportcastello.com\/wp-content\/uploads\/2022\/10\/1-1-scaled.jpg","type":"image\/jpeg"}],"author":"admin","twitter_card":"summary_large_image","twitter_misc":{"Escrito por":"admin","Tiempo de lectura":"2 minutos"},"schema":{"@context":"https:\/\/schema.org","@graph":[{"@type":"Article","@id":"https:\/\/aeroportcastello.com\/es\/el-aeropuerto-de-castellon-estrena-una-ruta-a-dublin-operada-por-ryanair-con-dos-frecuencias-semanales\/#article","isPartOf":{"@id":"https:\/\/aeroportcastello.com\/es\/el-aeropuerto-de-castellon-estrena-una-ruta-a-dublin-operada-por-ryanair-con-dos-frecuencias-semanales\/"},"author":{"name":"admin","@id":"https:\/\/aeroportcastello.com\/es\/#\/schema\/person\/6ce30e1beabb48891a1227bcaf9c5afc"},"headline":"El aeropuerto de Castell\u00f3n estrena una ruta a Dubl\u00edn operada por Ryanair con dos frecuencias semanales","datePublished":"2022-10-30T10:58:28+00:00","dateModified":"2022-10-30T11:51:40+00:00","mainEntityOfPage":{"@id":"https:\/\/aeroportcastello.com\/es\/el-aeropuerto-de-castellon-estrena-una-ruta-a-dublin-operada-por-ryanair-con-dos-frecuencias-semanales\/"},"wordCount":308,"commentCount":0,"publisher":{"@id":"https:\/\/aeroportcastello.com\/es\/#organization"},"articleSection":["Noticias Aeropuerto"],"inLanguage":"es","potentialAction":[{"@type":"CommentAction","name":"Comment","target":["https:\/\/aeroportcastello.com\/es\/el-aeropuerto-de-castellon-estrena-una-ruta-a-dublin-operada-por-ryanair-con-dos-frecuencias-semanales\/#respond"]}]},{"@type":"WebPage","@id":"https:\/\/aeroportcastello.com\/es\/el-aeropuerto-de-castellon-estrena-una-ruta-a-dublin-operada-por-ryanair-con-dos-frecuencias-semanales\/","url":"https:\/\/aeroportcastello.com\/es\/el-aeropuerto-de-castellon-estrena-una-ruta-a-dublin-operada-por-ryanair-con-dos-frecuencias-semanales\/","name":"El aeropuerto de Castell\u00f3n estrena una ruta a Dubl\u00edn operada por Ryanair con dos frecuencias semanales - Aeropuerto Castell\u00f3n","isPartOf":{"@id":"https:\/\/aeroportcastello.com\/es\/#website"},"datePublished":"2022-10-30T10:58:28+00:00","dateModified":"2022-10-30T11:51:40+00:00","breadcrumb":{"@id":"https:\/\/aeroportcastello.com\/es\/el-aeropuerto-de-castellon-estrena-una-ruta-a-dublin-operada-por-ryanair-con-dos-frecuencias-semanales\/#breadcrumb"},"inLanguage":"es","potentialAction":[{"@type":"ReadAction","target":["https:\/\/aeroportcastello.com\/es\/el-aeropuerto-de-castellon-estrena-una-ruta-a-dublin-operada-por-ryanair-con-dos-frecuencias-semanales\/"]}]},{"@type":"BreadcrumbList","@id":"https:\/\/aeroportcastello.com\/es\/el-aeropuerto-de-castellon-estrena-una-ruta-a-dublin-operada-por-ryanair-con-dos-frecuencias-semanales\/#breadcrumb","itemListElement":[{"@type":"ListItem","position":1,"name":"Pasajeros","item":"https:\/\/aeroportcastello.com\/es\/"},{"@type":"ListItem","position":2,"name":"El aeropuerto de Castell\u00f3n estrena una ruta a Dubl\u00edn operada por Ryanair con dos frecuencias semanales"}]},{"@type":"WebSite","@id":"https:\/\/aeroportcastello.com\/es\/#website","url":"https:\/\/aeroportcastello.com\/es\/","name":"Aeropuerto Castell\u00f3n","description":"Aeropuerto Castell\u00f3n","publisher":{"@id":"https:\/\/aeroportcastello.com\/es\/#organization"},"potentialAction":[{"@type":"SearchAction","target":{"@type":"EntryPoint","urlTemplate":"https:\/\/aeroportcastello.com\/es\/?s={search_term_string}"},"query-input":"required name=search_term_string"}],"inLanguage":"es"},{"@type":"Organization","@id":"https:\/\/aeroportcastello.com\/es\/#organization","name":"Aeropuerto Castell\u00f3n","url":"https:\/\/aeroportcastello.com\/es\/","logo":{"@type":"ImageObject","inLanguage":"es","@id":"https:\/\/aeroportcastello.com\/es\/#\/schema\/logo\/image\/","url":"https:\/\/aeroportcastello.com\/wp-content\/uploads\/2021\/05\/logo_aeroport_castello-1.svg","contentUrl":"https:\/\/aeroportcastello.com\/wp-content\/uploads\/2021\/05\/logo_aeroport_castello-1.svg","width":482.8999999999999772626324556767940521240234375,"height":93.7000000000000028421709430404007434844970703125,"caption":"Aeropuerto Castell\u00f3n"},"image":{"@id":"https:\/\/aeroportcastello.com\/es\/#\/schema\/logo\/image\/"}},{"@type":"Person","@id":"https:\/\/aeroportcastello.com\/es\/#\/schema\/person\/6ce30e1beabb48891a1227bcaf9c5afc","name":"admin","image":{"@type":"ImageObject","inLanguage":"es","@id":"https:\/\/aeroportcastello.com\/es\/#\/schema\/person\/image\/","url":"https:\/\/secure.gravatar.com\/avatar\/49a104bbc10efec0d78dc86b9d8c7ddc?s=96&d=mm&r=g","contentUrl":"https:\/\/secure.gravatar.com\/avatar\/49a104bbc10efec0d78dc86b9d8c7ddc?s=96&d=mm&r=g","caption":"admin"},"sameAs":["https:\/\/aeroportcastello.com"],"url":"https:\/\/aeroportcastello.com\/es\/author\/adm-nunsys\/"}]}},"_links":{"self":[{"href":"https:\/\/aeroportcastello.com\/es\/wp-json\/wp\/v2\/posts\/5109"}],"collection":[{"href":"https:\/\/aeroportcastello.com\/es\/wp-json\/wp\/v2\/posts"}],"about":[{"href":"https:\/\/aeroportcastello.com\/es\/wp-json\/wp\/v2\/types\/post"}],"author":[{"embeddable":true,"href":"https:\/\/aeroportcastello.com\/es\/wp-json\/wp\/v2\/users\/1"}],"replies":[{"embeddable":true,"href":"https:\/\/aeroportcastello.com\/es\/wp-json\/wp\/v2\/comments?post=5109"}],"version-history":[{"count":1,"href":"https:\/\/aeroportcastello.com\/es\/wp-json\/wp\/v2\/posts\/5109\/revisions"}],"predecessor-version":[{"id":5110,"href":"https:\/\/aeroportcastello.com\/es\/wp-json\/wp\/v2\/posts\/5109\/revisions\/5110"}],"wp:featuredmedia":[{"embeddable":true,"href":"https:\/\/aeroportcastello.com\/es\/wp-json\/wp\/v2\/media\/5107"}],"wp:attachment":[{"href":"https:\/\/aeroportcastello.com\/es\/wp-json\/wp\/v2\/media?parent=5109"}],"wp:term":[{"taxonomy":"category","embeddable":true,"href":"https:\/\/aeroportcastello.com\/es\/wp-json\/wp\/v2\/categories?post=5109"},{"taxonomy":"post_tag","embeddable":true,"href":"https:\/\/aeroportcastello.com\/es\/wp-json\/wp\/v2\/tags?post=5109"}],"curies":[{"name":"wp","href":"https:\/\/api.w.org\/{rel}","templated":true}]}}