{"id":4880,"date":"2022-08-10T12:13:15","date_gmt":"2022-08-10T10:13:15","guid":{"rendered":"https:\/\/aeroportcastello.com\/laeroport-de-castello-avanca-en-la-desestacionalitzacio-amb-la-programacio-de-sis-rutes-regulars-en-la-proxima-temporada-hivernal\/"},"modified":"2022-08-25T12:14:01","modified_gmt":"2022-08-25T10:14:01","slug":"laeroport-de-castello-avanca-en-la-desestacionalitzacio-amb-la-programacio-de-sis-rutes-regulars-en-la-proxima-temporada-hivernal","status":"publish","type":"post","link":"https:\/\/aeroportcastello.com\/es\/laeroport-de-castello-avanca-en-la-desestacionalitzacio-amb-la-programacio-de-sis-rutes-regulars-en-la-proxima-temporada-hivernal\/","title":{"rendered":"L\u2019aeroport de Castell\u00f3 avan\u00e7a en la desestacionalitzaci\u00f3 amb la programaci\u00f3 de sis rutes regulars en la pr\u00f2xima temporada hivernal"},"content":{"rendered":"<p><strong>Les noves connexions de Madrid i Dubl\u00edn, juntament amb el manteniment de quatre rutes m\u00e9s, reportaran un r\u00e8cord de freq\u00fc\u00e8ncies a l\u2019hivern<\/strong><\/p>\n<div class=\"col_noticia_izq col-lg-9\">\n<div class=\"cuerpo-noticia\">\n<p>L\u2019aeroport de Castell\u00f3 avan\u00e7a en el seu objectiu de desestacionalitzar el tr\u00e0nsit comercial i operar\u00e0 durant la pr\u00f2xima temporada hivernal \u2014que compr\u00e9n de final d\u2019octubre a final de mar\u00e7\u2014 sis rutes regulars, que generaran un total de 15 freq\u00fc\u00e8ncies setmanals, xifra r\u00e8cord per a la instal\u00b7laci\u00f3 en aquest per\u00edode de l\u2019any.<\/p>\n<p>La directora general d\u2019Aerocas, Blanca Mar\u00edn, ha destacat l\u2019objectiu de l\u2019aeroport de sostindre el tr\u00e0nsit de passatgers al llarg de tot l\u2019any, \u201ca fi d\u2019equilibrar l\u2019activitat comercial en les temporades d\u2019hivern i estiu, amb la qual cosa es contribueix a la desestacionalitzaci\u00f3 del sector tur\u00edstic\u201d.<\/p>\n<p>Segons ha assenyalat, la pr\u00f2xima campanya d\u2019hivern \u201cser\u00e0 la millor en termes d\u2019activitat comercial, gr\u00e0cies al manteniment d\u2019algunes de les actuals rutes i l\u2019entrada en funcionament de les noves connexions de Dubl\u00edn i Madrid\u201d.<\/p>\n<p>Aix\u00ed, durant els cinc mesos de la temporada hivernal continuaran operant les dues rutes de Londres, totes dues amb dues freq\u00fc\u00e8ncies setmanals, i les de Bucarest i Brussel\u00b7les, tamb\u00e9 amb dos vols a la setmana. El 30 d\u2019octubre s\u2019incorporar\u00e0 la de Dubl\u00edn (dues freq\u00fc\u00e8ncies setmanals) i el 31 d\u2019octubre la de Madrid, amb cinc freq\u00fc\u00e8ncies.<\/p>\n<p>Per tant, l\u2019aeroport de Castell\u00f3 sumar\u00e0 en la pr\u00f2xima campanya d\u2019hivern sis connexions regulars amb 15 freq\u00fc\u00e8ncies setmanals, el registre m\u00e9s alt en aquesta \u00e8poca en la traject\u00f2ria de la infraestructura.<\/p>\n<p>La directora general ha insistit en el \u201csalt qualitatiu\u201d que suposar\u00e0 l\u2019entrada en funcionament de la ruta de Madrid, \u201cja que multiplicar\u00e0 la connectivitat des de Castell\u00f3 i cap a Castell\u00f3\u201d. En aquest sentit, ha recordat que aquesta l\u00ednia permetr\u00e0 enlla\u00e7ar amb 86 destinacions nacionals i internacionals a trav\u00e9s de l\u2019aeroport de Madrid-Barajas.<\/p>\n<p><strong>Estiu de r\u00e8cord<\/strong><\/p>\n<p>D\u2019altra banda, Blanca Mar\u00edn ha manifestat la seua satisfacci\u00f3 amb l\u2019evoluci\u00f3 de la temporada estival, \u201cla millor de l\u2019aeroport en termes de passatgers\u201d. Prova d\u2019aix\u00f2 \u00e9s que al juny i al juliol s\u2019han obtingut els millors registres<\/p>\n<\/div>\n<\/div>\n","protected":false},"excerpt":{"rendered":"<p>Les noves connexions de Madrid i Dubl\u00edn, juntament amb el manteniment de quatre rutes m\u00e9s, reportaran un r\u00e8cord de freq\u00fc\u00e8ncies a l\u2019hivern L\u2019aeroport de Castell\u00f3 avan\u00e7a en el seu objectiu de desestacionalitzar el tr\u00e0nsit comercial i operar\u00e0 durant la pr\u00f2xima temporada hivernal \u2014que compr\u00e9n de final d\u2019octubre a final de mar\u00e7\u2014 sis rutes regulars, que &#8230; <\/p>\n<p class=\"read-more-container\"><a title=\"L\u2019aeroport de Castell\u00f3 avan\u00e7a en la desestacionalitzaci\u00f3 amb la programaci\u00f3 de sis rutes regulars en la pr\u00f2xima temporada hivernal\" class=\"read-more button\" href=\"https:\/\/aeroportcastello.com\/es\/laeroport-de-castello-avanca-en-la-desestacionalitzacio-amb-la-programacio-de-sis-rutes-regulars-en-la-proxima-temporada-hivernal\/#more-4880\" aria-label=\"Leer m\u00e1s sobre L\u2019aeroport de Castell\u00f3 avan\u00e7a en la desestacionalitzaci\u00f3 amb la programaci\u00f3 de sis rutes regulars en la pr\u00f2xima temporada hivernal\">Leer m\u00e1s<\/a><\/p>\n","protected":false},"author":1,"featured_media":4878,"comment_status":"open","ping_status":"open","sticky":false,"template":"","format":"standard","meta":{"footnotes":""},"categories":[1],"tags":[],"yoast_head":"<!-- This site is optimized with the Yoast SEO plugin v22.0 - https:\/\/yoast.com\/wordpress\/plugins\/seo\/ -->\n<title>L\u2019aeroport de Castell\u00f3 avan\u00e7a en la desestacionalitzaci\u00f3 amb la programaci\u00f3 de sis rutes regulars en la pr\u00f2xima temporada hivernal - Aeropuerto Castell\u00f3n<\/title>\n<meta name=\"robots\" content=\"index, follow, max-snippet:-1, max-image-preview:large, max-video-preview:-1\" \/>\n<link rel=\"canonical\" href=\"https:\/\/aeroportcastello.com\/es\/laeroport-de-castello-avanca-en-la-desestacionalitzacio-amb-la-programacio-de-sis-rutes-regulars-en-la-proxima-temporada-hivernal\/\" \/>\n<meta property=\"og:locale\" content=\"es_ES\" \/>\n<meta property=\"og:type\" content=\"article\" \/>\n<meta property=\"og:title\" content=\"L\u2019aeroport de Castell\u00f3 avan\u00e7a en la desestacionalitzaci\u00f3 amb la programaci\u00f3 de sis rutes regulars en la pr\u00f2xima temporada hivernal - Aeropuerto Castell\u00f3n\" \/>\n<meta property=\"og:description\" content=\"Les noves connexions de Madrid i Dubl\u00edn, juntament amb el manteniment de quatre rutes m\u00e9s, reportaran un r\u00e8cord de freq\u00fc\u00e8ncies a l\u2019hivern L\u2019aeroport de Castell\u00f3 avan\u00e7a en el seu objectiu de desestacionalitzar el tr\u00e0nsit comercial i operar\u00e0 durant la pr\u00f2xima temporada hivernal \u2014que compr\u00e9n de final d\u2019octubre a final de mar\u00e7\u2014 sis rutes regulars, que ... Leer m\u00e1s\" \/>\n<meta property=\"og:url\" content=\"https:\/\/aeroportcastello.com\/es\/laeroport-de-castello-avanca-en-la-desestacionalitzacio-amb-la-programacio-de-sis-rutes-regulars-en-la-proxima-temporada-hivernal\/\" \/>\n<meta property=\"og:site_name\" content=\"Aeropuerto Castell\u00f3n\" \/>\n<meta property=\"article:published_time\" content=\"2022-08-10T10:13:15+00:00\" \/>\n<meta property=\"article:modified_time\" content=\"2022-08-25T10:14:01+00:00\" \/>\n<meta property=\"og:image\" content=\"https:\/\/aeroportcastello.com\/wp-content\/uploads\/2022\/08\/foto-1-scaled.jpg\" \/>\n\t<meta property=\"og:image:width\" content=\"2560\" \/>\n\t<meta property=\"og:image:height\" content=\"1707\" \/>\n\t<meta property=\"og:image:type\" content=\"image\/jpeg\" \/>\n<meta name=\"author\" content=\"admin\" \/>\n<meta name=\"twitter:card\" content=\"summary_large_image\" \/>\n<meta name=\"twitter:label1\" content=\"Escrito por\" \/>\n\t<meta name=\"twitter:data1\" content=\"admin\" \/>\n\t<meta name=\"twitter:label2\" content=\"Tiempo de lectura\" \/>\n\t<meta name=\"twitter:data2\" content=\"2 minutos\" \/>\n<script type=\"application\/ld+json\" class=\"yoast-schema-graph\">{\"@context\":\"https:\/\/schema.org\",\"@graph\":[{\"@type\":\"Article\",\"@id\":\"https:\/\/aeroportcastello.com\/es\/laeroport-de-castello-avanca-en-la-desestacionalitzacio-amb-la-programacio-de-sis-rutes-regulars-en-la-proxima-temporada-hivernal\/#article\",\"isPartOf\":{\"@id\":\"https:\/\/aeroportcastello.com\/es\/laeroport-de-castello-avanca-en-la-desestacionalitzacio-amb-la-programacio-de-sis-rutes-regulars-en-la-proxima-temporada-hivernal\/\"},\"author\":{\"name\":\"admin\",\"@id\":\"https:\/\/aeroportcastello.com\/es\/#\/schema\/person\/6ce30e1beabb48891a1227bcaf9c5afc\"},\"headline\":\"L\u2019aeroport de Castell\u00f3 avan\u00e7a en la desestacionalitzaci\u00f3 amb la programaci\u00f3 de sis rutes regulars en la pr\u00f2xima temporada hivernal\",\"datePublished\":\"2022-08-10T10:13:15+00:00\",\"dateModified\":\"2022-08-25T10:14:01+00:00\",\"mainEntityOfPage\":{\"@id\":\"https:\/\/aeroportcastello.com\/es\/laeroport-de-castello-avanca-en-la-desestacionalitzacio-amb-la-programacio-de-sis-rutes-regulars-en-la-proxima-temporada-hivernal\/\"},\"wordCount\":407,\"commentCount\":0,\"publisher\":{\"@id\":\"https:\/\/aeroportcastello.com\/es\/#organization\"},\"articleSection\":[\"Noticias Aeropuerto\"],\"inLanguage\":\"es\",\"potentialAction\":[{\"@type\":\"CommentAction\",\"name\":\"Comment\",\"target\":[\"https:\/\/aeroportcastello.com\/es\/laeroport-de-castello-avanca-en-la-desestacionalitzacio-amb-la-programacio-de-sis-rutes-regulars-en-la-proxima-temporada-hivernal\/#respond\"]}]},{\"@type\":\"WebPage\",\"@id\":\"https:\/\/aeroportcastello.com\/es\/laeroport-de-castello-avanca-en-la-desestacionalitzacio-amb-la-programacio-de-sis-rutes-regulars-en-la-proxima-temporada-hivernal\/\",\"url\":\"https:\/\/aeroportcastello.com\/es\/laeroport-de-castello-avanca-en-la-desestacionalitzacio-amb-la-programacio-de-sis-rutes-regulars-en-la-proxima-temporada-hivernal\/\",\"name\":\"L\u2019aeroport de Castell\u00f3 avan\u00e7a en la desestacionalitzaci\u00f3 amb la programaci\u00f3 de sis rutes regulars en la pr\u00f2xima temporada hivernal - Aeropuerto Castell\u00f3n\",\"isPartOf\":{\"@id\":\"https:\/\/aeroportcastello.com\/es\/#website\"},\"datePublished\":\"2022-08-10T10:13:15+00:00\",\"dateModified\":\"2022-08-25T10:14:01+00:00\",\"breadcrumb\":{\"@id\":\"https:\/\/aeroportcastello.com\/es\/laeroport-de-castello-avanca-en-la-desestacionalitzacio-amb-la-programacio-de-sis-rutes-regulars-en-la-proxima-temporada-hivernal\/#breadcrumb\"},\"inLanguage\":\"es\",\"potentialAction\":[{\"@type\":\"ReadAction\",\"target\":[\"https:\/\/aeroportcastello.com\/es\/laeroport-de-castello-avanca-en-la-desestacionalitzacio-amb-la-programacio-de-sis-rutes-regulars-en-la-proxima-temporada-hivernal\/\"]}]},{\"@type\":\"BreadcrumbList\",\"@id\":\"https:\/\/aeroportcastello.com\/es\/laeroport-de-castello-avanca-en-la-desestacionalitzacio-amb-la-programacio-de-sis-rutes-regulars-en-la-proxima-temporada-hivernal\/#breadcrumb\",\"itemListElement\":[{\"@type\":\"ListItem\",\"position\":1,\"name\":\"Pasajeros\",\"item\":\"https:\/\/aeroportcastello.com\/es\/\"},{\"@type\":\"ListItem\",\"position\":2,\"name\":\"L\u2019aeroport de Castell\u00f3 avan\u00e7a en la desestacionalitzaci\u00f3 amb la programaci\u00f3 de sis rutes regulars en la pr\u00f2xima temporada hivernal\"}]},{\"@type\":\"WebSite\",\"@id\":\"https:\/\/aeroportcastello.com\/es\/#website\",\"url\":\"https:\/\/aeroportcastello.com\/es\/\",\"name\":\"Aeropuerto Castell\u00f3n\",\"description\":\"Aeropuerto Castell\u00f3n\",\"publisher\":{\"@id\":\"https:\/\/aeroportcastello.com\/es\/#organization\"},\"potentialAction\":[{\"@type\":\"SearchAction\",\"target\":{\"@type\":\"EntryPoint\",\"urlTemplate\":\"https:\/\/aeroportcastello.com\/es\/?s={search_term_string}\"},\"query-input\":\"required name=search_term_string\"}],\"inLanguage\":\"es\"},{\"@type\":\"Organization\",\"@id\":\"https:\/\/aeroportcastello.com\/es\/#organization\",\"name\":\"Aeropuerto Castell\u00f3n\",\"url\":\"https:\/\/aeroportcastello.com\/es\/\",\"logo\":{\"@type\":\"ImageObject\",\"inLanguage\":\"es\",\"@id\":\"https:\/\/aeroportcastello.com\/es\/#\/schema\/logo\/image\/\",\"url\":\"https:\/\/aeroportcastello.com\/wp-content\/uploads\/2021\/05\/logo_aeroport_castello-1.svg\",\"contentUrl\":\"https:\/\/aeroportcastello.com\/wp-content\/uploads\/2021\/05\/logo_aeroport_castello-1.svg\",\"width\":482.8999999999999772626324556767940521240234375,\"height\":93.7000000000000028421709430404007434844970703125,\"caption\":\"Aeropuerto Castell\u00f3n\"},\"image\":{\"@id\":\"https:\/\/aeroportcastello.com\/es\/#\/schema\/logo\/image\/\"}},{\"@type\":\"Person\",\"@id\":\"https:\/\/aeroportcastello.com\/es\/#\/schema\/person\/6ce30e1beabb48891a1227bcaf9c5afc\",\"name\":\"admin\",\"image\":{\"@type\":\"ImageObject\",\"inLanguage\":\"es\",\"@id\":\"https:\/\/aeroportcastello.com\/es\/#\/schema\/person\/image\/\",\"url\":\"https:\/\/secure.gravatar.com\/avatar\/49a104bbc10efec0d78dc86b9d8c7ddc?s=96&d=mm&r=g\",\"contentUrl\":\"https:\/\/secure.gravatar.com\/avatar\/49a104bbc10efec0d78dc86b9d8c7ddc?s=96&d=mm&r=g\",\"caption\":\"admin\"},\"sameAs\":[\"https:\/\/aeroportcastello.com\"],\"url\":\"https:\/\/aeroportcastello.com\/es\/author\/adm-nunsys\/\"}]}<\/script>\n<!-- \/ Yoast SEO plugin. -->","yoast_head_json":{"title":"L\u2019aeroport de Castell\u00f3 avan\u00e7a en la desestacionalitzaci\u00f3 amb la programaci\u00f3 de sis rutes regulars en la pr\u00f2xima temporada hivernal - Aeropuerto Castell\u00f3n","robots":{"index":"index","follow":"follow","max-snippet":"max-snippet:-1","max-image-preview":"max-image-preview:large","max-video-preview":"max-video-preview:-1"},"canonical":"https:\/\/aeroportcastello.com\/es\/laeroport-de-castello-avanca-en-la-desestacionalitzacio-amb-la-programacio-de-sis-rutes-regulars-en-la-proxima-temporada-hivernal\/","og_locale":"es_ES","og_type":"article","og_title":"L\u2019aeroport de Castell\u00f3 avan\u00e7a en la desestacionalitzaci\u00f3 amb la programaci\u00f3 de sis rutes regulars en la pr\u00f2xima temporada hivernal - Aeropuerto Castell\u00f3n","og_description":"Les noves connexions de Madrid i Dubl\u00edn, juntament amb el manteniment de quatre rutes m\u00e9s, reportaran un r\u00e8cord de freq\u00fc\u00e8ncies a l\u2019hivern L\u2019aeroport de Castell\u00f3 avan\u00e7a en el seu objectiu de desestacionalitzar el tr\u00e0nsit comercial i operar\u00e0 durant la pr\u00f2xima temporada hivernal \u2014que compr\u00e9n de final d\u2019octubre a final de mar\u00e7\u2014 sis rutes regulars, que ... Leer m\u00e1s","og_url":"https:\/\/aeroportcastello.com\/es\/laeroport-de-castello-avanca-en-la-desestacionalitzacio-amb-la-programacio-de-sis-rutes-regulars-en-la-proxima-temporada-hivernal\/","og_site_name":"Aeropuerto Castell\u00f3n","article_published_time":"2022-08-10T10:13:15+00:00","article_modified_time":"2022-08-25T10:14:01+00:00","og_image":[{"width":2560,"height":1707,"url":"https:\/\/aeroportcastello.com\/wp-content\/uploads\/2022\/08\/foto-1-scaled.jpg","type":"image\/jpeg"}],"author":"admin","twitter_card":"summary_large_image","twitter_misc":{"Escrito por":"admin","Tiempo de lectura":"2 minutos"},"schema":{"@context":"https:\/\/schema.org","@graph":[{"@type":"Article","@id":"https:\/\/aeroportcastello.com\/es\/laeroport-de-castello-avanca-en-la-desestacionalitzacio-amb-la-programacio-de-sis-rutes-regulars-en-la-proxima-temporada-hivernal\/#article","isPartOf":{"@id":"https:\/\/aeroportcastello.com\/es\/laeroport-de-castello-avanca-en-la-desestacionalitzacio-amb-la-programacio-de-sis-rutes-regulars-en-la-proxima-temporada-hivernal\/"},"author":{"name":"admin","@id":"https:\/\/aeroportcastello.com\/es\/#\/schema\/person\/6ce30e1beabb48891a1227bcaf9c5afc"},"headline":"L\u2019aeroport de Castell\u00f3 avan\u00e7a en la desestacionalitzaci\u00f3 amb la programaci\u00f3 de sis rutes regulars en la pr\u00f2xima temporada hivernal","datePublished":"2022-08-10T10:13:15+00:00","dateModified":"2022-08-25T10:14:01+00:00","mainEntityOfPage":{"@id":"https:\/\/aeroportcastello.com\/es\/laeroport-de-castello-avanca-en-la-desestacionalitzacio-amb-la-programacio-de-sis-rutes-regulars-en-la-proxima-temporada-hivernal\/"},"wordCount":407,"commentCount":0,"publisher":{"@id":"https:\/\/aeroportcastello.com\/es\/#organization"},"articleSection":["Noticias Aeropuerto"],"inLanguage":"es","potentialAction":[{"@type":"CommentAction","name":"Comment","target":["https:\/\/aeroportcastello.com\/es\/laeroport-de-castello-avanca-en-la-desestacionalitzacio-amb-la-programacio-de-sis-rutes-regulars-en-la-proxima-temporada-hivernal\/#respond"]}]},{"@type":"WebPage","@id":"https:\/\/aeroportcastello.com\/es\/laeroport-de-castello-avanca-en-la-desestacionalitzacio-amb-la-programacio-de-sis-rutes-regulars-en-la-proxima-temporada-hivernal\/","url":"https:\/\/aeroportcastello.com\/es\/laeroport-de-castello-avanca-en-la-desestacionalitzacio-amb-la-programacio-de-sis-rutes-regulars-en-la-proxima-temporada-hivernal\/","name":"L\u2019aeroport de Castell\u00f3 avan\u00e7a en la desestacionalitzaci\u00f3 amb la programaci\u00f3 de sis rutes regulars en la pr\u00f2xima temporada hivernal - Aeropuerto Castell\u00f3n","isPartOf":{"@id":"https:\/\/aeroportcastello.com\/es\/#website"},"datePublished":"2022-08-10T10:13:15+00:00","dateModified":"2022-08-25T10:14:01+00:00","breadcrumb":{"@id":"https:\/\/aeroportcastello.com\/es\/laeroport-de-castello-avanca-en-la-desestacionalitzacio-amb-la-programacio-de-sis-rutes-regulars-en-la-proxima-temporada-hivernal\/#breadcrumb"},"inLanguage":"es","potentialAction":[{"@type":"ReadAction","target":["https:\/\/aeroportcastello.com\/es\/laeroport-de-castello-avanca-en-la-desestacionalitzacio-amb-la-programacio-de-sis-rutes-regulars-en-la-proxima-temporada-hivernal\/"]}]},{"@type":"BreadcrumbList","@id":"https:\/\/aeroportcastello.com\/es\/laeroport-de-castello-avanca-en-la-desestacionalitzacio-amb-la-programacio-de-sis-rutes-regulars-en-la-proxima-temporada-hivernal\/#breadcrumb","itemListElement":[{"@type":"ListItem","position":1,"name":"Pasajeros","item":"https:\/\/aeroportcastello.com\/es\/"},{"@type":"ListItem","position":2,"name":"L\u2019aeroport de Castell\u00f3 avan\u00e7a en la desestacionalitzaci\u00f3 amb la programaci\u00f3 de sis rutes regulars en la pr\u00f2xima temporada hivernal"}]},{"@type":"WebSite","@id":"https:\/\/aeroportcastello.com\/es\/#website","url":"https:\/\/aeroportcastello.com\/es\/","name":"Aeropuerto Castell\u00f3n","description":"Aeropuerto Castell\u00f3n","publisher":{"@id":"https:\/\/aeroportcastello.com\/es\/#organization"},"potentialAction":[{"@type":"SearchAction","target":{"@type":"EntryPoint","urlTemplate":"https:\/\/aeroportcastello.com\/es\/?s={search_term_string}"},"query-input":"required name=search_term_string"}],"inLanguage":"es"},{"@type":"Organization","@id":"https:\/\/aeroportcastello.com\/es\/#organization","name":"Aeropuerto Castell\u00f3n","url":"https:\/\/aeroportcastello.com\/es\/","logo":{"@type":"ImageObject","inLanguage":"es","@id":"https:\/\/aeroportcastello.com\/es\/#\/schema\/logo\/image\/","url":"https:\/\/aeroportcastello.com\/wp-content\/uploads\/2021\/05\/logo_aeroport_castello-1.svg","contentUrl":"https:\/\/aeroportcastello.com\/wp-content\/uploads\/2021\/05\/logo_aeroport_castello-1.svg","width":482.8999999999999772626324556767940521240234375,"height":93.7000000000000028421709430404007434844970703125,"caption":"Aeropuerto Castell\u00f3n"},"image":{"@id":"https:\/\/aeroportcastello.com\/es\/#\/schema\/logo\/image\/"}},{"@type":"Person","@id":"https:\/\/aeroportcastello.com\/es\/#\/schema\/person\/6ce30e1beabb48891a1227bcaf9c5afc","name":"admin","image":{"@type":"ImageObject","inLanguage":"es","@id":"https:\/\/aeroportcastello.com\/es\/#\/schema\/person\/image\/","url":"https:\/\/secure.gravatar.com\/avatar\/49a104bbc10efec0d78dc86b9d8c7ddc?s=96&d=mm&r=g","contentUrl":"https:\/\/secure.gravatar.com\/avatar\/49a104bbc10efec0d78dc86b9d8c7ddc?s=96&d=mm&r=g","caption":"admin"},"sameAs":["https:\/\/aeroportcastello.com"],"url":"https:\/\/aeroportcastello.com\/es\/author\/adm-nunsys\/"}]}},"_links":{"self":[{"href":"https:\/\/aeroportcastello.com\/es\/wp-json\/wp\/v2\/posts\/4880"}],"collection":[{"href":"https:\/\/aeroportcastello.com\/es\/wp-json\/wp\/v2\/posts"}],"about":[{"href":"https:\/\/aeroportcastello.com\/es\/wp-json\/wp\/v2\/types\/post"}],"author":[{"embeddable":true,"href":"https:\/\/aeroportcastello.com\/es\/wp-json\/wp\/v2\/users\/1"}],"replies":[{"embeddable":true,"href":"https:\/\/aeroportcastello.com\/es\/wp-json\/wp\/v2\/comments?post=4880"}],"version-history":[{"count":1,"href":"https:\/\/aeroportcastello.com\/es\/wp-json\/wp\/v2\/posts\/4880\/revisions"}],"predecessor-version":[{"id":4881,"href":"https:\/\/aeroportcastello.com\/es\/wp-json\/wp\/v2\/posts\/4880\/revisions\/4881"}],"wp:featuredmedia":[{"embeddable":true,"href":"https:\/\/aeroportcastello.com\/es\/wp-json\/wp\/v2\/media\/4878"}],"wp:attachment":[{"href":"https:\/\/aeroportcastello.com\/es\/wp-json\/wp\/v2\/media?parent=4880"}],"wp:term":[{"taxonomy":"category","embeddable":true,"href":"https:\/\/aeroportcastello.com\/es\/wp-json\/wp\/v2\/categories?post=4880"},{"taxonomy":"post_tag","embeddable":true,"href":"https:\/\/aeroportcastello.com\/es\/wp-json\/wp\/v2\/tags?post=4880"}],"curies":[{"name":"wp","href":"https:\/\/api.w.org\/{rel}","templated":true}]}}