{"id":4759,"date":"2022-07-01T15:10:19","date_gmt":"2022-07-01T13:10:19","guid":{"rendered":"https:\/\/aeroportcastello.com\/ximo-puig-anuncia-la-licitacion-de-la-redaccion-del-proyecto-del-futuro-polo-empresarial-del-aeropuerto-de-castellon\/"},"modified":"2022-07-01T15:10:19","modified_gmt":"2022-07-01T13:10:19","slug":"ximo-puig-anuncia-la-licitacion-de-la-redaccion-del-proyecto-del-futuro-polo-empresarial-del-aeropuerto-de-castellon","status":"publish","type":"post","link":"https:\/\/aeroportcastello.com\/es\/ximo-puig-anuncia-la-licitacion-de-la-redaccion-del-proyecto-del-futuro-polo-empresarial-del-aeropuerto-de-castellon\/","title":{"rendered":"Ximo Puig anuncia la licitaci\u00f3n de la redacci\u00f3n del proyecto del futuro \u201cpolo empresarial\u201d del aeropuerto de Castell\u00f3n"},"content":{"rendered":"<p><strong>Destaca que el aeropuerto ha registrado en junio su r\u00e9cord mensual de pasajeros y espera que aumente con la apertura en oto\u00f1o de las rutas a Madrid y Dubl\u00edn<\/strong><\/p>\n<div class=\"col_noticia_izq col-lg-9\">\n<div class=\"cuerpo-noticia\">\n<p>El president de la Generalitat, Ximo Puig, ha anunciado la licitaci\u00f3n de la redacci\u00f3n del proyecto de urbanizaci\u00f3n de la Zona de Actividades Complementarias (ZAC) del aeropuerto de Castell\u00f3n, donde est\u00e1 prevista la creaci\u00f3n de un polo empresarial vinculado a los sectores aeron\u00e1utico y log\u00edstico.<\/p>\n<p>As\u00ed lo ha asegurado tras la reuni\u00f3n que ha mantenido en la Delegaci\u00f3n del Consell en Castell\u00f3n con la consellera de Pol\u00edtica Territorial, Obras P\u00fablicas y Movilidad, Rebeca Torr\u00f3, y la directora general del aeropuerto de Castell\u00f3n, Blanca Mar\u00edn.<\/p>\n<p>Durante su intervenci\u00f3n, el jefe del Consell ha calificado este paso como una \u201coperaci\u00f3n decisiva\u201d del proyecto estrat\u00e9gico que permitir\u00e1 crear empleo \u201cde la m\u00e1xima calidad posible\u201d en esta zona de actividades del aeropuerto de Castell\u00f3n.<\/p>\n<p>Ximo Puig ha asegurado que esta infraestructura ha pasado de ser considerada como \u201cun problema\u201d a suponer \u201cun activo fundamental en la nueva econom\u00eda de la provincia de Castell\u00f3n y de la Comunitat Valenciana\u201d. Asimismo, ha destacado la \u201cenorme vitalidad\u201d que actualmente lo caracteriza, dado el conjunto de empresas que operan en este aeropuerto y que, seg\u00fan ha manifestado, \u201chan expresado su apuesta por seguir invirtiendo en \u00e9l\u201d.<\/p>\n<p>El president ha explicado que el importe de licitaci\u00f3n de la redacci\u00f3n del proyecto es de 1.062.000 euros y su plazo de ejecuci\u00f3n de un m\u00e1ximo de seis meses. Del mismo modo, ha subrayado que la inversi\u00f3n prevista en la ZAC del aeropuerto de Castell\u00f3n, que supera el mill\u00f3n de metros cuadrados, alcanzar\u00e1 los 105 millones de euros.<\/p>\n<p><strong>R\u00e9cord \u201chist\u00f3rico\u201d de pasajeros\u00a0<\/strong><\/p>\n<p>Por otro lado, ha destacado la recuperaci\u00f3n del tr\u00e1fico comercial del aeropuerto de Castell\u00f3n, que durante el mes de junio ha alcanzado su \u201cr\u00e9cord hist\u00f3rico\u201d con 18.858 pasajeros, y se ha mostrado esperanzado en que se mantenga esta tendencia, tanto en la temporada estival que acaba de comenzar como el pr\u00f3ximo oto\u00f1o con la apertura de la nueva ruta a\u00e9rea a Madrid.<\/p>\n<p>El president ha se\u00f1alado que la nueva ruta, que comenzar\u00e1 a operar a partir del mes de octubre, permitir\u00e1 situar el aeropuerto de Castell\u00f3n en el mapa de la movilidad aeron\u00e1utica, puesto que \u201clo conectar\u00e1 con todo el mundo\u201d. Por \u00faltimo, ha indicado que mejorar\u00e1 la \u201cvocaci\u00f3n tur\u00edstica y de movilidad\u201d de los habitantes de Castell\u00f3n, al mismo tiempo que contribuir\u00e1 a la \u201creindustrializaci\u00f3n y al fortalecimiento de la econom\u00eda\u201d.<\/p>\n<p>Cabe recordar que actualmente el aeropuerto de Castell\u00f3n opera ocho rutas regulares con 17 frecuencias semanales, la mayor oferta hasta el momento que, adem\u00e1s, se ver\u00e1 ampliada el pr\u00f3ximo oto\u00f1o con la incorporaci\u00f3n de las nuevas rutas de Madrid y Dubl\u00edn.<\/p>\n<\/div>\n<\/div>\n<div class=\"col_noticia_dcha col-lg-3\">\n<h3 class=\"mt-2\"><\/h3>\n<\/div>\n","protected":false},"excerpt":{"rendered":"<p>Destaca que el aeropuerto ha registrado en junio su r\u00e9cord mensual de pasajeros y espera que aumente con la apertura en oto\u00f1o de las rutas a Madrid y Dubl\u00edn El president de la Generalitat, Ximo Puig, ha anunciado la licitaci\u00f3n de la redacci\u00f3n del proyecto de urbanizaci\u00f3n de la Zona de Actividades Complementarias (ZAC) del &#8230; <\/p>\n<p class=\"read-more-container\"><a title=\"Ximo Puig anuncia la licitaci\u00f3n de la redacci\u00f3n del proyecto del futuro \u201cpolo empresarial\u201d del aeropuerto de Castell\u00f3n\" class=\"read-more button\" href=\"https:\/\/aeroportcastello.com\/es\/ximo-puig-anuncia-la-licitacion-de-la-redaccion-del-proyecto-del-futuro-polo-empresarial-del-aeropuerto-de-castellon\/#more-4759\" aria-label=\"Leer m\u00e1s sobre Ximo Puig anuncia la licitaci\u00f3n de la redacci\u00f3n del proyecto del futuro \u201cpolo empresarial\u201d del aeropuerto de Castell\u00f3n\">Leer m\u00e1s<\/a><\/p>\n","protected":false},"author":1,"featured_media":4757,"comment_status":"open","ping_status":"open","sticky":false,"template":"","format":"standard","meta":{"footnotes":""},"categories":[1],"tags":[],"yoast_head":"<!-- This site is optimized with the Yoast SEO plugin v22.0 - https:\/\/yoast.com\/wordpress\/plugins\/seo\/ -->\n<title>Ximo Puig anuncia la licitaci\u00f3n de la redacci\u00f3n del proyecto del futuro \u201cpolo empresarial\u201d del aeropuerto de Castell\u00f3n - Aeropuerto Castell\u00f3n<\/title>\n<meta name=\"robots\" content=\"index, follow, max-snippet:-1, max-image-preview:large, max-video-preview:-1\" \/>\n<link rel=\"canonical\" href=\"https:\/\/aeroportcastello.com\/es\/ximo-puig-anuncia-la-licitacion-de-la-redaccion-del-proyecto-del-futuro-polo-empresarial-del-aeropuerto-de-castellon\/\" \/>\n<meta property=\"og:locale\" content=\"es_ES\" \/>\n<meta property=\"og:type\" content=\"article\" \/>\n<meta property=\"og:title\" content=\"Ximo Puig anuncia la licitaci\u00f3n de la redacci\u00f3n del proyecto del futuro \u201cpolo empresarial\u201d del aeropuerto de Castell\u00f3n - Aeropuerto Castell\u00f3n\" \/>\n<meta property=\"og:description\" content=\"Destaca que el aeropuerto ha registrado en junio su r\u00e9cord mensual de pasajeros y espera que aumente con la apertura en oto\u00f1o de las rutas a Madrid y Dubl\u00edn El president de la Generalitat, Ximo Puig, ha anunciado la licitaci\u00f3n de la redacci\u00f3n del proyecto de urbanizaci\u00f3n de la Zona de Actividades Complementarias (ZAC) del ... Leer m\u00e1s\" \/>\n<meta property=\"og:url\" content=\"https:\/\/aeroportcastello.com\/es\/ximo-puig-anuncia-la-licitacion-de-la-redaccion-del-proyecto-del-futuro-polo-empresarial-del-aeropuerto-de-castellon\/\" \/>\n<meta property=\"og:site_name\" content=\"Aeropuerto Castell\u00f3n\" \/>\n<meta property=\"article:published_time\" content=\"2022-07-01T13:10:19+00:00\" \/>\n<meta name=\"author\" content=\"admin\" \/>\n<meta name=\"twitter:card\" content=\"summary_large_image\" \/>\n<meta name=\"twitter:label1\" content=\"Escrito por\" \/>\n\t<meta name=\"twitter:data1\" content=\"admin\" \/>\n\t<meta name=\"twitter:label2\" content=\"Tiempo de lectura\" \/>\n\t<meta name=\"twitter:data2\" content=\"3 minutos\" \/>\n<script type=\"application\/ld+json\" class=\"yoast-schema-graph\">{\"@context\":\"https:\/\/schema.org\",\"@graph\":[{\"@type\":\"Article\",\"@id\":\"https:\/\/aeroportcastello.com\/es\/ximo-puig-anuncia-la-licitacion-de-la-redaccion-del-proyecto-del-futuro-polo-empresarial-del-aeropuerto-de-castellon\/#article\",\"isPartOf\":{\"@id\":\"https:\/\/aeroportcastello.com\/es\/ximo-puig-anuncia-la-licitacion-de-la-redaccion-del-proyecto-del-futuro-polo-empresarial-del-aeropuerto-de-castellon\/\"},\"author\":{\"name\":\"admin\",\"@id\":\"https:\/\/aeroportcastello.com\/es\/#\/schema\/person\/6ce30e1beabb48891a1227bcaf9c5afc\"},\"headline\":\"Ximo Puig anuncia la licitaci\u00f3n de la redacci\u00f3n del proyecto del futuro \u201cpolo empresarial\u201d del aeropuerto de Castell\u00f3n\",\"datePublished\":\"2022-07-01T13:10:19+00:00\",\"dateModified\":\"2022-07-01T13:10:19+00:00\",\"mainEntityOfPage\":{\"@id\":\"https:\/\/aeroportcastello.com\/es\/ximo-puig-anuncia-la-licitacion-de-la-redaccion-del-proyecto-del-futuro-polo-empresarial-del-aeropuerto-de-castellon\/\"},\"wordCount\":525,\"commentCount\":0,\"publisher\":{\"@id\":\"https:\/\/aeroportcastello.com\/es\/#organization\"},\"articleSection\":[\"Noticias Aeropuerto\"],\"inLanguage\":\"es\",\"potentialAction\":[{\"@type\":\"CommentAction\",\"name\":\"Comment\",\"target\":[\"https:\/\/aeroportcastello.com\/es\/ximo-puig-anuncia-la-licitacion-de-la-redaccion-del-proyecto-del-futuro-polo-empresarial-del-aeropuerto-de-castellon\/#respond\"]}]},{\"@type\":\"WebPage\",\"@id\":\"https:\/\/aeroportcastello.com\/es\/ximo-puig-anuncia-la-licitacion-de-la-redaccion-del-proyecto-del-futuro-polo-empresarial-del-aeropuerto-de-castellon\/\",\"url\":\"https:\/\/aeroportcastello.com\/es\/ximo-puig-anuncia-la-licitacion-de-la-redaccion-del-proyecto-del-futuro-polo-empresarial-del-aeropuerto-de-castellon\/\",\"name\":\"Ximo Puig anuncia la licitaci\u00f3n de la redacci\u00f3n del proyecto del futuro \u201cpolo empresarial\u201d del aeropuerto de Castell\u00f3n - Aeropuerto Castell\u00f3n\",\"isPartOf\":{\"@id\":\"https:\/\/aeroportcastello.com\/es\/#website\"},\"datePublished\":\"2022-07-01T13:10:19+00:00\",\"dateModified\":\"2022-07-01T13:10:19+00:00\",\"breadcrumb\":{\"@id\":\"https:\/\/aeroportcastello.com\/es\/ximo-puig-anuncia-la-licitacion-de-la-redaccion-del-proyecto-del-futuro-polo-empresarial-del-aeropuerto-de-castellon\/#breadcrumb\"},\"inLanguage\":\"es\",\"potentialAction\":[{\"@type\":\"ReadAction\",\"target\":[\"https:\/\/aeroportcastello.com\/es\/ximo-puig-anuncia-la-licitacion-de-la-redaccion-del-proyecto-del-futuro-polo-empresarial-del-aeropuerto-de-castellon\/\"]}]},{\"@type\":\"BreadcrumbList\",\"@id\":\"https:\/\/aeroportcastello.com\/es\/ximo-puig-anuncia-la-licitacion-de-la-redaccion-del-proyecto-del-futuro-polo-empresarial-del-aeropuerto-de-castellon\/#breadcrumb\",\"itemListElement\":[{\"@type\":\"ListItem\",\"position\":1,\"name\":\"Pasajeros\",\"item\":\"https:\/\/aeroportcastello.com\/es\/\"},{\"@type\":\"ListItem\",\"position\":2,\"name\":\"Ximo Puig anuncia la licitaci\u00f3n de la redacci\u00f3n del proyecto del futuro \u201cpolo empresarial\u201d del aeropuerto de Castell\u00f3n\"}]},{\"@type\":\"WebSite\",\"@id\":\"https:\/\/aeroportcastello.com\/es\/#website\",\"url\":\"https:\/\/aeroportcastello.com\/es\/\",\"name\":\"Aeropuerto Castell\u00f3n\",\"description\":\"Aeropuerto Castell\u00f3n\",\"publisher\":{\"@id\":\"https:\/\/aeroportcastello.com\/es\/#organization\"},\"potentialAction\":[{\"@type\":\"SearchAction\",\"target\":{\"@type\":\"EntryPoint\",\"urlTemplate\":\"https:\/\/aeroportcastello.com\/es\/?s={search_term_string}\"},\"query-input\":\"required name=search_term_string\"}],\"inLanguage\":\"es\"},{\"@type\":\"Organization\",\"@id\":\"https:\/\/aeroportcastello.com\/es\/#organization\",\"name\":\"Aeropuerto Castell\u00f3n\",\"url\":\"https:\/\/aeroportcastello.com\/es\/\",\"logo\":{\"@type\":\"ImageObject\",\"inLanguage\":\"es\",\"@id\":\"https:\/\/aeroportcastello.com\/es\/#\/schema\/logo\/image\/\",\"url\":\"https:\/\/aeroportcastello.com\/wp-content\/uploads\/2021\/05\/logo_aeroport_castello-1.svg\",\"contentUrl\":\"https:\/\/aeroportcastello.com\/wp-content\/uploads\/2021\/05\/logo_aeroport_castello-1.svg\",\"width\":482.8999999999999772626324556767940521240234375,\"height\":93.7000000000000028421709430404007434844970703125,\"caption\":\"Aeropuerto Castell\u00f3n\"},\"image\":{\"@id\":\"https:\/\/aeroportcastello.com\/es\/#\/schema\/logo\/image\/\"}},{\"@type\":\"Person\",\"@id\":\"https:\/\/aeroportcastello.com\/es\/#\/schema\/person\/6ce30e1beabb48891a1227bcaf9c5afc\",\"name\":\"admin\",\"image\":{\"@type\":\"ImageObject\",\"inLanguage\":\"es\",\"@id\":\"https:\/\/aeroportcastello.com\/es\/#\/schema\/person\/image\/\",\"url\":\"https:\/\/secure.gravatar.com\/avatar\/49a104bbc10efec0d78dc86b9d8c7ddc?s=96&d=mm&r=g\",\"contentUrl\":\"https:\/\/secure.gravatar.com\/avatar\/49a104bbc10efec0d78dc86b9d8c7ddc?s=96&d=mm&r=g\",\"caption\":\"admin\"},\"sameAs\":[\"https:\/\/aeroportcastello.com\"],\"url\":\"https:\/\/aeroportcastello.com\/es\/author\/adm-nunsys\/\"}]}<\/script>\n<!-- \/ Yoast SEO plugin. -->","yoast_head_json":{"title":"Ximo Puig anuncia la licitaci\u00f3n de la redacci\u00f3n del proyecto del futuro \u201cpolo empresarial\u201d del aeropuerto de Castell\u00f3n - Aeropuerto Castell\u00f3n","robots":{"index":"index","follow":"follow","max-snippet":"max-snippet:-1","max-image-preview":"max-image-preview:large","max-video-preview":"max-video-preview:-1"},"canonical":"https:\/\/aeroportcastello.com\/es\/ximo-puig-anuncia-la-licitacion-de-la-redaccion-del-proyecto-del-futuro-polo-empresarial-del-aeropuerto-de-castellon\/","og_locale":"es_ES","og_type":"article","og_title":"Ximo Puig anuncia la licitaci\u00f3n de la redacci\u00f3n del proyecto del futuro \u201cpolo empresarial\u201d del aeropuerto de Castell\u00f3n - Aeropuerto Castell\u00f3n","og_description":"Destaca que el aeropuerto ha registrado en junio su r\u00e9cord mensual de pasajeros y espera que aumente con la apertura en oto\u00f1o de las rutas a Madrid y Dubl\u00edn El president de la Generalitat, Ximo Puig, ha anunciado la licitaci\u00f3n de la redacci\u00f3n del proyecto de urbanizaci\u00f3n de la Zona de Actividades Complementarias (ZAC) del ... Leer m\u00e1s","og_url":"https:\/\/aeroportcastello.com\/es\/ximo-puig-anuncia-la-licitacion-de-la-redaccion-del-proyecto-del-futuro-polo-empresarial-del-aeropuerto-de-castellon\/","og_site_name":"Aeropuerto Castell\u00f3n","article_published_time":"2022-07-01T13:10:19+00:00","author":"admin","twitter_card":"summary_large_image","twitter_misc":{"Escrito por":"admin","Tiempo de lectura":"3 minutos"},"schema":{"@context":"https:\/\/schema.org","@graph":[{"@type":"Article","@id":"https:\/\/aeroportcastello.com\/es\/ximo-puig-anuncia-la-licitacion-de-la-redaccion-del-proyecto-del-futuro-polo-empresarial-del-aeropuerto-de-castellon\/#article","isPartOf":{"@id":"https:\/\/aeroportcastello.com\/es\/ximo-puig-anuncia-la-licitacion-de-la-redaccion-del-proyecto-del-futuro-polo-empresarial-del-aeropuerto-de-castellon\/"},"author":{"name":"admin","@id":"https:\/\/aeroportcastello.com\/es\/#\/schema\/person\/6ce30e1beabb48891a1227bcaf9c5afc"},"headline":"Ximo Puig anuncia la licitaci\u00f3n de la redacci\u00f3n del proyecto del futuro \u201cpolo empresarial\u201d del aeropuerto de Castell\u00f3n","datePublished":"2022-07-01T13:10:19+00:00","dateModified":"2022-07-01T13:10:19+00:00","mainEntityOfPage":{"@id":"https:\/\/aeroportcastello.com\/es\/ximo-puig-anuncia-la-licitacion-de-la-redaccion-del-proyecto-del-futuro-polo-empresarial-del-aeropuerto-de-castellon\/"},"wordCount":525,"commentCount":0,"publisher":{"@id":"https:\/\/aeroportcastello.com\/es\/#organization"},"articleSection":["Noticias Aeropuerto"],"inLanguage":"es","potentialAction":[{"@type":"CommentAction","name":"Comment","target":["https:\/\/aeroportcastello.com\/es\/ximo-puig-anuncia-la-licitacion-de-la-redaccion-del-proyecto-del-futuro-polo-empresarial-del-aeropuerto-de-castellon\/#respond"]}]},{"@type":"WebPage","@id":"https:\/\/aeroportcastello.com\/es\/ximo-puig-anuncia-la-licitacion-de-la-redaccion-del-proyecto-del-futuro-polo-empresarial-del-aeropuerto-de-castellon\/","url":"https:\/\/aeroportcastello.com\/es\/ximo-puig-anuncia-la-licitacion-de-la-redaccion-del-proyecto-del-futuro-polo-empresarial-del-aeropuerto-de-castellon\/","name":"Ximo Puig anuncia la licitaci\u00f3n de la redacci\u00f3n del proyecto del futuro \u201cpolo empresarial\u201d del aeropuerto de Castell\u00f3n - Aeropuerto Castell\u00f3n","isPartOf":{"@id":"https:\/\/aeroportcastello.com\/es\/#website"},"datePublished":"2022-07-01T13:10:19+00:00","dateModified":"2022-07-01T13:10:19+00:00","breadcrumb":{"@id":"https:\/\/aeroportcastello.com\/es\/ximo-puig-anuncia-la-licitacion-de-la-redaccion-del-proyecto-del-futuro-polo-empresarial-del-aeropuerto-de-castellon\/#breadcrumb"},"inLanguage":"es","potentialAction":[{"@type":"ReadAction","target":["https:\/\/aeroportcastello.com\/es\/ximo-puig-anuncia-la-licitacion-de-la-redaccion-del-proyecto-del-futuro-polo-empresarial-del-aeropuerto-de-castellon\/"]}]},{"@type":"BreadcrumbList","@id":"https:\/\/aeroportcastello.com\/es\/ximo-puig-anuncia-la-licitacion-de-la-redaccion-del-proyecto-del-futuro-polo-empresarial-del-aeropuerto-de-castellon\/#breadcrumb","itemListElement":[{"@type":"ListItem","position":1,"name":"Pasajeros","item":"https:\/\/aeroportcastello.com\/es\/"},{"@type":"ListItem","position":2,"name":"Ximo Puig anuncia la licitaci\u00f3n de la redacci\u00f3n del proyecto del futuro \u201cpolo empresarial\u201d del aeropuerto de Castell\u00f3n"}]},{"@type":"WebSite","@id":"https:\/\/aeroportcastello.com\/es\/#website","url":"https:\/\/aeroportcastello.com\/es\/","name":"Aeropuerto Castell\u00f3n","description":"Aeropuerto Castell\u00f3n","publisher":{"@id":"https:\/\/aeroportcastello.com\/es\/#organization"},"potentialAction":[{"@type":"SearchAction","target":{"@type":"EntryPoint","urlTemplate":"https:\/\/aeroportcastello.com\/es\/?s={search_term_string}"},"query-input":"required name=search_term_string"}],"inLanguage":"es"},{"@type":"Organization","@id":"https:\/\/aeroportcastello.com\/es\/#organization","name":"Aeropuerto Castell\u00f3n","url":"https:\/\/aeroportcastello.com\/es\/","logo":{"@type":"ImageObject","inLanguage":"es","@id":"https:\/\/aeroportcastello.com\/es\/#\/schema\/logo\/image\/","url":"https:\/\/aeroportcastello.com\/wp-content\/uploads\/2021\/05\/logo_aeroport_castello-1.svg","contentUrl":"https:\/\/aeroportcastello.com\/wp-content\/uploads\/2021\/05\/logo_aeroport_castello-1.svg","width":482.8999999999999772626324556767940521240234375,"height":93.7000000000000028421709430404007434844970703125,"caption":"Aeropuerto Castell\u00f3n"},"image":{"@id":"https:\/\/aeroportcastello.com\/es\/#\/schema\/logo\/image\/"}},{"@type":"Person","@id":"https:\/\/aeroportcastello.com\/es\/#\/schema\/person\/6ce30e1beabb48891a1227bcaf9c5afc","name":"admin","image":{"@type":"ImageObject","inLanguage":"es","@id":"https:\/\/aeroportcastello.com\/es\/#\/schema\/person\/image\/","url":"https:\/\/secure.gravatar.com\/avatar\/49a104bbc10efec0d78dc86b9d8c7ddc?s=96&d=mm&r=g","contentUrl":"https:\/\/secure.gravatar.com\/avatar\/49a104bbc10efec0d78dc86b9d8c7ddc?s=96&d=mm&r=g","caption":"admin"},"sameAs":["https:\/\/aeroportcastello.com"],"url":"https:\/\/aeroportcastello.com\/es\/author\/adm-nunsys\/"}]}},"_links":{"self":[{"href":"https:\/\/aeroportcastello.com\/es\/wp-json\/wp\/v2\/posts\/4759"}],"collection":[{"href":"https:\/\/aeroportcastello.com\/es\/wp-json\/wp\/v2\/posts"}],"about":[{"href":"https:\/\/aeroportcastello.com\/es\/wp-json\/wp\/v2\/types\/post"}],"author":[{"embeddable":true,"href":"https:\/\/aeroportcastello.com\/es\/wp-json\/wp\/v2\/users\/1"}],"replies":[{"embeddable":true,"href":"https:\/\/aeroportcastello.com\/es\/wp-json\/wp\/v2\/comments?post=4759"}],"version-history":[{"count":0,"href":"https:\/\/aeroportcastello.com\/es\/wp-json\/wp\/v2\/posts\/4759\/revisions"}],"wp:featuredmedia":[{"embeddable":true,"href":"https:\/\/aeroportcastello.com\/es\/wp-json\/wp\/v2\/media\/4757"}],"wp:attachment":[{"href":"https:\/\/aeroportcastello.com\/es\/wp-json\/wp\/v2\/media?parent=4759"}],"wp:term":[{"taxonomy":"category","embeddable":true,"href":"https:\/\/aeroportcastello.com\/es\/wp-json\/wp\/v2\/categories?post=4759"},{"taxonomy":"post_tag","embeddable":true,"href":"https:\/\/aeroportcastello.com\/es\/wp-json\/wp\/v2\/tags?post=4759"}],"curies":[{"name":"wp","href":"https:\/\/api.w.org\/{rel}","templated":true}]}}