{"id":4717,"date":"2022-06-22T13:30:00","date_gmt":"2022-06-22T11:30:00","guid":{"rendered":"https:\/\/aeroportcastello.com\/el-aeropuerto-de-castellon-recibe-la-oferta-de-una-aerolinea-para-operar-una-nueva-conexion-con-madrid-durante-dos-anos\/"},"modified":"2022-06-22T13:30:00","modified_gmt":"2022-06-22T11:30:00","slug":"el-aeropuerto-de-castellon-recibe-la-oferta-de-una-aerolinea-para-operar-una-nueva-conexion-con-madrid-durante-dos-anos","status":"publish","type":"post","link":"https:\/\/aeroportcastello.com\/es\/el-aeropuerto-de-castellon-recibe-la-oferta-de-una-aerolinea-para-operar-una-nueva-conexion-con-madrid-durante-dos-anos\/","title":{"rendered":"El aeropuerto de Castell\u00f3n recibe la oferta de una aerol\u00ednea para operar una nueva conexi\u00f3n con Madrid durante dos a\u00f1os"},"content":{"rendered":"<p><strong>La compa\u00f1\u00eda Air Nostrum presenta una propuesta para la puesta en marcha de la ruta, que deber\u00e1 activarse antes del 1 de noviembre<\/strong><\/p>\n<p>La sociedad p\u00fablica Aerocas ha recibido la oferta de una aerol\u00ednea en el proceso de licitaci\u00f3n para la puesta en marcha de una conexi\u00f3n a\u00e9rea entre Castell\u00f3n y Madrid. La compa\u00f1\u00eda Air Nostrum opta a operar la nueva ruta objeto de la convocatoria.<\/p>\n<p>Vencido el plazo para la presentaci\u00f3n de propuestas, se ha verificado que la oferta presentada por la aerol\u00ednea re\u00fane los requisitos administrativos. Ahora falta por evaluar el resto de la documentaci\u00f3n, relativa a los aspectos t\u00e9cnicos y econ\u00f3micos.<\/p>\n<p>El contrato contempla la programaci\u00f3n, promoci\u00f3n y prestaci\u00f3n efectiva de una nueva conexi\u00f3n, de car\u00e1cter anual, entre Castell\u00f3n y Madrid durante un periodo de dos a\u00f1os, que deber\u00e1 entrar en funcionamiento antes del pr\u00f3ximo 1 de noviembre.<\/p>\n<p>La ruta deber\u00e1 disponer de, al menos, 5 frecuencias semanales, en d\u00edas diferentes, dentro de una franja horaria que garantice el m\u00e1ximo de conectividad a\u00e9rea. Respecto a esto \u00faltimo, uno de los principales elementos que se van a valorar son las posibilidades de conexi\u00f3n con otros destinos internacionales y nacionales que ofrecen las aerol\u00edneas desde el aeropuerto de Madrid.<\/p>\n<p>La compa\u00f1\u00eda adjudicataria deber\u00e1 realizar una campa\u00f1a de promoci\u00f3n de la ruta, con especial menci\u00f3n a las posibilidades de conectividad asociadas a la misma.<\/p>\n<p>El contrato que sale a concurso tiene un importe m\u00e1ximo por anualidad de 1,3 millones de euros, del que un 50 % corresponde a la parte fija y un 50 % a la variable.<\/p>\n","protected":false},"excerpt":{"rendered":"<p>La compa\u00f1\u00eda Air Nostrum presenta una propuesta para la puesta en marcha de la ruta, que deber\u00e1 activarse antes del 1 de noviembre La sociedad p\u00fablica Aerocas ha recibido la oferta de una aerol\u00ednea en el proceso de licitaci\u00f3n para la puesta en marcha de una conexi\u00f3n a\u00e9rea entre Castell\u00f3n y Madrid. La compa\u00f1\u00eda Air &#8230; <\/p>\n<p class=\"read-more-container\"><a title=\"El aeropuerto de Castell\u00f3n recibe la oferta de una aerol\u00ednea para operar una nueva conexi\u00f3n con Madrid durante dos a\u00f1os\" class=\"read-more button\" href=\"https:\/\/aeroportcastello.com\/es\/el-aeropuerto-de-castellon-recibe-la-oferta-de-una-aerolinea-para-operar-una-nueva-conexion-con-madrid-durante-dos-anos\/#more-4717\" aria-label=\"Leer m\u00e1s sobre El aeropuerto de Castell\u00f3n recibe la oferta de una aerol\u00ednea para operar una nueva conexi\u00f3n con Madrid durante dos a\u00f1os\">Leer m\u00e1s<\/a><\/p>\n","protected":false},"author":1,"featured_media":4715,"comment_status":"open","ping_status":"open","sticky":false,"template":"","format":"standard","meta":{"footnotes":""},"categories":[1],"tags":[],"yoast_head":"<!-- This site is optimized with the Yoast SEO plugin v22.0 - https:\/\/yoast.com\/wordpress\/plugins\/seo\/ -->\n<title>El aeropuerto de Castell\u00f3n recibe la oferta de una aerol\u00ednea para operar una nueva conexi\u00f3n con Madrid durante dos a\u00f1os - Aeropuerto Castell\u00f3n<\/title>\n<meta name=\"robots\" content=\"index, follow, max-snippet:-1, max-image-preview:large, max-video-preview:-1\" \/>\n<link rel=\"canonical\" href=\"https:\/\/aeroportcastello.com\/es\/el-aeropuerto-de-castellon-recibe-la-oferta-de-una-aerolinea-para-operar-una-nueva-conexion-con-madrid-durante-dos-anos\/\" \/>\n<meta property=\"og:locale\" content=\"es_ES\" \/>\n<meta property=\"og:type\" content=\"article\" \/>\n<meta property=\"og:title\" content=\"El aeropuerto de Castell\u00f3n recibe la oferta de una aerol\u00ednea para operar una nueva conexi\u00f3n con Madrid durante dos a\u00f1os - Aeropuerto Castell\u00f3n\" \/>\n<meta property=\"og:description\" content=\"La compa\u00f1\u00eda Air Nostrum presenta una propuesta para la puesta en marcha de la ruta, que deber\u00e1 activarse antes del 1 de noviembre La sociedad p\u00fablica Aerocas ha recibido la oferta de una aerol\u00ednea en el proceso de licitaci\u00f3n para la puesta en marcha de una conexi\u00f3n a\u00e9rea entre Castell\u00f3n y Madrid. La compa\u00f1\u00eda Air ... Leer m\u00e1s\" \/>\n<meta property=\"og:url\" content=\"https:\/\/aeroportcastello.com\/es\/el-aeropuerto-de-castellon-recibe-la-oferta-de-una-aerolinea-para-operar-una-nueva-conexion-con-madrid-durante-dos-anos\/\" \/>\n<meta property=\"og:site_name\" content=\"Aeropuerto Castell\u00f3n\" \/>\n<meta property=\"article:published_time\" content=\"2022-06-22T11:30:00+00:00\" \/>\n<meta name=\"author\" content=\"admin\" \/>\n<meta name=\"twitter:card\" content=\"summary_large_image\" \/>\n<meta name=\"twitter:label1\" content=\"Escrito por\" \/>\n\t<meta name=\"twitter:data1\" content=\"admin\" \/>\n\t<meta name=\"twitter:label2\" content=\"Tiempo de lectura\" \/>\n\t<meta name=\"twitter:data2\" content=\"1 minuto\" \/>\n<script type=\"application\/ld+json\" class=\"yoast-schema-graph\">{\"@context\":\"https:\/\/schema.org\",\"@graph\":[{\"@type\":\"Article\",\"@id\":\"https:\/\/aeroportcastello.com\/es\/el-aeropuerto-de-castellon-recibe-la-oferta-de-una-aerolinea-para-operar-una-nueva-conexion-con-madrid-durante-dos-anos\/#article\",\"isPartOf\":{\"@id\":\"https:\/\/aeroportcastello.com\/es\/el-aeropuerto-de-castellon-recibe-la-oferta-de-una-aerolinea-para-operar-una-nueva-conexion-con-madrid-durante-dos-anos\/\"},\"author\":{\"name\":\"admin\",\"@id\":\"https:\/\/aeroportcastello.com\/es\/#\/schema\/person\/6ce30e1beabb48891a1227bcaf9c5afc\"},\"headline\":\"El aeropuerto de Castell\u00f3n recibe la oferta de una aerol\u00ednea para operar una nueva conexi\u00f3n con Madrid durante dos a\u00f1os\",\"datePublished\":\"2022-06-22T11:30:00+00:00\",\"dateModified\":\"2022-06-22T11:30:00+00:00\",\"mainEntityOfPage\":{\"@id\":\"https:\/\/aeroportcastello.com\/es\/el-aeropuerto-de-castellon-recibe-la-oferta-de-una-aerolinea-para-operar-una-nueva-conexion-con-madrid-durante-dos-anos\/\"},\"wordCount\":306,\"commentCount\":0,\"publisher\":{\"@id\":\"https:\/\/aeroportcastello.com\/es\/#organization\"},\"articleSection\":[\"Noticias Aeropuerto\"],\"inLanguage\":\"es\",\"potentialAction\":[{\"@type\":\"CommentAction\",\"name\":\"Comment\",\"target\":[\"https:\/\/aeroportcastello.com\/es\/el-aeropuerto-de-castellon-recibe-la-oferta-de-una-aerolinea-para-operar-una-nueva-conexion-con-madrid-durante-dos-anos\/#respond\"]}]},{\"@type\":\"WebPage\",\"@id\":\"https:\/\/aeroportcastello.com\/es\/el-aeropuerto-de-castellon-recibe-la-oferta-de-una-aerolinea-para-operar-una-nueva-conexion-con-madrid-durante-dos-anos\/\",\"url\":\"https:\/\/aeroportcastello.com\/es\/el-aeropuerto-de-castellon-recibe-la-oferta-de-una-aerolinea-para-operar-una-nueva-conexion-con-madrid-durante-dos-anos\/\",\"name\":\"El aeropuerto de Castell\u00f3n recibe la oferta de una aerol\u00ednea para operar una nueva conexi\u00f3n con Madrid durante dos a\u00f1os - Aeropuerto Castell\u00f3n\",\"isPartOf\":{\"@id\":\"https:\/\/aeroportcastello.com\/es\/#website\"},\"datePublished\":\"2022-06-22T11:30:00+00:00\",\"dateModified\":\"2022-06-22T11:30:00+00:00\",\"breadcrumb\":{\"@id\":\"https:\/\/aeroportcastello.com\/es\/el-aeropuerto-de-castellon-recibe-la-oferta-de-una-aerolinea-para-operar-una-nueva-conexion-con-madrid-durante-dos-anos\/#breadcrumb\"},\"inLanguage\":\"es\",\"potentialAction\":[{\"@type\":\"ReadAction\",\"target\":[\"https:\/\/aeroportcastello.com\/es\/el-aeropuerto-de-castellon-recibe-la-oferta-de-una-aerolinea-para-operar-una-nueva-conexion-con-madrid-durante-dos-anos\/\"]}]},{\"@type\":\"BreadcrumbList\",\"@id\":\"https:\/\/aeroportcastello.com\/es\/el-aeropuerto-de-castellon-recibe-la-oferta-de-una-aerolinea-para-operar-una-nueva-conexion-con-madrid-durante-dos-anos\/#breadcrumb\",\"itemListElement\":[{\"@type\":\"ListItem\",\"position\":1,\"name\":\"Pasajeros\",\"item\":\"https:\/\/aeroportcastello.com\/es\/\"},{\"@type\":\"ListItem\",\"position\":2,\"name\":\"El aeropuerto de Castell\u00f3n recibe la oferta de una aerol\u00ednea para operar una nueva conexi\u00f3n con Madrid durante dos a\u00f1os\"}]},{\"@type\":\"WebSite\",\"@id\":\"https:\/\/aeroportcastello.com\/es\/#website\",\"url\":\"https:\/\/aeroportcastello.com\/es\/\",\"name\":\"Aeropuerto Castell\u00f3n\",\"description\":\"Aeropuerto Castell\u00f3n\",\"publisher\":{\"@id\":\"https:\/\/aeroportcastello.com\/es\/#organization\"},\"potentialAction\":[{\"@type\":\"SearchAction\",\"target\":{\"@type\":\"EntryPoint\",\"urlTemplate\":\"https:\/\/aeroportcastello.com\/es\/?s={search_term_string}\"},\"query-input\":\"required name=search_term_string\"}],\"inLanguage\":\"es\"},{\"@type\":\"Organization\",\"@id\":\"https:\/\/aeroportcastello.com\/es\/#organization\",\"name\":\"Aeropuerto Castell\u00f3n\",\"url\":\"https:\/\/aeroportcastello.com\/es\/\",\"logo\":{\"@type\":\"ImageObject\",\"inLanguage\":\"es\",\"@id\":\"https:\/\/aeroportcastello.com\/es\/#\/schema\/logo\/image\/\",\"url\":\"https:\/\/aeroportcastello.com\/wp-content\/uploads\/2021\/05\/logo_aeroport_castello-1.svg\",\"contentUrl\":\"https:\/\/aeroportcastello.com\/wp-content\/uploads\/2021\/05\/logo_aeroport_castello-1.svg\",\"width\":482.8999999999999772626324556767940521240234375,\"height\":93.7000000000000028421709430404007434844970703125,\"caption\":\"Aeropuerto Castell\u00f3n\"},\"image\":{\"@id\":\"https:\/\/aeroportcastello.com\/es\/#\/schema\/logo\/image\/\"}},{\"@type\":\"Person\",\"@id\":\"https:\/\/aeroportcastello.com\/es\/#\/schema\/person\/6ce30e1beabb48891a1227bcaf9c5afc\",\"name\":\"admin\",\"image\":{\"@type\":\"ImageObject\",\"inLanguage\":\"es\",\"@id\":\"https:\/\/aeroportcastello.com\/es\/#\/schema\/person\/image\/\",\"url\":\"https:\/\/secure.gravatar.com\/avatar\/49a104bbc10efec0d78dc86b9d8c7ddc?s=96&d=mm&r=g\",\"contentUrl\":\"https:\/\/secure.gravatar.com\/avatar\/49a104bbc10efec0d78dc86b9d8c7ddc?s=96&d=mm&r=g\",\"caption\":\"admin\"},\"sameAs\":[\"https:\/\/aeroportcastello.com\"],\"url\":\"https:\/\/aeroportcastello.com\/es\/author\/adm-nunsys\/\"}]}<\/script>\n<!-- \/ Yoast SEO plugin. -->","yoast_head_json":{"title":"El aeropuerto de Castell\u00f3n recibe la oferta de una aerol\u00ednea para operar una nueva conexi\u00f3n con Madrid durante dos a\u00f1os - Aeropuerto Castell\u00f3n","robots":{"index":"index","follow":"follow","max-snippet":"max-snippet:-1","max-image-preview":"max-image-preview:large","max-video-preview":"max-video-preview:-1"},"canonical":"https:\/\/aeroportcastello.com\/es\/el-aeropuerto-de-castellon-recibe-la-oferta-de-una-aerolinea-para-operar-una-nueva-conexion-con-madrid-durante-dos-anos\/","og_locale":"es_ES","og_type":"article","og_title":"El aeropuerto de Castell\u00f3n recibe la oferta de una aerol\u00ednea para operar una nueva conexi\u00f3n con Madrid durante dos a\u00f1os - Aeropuerto Castell\u00f3n","og_description":"La compa\u00f1\u00eda Air Nostrum presenta una propuesta para la puesta en marcha de la ruta, que deber\u00e1 activarse antes del 1 de noviembre La sociedad p\u00fablica Aerocas ha recibido la oferta de una aerol\u00ednea en el proceso de licitaci\u00f3n para la puesta en marcha de una conexi\u00f3n a\u00e9rea entre Castell\u00f3n y Madrid. La compa\u00f1\u00eda Air ... Leer m\u00e1s","og_url":"https:\/\/aeroportcastello.com\/es\/el-aeropuerto-de-castellon-recibe-la-oferta-de-una-aerolinea-para-operar-una-nueva-conexion-con-madrid-durante-dos-anos\/","og_site_name":"Aeropuerto Castell\u00f3n","article_published_time":"2022-06-22T11:30:00+00:00","author":"admin","twitter_card":"summary_large_image","twitter_misc":{"Escrito por":"admin","Tiempo de lectura":"1 minuto"},"schema":{"@context":"https:\/\/schema.org","@graph":[{"@type":"Article","@id":"https:\/\/aeroportcastello.com\/es\/el-aeropuerto-de-castellon-recibe-la-oferta-de-una-aerolinea-para-operar-una-nueva-conexion-con-madrid-durante-dos-anos\/#article","isPartOf":{"@id":"https:\/\/aeroportcastello.com\/es\/el-aeropuerto-de-castellon-recibe-la-oferta-de-una-aerolinea-para-operar-una-nueva-conexion-con-madrid-durante-dos-anos\/"},"author":{"name":"admin","@id":"https:\/\/aeroportcastello.com\/es\/#\/schema\/person\/6ce30e1beabb48891a1227bcaf9c5afc"},"headline":"El aeropuerto de Castell\u00f3n recibe la oferta de una aerol\u00ednea para operar una nueva conexi\u00f3n con Madrid durante dos a\u00f1os","datePublished":"2022-06-22T11:30:00+00:00","dateModified":"2022-06-22T11:30:00+00:00","mainEntityOfPage":{"@id":"https:\/\/aeroportcastello.com\/es\/el-aeropuerto-de-castellon-recibe-la-oferta-de-una-aerolinea-para-operar-una-nueva-conexion-con-madrid-durante-dos-anos\/"},"wordCount":306,"commentCount":0,"publisher":{"@id":"https:\/\/aeroportcastello.com\/es\/#organization"},"articleSection":["Noticias Aeropuerto"],"inLanguage":"es","potentialAction":[{"@type":"CommentAction","name":"Comment","target":["https:\/\/aeroportcastello.com\/es\/el-aeropuerto-de-castellon-recibe-la-oferta-de-una-aerolinea-para-operar-una-nueva-conexion-con-madrid-durante-dos-anos\/#respond"]}]},{"@type":"WebPage","@id":"https:\/\/aeroportcastello.com\/es\/el-aeropuerto-de-castellon-recibe-la-oferta-de-una-aerolinea-para-operar-una-nueva-conexion-con-madrid-durante-dos-anos\/","url":"https:\/\/aeroportcastello.com\/es\/el-aeropuerto-de-castellon-recibe-la-oferta-de-una-aerolinea-para-operar-una-nueva-conexion-con-madrid-durante-dos-anos\/","name":"El aeropuerto de Castell\u00f3n recibe la oferta de una aerol\u00ednea para operar una nueva conexi\u00f3n con Madrid durante dos a\u00f1os - Aeropuerto Castell\u00f3n","isPartOf":{"@id":"https:\/\/aeroportcastello.com\/es\/#website"},"datePublished":"2022-06-22T11:30:00+00:00","dateModified":"2022-06-22T11:30:00+00:00","breadcrumb":{"@id":"https:\/\/aeroportcastello.com\/es\/el-aeropuerto-de-castellon-recibe-la-oferta-de-una-aerolinea-para-operar-una-nueva-conexion-con-madrid-durante-dos-anos\/#breadcrumb"},"inLanguage":"es","potentialAction":[{"@type":"ReadAction","target":["https:\/\/aeroportcastello.com\/es\/el-aeropuerto-de-castellon-recibe-la-oferta-de-una-aerolinea-para-operar-una-nueva-conexion-con-madrid-durante-dos-anos\/"]}]},{"@type":"BreadcrumbList","@id":"https:\/\/aeroportcastello.com\/es\/el-aeropuerto-de-castellon-recibe-la-oferta-de-una-aerolinea-para-operar-una-nueva-conexion-con-madrid-durante-dos-anos\/#breadcrumb","itemListElement":[{"@type":"ListItem","position":1,"name":"Pasajeros","item":"https:\/\/aeroportcastello.com\/es\/"},{"@type":"ListItem","position":2,"name":"El aeropuerto de Castell\u00f3n recibe la oferta de una aerol\u00ednea para operar una nueva conexi\u00f3n con Madrid durante dos a\u00f1os"}]},{"@type":"WebSite","@id":"https:\/\/aeroportcastello.com\/es\/#website","url":"https:\/\/aeroportcastello.com\/es\/","name":"Aeropuerto Castell\u00f3n","description":"Aeropuerto Castell\u00f3n","publisher":{"@id":"https:\/\/aeroportcastello.com\/es\/#organization"},"potentialAction":[{"@type":"SearchAction","target":{"@type":"EntryPoint","urlTemplate":"https:\/\/aeroportcastello.com\/es\/?s={search_term_string}"},"query-input":"required name=search_term_string"}],"inLanguage":"es"},{"@type":"Organization","@id":"https:\/\/aeroportcastello.com\/es\/#organization","name":"Aeropuerto Castell\u00f3n","url":"https:\/\/aeroportcastello.com\/es\/","logo":{"@type":"ImageObject","inLanguage":"es","@id":"https:\/\/aeroportcastello.com\/es\/#\/schema\/logo\/image\/","url":"https:\/\/aeroportcastello.com\/wp-content\/uploads\/2021\/05\/logo_aeroport_castello-1.svg","contentUrl":"https:\/\/aeroportcastello.com\/wp-content\/uploads\/2021\/05\/logo_aeroport_castello-1.svg","width":482.8999999999999772626324556767940521240234375,"height":93.7000000000000028421709430404007434844970703125,"caption":"Aeropuerto Castell\u00f3n"},"image":{"@id":"https:\/\/aeroportcastello.com\/es\/#\/schema\/logo\/image\/"}},{"@type":"Person","@id":"https:\/\/aeroportcastello.com\/es\/#\/schema\/person\/6ce30e1beabb48891a1227bcaf9c5afc","name":"admin","image":{"@type":"ImageObject","inLanguage":"es","@id":"https:\/\/aeroportcastello.com\/es\/#\/schema\/person\/image\/","url":"https:\/\/secure.gravatar.com\/avatar\/49a104bbc10efec0d78dc86b9d8c7ddc?s=96&d=mm&r=g","contentUrl":"https:\/\/secure.gravatar.com\/avatar\/49a104bbc10efec0d78dc86b9d8c7ddc?s=96&d=mm&r=g","caption":"admin"},"sameAs":["https:\/\/aeroportcastello.com"],"url":"https:\/\/aeroportcastello.com\/es\/author\/adm-nunsys\/"}]}},"_links":{"self":[{"href":"https:\/\/aeroportcastello.com\/es\/wp-json\/wp\/v2\/posts\/4717"}],"collection":[{"href":"https:\/\/aeroportcastello.com\/es\/wp-json\/wp\/v2\/posts"}],"about":[{"href":"https:\/\/aeroportcastello.com\/es\/wp-json\/wp\/v2\/types\/post"}],"author":[{"embeddable":true,"href":"https:\/\/aeroportcastello.com\/es\/wp-json\/wp\/v2\/users\/1"}],"replies":[{"embeddable":true,"href":"https:\/\/aeroportcastello.com\/es\/wp-json\/wp\/v2\/comments?post=4717"}],"version-history":[{"count":0,"href":"https:\/\/aeroportcastello.com\/es\/wp-json\/wp\/v2\/posts\/4717\/revisions"}],"wp:featuredmedia":[{"embeddable":true,"href":"https:\/\/aeroportcastello.com\/es\/wp-json\/wp\/v2\/media\/4715"}],"wp:attachment":[{"href":"https:\/\/aeroportcastello.com\/es\/wp-json\/wp\/v2\/media?parent=4717"}],"wp:term":[{"taxonomy":"category","embeddable":true,"href":"https:\/\/aeroportcastello.com\/es\/wp-json\/wp\/v2\/categories?post=4717"},{"taxonomy":"post_tag","embeddable":true,"href":"https:\/\/aeroportcastello.com\/es\/wp-json\/wp\/v2\/tags?post=4717"}],"curies":[{"name":"wp","href":"https:\/\/api.w.org\/{rel}","templated":true}]}}