{"id":4444,"date":"2022-04-12T13:26:19","date_gmt":"2022-04-12T11:26:19","guid":{"rendered":"https:\/\/aeroportcastello.com\/?p=4444"},"modified":"2022-04-12T13:27:10","modified_gmt":"2022-04-12T11:27:10","slug":"el-aeropuerto-de-castellon-licita-el-contrato-de-explotacion-del-servicio-de-cafeteria-de-la-terminal","status":"publish","type":"post","link":"https:\/\/aeroportcastello.com\/es\/el-aeropuerto-de-castellon-licita-el-contrato-de-explotacion-del-servicio-de-cafeteria-de-la-terminal\/","title":{"rendered":"El aeropuerto de Castell\u00f3n licita el contrato de explotaci\u00f3n del servicio de cafeter\u00eda de la terminal de pasajeros"},"content":{"rendered":"<p><strong>El contrato pretende dar respuesta a la creciente demanda del servicio por parte de las personas pasajeras y del personal del aeropuerto<\/strong><\/p>\n<p>El aeropuerto de Castell\u00f3n ha acordado sacar a licitaci\u00f3n el contrato de explotaci\u00f3n del servicio de cafeter\u00eda de la terminal de pasajeros. Las empresas interesadas disponen de un plazo de un mes para la presentaci\u00f3n de ofertas desde la publicaci\u00f3n de la convocatoria.<\/p>\n<p>El objeto de la licitaci\u00f3n es la adjudicaci\u00f3n, en r\u00e9gimen de arrendamiento, de un local acondicionado para el servicio de bar-cafeter\u00eda con restauraci\u00f3n. El contrato tiene una duraci\u00f3n de cuatro a\u00f1os, con posibilidad de prorrogarse hasta dos a\u00f1os m\u00e1s.<\/p>\n<p>La cafeter\u00eda deber\u00e1 estar abierta, al menos, los d\u00edas en que operan vuelos regulares (desde dos horas antes de la llegada del avi\u00f3n hasta dos horas despu\u00e9s de la salida) y de lunes a viernes de 9.00 a 15.00 horas. Este horario pretende dar respuesta a la creciente demanda y a la diversa tipolog\u00eda de clientes.<\/p>\n<p>Por una parte, dar\u00e1 servicio a las personas pasajeras y a sus acompa\u00f1antes. Al respecto, cabe recordar que el aeropuerto de Castell\u00f3n prev\u00e9 un importante crecimiento del tr\u00e1fico comercial en la presente temporada, en la que hay programadas ocho rutas regulares nacionales e internacionales y en la que se operar\u00e1n hasta 17 frecuencias semanales, cifra r\u00e9cord para el aeropuerto.<\/p>\n<p>Por otra parte, la cafeter\u00eda atender\u00e1 al personal del propio aeropuerto y de las distintas empresas que operan en el mismo, que suman cerca de 150 personas diarias. Tambi\u00e9n al alumnado de Formaci\u00f3n Profesional que acude a las instalaciones, con una previsi\u00f3n de cerca de 150 j\u00f3venes a partir del pr\u00f3ximo curso con la implantaci\u00f3n de nuevos ciclos formativos.<\/p>\n<p>Adem\u00e1s, las empresas participantes podr\u00e1n incluir en sus ofertas la prestaci\u00f3n del servicio de catering en tierra que requieren las aerol\u00edneas cuando hay retrasos en los vuelos.<\/p>\n","protected":false},"excerpt":{"rendered":"<p>El contrato pretende dar respuesta a la creciente demanda del servicio por parte de las personas pasajeras y del personal del aeropuerto El aeropuerto de Castell\u00f3n ha acordado sacar a licitaci\u00f3n el contrato de explotaci\u00f3n del servicio de cafeter\u00eda de la terminal de pasajeros. Las empresas interesadas disponen de un plazo de un mes para &#8230; <\/p>\n<p class=\"read-more-container\"><a title=\"El aeropuerto de Castell\u00f3n licita el contrato de explotaci\u00f3n del servicio de cafeter\u00eda de la terminal de pasajeros\" class=\"read-more button\" href=\"https:\/\/aeroportcastello.com\/es\/el-aeropuerto-de-castellon-licita-el-contrato-de-explotacion-del-servicio-de-cafeteria-de-la-terminal\/#more-4444\" aria-label=\"Leer m\u00e1s sobre El aeropuerto de Castell\u00f3n licita el contrato de explotaci\u00f3n del servicio de cafeter\u00eda de la terminal de pasajeros\">Leer m\u00e1s<\/a><\/p>\n","protected":false},"author":1,"featured_media":4445,"comment_status":"open","ping_status":"open","sticky":false,"template":"","format":"standard","meta":{"footnotes":""},"categories":[1],"tags":[],"yoast_head":"<!-- This site is optimized with the Yoast SEO plugin v22.0 - https:\/\/yoast.com\/wordpress\/plugins\/seo\/ -->\n<title>El aeropuerto de Castell\u00f3n licita el contrato de explotaci\u00f3n del servicio de cafeter\u00eda de la terminal de pasajeros - Aeropuerto Castell\u00f3n<\/title>\n<meta name=\"robots\" content=\"index, follow, max-snippet:-1, max-image-preview:large, max-video-preview:-1\" \/>\n<link rel=\"canonical\" href=\"https:\/\/aeroportcastello.com\/es\/el-aeropuerto-de-castellon-licita-el-contrato-de-explotacion-del-servicio-de-cafeteria-de-la-terminal\/\" \/>\n<meta property=\"og:locale\" content=\"es_ES\" \/>\n<meta property=\"og:type\" content=\"article\" \/>\n<meta property=\"og:title\" content=\"El aeropuerto de Castell\u00f3n licita el contrato de explotaci\u00f3n del servicio de cafeter\u00eda de la terminal de pasajeros - Aeropuerto Castell\u00f3n\" \/>\n<meta property=\"og:description\" content=\"El contrato pretende dar respuesta a la creciente demanda del servicio por parte de las personas pasajeras y del personal del aeropuerto El aeropuerto de Castell\u00f3n ha acordado sacar a licitaci\u00f3n el contrato de explotaci\u00f3n del servicio de cafeter\u00eda de la terminal de pasajeros. Las empresas interesadas disponen de un plazo de un mes para ... Leer m\u00e1s\" \/>\n<meta property=\"og:url\" content=\"https:\/\/aeroportcastello.com\/es\/el-aeropuerto-de-castellon-licita-el-contrato-de-explotacion-del-servicio-de-cafeteria-de-la-terminal\/\" \/>\n<meta property=\"og:site_name\" content=\"Aeropuerto Castell\u00f3n\" \/>\n<meta property=\"article:published_time\" content=\"2022-04-12T11:26:19+00:00\" \/>\n<meta property=\"article:modified_time\" content=\"2022-04-12T11:27:10+00:00\" \/>\n<meta property=\"og:image\" content=\"https:\/\/aeroportcastello.com\/wp-content\/uploads\/2022\/04\/AERnegocios10-scaled.jpg\" \/>\n\t<meta property=\"og:image:width\" content=\"2560\" \/>\n\t<meta property=\"og:image:height\" content=\"2046\" \/>\n\t<meta property=\"og:image:type\" content=\"image\/jpeg\" \/>\n<meta name=\"author\" content=\"admin\" \/>\n<meta name=\"twitter:card\" content=\"summary_large_image\" \/>\n<meta name=\"twitter:label1\" content=\"Escrito por\" \/>\n\t<meta name=\"twitter:data1\" content=\"admin\" \/>\n\t<meta name=\"twitter:label2\" content=\"Tiempo de lectura\" \/>\n\t<meta name=\"twitter:data2\" content=\"2 minutos\" \/>\n<script type=\"application\/ld+json\" class=\"yoast-schema-graph\">{\"@context\":\"https:\/\/schema.org\",\"@graph\":[{\"@type\":\"Article\",\"@id\":\"https:\/\/aeroportcastello.com\/es\/el-aeropuerto-de-castellon-licita-el-contrato-de-explotacion-del-servicio-de-cafeteria-de-la-terminal\/#article\",\"isPartOf\":{\"@id\":\"https:\/\/aeroportcastello.com\/es\/el-aeropuerto-de-castellon-licita-el-contrato-de-explotacion-del-servicio-de-cafeteria-de-la-terminal\/\"},\"author\":{\"name\":\"admin\",\"@id\":\"https:\/\/aeroportcastello.com\/es\/#\/schema\/person\/6ce30e1beabb48891a1227bcaf9c5afc\"},\"headline\":\"El aeropuerto de Castell\u00f3n licita el contrato de explotaci\u00f3n del servicio de cafeter\u00eda de la terminal de pasajeros\",\"datePublished\":\"2022-04-12T11:26:19+00:00\",\"dateModified\":\"2022-04-12T11:27:10+00:00\",\"mainEntityOfPage\":{\"@id\":\"https:\/\/aeroportcastello.com\/es\/el-aeropuerto-de-castellon-licita-el-contrato-de-explotacion-del-servicio-de-cafeteria-de-la-terminal\/\"},\"wordCount\":357,\"commentCount\":0,\"publisher\":{\"@id\":\"https:\/\/aeroportcastello.com\/es\/#organization\"},\"articleSection\":[\"Noticias Aeropuerto\"],\"inLanguage\":\"es\",\"potentialAction\":[{\"@type\":\"CommentAction\",\"name\":\"Comment\",\"target\":[\"https:\/\/aeroportcastello.com\/es\/el-aeropuerto-de-castellon-licita-el-contrato-de-explotacion-del-servicio-de-cafeteria-de-la-terminal\/#respond\"]}]},{\"@type\":\"WebPage\",\"@id\":\"https:\/\/aeroportcastello.com\/es\/el-aeropuerto-de-castellon-licita-el-contrato-de-explotacion-del-servicio-de-cafeteria-de-la-terminal\/\",\"url\":\"https:\/\/aeroportcastello.com\/es\/el-aeropuerto-de-castellon-licita-el-contrato-de-explotacion-del-servicio-de-cafeteria-de-la-terminal\/\",\"name\":\"El aeropuerto de Castell\u00f3n licita el contrato de explotaci\u00f3n del servicio de cafeter\u00eda de la terminal de pasajeros - Aeropuerto Castell\u00f3n\",\"isPartOf\":{\"@id\":\"https:\/\/aeroportcastello.com\/es\/#website\"},\"datePublished\":\"2022-04-12T11:26:19+00:00\",\"dateModified\":\"2022-04-12T11:27:10+00:00\",\"breadcrumb\":{\"@id\":\"https:\/\/aeroportcastello.com\/es\/el-aeropuerto-de-castellon-licita-el-contrato-de-explotacion-del-servicio-de-cafeteria-de-la-terminal\/#breadcrumb\"},\"inLanguage\":\"es\",\"potentialAction\":[{\"@type\":\"ReadAction\",\"target\":[\"https:\/\/aeroportcastello.com\/es\/el-aeropuerto-de-castellon-licita-el-contrato-de-explotacion-del-servicio-de-cafeteria-de-la-terminal\/\"]}]},{\"@type\":\"BreadcrumbList\",\"@id\":\"https:\/\/aeroportcastello.com\/es\/el-aeropuerto-de-castellon-licita-el-contrato-de-explotacion-del-servicio-de-cafeteria-de-la-terminal\/#breadcrumb\",\"itemListElement\":[{\"@type\":\"ListItem\",\"position\":1,\"name\":\"Pasajeros\",\"item\":\"https:\/\/aeroportcastello.com\/es\/\"},{\"@type\":\"ListItem\",\"position\":2,\"name\":\"El aeropuerto de Castell\u00f3n licita el contrato de explotaci\u00f3n del servicio de cafeter\u00eda de la terminal de pasajeros\"}]},{\"@type\":\"WebSite\",\"@id\":\"https:\/\/aeroportcastello.com\/es\/#website\",\"url\":\"https:\/\/aeroportcastello.com\/es\/\",\"name\":\"Aeropuerto Castell\u00f3n\",\"description\":\"Aeropuerto Castell\u00f3n\",\"publisher\":{\"@id\":\"https:\/\/aeroportcastello.com\/es\/#organization\"},\"potentialAction\":[{\"@type\":\"SearchAction\",\"target\":{\"@type\":\"EntryPoint\",\"urlTemplate\":\"https:\/\/aeroportcastello.com\/es\/?s={search_term_string}\"},\"query-input\":\"required name=search_term_string\"}],\"inLanguage\":\"es\"},{\"@type\":\"Organization\",\"@id\":\"https:\/\/aeroportcastello.com\/es\/#organization\",\"name\":\"Aeropuerto Castell\u00f3n\",\"url\":\"https:\/\/aeroportcastello.com\/es\/\",\"logo\":{\"@type\":\"ImageObject\",\"inLanguage\":\"es\",\"@id\":\"https:\/\/aeroportcastello.com\/es\/#\/schema\/logo\/image\/\",\"url\":\"https:\/\/aeroportcastello.com\/wp-content\/uploads\/2021\/05\/logo_aeroport_castello-1.svg\",\"contentUrl\":\"https:\/\/aeroportcastello.com\/wp-content\/uploads\/2021\/05\/logo_aeroport_castello-1.svg\",\"width\":482.8999999999999772626324556767940521240234375,\"height\":93.7000000000000028421709430404007434844970703125,\"caption\":\"Aeropuerto Castell\u00f3n\"},\"image\":{\"@id\":\"https:\/\/aeroportcastello.com\/es\/#\/schema\/logo\/image\/\"}},{\"@type\":\"Person\",\"@id\":\"https:\/\/aeroportcastello.com\/es\/#\/schema\/person\/6ce30e1beabb48891a1227bcaf9c5afc\",\"name\":\"admin\",\"image\":{\"@type\":\"ImageObject\",\"inLanguage\":\"es\",\"@id\":\"https:\/\/aeroportcastello.com\/es\/#\/schema\/person\/image\/\",\"url\":\"https:\/\/secure.gravatar.com\/avatar\/49a104bbc10efec0d78dc86b9d8c7ddc?s=96&d=mm&r=g\",\"contentUrl\":\"https:\/\/secure.gravatar.com\/avatar\/49a104bbc10efec0d78dc86b9d8c7ddc?s=96&d=mm&r=g\",\"caption\":\"admin\"},\"sameAs\":[\"https:\/\/aeroportcastello.com\"],\"url\":\"https:\/\/aeroportcastello.com\/es\/author\/adm-nunsys\/\"}]}<\/script>\n<!-- \/ Yoast SEO plugin. -->","yoast_head_json":{"title":"El aeropuerto de Castell\u00f3n licita el contrato de explotaci\u00f3n del servicio de cafeter\u00eda de la terminal de pasajeros - Aeropuerto Castell\u00f3n","robots":{"index":"index","follow":"follow","max-snippet":"max-snippet:-1","max-image-preview":"max-image-preview:large","max-video-preview":"max-video-preview:-1"},"canonical":"https:\/\/aeroportcastello.com\/es\/el-aeropuerto-de-castellon-licita-el-contrato-de-explotacion-del-servicio-de-cafeteria-de-la-terminal\/","og_locale":"es_ES","og_type":"article","og_title":"El aeropuerto de Castell\u00f3n licita el contrato de explotaci\u00f3n del servicio de cafeter\u00eda de la terminal de pasajeros - Aeropuerto Castell\u00f3n","og_description":"El contrato pretende dar respuesta a la creciente demanda del servicio por parte de las personas pasajeras y del personal del aeropuerto El aeropuerto de Castell\u00f3n ha acordado sacar a licitaci\u00f3n el contrato de explotaci\u00f3n del servicio de cafeter\u00eda de la terminal de pasajeros. Las empresas interesadas disponen de un plazo de un mes para ... Leer m\u00e1s","og_url":"https:\/\/aeroportcastello.com\/es\/el-aeropuerto-de-castellon-licita-el-contrato-de-explotacion-del-servicio-de-cafeteria-de-la-terminal\/","og_site_name":"Aeropuerto Castell\u00f3n","article_published_time":"2022-04-12T11:26:19+00:00","article_modified_time":"2022-04-12T11:27:10+00:00","og_image":[{"width":2560,"height":2046,"url":"https:\/\/aeroportcastello.com\/wp-content\/uploads\/2022\/04\/AERnegocios10-scaled.jpg","type":"image\/jpeg"}],"author":"admin","twitter_card":"summary_large_image","twitter_misc":{"Escrito por":"admin","Tiempo de lectura":"2 minutos"},"schema":{"@context":"https:\/\/schema.org","@graph":[{"@type":"Article","@id":"https:\/\/aeroportcastello.com\/es\/el-aeropuerto-de-castellon-licita-el-contrato-de-explotacion-del-servicio-de-cafeteria-de-la-terminal\/#article","isPartOf":{"@id":"https:\/\/aeroportcastello.com\/es\/el-aeropuerto-de-castellon-licita-el-contrato-de-explotacion-del-servicio-de-cafeteria-de-la-terminal\/"},"author":{"name":"admin","@id":"https:\/\/aeroportcastello.com\/es\/#\/schema\/person\/6ce30e1beabb48891a1227bcaf9c5afc"},"headline":"El aeropuerto de Castell\u00f3n licita el contrato de explotaci\u00f3n del servicio de cafeter\u00eda de la terminal de pasajeros","datePublished":"2022-04-12T11:26:19+00:00","dateModified":"2022-04-12T11:27:10+00:00","mainEntityOfPage":{"@id":"https:\/\/aeroportcastello.com\/es\/el-aeropuerto-de-castellon-licita-el-contrato-de-explotacion-del-servicio-de-cafeteria-de-la-terminal\/"},"wordCount":357,"commentCount":0,"publisher":{"@id":"https:\/\/aeroportcastello.com\/es\/#organization"},"articleSection":["Noticias Aeropuerto"],"inLanguage":"es","potentialAction":[{"@type":"CommentAction","name":"Comment","target":["https:\/\/aeroportcastello.com\/es\/el-aeropuerto-de-castellon-licita-el-contrato-de-explotacion-del-servicio-de-cafeteria-de-la-terminal\/#respond"]}]},{"@type":"WebPage","@id":"https:\/\/aeroportcastello.com\/es\/el-aeropuerto-de-castellon-licita-el-contrato-de-explotacion-del-servicio-de-cafeteria-de-la-terminal\/","url":"https:\/\/aeroportcastello.com\/es\/el-aeropuerto-de-castellon-licita-el-contrato-de-explotacion-del-servicio-de-cafeteria-de-la-terminal\/","name":"El aeropuerto de Castell\u00f3n licita el contrato de explotaci\u00f3n del servicio de cafeter\u00eda de la terminal de pasajeros - Aeropuerto Castell\u00f3n","isPartOf":{"@id":"https:\/\/aeroportcastello.com\/es\/#website"},"datePublished":"2022-04-12T11:26:19+00:00","dateModified":"2022-04-12T11:27:10+00:00","breadcrumb":{"@id":"https:\/\/aeroportcastello.com\/es\/el-aeropuerto-de-castellon-licita-el-contrato-de-explotacion-del-servicio-de-cafeteria-de-la-terminal\/#breadcrumb"},"inLanguage":"es","potentialAction":[{"@type":"ReadAction","target":["https:\/\/aeroportcastello.com\/es\/el-aeropuerto-de-castellon-licita-el-contrato-de-explotacion-del-servicio-de-cafeteria-de-la-terminal\/"]}]},{"@type":"BreadcrumbList","@id":"https:\/\/aeroportcastello.com\/es\/el-aeropuerto-de-castellon-licita-el-contrato-de-explotacion-del-servicio-de-cafeteria-de-la-terminal\/#breadcrumb","itemListElement":[{"@type":"ListItem","position":1,"name":"Pasajeros","item":"https:\/\/aeroportcastello.com\/es\/"},{"@type":"ListItem","position":2,"name":"El aeropuerto de Castell\u00f3n licita el contrato de explotaci\u00f3n del servicio de cafeter\u00eda de la terminal de pasajeros"}]},{"@type":"WebSite","@id":"https:\/\/aeroportcastello.com\/es\/#website","url":"https:\/\/aeroportcastello.com\/es\/","name":"Aeropuerto Castell\u00f3n","description":"Aeropuerto Castell\u00f3n","publisher":{"@id":"https:\/\/aeroportcastello.com\/es\/#organization"},"potentialAction":[{"@type":"SearchAction","target":{"@type":"EntryPoint","urlTemplate":"https:\/\/aeroportcastello.com\/es\/?s={search_term_string}"},"query-input":"required name=search_term_string"}],"inLanguage":"es"},{"@type":"Organization","@id":"https:\/\/aeroportcastello.com\/es\/#organization","name":"Aeropuerto Castell\u00f3n","url":"https:\/\/aeroportcastello.com\/es\/","logo":{"@type":"ImageObject","inLanguage":"es","@id":"https:\/\/aeroportcastello.com\/es\/#\/schema\/logo\/image\/","url":"https:\/\/aeroportcastello.com\/wp-content\/uploads\/2021\/05\/logo_aeroport_castello-1.svg","contentUrl":"https:\/\/aeroportcastello.com\/wp-content\/uploads\/2021\/05\/logo_aeroport_castello-1.svg","width":482.8999999999999772626324556767940521240234375,"height":93.7000000000000028421709430404007434844970703125,"caption":"Aeropuerto Castell\u00f3n"},"image":{"@id":"https:\/\/aeroportcastello.com\/es\/#\/schema\/logo\/image\/"}},{"@type":"Person","@id":"https:\/\/aeroportcastello.com\/es\/#\/schema\/person\/6ce30e1beabb48891a1227bcaf9c5afc","name":"admin","image":{"@type":"ImageObject","inLanguage":"es","@id":"https:\/\/aeroportcastello.com\/es\/#\/schema\/person\/image\/","url":"https:\/\/secure.gravatar.com\/avatar\/49a104bbc10efec0d78dc86b9d8c7ddc?s=96&d=mm&r=g","contentUrl":"https:\/\/secure.gravatar.com\/avatar\/49a104bbc10efec0d78dc86b9d8c7ddc?s=96&d=mm&r=g","caption":"admin"},"sameAs":["https:\/\/aeroportcastello.com"],"url":"https:\/\/aeroportcastello.com\/es\/author\/adm-nunsys\/"}]}},"_links":{"self":[{"href":"https:\/\/aeroportcastello.com\/es\/wp-json\/wp\/v2\/posts\/4444"}],"collection":[{"href":"https:\/\/aeroportcastello.com\/es\/wp-json\/wp\/v2\/posts"}],"about":[{"href":"https:\/\/aeroportcastello.com\/es\/wp-json\/wp\/v2\/types\/post"}],"author":[{"embeddable":true,"href":"https:\/\/aeroportcastello.com\/es\/wp-json\/wp\/v2\/users\/1"}],"replies":[{"embeddable":true,"href":"https:\/\/aeroportcastello.com\/es\/wp-json\/wp\/v2\/comments?post=4444"}],"version-history":[{"count":2,"href":"https:\/\/aeroportcastello.com\/es\/wp-json\/wp\/v2\/posts\/4444\/revisions"}],"predecessor-version":[{"id":4449,"href":"https:\/\/aeroportcastello.com\/es\/wp-json\/wp\/v2\/posts\/4444\/revisions\/4449"}],"wp:featuredmedia":[{"embeddable":true,"href":"https:\/\/aeroportcastello.com\/es\/wp-json\/wp\/v2\/media\/4445"}],"wp:attachment":[{"href":"https:\/\/aeroportcastello.com\/es\/wp-json\/wp\/v2\/media?parent=4444"}],"wp:term":[{"taxonomy":"category","embeddable":true,"href":"https:\/\/aeroportcastello.com\/es\/wp-json\/wp\/v2\/categories?post=4444"},{"taxonomy":"post_tag","embeddable":true,"href":"https:\/\/aeroportcastello.com\/es\/wp-json\/wp\/v2\/tags?post=4444"}],"curies":[{"name":"wp","href":"https:\/\/api.w.org\/{rel}","templated":true}]}}