{"id":4395,"date":"2022-03-22T10:14:55","date_gmt":"2022-03-22T09:14:55","guid":{"rendered":"https:\/\/aeroportcastello.com\/?p=4395"},"modified":"2022-03-22T10:14:55","modified_gmt":"2022-03-22T09:14:55","slug":"la-generalitat-constituye-un-grupo-de-trabajo-para-impulsar-el-desarrollo-del-sector-aeronautico-y-aeroespacial-en-la-comunitat-valenciana","status":"publish","type":"post","link":"https:\/\/aeroportcastello.com\/es\/la-generalitat-constituye-un-grupo-de-trabajo-para-impulsar-el-desarrollo-del-sector-aeronautico-y-aeroespacial-en-la-comunitat-valenciana\/","title":{"rendered":"La Generalitat constituye un grupo de trabajo para impulsar el desarrollo del sector aeron\u00e1utico y aeroespacial en la Comunitat Valenciana"},"content":{"rendered":"<p><strong>Sit\u00faa el aeropuerto de Castell\u00f3n como espacio de oportunidad para la implantaci\u00f3n de proyectos innovadores<\/strong><\/p>\n<p>La Generalitat ha constituido un grupo de trabajo con el objetivo de impulsar el desarrollo de la industria aeron\u00e1utica y aeroespacial en la Comunitat Valenciana.<\/p>\n<p>La iniciativa implica a tres conselleries: la de Econom\u00eda Sostenible, Sectores Productivos, Comercio y Trabajo; la de Innovaci\u00f3n, Universidades, Ciencia y Sociedad Digital; y la de Pol\u00edtica Territorial, Obras P\u00fablicas y Movilidad, a trav\u00e9s de la sociedad p\u00fablica Aeropuerto de Castell\u00f3n (Aerocas).<\/p>\n<p>La constituci\u00f3n del grupo de trabajo ha tenido lugar en las instalaciones del aeropuerto de Castell\u00f3n y ha reunido a la directora general de Aerocas, Blanca Mar\u00edn; la directora general de Industria, Empar Mart\u00ednez; y el director general para el Avance de la Sociedad Digital, Juan Ignacio Torregrosa.<\/p>\n<p>La primera reuni\u00f3n ha servido para definir la hoja de ruta que se va a seguir, trazar los objetivos estrat\u00e9gicos y fijar un cronograma de actuaciones.<\/p>\n<p>En este sentido, las personas participantes en el encuentro han coincidido en que la industria aeron\u00e1utica y aeroespacial dispone de gran potencial y margen de crecimiento en la Comunitat Valenciana, de ah\u00ed el prop\u00f3sito de contribuir a su desarrollo y vertebraci\u00f3n, al tratarse de un sector de alto valor a\u00f1adido.<\/p>\n<p>As\u00ed mismo, se ha abordado la necesidad de generar una red de alianzas entre las empresas y las administraciones p\u00fablicas, a fin de promover la consolidaci\u00f3n y expansi\u00f3n de proyectos existentes y de favorecer nuevas iniciativas empresariales innovadoras en el \u00e1mbito aeron\u00e1utico y aeroespacial.<\/p>\n<p>Al respecto, la directora general de Aerocas, Blanca Mar\u00edn, ha expuesto que el aeropuerto de Castell\u00f3n, en su condici\u00f3n de infraestructura estrat\u00e9gica de la Generalitat, \u201csupone un espacio de oportunidad para acoger proyectos empresariales y pretende contribuir a la dinamizaci\u00f3n del sector en la Comunitat\u201d.<\/p>\n<p>Por su parte, la directora general de Industrial, Empar Mart\u00ednez, ha incidido en el objetivo de la Conselleria de Econom\u00eda \u201cde dinamizar las capacidades industriales existentes y atraer nuevas empresas\u201d. En este sentido, ha se\u00f1alado que el desarrollo la industria aeron\u00e1utica \u201cencaja con la finalidad de la Generalitat de virar hacia un modelo productivo de alto valor a\u00f1adido, basado en el conocimiento, la innovaci\u00f3n, la cualificaci\u00f3n y la excelencia\u201d<\/p>\n<p>El director general para el Avance de la Sociedad Digital, Juan Ignacio Torregrosa, ha explicado que desde la Conselleria de Innovaci\u00f3n \u201cqueremos aportar nuestro conocimiento en el \u00e1mbito de la innovaci\u00f3n y tecnolog\u00eda, al objeto de contribuir al desarrollo del sector aeron\u00e1utico y aeroespacial en la Comunitat Valenciana, ya que consideramos que tiene unos mimbres magn\u00edficos, tanto desde el punto de vista de la administraci\u00f3n como de la empresa privada\u201d.<\/p>\n<p>En el grupo de trabajo se han abordado las acciones ya impulsadas por la Generalitat para favorecer el desarrollo de este sector productivo, como son: la constituci\u00f3n de la mesa del sector de la industria aeron\u00e1utica y aeroespacial; la inclusi\u00f3n de este \u00e1mbito econ\u00f3mico en las ayudas a la inversi\u00f3n industrial por parte la Conselleria de Econom\u00eda; el respaldo del Instituto Valenciano de Finanzas a proyectos vinculados al sector; la firma de un protocolo con Enaire para realizar acciones de I+D+i en el \u00e1mbito aeroespacial; el acompa\u00f1amiento a las empresas en su interlocuci\u00f3n con otras administraciones nacionales y europeas; o la acogida de <em>start-ups<\/em> y la implantaci\u00f3n de una FP aeron\u00e1utica en el propio aeropuerto de Castell\u00f3n<\/p>\n<p>&nbsp;<\/p>\n","protected":false},"excerpt":{"rendered":"<p>Sit\u00faa el aeropuerto de Castell\u00f3n como espacio de oportunidad para la implantaci\u00f3n de proyectos innovadores La Generalitat ha constituido un grupo de trabajo con el objetivo de impulsar el desarrollo de la industria aeron\u00e1utica y aeroespacial en la Comunitat Valenciana. La iniciativa implica a tres conselleries: la de Econom\u00eda Sostenible, Sectores Productivos, Comercio y Trabajo; &#8230; <\/p>\n<p class=\"read-more-container\"><a title=\"La Generalitat constituye un grupo de trabajo para impulsar el desarrollo del sector aeron\u00e1utico y aeroespacial en la Comunitat Valenciana\" class=\"read-more button\" href=\"https:\/\/aeroportcastello.com\/es\/la-generalitat-constituye-un-grupo-de-trabajo-para-impulsar-el-desarrollo-del-sector-aeronautico-y-aeroespacial-en-la-comunitat-valenciana\/#more-4395\" aria-label=\"Leer m\u00e1s sobre La Generalitat constituye un grupo de trabajo para impulsar el desarrollo del sector aeron\u00e1utico y aeroespacial en la Comunitat Valenciana\">Leer m\u00e1s<\/a><\/p>\n","protected":false},"author":1,"featured_media":4396,"comment_status":"open","ping_status":"open","sticky":false,"template":"","format":"standard","meta":{"footnotes":""},"categories":[1],"tags":[],"yoast_head":"<!-- This site is optimized with the Yoast SEO plugin v22.0 - https:\/\/yoast.com\/wordpress\/plugins\/seo\/ -->\n<title>La Generalitat constituye un grupo de trabajo para impulsar el desarrollo del sector aeron\u00e1utico y aeroespacial en la Comunitat Valenciana - Aeropuerto Castell\u00f3n<\/title>\n<meta name=\"robots\" content=\"index, follow, max-snippet:-1, max-image-preview:large, max-video-preview:-1\" \/>\n<link rel=\"canonical\" href=\"https:\/\/aeroportcastello.com\/es\/la-generalitat-constituye-un-grupo-de-trabajo-para-impulsar-el-desarrollo-del-sector-aeronautico-y-aeroespacial-en-la-comunitat-valenciana\/\" \/>\n<meta property=\"og:locale\" content=\"es_ES\" \/>\n<meta property=\"og:type\" content=\"article\" \/>\n<meta property=\"og:title\" content=\"La Generalitat constituye un grupo de trabajo para impulsar el desarrollo del sector aeron\u00e1utico y aeroespacial en la Comunitat Valenciana - Aeropuerto Castell\u00f3n\" \/>\n<meta property=\"og:description\" content=\"Sit\u00faa el aeropuerto de Castell\u00f3n como espacio de oportunidad para la implantaci\u00f3n de proyectos innovadores La Generalitat ha constituido un grupo de trabajo con el objetivo de impulsar el desarrollo de la industria aeron\u00e1utica y aeroespacial en la Comunitat Valenciana. La iniciativa implica a tres conselleries: la de Econom\u00eda Sostenible, Sectores Productivos, Comercio y Trabajo; ... Leer m\u00e1s\" \/>\n<meta property=\"og:url\" content=\"https:\/\/aeroportcastello.com\/es\/la-generalitat-constituye-un-grupo-de-trabajo-para-impulsar-el-desarrollo-del-sector-aeronautico-y-aeroespacial-en-la-comunitat-valenciana\/\" \/>\n<meta property=\"og:site_name\" content=\"Aeropuerto Castell\u00f3n\" \/>\n<meta property=\"article:published_time\" content=\"2022-03-22T09:14:55+00:00\" \/>\n<meta property=\"og:image\" content=\"https:\/\/aeroportcastello.com\/wp-content\/uploads\/2022\/03\/IMG_20220316_102025-scaled.jpg\" \/>\n\t<meta property=\"og:image:width\" content=\"2560\" \/>\n\t<meta property=\"og:image:height\" content=\"1533\" \/>\n\t<meta property=\"og:image:type\" content=\"image\/jpeg\" \/>\n<meta name=\"author\" content=\"admin\" \/>\n<meta name=\"twitter:card\" content=\"summary_large_image\" \/>\n<meta name=\"twitter:label1\" content=\"Escrito por\" \/>\n\t<meta name=\"twitter:data1\" content=\"admin\" \/>\n\t<meta name=\"twitter:label2\" content=\"Tiempo de lectura\" \/>\n\t<meta name=\"twitter:data2\" content=\"3 minutos\" \/>\n<script type=\"application\/ld+json\" class=\"yoast-schema-graph\">{\"@context\":\"https:\/\/schema.org\",\"@graph\":[{\"@type\":\"Article\",\"@id\":\"https:\/\/aeroportcastello.com\/es\/la-generalitat-constituye-un-grupo-de-trabajo-para-impulsar-el-desarrollo-del-sector-aeronautico-y-aeroespacial-en-la-comunitat-valenciana\/#article\",\"isPartOf\":{\"@id\":\"https:\/\/aeroportcastello.com\/es\/la-generalitat-constituye-un-grupo-de-trabajo-para-impulsar-el-desarrollo-del-sector-aeronautico-y-aeroespacial-en-la-comunitat-valenciana\/\"},\"author\":{\"name\":\"admin\",\"@id\":\"https:\/\/aeroportcastello.com\/es\/#\/schema\/person\/6ce30e1beabb48891a1227bcaf9c5afc\"},\"headline\":\"La Generalitat constituye un grupo de trabajo para impulsar el desarrollo del sector aeron\u00e1utico y aeroespacial en la Comunitat Valenciana\",\"datePublished\":\"2022-03-22T09:14:55+00:00\",\"dateModified\":\"2022-03-22T09:14:55+00:00\",\"mainEntityOfPage\":{\"@id\":\"https:\/\/aeroportcastello.com\/es\/la-generalitat-constituye-un-grupo-de-trabajo-para-impulsar-el-desarrollo-del-sector-aeronautico-y-aeroespacial-en-la-comunitat-valenciana\/\"},\"wordCount\":629,\"commentCount\":0,\"publisher\":{\"@id\":\"https:\/\/aeroportcastello.com\/es\/#organization\"},\"articleSection\":[\"Noticias Aeropuerto\"],\"inLanguage\":\"es\",\"potentialAction\":[{\"@type\":\"CommentAction\",\"name\":\"Comment\",\"target\":[\"https:\/\/aeroportcastello.com\/es\/la-generalitat-constituye-un-grupo-de-trabajo-para-impulsar-el-desarrollo-del-sector-aeronautico-y-aeroespacial-en-la-comunitat-valenciana\/#respond\"]}]},{\"@type\":\"WebPage\",\"@id\":\"https:\/\/aeroportcastello.com\/es\/la-generalitat-constituye-un-grupo-de-trabajo-para-impulsar-el-desarrollo-del-sector-aeronautico-y-aeroespacial-en-la-comunitat-valenciana\/\",\"url\":\"https:\/\/aeroportcastello.com\/es\/la-generalitat-constituye-un-grupo-de-trabajo-para-impulsar-el-desarrollo-del-sector-aeronautico-y-aeroespacial-en-la-comunitat-valenciana\/\",\"name\":\"La Generalitat constituye un grupo de trabajo para impulsar el desarrollo del sector aeron\u00e1utico y aeroespacial en la Comunitat Valenciana - Aeropuerto Castell\u00f3n\",\"isPartOf\":{\"@id\":\"https:\/\/aeroportcastello.com\/es\/#website\"},\"datePublished\":\"2022-03-22T09:14:55+00:00\",\"dateModified\":\"2022-03-22T09:14:55+00:00\",\"breadcrumb\":{\"@id\":\"https:\/\/aeroportcastello.com\/es\/la-generalitat-constituye-un-grupo-de-trabajo-para-impulsar-el-desarrollo-del-sector-aeronautico-y-aeroespacial-en-la-comunitat-valenciana\/#breadcrumb\"},\"inLanguage\":\"es\",\"potentialAction\":[{\"@type\":\"ReadAction\",\"target\":[\"https:\/\/aeroportcastello.com\/es\/la-generalitat-constituye-un-grupo-de-trabajo-para-impulsar-el-desarrollo-del-sector-aeronautico-y-aeroespacial-en-la-comunitat-valenciana\/\"]}]},{\"@type\":\"BreadcrumbList\",\"@id\":\"https:\/\/aeroportcastello.com\/es\/la-generalitat-constituye-un-grupo-de-trabajo-para-impulsar-el-desarrollo-del-sector-aeronautico-y-aeroespacial-en-la-comunitat-valenciana\/#breadcrumb\",\"itemListElement\":[{\"@type\":\"ListItem\",\"position\":1,\"name\":\"Pasajeros\",\"item\":\"https:\/\/aeroportcastello.com\/es\/\"},{\"@type\":\"ListItem\",\"position\":2,\"name\":\"La Generalitat constituye un grupo de trabajo para impulsar el desarrollo del sector aeron\u00e1utico y aeroespacial en la Comunitat Valenciana\"}]},{\"@type\":\"WebSite\",\"@id\":\"https:\/\/aeroportcastello.com\/es\/#website\",\"url\":\"https:\/\/aeroportcastello.com\/es\/\",\"name\":\"Aeropuerto Castell\u00f3n\",\"description\":\"Aeropuerto Castell\u00f3n\",\"publisher\":{\"@id\":\"https:\/\/aeroportcastello.com\/es\/#organization\"},\"potentialAction\":[{\"@type\":\"SearchAction\",\"target\":{\"@type\":\"EntryPoint\",\"urlTemplate\":\"https:\/\/aeroportcastello.com\/es\/?s={search_term_string}\"},\"query-input\":\"required name=search_term_string\"}],\"inLanguage\":\"es\"},{\"@type\":\"Organization\",\"@id\":\"https:\/\/aeroportcastello.com\/es\/#organization\",\"name\":\"Aeropuerto Castell\u00f3n\",\"url\":\"https:\/\/aeroportcastello.com\/es\/\",\"logo\":{\"@type\":\"ImageObject\",\"inLanguage\":\"es\",\"@id\":\"https:\/\/aeroportcastello.com\/es\/#\/schema\/logo\/image\/\",\"url\":\"https:\/\/aeroportcastello.com\/wp-content\/uploads\/2021\/05\/logo_aeroport_castello-1.svg\",\"contentUrl\":\"https:\/\/aeroportcastello.com\/wp-content\/uploads\/2021\/05\/logo_aeroport_castello-1.svg\",\"width\":482.8999999999999772626324556767940521240234375,\"height\":93.7000000000000028421709430404007434844970703125,\"caption\":\"Aeropuerto Castell\u00f3n\"},\"image\":{\"@id\":\"https:\/\/aeroportcastello.com\/es\/#\/schema\/logo\/image\/\"}},{\"@type\":\"Person\",\"@id\":\"https:\/\/aeroportcastello.com\/es\/#\/schema\/person\/6ce30e1beabb48891a1227bcaf9c5afc\",\"name\":\"admin\",\"image\":{\"@type\":\"ImageObject\",\"inLanguage\":\"es\",\"@id\":\"https:\/\/aeroportcastello.com\/es\/#\/schema\/person\/image\/\",\"url\":\"https:\/\/secure.gravatar.com\/avatar\/49a104bbc10efec0d78dc86b9d8c7ddc?s=96&d=mm&r=g\",\"contentUrl\":\"https:\/\/secure.gravatar.com\/avatar\/49a104bbc10efec0d78dc86b9d8c7ddc?s=96&d=mm&r=g\",\"caption\":\"admin\"},\"sameAs\":[\"https:\/\/aeroportcastello.com\"],\"url\":\"https:\/\/aeroportcastello.com\/es\/author\/adm-nunsys\/\"}]}<\/script>\n<!-- \/ Yoast SEO plugin. -->","yoast_head_json":{"title":"La Generalitat constituye un grupo de trabajo para impulsar el desarrollo del sector aeron\u00e1utico y aeroespacial en la Comunitat Valenciana - Aeropuerto Castell\u00f3n","robots":{"index":"index","follow":"follow","max-snippet":"max-snippet:-1","max-image-preview":"max-image-preview:large","max-video-preview":"max-video-preview:-1"},"canonical":"https:\/\/aeroportcastello.com\/es\/la-generalitat-constituye-un-grupo-de-trabajo-para-impulsar-el-desarrollo-del-sector-aeronautico-y-aeroespacial-en-la-comunitat-valenciana\/","og_locale":"es_ES","og_type":"article","og_title":"La Generalitat constituye un grupo de trabajo para impulsar el desarrollo del sector aeron\u00e1utico y aeroespacial en la Comunitat Valenciana - Aeropuerto Castell\u00f3n","og_description":"Sit\u00faa el aeropuerto de Castell\u00f3n como espacio de oportunidad para la implantaci\u00f3n de proyectos innovadores La Generalitat ha constituido un grupo de trabajo con el objetivo de impulsar el desarrollo de la industria aeron\u00e1utica y aeroespacial en la Comunitat Valenciana. La iniciativa implica a tres conselleries: la de Econom\u00eda Sostenible, Sectores Productivos, Comercio y Trabajo; ... Leer m\u00e1s","og_url":"https:\/\/aeroportcastello.com\/es\/la-generalitat-constituye-un-grupo-de-trabajo-para-impulsar-el-desarrollo-del-sector-aeronautico-y-aeroespacial-en-la-comunitat-valenciana\/","og_site_name":"Aeropuerto Castell\u00f3n","article_published_time":"2022-03-22T09:14:55+00:00","og_image":[{"width":2560,"height":1533,"url":"https:\/\/aeroportcastello.com\/wp-content\/uploads\/2022\/03\/IMG_20220316_102025-scaled.jpg","type":"image\/jpeg"}],"author":"admin","twitter_card":"summary_large_image","twitter_misc":{"Escrito por":"admin","Tiempo de lectura":"3 minutos"},"schema":{"@context":"https:\/\/schema.org","@graph":[{"@type":"Article","@id":"https:\/\/aeroportcastello.com\/es\/la-generalitat-constituye-un-grupo-de-trabajo-para-impulsar-el-desarrollo-del-sector-aeronautico-y-aeroespacial-en-la-comunitat-valenciana\/#article","isPartOf":{"@id":"https:\/\/aeroportcastello.com\/es\/la-generalitat-constituye-un-grupo-de-trabajo-para-impulsar-el-desarrollo-del-sector-aeronautico-y-aeroespacial-en-la-comunitat-valenciana\/"},"author":{"name":"admin","@id":"https:\/\/aeroportcastello.com\/es\/#\/schema\/person\/6ce30e1beabb48891a1227bcaf9c5afc"},"headline":"La Generalitat constituye un grupo de trabajo para impulsar el desarrollo del sector aeron\u00e1utico y aeroespacial en la Comunitat Valenciana","datePublished":"2022-03-22T09:14:55+00:00","dateModified":"2022-03-22T09:14:55+00:00","mainEntityOfPage":{"@id":"https:\/\/aeroportcastello.com\/es\/la-generalitat-constituye-un-grupo-de-trabajo-para-impulsar-el-desarrollo-del-sector-aeronautico-y-aeroespacial-en-la-comunitat-valenciana\/"},"wordCount":629,"commentCount":0,"publisher":{"@id":"https:\/\/aeroportcastello.com\/es\/#organization"},"articleSection":["Noticias Aeropuerto"],"inLanguage":"es","potentialAction":[{"@type":"CommentAction","name":"Comment","target":["https:\/\/aeroportcastello.com\/es\/la-generalitat-constituye-un-grupo-de-trabajo-para-impulsar-el-desarrollo-del-sector-aeronautico-y-aeroespacial-en-la-comunitat-valenciana\/#respond"]}]},{"@type":"WebPage","@id":"https:\/\/aeroportcastello.com\/es\/la-generalitat-constituye-un-grupo-de-trabajo-para-impulsar-el-desarrollo-del-sector-aeronautico-y-aeroespacial-en-la-comunitat-valenciana\/","url":"https:\/\/aeroportcastello.com\/es\/la-generalitat-constituye-un-grupo-de-trabajo-para-impulsar-el-desarrollo-del-sector-aeronautico-y-aeroespacial-en-la-comunitat-valenciana\/","name":"La Generalitat constituye un grupo de trabajo para impulsar el desarrollo del sector aeron\u00e1utico y aeroespacial en la Comunitat Valenciana - Aeropuerto Castell\u00f3n","isPartOf":{"@id":"https:\/\/aeroportcastello.com\/es\/#website"},"datePublished":"2022-03-22T09:14:55+00:00","dateModified":"2022-03-22T09:14:55+00:00","breadcrumb":{"@id":"https:\/\/aeroportcastello.com\/es\/la-generalitat-constituye-un-grupo-de-trabajo-para-impulsar-el-desarrollo-del-sector-aeronautico-y-aeroespacial-en-la-comunitat-valenciana\/#breadcrumb"},"inLanguage":"es","potentialAction":[{"@type":"ReadAction","target":["https:\/\/aeroportcastello.com\/es\/la-generalitat-constituye-un-grupo-de-trabajo-para-impulsar-el-desarrollo-del-sector-aeronautico-y-aeroespacial-en-la-comunitat-valenciana\/"]}]},{"@type":"BreadcrumbList","@id":"https:\/\/aeroportcastello.com\/es\/la-generalitat-constituye-un-grupo-de-trabajo-para-impulsar-el-desarrollo-del-sector-aeronautico-y-aeroespacial-en-la-comunitat-valenciana\/#breadcrumb","itemListElement":[{"@type":"ListItem","position":1,"name":"Pasajeros","item":"https:\/\/aeroportcastello.com\/es\/"},{"@type":"ListItem","position":2,"name":"La Generalitat constituye un grupo de trabajo para impulsar el desarrollo del sector aeron\u00e1utico y aeroespacial en la Comunitat Valenciana"}]},{"@type":"WebSite","@id":"https:\/\/aeroportcastello.com\/es\/#website","url":"https:\/\/aeroportcastello.com\/es\/","name":"Aeropuerto Castell\u00f3n","description":"Aeropuerto Castell\u00f3n","publisher":{"@id":"https:\/\/aeroportcastello.com\/es\/#organization"},"potentialAction":[{"@type":"SearchAction","target":{"@type":"EntryPoint","urlTemplate":"https:\/\/aeroportcastello.com\/es\/?s={search_term_string}"},"query-input":"required name=search_term_string"}],"inLanguage":"es"},{"@type":"Organization","@id":"https:\/\/aeroportcastello.com\/es\/#organization","name":"Aeropuerto Castell\u00f3n","url":"https:\/\/aeroportcastello.com\/es\/","logo":{"@type":"ImageObject","inLanguage":"es","@id":"https:\/\/aeroportcastello.com\/es\/#\/schema\/logo\/image\/","url":"https:\/\/aeroportcastello.com\/wp-content\/uploads\/2021\/05\/logo_aeroport_castello-1.svg","contentUrl":"https:\/\/aeroportcastello.com\/wp-content\/uploads\/2021\/05\/logo_aeroport_castello-1.svg","width":482.8999999999999772626324556767940521240234375,"height":93.7000000000000028421709430404007434844970703125,"caption":"Aeropuerto Castell\u00f3n"},"image":{"@id":"https:\/\/aeroportcastello.com\/es\/#\/schema\/logo\/image\/"}},{"@type":"Person","@id":"https:\/\/aeroportcastello.com\/es\/#\/schema\/person\/6ce30e1beabb48891a1227bcaf9c5afc","name":"admin","image":{"@type":"ImageObject","inLanguage":"es","@id":"https:\/\/aeroportcastello.com\/es\/#\/schema\/person\/image\/","url":"https:\/\/secure.gravatar.com\/avatar\/49a104bbc10efec0d78dc86b9d8c7ddc?s=96&d=mm&r=g","contentUrl":"https:\/\/secure.gravatar.com\/avatar\/49a104bbc10efec0d78dc86b9d8c7ddc?s=96&d=mm&r=g","caption":"admin"},"sameAs":["https:\/\/aeroportcastello.com"],"url":"https:\/\/aeroportcastello.com\/es\/author\/adm-nunsys\/"}]}},"_links":{"self":[{"href":"https:\/\/aeroportcastello.com\/es\/wp-json\/wp\/v2\/posts\/4395"}],"collection":[{"href":"https:\/\/aeroportcastello.com\/es\/wp-json\/wp\/v2\/posts"}],"about":[{"href":"https:\/\/aeroportcastello.com\/es\/wp-json\/wp\/v2\/types\/post"}],"author":[{"embeddable":true,"href":"https:\/\/aeroportcastello.com\/es\/wp-json\/wp\/v2\/users\/1"}],"replies":[{"embeddable":true,"href":"https:\/\/aeroportcastello.com\/es\/wp-json\/wp\/v2\/comments?post=4395"}],"version-history":[{"count":1,"href":"https:\/\/aeroportcastello.com\/es\/wp-json\/wp\/v2\/posts\/4395\/revisions"}],"predecessor-version":[{"id":4399,"href":"https:\/\/aeroportcastello.com\/es\/wp-json\/wp\/v2\/posts\/4395\/revisions\/4399"}],"wp:featuredmedia":[{"embeddable":true,"href":"https:\/\/aeroportcastello.com\/es\/wp-json\/wp\/v2\/media\/4396"}],"wp:attachment":[{"href":"https:\/\/aeroportcastello.com\/es\/wp-json\/wp\/v2\/media?parent=4395"}],"wp:term":[{"taxonomy":"category","embeddable":true,"href":"https:\/\/aeroportcastello.com\/es\/wp-json\/wp\/v2\/categories?post=4395"},{"taxonomy":"post_tag","embeddable":true,"href":"https:\/\/aeroportcastello.com\/es\/wp-json\/wp\/v2\/tags?post=4395"}],"curies":[{"name":"wp","href":"https:\/\/api.w.org\/{rel}","templated":true}]}}