{"id":4310,"date":"2022-02-25T09:17:34","date_gmt":"2022-02-25T08:17:34","guid":{"rendered":"https:\/\/aeroportcastello.com\/?p=4310"},"modified":"2022-02-25T09:17:34","modified_gmt":"2022-02-25T08:17:34","slug":"el-aeropuerto-de-castellon-participa-en-connect-con-el-objetivo-de-promover-el-desarrollo-del-trafico-comercial","status":"publish","type":"post","link":"https:\/\/aeroportcastello.com\/es\/el-aeropuerto-de-castellon-participa-en-connect-con-el-objetivo-de-promover-el-desarrollo-del-trafico-comercial\/","title":{"rendered":"El aeropuerto de Castell\u00f3n participa en Connect con el objetivo de promover el desarrollo del tr\u00e1fico comercial"},"content":{"rendered":"<p><strong>Programa reuniones con aerol\u00edneas a fin de abordar la reactivaci\u00f3n de los vuelos regulares y fomentar la apertura de nuevos destinos<\/strong><\/p>\n<p>El aeropuerto de Castell\u00f3n participa en la feria de conectividad a\u00e9rea Connect Route Development Forum, que tiene lugar del 23 al 25 de febrero en Tampere (Finlandia), con el objetivo de promover el desarrollo del tr\u00e1fico comercial.<\/p>\n<p>La directora general de Aerocas, Blanca Mar\u00edn, ha explicado que en los tres d\u00edas de feria se han programado encuentros con representantes de aerol\u00edneas, incluidas las que ya operan en el aeropuerto, &#8220;a fin de concretar la reactivaci\u00f3n de las rutas previstas antes de la pandemia, as\u00ed como de fomentar la apertura de nuevos destinos&#8221;.<\/p>\n<p>Por otra parte, la responsable del aeropuerto se ha reunido con representantes de aeropuertos con conexiones programadas con Castell\u00f3n, como los de Budapest y Katowice, &#8220;con los que hemos acordado la realizaci\u00f3n de acciones promocionales dirigidas a fomentar la utilizaci\u00f3n de las rutas en ambos sentidos, contribuyendo as\u00ed a su consolidaci\u00f3n&#8221;.<\/p>\n<p>Blanca Mar\u00edn ha subrayado la importancia de la presencia del aeropuerto de Castell\u00f3n en Connect, uno de los principales cert\u00e1menes de desarrollo de rutas de Europa, que re\u00fane a cerca de 600 profesionales del sector, incluyendo m\u00e1s 75 aerol\u00edneas y operadores tur\u00edsticos, adem\u00e1s 280 aeropuertos. &#8220;Supone un escaparate internacional de primer nivel en el que promocionar el aeropuerto de Castell\u00f3n y generar nuevas oportunidades de desarrollo&#8221;, ha se\u00f1alado.<\/p>\n<p>La directora general de Aerocas ha incidido en &#8220;el intenso trabajo&#8221; que se est\u00e1 realizando &#8220;para lograr la recuperaci\u00f3n del tr\u00e1fico comercial en este 2022 y volver a los registros previos a la crisis de la COVID-19&#8221;.<\/p>\n","protected":false},"excerpt":{"rendered":"<p>Programa reuniones con aerol\u00edneas a fin de abordar la reactivaci\u00f3n de los vuelos regulares y fomentar la apertura de nuevos destinos El aeropuerto de Castell\u00f3n participa en la feria de conectividad a\u00e9rea Connect Route Development Forum, que tiene lugar del 23 al 25 de febrero en Tampere (Finlandia), con el objetivo de promover el desarrollo &#8230; <\/p>\n<p class=\"read-more-container\"><a title=\"El aeropuerto de Castell\u00f3n participa en Connect con el objetivo de promover el desarrollo del tr\u00e1fico comercial\" class=\"read-more button\" href=\"https:\/\/aeroportcastello.com\/es\/el-aeropuerto-de-castellon-participa-en-connect-con-el-objetivo-de-promover-el-desarrollo-del-trafico-comercial\/#more-4310\" aria-label=\"Leer m\u00e1s sobre El aeropuerto de Castell\u00f3n participa en Connect con el objetivo de promover el desarrollo del tr\u00e1fico comercial\">Leer m\u00e1s<\/a><\/p>\n","protected":false},"author":1,"featured_media":4311,"comment_status":"open","ping_status":"open","sticky":false,"template":"","format":"standard","meta":{"footnotes":""},"categories":[1],"tags":[],"yoast_head":"<!-- This site is optimized with the Yoast SEO plugin v22.0 - https:\/\/yoast.com\/wordpress\/plugins\/seo\/ -->\n<title>El aeropuerto de Castell\u00f3n participa en Connect con el objetivo de promover el desarrollo del tr\u00e1fico comercial - Aeropuerto Castell\u00f3n<\/title>\n<meta name=\"robots\" content=\"index, follow, max-snippet:-1, max-image-preview:large, max-video-preview:-1\" \/>\n<link rel=\"canonical\" href=\"https:\/\/aeroportcastello.com\/es\/el-aeropuerto-de-castellon-participa-en-connect-con-el-objetivo-de-promover-el-desarrollo-del-trafico-comercial\/\" \/>\n<meta property=\"og:locale\" content=\"es_ES\" \/>\n<meta property=\"og:type\" content=\"article\" \/>\n<meta property=\"og:title\" content=\"El aeropuerto de Castell\u00f3n participa en Connect con el objetivo de promover el desarrollo del tr\u00e1fico comercial - Aeropuerto Castell\u00f3n\" \/>\n<meta property=\"og:description\" content=\"Programa reuniones con aerol\u00edneas a fin de abordar la reactivaci\u00f3n de los vuelos regulares y fomentar la apertura de nuevos destinos El aeropuerto de Castell\u00f3n participa en la feria de conectividad a\u00e9rea Connect Route Development Forum, que tiene lugar del 23 al 25 de febrero en Tampere (Finlandia), con el objetivo de promover el desarrollo ... Leer m\u00e1s\" \/>\n<meta property=\"og:url\" content=\"https:\/\/aeroportcastello.com\/es\/el-aeropuerto-de-castellon-participa-en-connect-con-el-objetivo-de-promover-el-desarrollo-del-trafico-comercial\/\" \/>\n<meta property=\"og:site_name\" content=\"Aeropuerto Castell\u00f3n\" \/>\n<meta property=\"article:published_time\" content=\"2022-02-25T08:17:34+00:00\" \/>\n<meta property=\"og:image\" content=\"https:\/\/aeroportcastello.com\/wp-content\/uploads\/2022\/02\/IMG_20220224_120922-scaled.jpg\" \/>\n\t<meta property=\"og:image:width\" content=\"2560\" \/>\n\t<meta property=\"og:image:height\" content=\"1723\" \/>\n\t<meta property=\"og:image:type\" content=\"image\/jpeg\" \/>\n<meta name=\"author\" content=\"admin\" \/>\n<meta name=\"twitter:card\" content=\"summary_large_image\" \/>\n<meta name=\"twitter:label1\" content=\"Escrito por\" \/>\n\t<meta name=\"twitter:data1\" content=\"admin\" \/>\n\t<meta name=\"twitter:label2\" content=\"Tiempo de lectura\" \/>\n\t<meta name=\"twitter:data2\" content=\"2 minutos\" \/>\n<script type=\"application\/ld+json\" class=\"yoast-schema-graph\">{\"@context\":\"https:\/\/schema.org\",\"@graph\":[{\"@type\":\"Article\",\"@id\":\"https:\/\/aeroportcastello.com\/es\/el-aeropuerto-de-castellon-participa-en-connect-con-el-objetivo-de-promover-el-desarrollo-del-trafico-comercial\/#article\",\"isPartOf\":{\"@id\":\"https:\/\/aeroportcastello.com\/es\/el-aeropuerto-de-castellon-participa-en-connect-con-el-objetivo-de-promover-el-desarrollo-del-trafico-comercial\/\"},\"author\":{\"name\":\"admin\",\"@id\":\"https:\/\/aeroportcastello.com\/es\/#\/schema\/person\/6ce30e1beabb48891a1227bcaf9c5afc\"},\"headline\":\"El aeropuerto de Castell\u00f3n participa en Connect con el objetivo de promover el desarrollo del tr\u00e1fico comercial\",\"datePublished\":\"2022-02-25T08:17:34+00:00\",\"dateModified\":\"2022-02-25T08:17:34+00:00\",\"mainEntityOfPage\":{\"@id\":\"https:\/\/aeroportcastello.com\/es\/el-aeropuerto-de-castellon-participa-en-connect-con-el-objetivo-de-promover-el-desarrollo-del-trafico-comercial\/\"},\"wordCount\":307,\"commentCount\":0,\"publisher\":{\"@id\":\"https:\/\/aeroportcastello.com\/es\/#organization\"},\"articleSection\":[\"Noticias Aeropuerto\"],\"inLanguage\":\"es\",\"potentialAction\":[{\"@type\":\"CommentAction\",\"name\":\"Comment\",\"target\":[\"https:\/\/aeroportcastello.com\/es\/el-aeropuerto-de-castellon-participa-en-connect-con-el-objetivo-de-promover-el-desarrollo-del-trafico-comercial\/#respond\"]}]},{\"@type\":\"WebPage\",\"@id\":\"https:\/\/aeroportcastello.com\/es\/el-aeropuerto-de-castellon-participa-en-connect-con-el-objetivo-de-promover-el-desarrollo-del-trafico-comercial\/\",\"url\":\"https:\/\/aeroportcastello.com\/es\/el-aeropuerto-de-castellon-participa-en-connect-con-el-objetivo-de-promover-el-desarrollo-del-trafico-comercial\/\",\"name\":\"El aeropuerto de Castell\u00f3n participa en Connect con el objetivo de promover el desarrollo del tr\u00e1fico comercial - Aeropuerto Castell\u00f3n\",\"isPartOf\":{\"@id\":\"https:\/\/aeroportcastello.com\/es\/#website\"},\"datePublished\":\"2022-02-25T08:17:34+00:00\",\"dateModified\":\"2022-02-25T08:17:34+00:00\",\"breadcrumb\":{\"@id\":\"https:\/\/aeroportcastello.com\/es\/el-aeropuerto-de-castellon-participa-en-connect-con-el-objetivo-de-promover-el-desarrollo-del-trafico-comercial\/#breadcrumb\"},\"inLanguage\":\"es\",\"potentialAction\":[{\"@type\":\"ReadAction\",\"target\":[\"https:\/\/aeroportcastello.com\/es\/el-aeropuerto-de-castellon-participa-en-connect-con-el-objetivo-de-promover-el-desarrollo-del-trafico-comercial\/\"]}]},{\"@type\":\"BreadcrumbList\",\"@id\":\"https:\/\/aeroportcastello.com\/es\/el-aeropuerto-de-castellon-participa-en-connect-con-el-objetivo-de-promover-el-desarrollo-del-trafico-comercial\/#breadcrumb\",\"itemListElement\":[{\"@type\":\"ListItem\",\"position\":1,\"name\":\"Pasajeros\",\"item\":\"https:\/\/aeroportcastello.com\/es\/\"},{\"@type\":\"ListItem\",\"position\":2,\"name\":\"El aeropuerto de Castell\u00f3n participa en Connect con el objetivo de promover el desarrollo del tr\u00e1fico comercial\"}]},{\"@type\":\"WebSite\",\"@id\":\"https:\/\/aeroportcastello.com\/es\/#website\",\"url\":\"https:\/\/aeroportcastello.com\/es\/\",\"name\":\"Aeropuerto Castell\u00f3n\",\"description\":\"Aeropuerto Castell\u00f3n\",\"publisher\":{\"@id\":\"https:\/\/aeroportcastello.com\/es\/#organization\"},\"potentialAction\":[{\"@type\":\"SearchAction\",\"target\":{\"@type\":\"EntryPoint\",\"urlTemplate\":\"https:\/\/aeroportcastello.com\/es\/?s={search_term_string}\"},\"query-input\":\"required name=search_term_string\"}],\"inLanguage\":\"es\"},{\"@type\":\"Organization\",\"@id\":\"https:\/\/aeroportcastello.com\/es\/#organization\",\"name\":\"Aeropuerto Castell\u00f3n\",\"url\":\"https:\/\/aeroportcastello.com\/es\/\",\"logo\":{\"@type\":\"ImageObject\",\"inLanguage\":\"es\",\"@id\":\"https:\/\/aeroportcastello.com\/es\/#\/schema\/logo\/image\/\",\"url\":\"https:\/\/aeroportcastello.com\/wp-content\/uploads\/2021\/05\/logo_aeroport_castello-1.svg\",\"contentUrl\":\"https:\/\/aeroportcastello.com\/wp-content\/uploads\/2021\/05\/logo_aeroport_castello-1.svg\",\"width\":482.8999999999999772626324556767940521240234375,\"height\":93.7000000000000028421709430404007434844970703125,\"caption\":\"Aeropuerto Castell\u00f3n\"},\"image\":{\"@id\":\"https:\/\/aeroportcastello.com\/es\/#\/schema\/logo\/image\/\"}},{\"@type\":\"Person\",\"@id\":\"https:\/\/aeroportcastello.com\/es\/#\/schema\/person\/6ce30e1beabb48891a1227bcaf9c5afc\",\"name\":\"admin\",\"image\":{\"@type\":\"ImageObject\",\"inLanguage\":\"es\",\"@id\":\"https:\/\/aeroportcastello.com\/es\/#\/schema\/person\/image\/\",\"url\":\"https:\/\/secure.gravatar.com\/avatar\/49a104bbc10efec0d78dc86b9d8c7ddc?s=96&d=mm&r=g\",\"contentUrl\":\"https:\/\/secure.gravatar.com\/avatar\/49a104bbc10efec0d78dc86b9d8c7ddc?s=96&d=mm&r=g\",\"caption\":\"admin\"},\"sameAs\":[\"https:\/\/aeroportcastello.com\"],\"url\":\"https:\/\/aeroportcastello.com\/es\/author\/adm-nunsys\/\"}]}<\/script>\n<!-- \/ Yoast SEO plugin. -->","yoast_head_json":{"title":"El aeropuerto de Castell\u00f3n participa en Connect con el objetivo de promover el desarrollo del tr\u00e1fico comercial - Aeropuerto Castell\u00f3n","robots":{"index":"index","follow":"follow","max-snippet":"max-snippet:-1","max-image-preview":"max-image-preview:large","max-video-preview":"max-video-preview:-1"},"canonical":"https:\/\/aeroportcastello.com\/es\/el-aeropuerto-de-castellon-participa-en-connect-con-el-objetivo-de-promover-el-desarrollo-del-trafico-comercial\/","og_locale":"es_ES","og_type":"article","og_title":"El aeropuerto de Castell\u00f3n participa en Connect con el objetivo de promover el desarrollo del tr\u00e1fico comercial - Aeropuerto Castell\u00f3n","og_description":"Programa reuniones con aerol\u00edneas a fin de abordar la reactivaci\u00f3n de los vuelos regulares y fomentar la apertura de nuevos destinos El aeropuerto de Castell\u00f3n participa en la feria de conectividad a\u00e9rea Connect Route Development Forum, que tiene lugar del 23 al 25 de febrero en Tampere (Finlandia), con el objetivo de promover el desarrollo ... Leer m\u00e1s","og_url":"https:\/\/aeroportcastello.com\/es\/el-aeropuerto-de-castellon-participa-en-connect-con-el-objetivo-de-promover-el-desarrollo-del-trafico-comercial\/","og_site_name":"Aeropuerto Castell\u00f3n","article_published_time":"2022-02-25T08:17:34+00:00","og_image":[{"width":2560,"height":1723,"url":"https:\/\/aeroportcastello.com\/wp-content\/uploads\/2022\/02\/IMG_20220224_120922-scaled.jpg","type":"image\/jpeg"}],"author":"admin","twitter_card":"summary_large_image","twitter_misc":{"Escrito por":"admin","Tiempo de lectura":"2 minutos"},"schema":{"@context":"https:\/\/schema.org","@graph":[{"@type":"Article","@id":"https:\/\/aeroportcastello.com\/es\/el-aeropuerto-de-castellon-participa-en-connect-con-el-objetivo-de-promover-el-desarrollo-del-trafico-comercial\/#article","isPartOf":{"@id":"https:\/\/aeroportcastello.com\/es\/el-aeropuerto-de-castellon-participa-en-connect-con-el-objetivo-de-promover-el-desarrollo-del-trafico-comercial\/"},"author":{"name":"admin","@id":"https:\/\/aeroportcastello.com\/es\/#\/schema\/person\/6ce30e1beabb48891a1227bcaf9c5afc"},"headline":"El aeropuerto de Castell\u00f3n participa en Connect con el objetivo de promover el desarrollo del tr\u00e1fico comercial","datePublished":"2022-02-25T08:17:34+00:00","dateModified":"2022-02-25T08:17:34+00:00","mainEntityOfPage":{"@id":"https:\/\/aeroportcastello.com\/es\/el-aeropuerto-de-castellon-participa-en-connect-con-el-objetivo-de-promover-el-desarrollo-del-trafico-comercial\/"},"wordCount":307,"commentCount":0,"publisher":{"@id":"https:\/\/aeroportcastello.com\/es\/#organization"},"articleSection":["Noticias Aeropuerto"],"inLanguage":"es","potentialAction":[{"@type":"CommentAction","name":"Comment","target":["https:\/\/aeroportcastello.com\/es\/el-aeropuerto-de-castellon-participa-en-connect-con-el-objetivo-de-promover-el-desarrollo-del-trafico-comercial\/#respond"]}]},{"@type":"WebPage","@id":"https:\/\/aeroportcastello.com\/es\/el-aeropuerto-de-castellon-participa-en-connect-con-el-objetivo-de-promover-el-desarrollo-del-trafico-comercial\/","url":"https:\/\/aeroportcastello.com\/es\/el-aeropuerto-de-castellon-participa-en-connect-con-el-objetivo-de-promover-el-desarrollo-del-trafico-comercial\/","name":"El aeropuerto de Castell\u00f3n participa en Connect con el objetivo de promover el desarrollo del tr\u00e1fico comercial - Aeropuerto Castell\u00f3n","isPartOf":{"@id":"https:\/\/aeroportcastello.com\/es\/#website"},"datePublished":"2022-02-25T08:17:34+00:00","dateModified":"2022-02-25T08:17:34+00:00","breadcrumb":{"@id":"https:\/\/aeroportcastello.com\/es\/el-aeropuerto-de-castellon-participa-en-connect-con-el-objetivo-de-promover-el-desarrollo-del-trafico-comercial\/#breadcrumb"},"inLanguage":"es","potentialAction":[{"@type":"ReadAction","target":["https:\/\/aeroportcastello.com\/es\/el-aeropuerto-de-castellon-participa-en-connect-con-el-objetivo-de-promover-el-desarrollo-del-trafico-comercial\/"]}]},{"@type":"BreadcrumbList","@id":"https:\/\/aeroportcastello.com\/es\/el-aeropuerto-de-castellon-participa-en-connect-con-el-objetivo-de-promover-el-desarrollo-del-trafico-comercial\/#breadcrumb","itemListElement":[{"@type":"ListItem","position":1,"name":"Pasajeros","item":"https:\/\/aeroportcastello.com\/es\/"},{"@type":"ListItem","position":2,"name":"El aeropuerto de Castell\u00f3n participa en Connect con el objetivo de promover el desarrollo del tr\u00e1fico comercial"}]},{"@type":"WebSite","@id":"https:\/\/aeroportcastello.com\/es\/#website","url":"https:\/\/aeroportcastello.com\/es\/","name":"Aeropuerto Castell\u00f3n","description":"Aeropuerto Castell\u00f3n","publisher":{"@id":"https:\/\/aeroportcastello.com\/es\/#organization"},"potentialAction":[{"@type":"SearchAction","target":{"@type":"EntryPoint","urlTemplate":"https:\/\/aeroportcastello.com\/es\/?s={search_term_string}"},"query-input":"required name=search_term_string"}],"inLanguage":"es"},{"@type":"Organization","@id":"https:\/\/aeroportcastello.com\/es\/#organization","name":"Aeropuerto Castell\u00f3n","url":"https:\/\/aeroportcastello.com\/es\/","logo":{"@type":"ImageObject","inLanguage":"es","@id":"https:\/\/aeroportcastello.com\/es\/#\/schema\/logo\/image\/","url":"https:\/\/aeroportcastello.com\/wp-content\/uploads\/2021\/05\/logo_aeroport_castello-1.svg","contentUrl":"https:\/\/aeroportcastello.com\/wp-content\/uploads\/2021\/05\/logo_aeroport_castello-1.svg","width":482.8999999999999772626324556767940521240234375,"height":93.7000000000000028421709430404007434844970703125,"caption":"Aeropuerto Castell\u00f3n"},"image":{"@id":"https:\/\/aeroportcastello.com\/es\/#\/schema\/logo\/image\/"}},{"@type":"Person","@id":"https:\/\/aeroportcastello.com\/es\/#\/schema\/person\/6ce30e1beabb48891a1227bcaf9c5afc","name":"admin","image":{"@type":"ImageObject","inLanguage":"es","@id":"https:\/\/aeroportcastello.com\/es\/#\/schema\/person\/image\/","url":"https:\/\/secure.gravatar.com\/avatar\/49a104bbc10efec0d78dc86b9d8c7ddc?s=96&d=mm&r=g","contentUrl":"https:\/\/secure.gravatar.com\/avatar\/49a104bbc10efec0d78dc86b9d8c7ddc?s=96&d=mm&r=g","caption":"admin"},"sameAs":["https:\/\/aeroportcastello.com"],"url":"https:\/\/aeroportcastello.com\/es\/author\/adm-nunsys\/"}]}},"_links":{"self":[{"href":"https:\/\/aeroportcastello.com\/es\/wp-json\/wp\/v2\/posts\/4310"}],"collection":[{"href":"https:\/\/aeroportcastello.com\/es\/wp-json\/wp\/v2\/posts"}],"about":[{"href":"https:\/\/aeroportcastello.com\/es\/wp-json\/wp\/v2\/types\/post"}],"author":[{"embeddable":true,"href":"https:\/\/aeroportcastello.com\/es\/wp-json\/wp\/v2\/users\/1"}],"replies":[{"embeddable":true,"href":"https:\/\/aeroportcastello.com\/es\/wp-json\/wp\/v2\/comments?post=4310"}],"version-history":[{"count":1,"href":"https:\/\/aeroportcastello.com\/es\/wp-json\/wp\/v2\/posts\/4310\/revisions"}],"predecessor-version":[{"id":4314,"href":"https:\/\/aeroportcastello.com\/es\/wp-json\/wp\/v2\/posts\/4310\/revisions\/4314"}],"wp:featuredmedia":[{"embeddable":true,"href":"https:\/\/aeroportcastello.com\/es\/wp-json\/wp\/v2\/media\/4311"}],"wp:attachment":[{"href":"https:\/\/aeroportcastello.com\/es\/wp-json\/wp\/v2\/media?parent=4310"}],"wp:term":[{"taxonomy":"category","embeddable":true,"href":"https:\/\/aeroportcastello.com\/es\/wp-json\/wp\/v2\/categories?post=4310"},{"taxonomy":"post_tag","embeddable":true,"href":"https:\/\/aeroportcastello.com\/es\/wp-json\/wp\/v2\/tags?post=4310"}],"curies":[{"name":"wp","href":"https:\/\/api.w.org\/{rel}","templated":true}]}}