{"id":3933,"date":"2021-11-29T11:28:47","date_gmt":"2021-11-29T10:28:47","guid":{"rendered":"https:\/\/aeroportcastello.com\/?p=3933"},"modified":"2022-01-10T13:44:20","modified_gmt":"2022-01-10T12:44:20","slug":"el-aeropuerto-de-castellon-organiza-un-press-trip-para-promocionar-en-andalucia-la-oferta-turistica-provincial-y-la-ruta-aerea-con-sevilla","status":"publish","type":"post","link":"https:\/\/aeroportcastello.com\/es\/el-aeropuerto-de-castellon-organiza-un-press-trip-para-promocionar-en-andalucia-la-oferta-turistica-provincial-y-la-ruta-aerea-con-sevilla\/","title":{"rendered":"El aeropuerto de Castell\u00f3n organiza un \u2018press trip\u2019 para promocionar en Andaluc\u00eda la oferta tur\u00edstica provincial y la ruta a\u00e9rea con Sevilla"},"content":{"rendered":"<p><strong>El objetivo es alentar la llegada de turistas andaluces en la pr\u00f3xima campa\u00f1a estival con la reactivaci\u00f3n de la conexi\u00f3n a\u00e9rea<\/strong><\/p>\n<p>El aeropuerto de Castell\u00f3n ha organizado un <em>press trip<\/em> en el que han participado periodistas especializados en turismo de viajes procedentes de Sevilla, C\u00e1diz, Jerez y Granada. El objetivo de la iniciativa ha sido promocionar en Andaluc\u00eda la oferta tur\u00edstica provincial y la conexi\u00f3n a\u00e9rea con Sevilla.<\/p>\n<p>La realizaci\u00f3n de este <em>press trip<\/em> se enmarca en el convenio de colaboraci\u00f3n suscrito entre la sociedad p\u00fablica Aerocas y la Diputaci\u00f3n de Castell\u00f3n para reforzar la promoci\u00f3n del destino tur\u00edstico de Castell\u00f3n en mercados emisores con conectividad a\u00e9rea.<\/p>\n<p>Los nueve participantes representan a publicaciones especializadas, prensa escrita y radio, adem\u00e1s de <em>bloggers<\/em> y <em>youtubers<\/em>. Todos ellos han visitado durante tres jornadas algunos de los principales enclaves tur\u00edsticos de la provincia y las instalaciones del aeropuerto para su difusi\u00f3n a trav\u00e9s de diferentes canales de comunicaci\u00f3n.<\/p>\n<p>La directora general de Aerocas, Blanca Mar\u00edn, ha destacado la importancia de reforzar en el mercado andaluz la promoci\u00f3n del destino Castell\u00f3n y del aeropuerto como puerta de entrada de cara a la reanudaci\u00f3n de la conexi\u00f3n con Sevilla en la campa\u00f1a de 2022.<\/p>\n<p>Al respecto, Blanca Mar\u00edn ha recordado que esta ruta, operada por la aerol\u00ednea Air Nostrum, operar\u00e1 el pr\u00f3ximo a\u00f1o durante 20 semanas, \u201cincrementando sustancialmente la oferta de vuelos del pasado verano\u201d, en que funcion\u00f3 durante seis semanas.<\/p>\n<p>La directora general de Aerocas ha recalcado el trabajo que est\u00e1 realizando el aeropuerto junto a la Turisme Comunitat Valenciana, la Diputaci\u00f3n de Castell\u00f3n y el empresariado tur\u00edstico para la consolidaci\u00f3n de la ruta con Sevilla.<\/p>\n","protected":false},"excerpt":{"rendered":"<p>El objetivo es alentar la llegada de turistas andaluces en la pr\u00f3xima campa\u00f1a estival con la reactivaci\u00f3n de la conexi\u00f3n a\u00e9rea El aeropuerto de Castell\u00f3n ha organizado un press trip en el que han participado periodistas especializados en turismo de viajes procedentes de Sevilla, C\u00e1diz, Jerez y Granada. El objetivo de la iniciativa ha sido &#8230; <\/p>\n<p class=\"read-more-container\"><a title=\"El aeropuerto de Castell\u00f3n organiza un \u2018press trip\u2019 para promocionar en Andaluc\u00eda la oferta tur\u00edstica provincial y la ruta a\u00e9rea con Sevilla\" class=\"read-more button\" href=\"https:\/\/aeroportcastello.com\/es\/el-aeropuerto-de-castellon-organiza-un-press-trip-para-promocionar-en-andalucia-la-oferta-turistica-provincial-y-la-ruta-aerea-con-sevilla\/#more-3933\" aria-label=\"Leer m\u00e1s sobre El aeropuerto de Castell\u00f3n organiza un \u2018press trip\u2019 para promocionar en Andaluc\u00eda la oferta tur\u00edstica provincial y la ruta a\u00e9rea con Sevilla\">Leer m\u00e1s<\/a><\/p>\n","protected":false},"author":1,"featured_media":3934,"comment_status":"closed","ping_status":"closed","sticky":false,"template":"","format":"standard","meta":{"footnotes":""},"categories":[1],"tags":[],"yoast_head":"<!-- This site is optimized with the Yoast SEO plugin v22.0 - https:\/\/yoast.com\/wordpress\/plugins\/seo\/ -->\n<title>El aeropuerto de Castell\u00f3n organiza un \u2018press trip\u2019 para promocionar en Andaluc\u00eda la oferta tur\u00edstica provincial y la ruta a\u00e9rea con Sevilla - Aeropuerto Castell\u00f3n<\/title>\n<meta name=\"robots\" content=\"index, follow, max-snippet:-1, max-image-preview:large, max-video-preview:-1\" \/>\n<link rel=\"canonical\" href=\"https:\/\/aeroportcastello.com\/es\/el-aeropuerto-de-castellon-organiza-un-press-trip-para-promocionar-en-andalucia-la-oferta-turistica-provincial-y-la-ruta-aerea-con-sevilla\/\" \/>\n<meta property=\"og:locale\" content=\"es_ES\" \/>\n<meta property=\"og:type\" content=\"article\" \/>\n<meta property=\"og:title\" content=\"El aeropuerto de Castell\u00f3n organiza un \u2018press trip\u2019 para promocionar en Andaluc\u00eda la oferta tur\u00edstica provincial y la ruta a\u00e9rea con Sevilla - Aeropuerto Castell\u00f3n\" \/>\n<meta property=\"og:description\" content=\"El objetivo es alentar la llegada de turistas andaluces en la pr\u00f3xima campa\u00f1a estival con la reactivaci\u00f3n de la conexi\u00f3n a\u00e9rea El aeropuerto de Castell\u00f3n ha organizado un press trip en el que han participado periodistas especializados en turismo de viajes procedentes de Sevilla, C\u00e1diz, Jerez y Granada. El objetivo de la iniciativa ha sido ... Leer m\u00e1s\" \/>\n<meta property=\"og:url\" content=\"https:\/\/aeroportcastello.com\/es\/el-aeropuerto-de-castellon-organiza-un-press-trip-para-promocionar-en-andalucia-la-oferta-turistica-provincial-y-la-ruta-aerea-con-sevilla\/\" \/>\n<meta property=\"og:site_name\" content=\"Aeropuerto Castell\u00f3n\" \/>\n<meta property=\"article:published_time\" content=\"2021-11-29T10:28:47+00:00\" \/>\n<meta property=\"article:modified_time\" content=\"2022-01-10T12:44:20+00:00\" \/>\n<meta property=\"og:image\" content=\"https:\/\/aeroportcastello.com\/wp-content\/uploads\/2021\/11\/IMG_20211124_121259-scaled.jpg\" \/>\n\t<meta property=\"og:image:width\" content=\"2560\" \/>\n\t<meta property=\"og:image:height\" content=\"1920\" \/>\n\t<meta property=\"og:image:type\" content=\"image\/jpeg\" \/>\n<meta name=\"author\" content=\"admin\" \/>\n<meta name=\"twitter:card\" content=\"summary_large_image\" \/>\n<meta name=\"twitter:label1\" content=\"Escrito por\" \/>\n\t<meta name=\"twitter:data1\" content=\"admin\" \/>\n\t<meta name=\"twitter:label2\" content=\"Tiempo de lectura\" \/>\n\t<meta name=\"twitter:data2\" content=\"2 minutos\" \/>\n<script type=\"application\/ld+json\" class=\"yoast-schema-graph\">{\"@context\":\"https:\/\/schema.org\",\"@graph\":[{\"@type\":\"Article\",\"@id\":\"https:\/\/aeroportcastello.com\/es\/el-aeropuerto-de-castellon-organiza-un-press-trip-para-promocionar-en-andalucia-la-oferta-turistica-provincial-y-la-ruta-aerea-con-sevilla\/#article\",\"isPartOf\":{\"@id\":\"https:\/\/aeroportcastello.com\/es\/el-aeropuerto-de-castellon-organiza-un-press-trip-para-promocionar-en-andalucia-la-oferta-turistica-provincial-y-la-ruta-aerea-con-sevilla\/\"},\"author\":{\"name\":\"admin\",\"@id\":\"https:\/\/aeroportcastello.com\/es\/#\/schema\/person\/6ce30e1beabb48891a1227bcaf9c5afc\"},\"headline\":\"El aeropuerto de Castell\u00f3n organiza un \u2018press trip\u2019 para promocionar en Andaluc\u00eda la oferta tur\u00edstica provincial y la ruta a\u00e9rea con Sevilla\",\"datePublished\":\"2021-11-29T10:28:47+00:00\",\"dateModified\":\"2022-01-10T12:44:20+00:00\",\"mainEntityOfPage\":{\"@id\":\"https:\/\/aeroportcastello.com\/es\/el-aeropuerto-de-castellon-organiza-un-press-trip-para-promocionar-en-andalucia-la-oferta-turistica-provincial-y-la-ruta-aerea-con-sevilla\/\"},\"wordCount\":334,\"publisher\":{\"@id\":\"https:\/\/aeroportcastello.com\/es\/#organization\"},\"articleSection\":[\"Noticias Aeropuerto\"],\"inLanguage\":\"es\"},{\"@type\":\"WebPage\",\"@id\":\"https:\/\/aeroportcastello.com\/es\/el-aeropuerto-de-castellon-organiza-un-press-trip-para-promocionar-en-andalucia-la-oferta-turistica-provincial-y-la-ruta-aerea-con-sevilla\/\",\"url\":\"https:\/\/aeroportcastello.com\/es\/el-aeropuerto-de-castellon-organiza-un-press-trip-para-promocionar-en-andalucia-la-oferta-turistica-provincial-y-la-ruta-aerea-con-sevilla\/\",\"name\":\"El aeropuerto de Castell\u00f3n organiza un \u2018press trip\u2019 para promocionar en Andaluc\u00eda la oferta tur\u00edstica provincial y la ruta a\u00e9rea con Sevilla - Aeropuerto Castell\u00f3n\",\"isPartOf\":{\"@id\":\"https:\/\/aeroportcastello.com\/es\/#website\"},\"datePublished\":\"2021-11-29T10:28:47+00:00\",\"dateModified\":\"2022-01-10T12:44:20+00:00\",\"breadcrumb\":{\"@id\":\"https:\/\/aeroportcastello.com\/es\/el-aeropuerto-de-castellon-organiza-un-press-trip-para-promocionar-en-andalucia-la-oferta-turistica-provincial-y-la-ruta-aerea-con-sevilla\/#breadcrumb\"},\"inLanguage\":\"es\",\"potentialAction\":[{\"@type\":\"ReadAction\",\"target\":[\"https:\/\/aeroportcastello.com\/es\/el-aeropuerto-de-castellon-organiza-un-press-trip-para-promocionar-en-andalucia-la-oferta-turistica-provincial-y-la-ruta-aerea-con-sevilla\/\"]}]},{\"@type\":\"BreadcrumbList\",\"@id\":\"https:\/\/aeroportcastello.com\/es\/el-aeropuerto-de-castellon-organiza-un-press-trip-para-promocionar-en-andalucia-la-oferta-turistica-provincial-y-la-ruta-aerea-con-sevilla\/#breadcrumb\",\"itemListElement\":[{\"@type\":\"ListItem\",\"position\":1,\"name\":\"Pasajeros\",\"item\":\"https:\/\/aeroportcastello.com\/es\/\"},{\"@type\":\"ListItem\",\"position\":2,\"name\":\"El aeropuerto de Castell\u00f3n organiza un \u2018press trip\u2019 para promocionar en Andaluc\u00eda la oferta tur\u00edstica provincial y la ruta a\u00e9rea con Sevilla\"}]},{\"@type\":\"WebSite\",\"@id\":\"https:\/\/aeroportcastello.com\/es\/#website\",\"url\":\"https:\/\/aeroportcastello.com\/es\/\",\"name\":\"Aeropuerto Castell\u00f3n\",\"description\":\"Aeropuerto Castell\u00f3n\",\"publisher\":{\"@id\":\"https:\/\/aeroportcastello.com\/es\/#organization\"},\"potentialAction\":[{\"@type\":\"SearchAction\",\"target\":{\"@type\":\"EntryPoint\",\"urlTemplate\":\"https:\/\/aeroportcastello.com\/es\/?s={search_term_string}\"},\"query-input\":\"required name=search_term_string\"}],\"inLanguage\":\"es\"},{\"@type\":\"Organization\",\"@id\":\"https:\/\/aeroportcastello.com\/es\/#organization\",\"name\":\"Aeropuerto Castell\u00f3n\",\"url\":\"https:\/\/aeroportcastello.com\/es\/\",\"logo\":{\"@type\":\"ImageObject\",\"inLanguage\":\"es\",\"@id\":\"https:\/\/aeroportcastello.com\/es\/#\/schema\/logo\/image\/\",\"url\":\"https:\/\/aeroportcastello.com\/wp-content\/uploads\/2021\/05\/logo_aeroport_castello-1.svg\",\"contentUrl\":\"https:\/\/aeroportcastello.com\/wp-content\/uploads\/2021\/05\/logo_aeroport_castello-1.svg\",\"width\":482.8999999999999772626324556767940521240234375,\"height\":93.7000000000000028421709430404007434844970703125,\"caption\":\"Aeropuerto Castell\u00f3n\"},\"image\":{\"@id\":\"https:\/\/aeroportcastello.com\/es\/#\/schema\/logo\/image\/\"}},{\"@type\":\"Person\",\"@id\":\"https:\/\/aeroportcastello.com\/es\/#\/schema\/person\/6ce30e1beabb48891a1227bcaf9c5afc\",\"name\":\"admin\",\"image\":{\"@type\":\"ImageObject\",\"inLanguage\":\"es\",\"@id\":\"https:\/\/aeroportcastello.com\/es\/#\/schema\/person\/image\/\",\"url\":\"https:\/\/secure.gravatar.com\/avatar\/49a104bbc10efec0d78dc86b9d8c7ddc?s=96&d=mm&r=g\",\"contentUrl\":\"https:\/\/secure.gravatar.com\/avatar\/49a104bbc10efec0d78dc86b9d8c7ddc?s=96&d=mm&r=g\",\"caption\":\"admin\"},\"sameAs\":[\"https:\/\/aeroportcastello.com\"],\"url\":\"https:\/\/aeroportcastello.com\/es\/author\/adm-nunsys\/\"}]}<\/script>\n<!-- \/ Yoast SEO plugin. -->","yoast_head_json":{"title":"El aeropuerto de Castell\u00f3n organiza un \u2018press trip\u2019 para promocionar en Andaluc\u00eda la oferta tur\u00edstica provincial y la ruta a\u00e9rea con Sevilla - Aeropuerto Castell\u00f3n","robots":{"index":"index","follow":"follow","max-snippet":"max-snippet:-1","max-image-preview":"max-image-preview:large","max-video-preview":"max-video-preview:-1"},"canonical":"https:\/\/aeroportcastello.com\/es\/el-aeropuerto-de-castellon-organiza-un-press-trip-para-promocionar-en-andalucia-la-oferta-turistica-provincial-y-la-ruta-aerea-con-sevilla\/","og_locale":"es_ES","og_type":"article","og_title":"El aeropuerto de Castell\u00f3n organiza un \u2018press trip\u2019 para promocionar en Andaluc\u00eda la oferta tur\u00edstica provincial y la ruta a\u00e9rea con Sevilla - Aeropuerto Castell\u00f3n","og_description":"El objetivo es alentar la llegada de turistas andaluces en la pr\u00f3xima campa\u00f1a estival con la reactivaci\u00f3n de la conexi\u00f3n a\u00e9rea El aeropuerto de Castell\u00f3n ha organizado un press trip en el que han participado periodistas especializados en turismo de viajes procedentes de Sevilla, C\u00e1diz, Jerez y Granada. El objetivo de la iniciativa ha sido ... Leer m\u00e1s","og_url":"https:\/\/aeroportcastello.com\/es\/el-aeropuerto-de-castellon-organiza-un-press-trip-para-promocionar-en-andalucia-la-oferta-turistica-provincial-y-la-ruta-aerea-con-sevilla\/","og_site_name":"Aeropuerto Castell\u00f3n","article_published_time":"2021-11-29T10:28:47+00:00","article_modified_time":"2022-01-10T12:44:20+00:00","og_image":[{"width":2560,"height":1920,"url":"https:\/\/aeroportcastello.com\/wp-content\/uploads\/2021\/11\/IMG_20211124_121259-scaled.jpg","type":"image\/jpeg"}],"author":"admin","twitter_card":"summary_large_image","twitter_misc":{"Escrito por":"admin","Tiempo de lectura":"2 minutos"},"schema":{"@context":"https:\/\/schema.org","@graph":[{"@type":"Article","@id":"https:\/\/aeroportcastello.com\/es\/el-aeropuerto-de-castellon-organiza-un-press-trip-para-promocionar-en-andalucia-la-oferta-turistica-provincial-y-la-ruta-aerea-con-sevilla\/#article","isPartOf":{"@id":"https:\/\/aeroportcastello.com\/es\/el-aeropuerto-de-castellon-organiza-un-press-trip-para-promocionar-en-andalucia-la-oferta-turistica-provincial-y-la-ruta-aerea-con-sevilla\/"},"author":{"name":"admin","@id":"https:\/\/aeroportcastello.com\/es\/#\/schema\/person\/6ce30e1beabb48891a1227bcaf9c5afc"},"headline":"El aeropuerto de Castell\u00f3n organiza un \u2018press trip\u2019 para promocionar en Andaluc\u00eda la oferta tur\u00edstica provincial y la ruta a\u00e9rea con Sevilla","datePublished":"2021-11-29T10:28:47+00:00","dateModified":"2022-01-10T12:44:20+00:00","mainEntityOfPage":{"@id":"https:\/\/aeroportcastello.com\/es\/el-aeropuerto-de-castellon-organiza-un-press-trip-para-promocionar-en-andalucia-la-oferta-turistica-provincial-y-la-ruta-aerea-con-sevilla\/"},"wordCount":334,"publisher":{"@id":"https:\/\/aeroportcastello.com\/es\/#organization"},"articleSection":["Noticias Aeropuerto"],"inLanguage":"es"},{"@type":"WebPage","@id":"https:\/\/aeroportcastello.com\/es\/el-aeropuerto-de-castellon-organiza-un-press-trip-para-promocionar-en-andalucia-la-oferta-turistica-provincial-y-la-ruta-aerea-con-sevilla\/","url":"https:\/\/aeroportcastello.com\/es\/el-aeropuerto-de-castellon-organiza-un-press-trip-para-promocionar-en-andalucia-la-oferta-turistica-provincial-y-la-ruta-aerea-con-sevilla\/","name":"El aeropuerto de Castell\u00f3n organiza un \u2018press trip\u2019 para promocionar en Andaluc\u00eda la oferta tur\u00edstica provincial y la ruta a\u00e9rea con Sevilla - Aeropuerto Castell\u00f3n","isPartOf":{"@id":"https:\/\/aeroportcastello.com\/es\/#website"},"datePublished":"2021-11-29T10:28:47+00:00","dateModified":"2022-01-10T12:44:20+00:00","breadcrumb":{"@id":"https:\/\/aeroportcastello.com\/es\/el-aeropuerto-de-castellon-organiza-un-press-trip-para-promocionar-en-andalucia-la-oferta-turistica-provincial-y-la-ruta-aerea-con-sevilla\/#breadcrumb"},"inLanguage":"es","potentialAction":[{"@type":"ReadAction","target":["https:\/\/aeroportcastello.com\/es\/el-aeropuerto-de-castellon-organiza-un-press-trip-para-promocionar-en-andalucia-la-oferta-turistica-provincial-y-la-ruta-aerea-con-sevilla\/"]}]},{"@type":"BreadcrumbList","@id":"https:\/\/aeroportcastello.com\/es\/el-aeropuerto-de-castellon-organiza-un-press-trip-para-promocionar-en-andalucia-la-oferta-turistica-provincial-y-la-ruta-aerea-con-sevilla\/#breadcrumb","itemListElement":[{"@type":"ListItem","position":1,"name":"Pasajeros","item":"https:\/\/aeroportcastello.com\/es\/"},{"@type":"ListItem","position":2,"name":"El aeropuerto de Castell\u00f3n organiza un \u2018press trip\u2019 para promocionar en Andaluc\u00eda la oferta tur\u00edstica provincial y la ruta a\u00e9rea con Sevilla"}]},{"@type":"WebSite","@id":"https:\/\/aeroportcastello.com\/es\/#website","url":"https:\/\/aeroportcastello.com\/es\/","name":"Aeropuerto Castell\u00f3n","description":"Aeropuerto Castell\u00f3n","publisher":{"@id":"https:\/\/aeroportcastello.com\/es\/#organization"},"potentialAction":[{"@type":"SearchAction","target":{"@type":"EntryPoint","urlTemplate":"https:\/\/aeroportcastello.com\/es\/?s={search_term_string}"},"query-input":"required name=search_term_string"}],"inLanguage":"es"},{"@type":"Organization","@id":"https:\/\/aeroportcastello.com\/es\/#organization","name":"Aeropuerto Castell\u00f3n","url":"https:\/\/aeroportcastello.com\/es\/","logo":{"@type":"ImageObject","inLanguage":"es","@id":"https:\/\/aeroportcastello.com\/es\/#\/schema\/logo\/image\/","url":"https:\/\/aeroportcastello.com\/wp-content\/uploads\/2021\/05\/logo_aeroport_castello-1.svg","contentUrl":"https:\/\/aeroportcastello.com\/wp-content\/uploads\/2021\/05\/logo_aeroport_castello-1.svg","width":482.8999999999999772626324556767940521240234375,"height":93.7000000000000028421709430404007434844970703125,"caption":"Aeropuerto Castell\u00f3n"},"image":{"@id":"https:\/\/aeroportcastello.com\/es\/#\/schema\/logo\/image\/"}},{"@type":"Person","@id":"https:\/\/aeroportcastello.com\/es\/#\/schema\/person\/6ce30e1beabb48891a1227bcaf9c5afc","name":"admin","image":{"@type":"ImageObject","inLanguage":"es","@id":"https:\/\/aeroportcastello.com\/es\/#\/schema\/person\/image\/","url":"https:\/\/secure.gravatar.com\/avatar\/49a104bbc10efec0d78dc86b9d8c7ddc?s=96&d=mm&r=g","contentUrl":"https:\/\/secure.gravatar.com\/avatar\/49a104bbc10efec0d78dc86b9d8c7ddc?s=96&d=mm&r=g","caption":"admin"},"sameAs":["https:\/\/aeroportcastello.com"],"url":"https:\/\/aeroportcastello.com\/es\/author\/adm-nunsys\/"}]}},"_links":{"self":[{"href":"https:\/\/aeroportcastello.com\/es\/wp-json\/wp\/v2\/posts\/3933"}],"collection":[{"href":"https:\/\/aeroportcastello.com\/es\/wp-json\/wp\/v2\/posts"}],"about":[{"href":"https:\/\/aeroportcastello.com\/es\/wp-json\/wp\/v2\/types\/post"}],"author":[{"embeddable":true,"href":"https:\/\/aeroportcastello.com\/es\/wp-json\/wp\/v2\/users\/1"}],"replies":[{"embeddable":true,"href":"https:\/\/aeroportcastello.com\/es\/wp-json\/wp\/v2\/comments?post=3933"}],"version-history":[{"count":1,"href":"https:\/\/aeroportcastello.com\/es\/wp-json\/wp\/v2\/posts\/3933\/revisions"}],"predecessor-version":[{"id":3937,"href":"https:\/\/aeroportcastello.com\/es\/wp-json\/wp\/v2\/posts\/3933\/revisions\/3937"}],"wp:featuredmedia":[{"embeddable":true,"href":"https:\/\/aeroportcastello.com\/es\/wp-json\/wp\/v2\/media\/3934"}],"wp:attachment":[{"href":"https:\/\/aeroportcastello.com\/es\/wp-json\/wp\/v2\/media?parent=3933"}],"wp:term":[{"taxonomy":"category","embeddable":true,"href":"https:\/\/aeroportcastello.com\/es\/wp-json\/wp\/v2\/categories?post=3933"},{"taxonomy":"post_tag","embeddable":true,"href":"https:\/\/aeroportcastello.com\/es\/wp-json\/wp\/v2\/tags?post=3933"}],"curies":[{"name":"wp","href":"https:\/\/api.w.org\/{rel}","templated":true}]}}