{"id":283,"date":"2021-03-19T13:49:58","date_gmt":"2021-03-19T12:49:58","guid":{"rendered":"https:\/\/aeroportcastello.com\/?p=283"},"modified":"2021-07-13T09:56:52","modified_gmt":"2021-07-13T07:56:52","slug":"el-aeropuerto-amplia-su-capacidad-de-acogida-de-aviones-tras-activar-nuevas-zonas-de-expansion","status":"publish","type":"post","link":"https:\/\/aeroportcastello.com\/es\/el-aeropuerto-amplia-su-capacidad-de-acogida-de-aviones-tras-activar-nuevas-zonas-de-expansion\/","title":{"rendered":"El aeropuerto ampl\u00eda su capacidad de acogida de aviones tras activar nuevas zonas de expansi\u00f3n"},"content":{"rendered":"<p>El aeropuerto de Castell\u00f3n ha ampliado su capacidad de acogida de aviones con la puesta en servicio de las nuevas \u00e1reas dedicadas al estacionamiento y mantenimiento de aeronaves.<\/p>\n<p>Por una parte, ya est\u00e1 en uso la zona de aparcamiento impulsada por la empresa e-Cube Solutions, que abarca\u00a0una superficie de 21.550 metros cuadrados.<\/p>\n<p>Por otra parte, las obras de\u00a0construcci\u00f3n de la nueva plataforma industrial y de prolongaci\u00f3n de la calle de rodaje, en fase de ejecuci\u00f3n, han permitido habilitar espacio para destinarlo temporalmente al estacionamiento y mantenimiento de aviones.<\/p>\n<p>Estas dos actuaciones han supuesto que el aeropuerto haya incrementado en un 25 % su capacidad de acogida de aviones. En la actualidad, la instalaci\u00f3n alberga una cuarentena de aeronaves, de diferentes modelos y dimensiones, y tiene margen para recibir una decena m\u00e1s, hasta un m\u00e1ximo de 50.<\/p>\n<p>El aforo se ver\u00e1 de nuevo ampliado a partir de mayo, una vez se complete el proyecto de la plataforma industrial y de la calle de rodaje, que posibilitar\u00e1 que el aeropuerto pueda acoger hasta 71 aviones. Todo ello garantizando el desarrollo de la actividad comercial y el relanzamiento de los vuelos regulares, previsto a partir de finales de abril.<\/p>\n<p>La directora general de Aerocas, Blanca Mar\u00edn, ha explicado que la activaci\u00f3n de las nuevas zonas \u201cpermite que sigamos avanzando, de la mano de la iniciativa privada, en la estrategia de diversificaci\u00f3n del aeropuerto, generando actividad, inversi\u00f3n y empleo\u201d<\/p>\n<p>Blanca Mar\u00edn ha destacado la versatilidad que ha mostrado el aeropuerto desde el inicio de la pandemia del coronavirus para adaptarse a las circunstancias y a las necesidades del sector de la aviaci\u00f3n.<\/p>\n<p>En primer lugar, se realiz\u00f3 un trabajo de optimizaci\u00f3n de los espacios disponibles para poder acoger aviones que han quedado temporalmente inactivos como consecuencia de la ca\u00edda del tr\u00e1fico a\u00e9reo.<\/p>\n<p>Posteriormente, se ha reorientado el uso de las \u00e1reas de expansi\u00f3n para atender nuevas demandas de superficie. Prueba de ello es el aprovechamiento que se est\u00e1 realizando de las obras de la plataforma industrial y de la calle de rodaje. Se trata de un proyecto concebido para favorecer el desarrollo de las empresas aeron\u00e1uticas, adem\u00e1s de agilizar el uso del campo de vuelo. De manera coyuntural, esta actuaci\u00f3n se dedica a actividades de estacionamiento y mantenimiento asociadas a la actual coyuntura de pandemia.<\/p>\n","protected":false},"excerpt":{"rendered":"<p>El aeropuerto de Castell\u00f3n ha ampliado su capacidad de acogida de aviones con la puesta en servicio de las nuevas \u00e1reas dedicadas al estacionamiento y mantenimiento de aeronaves. Por una parte, ya est\u00e1 en uso la zona de aparcamiento impulsada por la empresa e-Cube Solutions, que abarca\u00a0una superficie de 21.550 metros cuadrados. Por otra parte, &#8230; <\/p>\n<p class=\"read-more-container\"><a title=\"El aeropuerto ampl\u00eda su capacidad de acogida de aviones tras activar nuevas zonas de expansi\u00f3n\" class=\"read-more button\" href=\"https:\/\/aeroportcastello.com\/es\/el-aeropuerto-amplia-su-capacidad-de-acogida-de-aviones-tras-activar-nuevas-zonas-de-expansion\/#more-283\" aria-label=\"Leer m\u00e1s sobre El aeropuerto ampl\u00eda su capacidad de acogida de aviones tras activar nuevas zonas de expansi\u00f3n\">Leer m\u00e1s<\/a><\/p>\n","protected":false},"author":1,"featured_media":301,"comment_status":"closed","ping_status":"closed","sticky":false,"template":"","format":"standard","meta":{"footnotes":""},"categories":[1],"tags":[],"yoast_head":"<!-- This site is optimized with the Yoast SEO plugin v22.0 - https:\/\/yoast.com\/wordpress\/plugins\/seo\/ -->\n<title>El aeropuerto ampl\u00eda su capacidad de acogida de aviones tras activar nuevas zonas de expansi\u00f3n - Aeropuerto Castell\u00f3n<\/title>\n<meta name=\"robots\" content=\"index, follow, max-snippet:-1, max-image-preview:large, max-video-preview:-1\" \/>\n<link rel=\"canonical\" href=\"https:\/\/aeroportcastello.com\/es\/el-aeropuerto-amplia-su-capacidad-de-acogida-de-aviones-tras-activar-nuevas-zonas-de-expansion\/\" \/>\n<meta property=\"og:locale\" content=\"es_ES\" \/>\n<meta property=\"og:type\" content=\"article\" \/>\n<meta property=\"og:title\" content=\"El aeropuerto ampl\u00eda su capacidad de acogida de aviones tras activar nuevas zonas de expansi\u00f3n - Aeropuerto Castell\u00f3n\" \/>\n<meta property=\"og:description\" content=\"El aeropuerto de Castell\u00f3n ha ampliado su capacidad de acogida de aviones con la puesta en servicio de las nuevas \u00e1reas dedicadas al estacionamiento y mantenimiento de aeronaves. Por una parte, ya est\u00e1 en uso la zona de aparcamiento impulsada por la empresa e-Cube Solutions, que abarca\u00a0una superficie de 21.550 metros cuadrados. Por otra parte, ... Leer m\u00e1s\" \/>\n<meta property=\"og:url\" content=\"https:\/\/aeroportcastello.com\/es\/el-aeropuerto-amplia-su-capacidad-de-acogida-de-aviones-tras-activar-nuevas-zonas-de-expansion\/\" \/>\n<meta property=\"og:site_name\" content=\"Aeropuerto Castell\u00f3n\" \/>\n<meta property=\"article:published_time\" content=\"2021-03-19T12:49:58+00:00\" \/>\n<meta property=\"article:modified_time\" content=\"2021-07-13T07:56:52+00:00\" \/>\n<meta property=\"og:image\" content=\"https:\/\/aeroportcastello.com\/wp-content\/uploads\/2021\/04\/eropuerto.castellon.jpg\" \/>\n\t<meta property=\"og:image:width\" content=\"826\" \/>\n\t<meta property=\"og:image:height\" content=\"400\" \/>\n\t<meta property=\"og:image:type\" content=\"image\/jpeg\" \/>\n<meta name=\"author\" content=\"admin\" \/>\n<meta name=\"twitter:card\" content=\"summary_large_image\" \/>\n<meta name=\"twitter:label1\" content=\"Escrito por\" \/>\n\t<meta name=\"twitter:data1\" content=\"admin\" \/>\n\t<meta name=\"twitter:label2\" content=\"Tiempo de lectura\" \/>\n\t<meta name=\"twitter:data2\" content=\"2 minutos\" \/>\n<script type=\"application\/ld+json\" class=\"yoast-schema-graph\">{\"@context\":\"https:\/\/schema.org\",\"@graph\":[{\"@type\":\"Article\",\"@id\":\"https:\/\/aeroportcastello.com\/es\/el-aeropuerto-amplia-su-capacidad-de-acogida-de-aviones-tras-activar-nuevas-zonas-de-expansion\/#article\",\"isPartOf\":{\"@id\":\"https:\/\/aeroportcastello.com\/es\/el-aeropuerto-amplia-su-capacidad-de-acogida-de-aviones-tras-activar-nuevas-zonas-de-expansion\/\"},\"author\":{\"name\":\"admin\",\"@id\":\"https:\/\/aeroportcastello.com\/es\/#\/schema\/person\/6ce30e1beabb48891a1227bcaf9c5afc\"},\"headline\":\"El aeropuerto ampl\u00eda su capacidad de acogida de aviones tras activar nuevas zonas de expansi\u00f3n\",\"datePublished\":\"2021-03-19T12:49:58+00:00\",\"dateModified\":\"2021-07-13T07:56:52+00:00\",\"mainEntityOfPage\":{\"@id\":\"https:\/\/aeroportcastello.com\/es\/el-aeropuerto-amplia-su-capacidad-de-acogida-de-aviones-tras-activar-nuevas-zonas-de-expansion\/\"},\"wordCount\":416,\"publisher\":{\"@id\":\"https:\/\/aeroportcastello.com\/es\/#organization\"},\"articleSection\":[\"Noticias Aeropuerto\"],\"inLanguage\":\"es\"},{\"@type\":\"WebPage\",\"@id\":\"https:\/\/aeroportcastello.com\/es\/el-aeropuerto-amplia-su-capacidad-de-acogida-de-aviones-tras-activar-nuevas-zonas-de-expansion\/\",\"url\":\"https:\/\/aeroportcastello.com\/es\/el-aeropuerto-amplia-su-capacidad-de-acogida-de-aviones-tras-activar-nuevas-zonas-de-expansion\/\",\"name\":\"El aeropuerto ampl\u00eda su capacidad de acogida de aviones tras activar nuevas zonas de expansi\u00f3n - Aeropuerto Castell\u00f3n\",\"isPartOf\":{\"@id\":\"https:\/\/aeroportcastello.com\/es\/#website\"},\"datePublished\":\"2021-03-19T12:49:58+00:00\",\"dateModified\":\"2021-07-13T07:56:52+00:00\",\"breadcrumb\":{\"@id\":\"https:\/\/aeroportcastello.com\/es\/el-aeropuerto-amplia-su-capacidad-de-acogida-de-aviones-tras-activar-nuevas-zonas-de-expansion\/#breadcrumb\"},\"inLanguage\":\"es\",\"potentialAction\":[{\"@type\":\"ReadAction\",\"target\":[\"https:\/\/aeroportcastello.com\/es\/el-aeropuerto-amplia-su-capacidad-de-acogida-de-aviones-tras-activar-nuevas-zonas-de-expansion\/\"]}]},{\"@type\":\"BreadcrumbList\",\"@id\":\"https:\/\/aeroportcastello.com\/es\/el-aeropuerto-amplia-su-capacidad-de-acogida-de-aviones-tras-activar-nuevas-zonas-de-expansion\/#breadcrumb\",\"itemListElement\":[{\"@type\":\"ListItem\",\"position\":1,\"name\":\"Pasajeros\",\"item\":\"https:\/\/aeroportcastello.com\/es\/\"},{\"@type\":\"ListItem\",\"position\":2,\"name\":\"El aeropuerto ampl\u00eda su capacidad de acogida de aviones tras activar nuevas zonas de expansi\u00f3n\"}]},{\"@type\":\"WebSite\",\"@id\":\"https:\/\/aeroportcastello.com\/es\/#website\",\"url\":\"https:\/\/aeroportcastello.com\/es\/\",\"name\":\"Aeropuerto Castell\u00f3n\",\"description\":\"Aeropuerto Castell\u00f3n\",\"publisher\":{\"@id\":\"https:\/\/aeroportcastello.com\/es\/#organization\"},\"potentialAction\":[{\"@type\":\"SearchAction\",\"target\":{\"@type\":\"EntryPoint\",\"urlTemplate\":\"https:\/\/aeroportcastello.com\/es\/?s={search_term_string}\"},\"query-input\":\"required name=search_term_string\"}],\"inLanguage\":\"es\"},{\"@type\":\"Organization\",\"@id\":\"https:\/\/aeroportcastello.com\/es\/#organization\",\"name\":\"Aeropuerto Castell\u00f3n\",\"url\":\"https:\/\/aeroportcastello.com\/es\/\",\"logo\":{\"@type\":\"ImageObject\",\"inLanguage\":\"es\",\"@id\":\"https:\/\/aeroportcastello.com\/es\/#\/schema\/logo\/image\/\",\"url\":\"https:\/\/aeroportcastello.com\/wp-content\/uploads\/2021\/05\/logo_aeroport_castello-1.svg\",\"contentUrl\":\"https:\/\/aeroportcastello.com\/wp-content\/uploads\/2021\/05\/logo_aeroport_castello-1.svg\",\"width\":482.8999999999999772626324556767940521240234375,\"height\":93.7000000000000028421709430404007434844970703125,\"caption\":\"Aeropuerto Castell\u00f3n\"},\"image\":{\"@id\":\"https:\/\/aeroportcastello.com\/es\/#\/schema\/logo\/image\/\"}},{\"@type\":\"Person\",\"@id\":\"https:\/\/aeroportcastello.com\/es\/#\/schema\/person\/6ce30e1beabb48891a1227bcaf9c5afc\",\"name\":\"admin\",\"image\":{\"@type\":\"ImageObject\",\"inLanguage\":\"es\",\"@id\":\"https:\/\/aeroportcastello.com\/es\/#\/schema\/person\/image\/\",\"url\":\"https:\/\/secure.gravatar.com\/avatar\/49a104bbc10efec0d78dc86b9d8c7ddc?s=96&d=mm&r=g\",\"contentUrl\":\"https:\/\/secure.gravatar.com\/avatar\/49a104bbc10efec0d78dc86b9d8c7ddc?s=96&d=mm&r=g\",\"caption\":\"admin\"},\"sameAs\":[\"https:\/\/aeroportcastello.com\"],\"url\":\"https:\/\/aeroportcastello.com\/es\/author\/adm-nunsys\/\"}]}<\/script>\n<!-- \/ Yoast SEO plugin. -->","yoast_head_json":{"title":"El aeropuerto ampl\u00eda su capacidad de acogida de aviones tras activar nuevas zonas de expansi\u00f3n - Aeropuerto Castell\u00f3n","robots":{"index":"index","follow":"follow","max-snippet":"max-snippet:-1","max-image-preview":"max-image-preview:large","max-video-preview":"max-video-preview:-1"},"canonical":"https:\/\/aeroportcastello.com\/es\/el-aeropuerto-amplia-su-capacidad-de-acogida-de-aviones-tras-activar-nuevas-zonas-de-expansion\/","og_locale":"es_ES","og_type":"article","og_title":"El aeropuerto ampl\u00eda su capacidad de acogida de aviones tras activar nuevas zonas de expansi\u00f3n - Aeropuerto Castell\u00f3n","og_description":"El aeropuerto de Castell\u00f3n ha ampliado su capacidad de acogida de aviones con la puesta en servicio de las nuevas \u00e1reas dedicadas al estacionamiento y mantenimiento de aeronaves. Por una parte, ya est\u00e1 en uso la zona de aparcamiento impulsada por la empresa e-Cube Solutions, que abarca\u00a0una superficie de 21.550 metros cuadrados. Por otra parte, ... Leer m\u00e1s","og_url":"https:\/\/aeroportcastello.com\/es\/el-aeropuerto-amplia-su-capacidad-de-acogida-de-aviones-tras-activar-nuevas-zonas-de-expansion\/","og_site_name":"Aeropuerto Castell\u00f3n","article_published_time":"2021-03-19T12:49:58+00:00","article_modified_time":"2021-07-13T07:56:52+00:00","og_image":[{"width":826,"height":400,"url":"https:\/\/aeroportcastello.com\/wp-content\/uploads\/2021\/04\/eropuerto.castellon.jpg","type":"image\/jpeg"}],"author":"admin","twitter_card":"summary_large_image","twitter_misc":{"Escrito por":"admin","Tiempo de lectura":"2 minutos"},"schema":{"@context":"https:\/\/schema.org","@graph":[{"@type":"Article","@id":"https:\/\/aeroportcastello.com\/es\/el-aeropuerto-amplia-su-capacidad-de-acogida-de-aviones-tras-activar-nuevas-zonas-de-expansion\/#article","isPartOf":{"@id":"https:\/\/aeroportcastello.com\/es\/el-aeropuerto-amplia-su-capacidad-de-acogida-de-aviones-tras-activar-nuevas-zonas-de-expansion\/"},"author":{"name":"admin","@id":"https:\/\/aeroportcastello.com\/es\/#\/schema\/person\/6ce30e1beabb48891a1227bcaf9c5afc"},"headline":"El aeropuerto ampl\u00eda su capacidad de acogida de aviones tras activar nuevas zonas de expansi\u00f3n","datePublished":"2021-03-19T12:49:58+00:00","dateModified":"2021-07-13T07:56:52+00:00","mainEntityOfPage":{"@id":"https:\/\/aeroportcastello.com\/es\/el-aeropuerto-amplia-su-capacidad-de-acogida-de-aviones-tras-activar-nuevas-zonas-de-expansion\/"},"wordCount":416,"publisher":{"@id":"https:\/\/aeroportcastello.com\/es\/#organization"},"articleSection":["Noticias Aeropuerto"],"inLanguage":"es"},{"@type":"WebPage","@id":"https:\/\/aeroportcastello.com\/es\/el-aeropuerto-amplia-su-capacidad-de-acogida-de-aviones-tras-activar-nuevas-zonas-de-expansion\/","url":"https:\/\/aeroportcastello.com\/es\/el-aeropuerto-amplia-su-capacidad-de-acogida-de-aviones-tras-activar-nuevas-zonas-de-expansion\/","name":"El aeropuerto ampl\u00eda su capacidad de acogida de aviones tras activar nuevas zonas de expansi\u00f3n - Aeropuerto Castell\u00f3n","isPartOf":{"@id":"https:\/\/aeroportcastello.com\/es\/#website"},"datePublished":"2021-03-19T12:49:58+00:00","dateModified":"2021-07-13T07:56:52+00:00","breadcrumb":{"@id":"https:\/\/aeroportcastello.com\/es\/el-aeropuerto-amplia-su-capacidad-de-acogida-de-aviones-tras-activar-nuevas-zonas-de-expansion\/#breadcrumb"},"inLanguage":"es","potentialAction":[{"@type":"ReadAction","target":["https:\/\/aeroportcastello.com\/es\/el-aeropuerto-amplia-su-capacidad-de-acogida-de-aviones-tras-activar-nuevas-zonas-de-expansion\/"]}]},{"@type":"BreadcrumbList","@id":"https:\/\/aeroportcastello.com\/es\/el-aeropuerto-amplia-su-capacidad-de-acogida-de-aviones-tras-activar-nuevas-zonas-de-expansion\/#breadcrumb","itemListElement":[{"@type":"ListItem","position":1,"name":"Pasajeros","item":"https:\/\/aeroportcastello.com\/es\/"},{"@type":"ListItem","position":2,"name":"El aeropuerto ampl\u00eda su capacidad de acogida de aviones tras activar nuevas zonas de expansi\u00f3n"}]},{"@type":"WebSite","@id":"https:\/\/aeroportcastello.com\/es\/#website","url":"https:\/\/aeroportcastello.com\/es\/","name":"Aeropuerto Castell\u00f3n","description":"Aeropuerto Castell\u00f3n","publisher":{"@id":"https:\/\/aeroportcastello.com\/es\/#organization"},"potentialAction":[{"@type":"SearchAction","target":{"@type":"EntryPoint","urlTemplate":"https:\/\/aeroportcastello.com\/es\/?s={search_term_string}"},"query-input":"required name=search_term_string"}],"inLanguage":"es"},{"@type":"Organization","@id":"https:\/\/aeroportcastello.com\/es\/#organization","name":"Aeropuerto Castell\u00f3n","url":"https:\/\/aeroportcastello.com\/es\/","logo":{"@type":"ImageObject","inLanguage":"es","@id":"https:\/\/aeroportcastello.com\/es\/#\/schema\/logo\/image\/","url":"https:\/\/aeroportcastello.com\/wp-content\/uploads\/2021\/05\/logo_aeroport_castello-1.svg","contentUrl":"https:\/\/aeroportcastello.com\/wp-content\/uploads\/2021\/05\/logo_aeroport_castello-1.svg","width":482.8999999999999772626324556767940521240234375,"height":93.7000000000000028421709430404007434844970703125,"caption":"Aeropuerto Castell\u00f3n"},"image":{"@id":"https:\/\/aeroportcastello.com\/es\/#\/schema\/logo\/image\/"}},{"@type":"Person","@id":"https:\/\/aeroportcastello.com\/es\/#\/schema\/person\/6ce30e1beabb48891a1227bcaf9c5afc","name":"admin","image":{"@type":"ImageObject","inLanguage":"es","@id":"https:\/\/aeroportcastello.com\/es\/#\/schema\/person\/image\/","url":"https:\/\/secure.gravatar.com\/avatar\/49a104bbc10efec0d78dc86b9d8c7ddc?s=96&d=mm&r=g","contentUrl":"https:\/\/secure.gravatar.com\/avatar\/49a104bbc10efec0d78dc86b9d8c7ddc?s=96&d=mm&r=g","caption":"admin"},"sameAs":["https:\/\/aeroportcastello.com"],"url":"https:\/\/aeroportcastello.com\/es\/author\/adm-nunsys\/"}]}},"_links":{"self":[{"href":"https:\/\/aeroportcastello.com\/es\/wp-json\/wp\/v2\/posts\/283"}],"collection":[{"href":"https:\/\/aeroportcastello.com\/es\/wp-json\/wp\/v2\/posts"}],"about":[{"href":"https:\/\/aeroportcastello.com\/es\/wp-json\/wp\/v2\/types\/post"}],"author":[{"embeddable":true,"href":"https:\/\/aeroportcastello.com\/es\/wp-json\/wp\/v2\/users\/1"}],"replies":[{"embeddable":true,"href":"https:\/\/aeroportcastello.com\/es\/wp-json\/wp\/v2\/comments?post=283"}],"version-history":[{"count":1,"href":"https:\/\/aeroportcastello.com\/es\/wp-json\/wp\/v2\/posts\/283\/revisions"}],"predecessor-version":[{"id":285,"href":"https:\/\/aeroportcastello.com\/es\/wp-json\/wp\/v2\/posts\/283\/revisions\/285"}],"wp:featuredmedia":[{"embeddable":true,"href":"https:\/\/aeroportcastello.com\/es\/wp-json\/wp\/v2\/media\/301"}],"wp:attachment":[{"href":"https:\/\/aeroportcastello.com\/es\/wp-json\/wp\/v2\/media?parent=283"}],"wp:term":[{"taxonomy":"category","embeddable":true,"href":"https:\/\/aeroportcastello.com\/es\/wp-json\/wp\/v2\/categories?post=283"},{"taxonomy":"post_tag","embeddable":true,"href":"https:\/\/aeroportcastello.com\/es\/wp-json\/wp\/v2\/tags?post=283"}],"curies":[{"name":"wp","href":"https:\/\/api.w.org\/{rel}","templated":true}]}}