{"id":270,"date":"2021-04-26T13:46:40","date_gmt":"2021-04-26T11:46:40","guid":{"rendered":"https:\/\/aeroportcastello.com\/?p=270"},"modified":"2021-04-26T13:46:40","modified_gmt":"2021-04-26T11:46:40","slug":"el-aeropuerto-de-castellon-y-el-macvac-organizan-la-quinta-exposicion-del-proyecto-sala-30","status":"publish","type":"post","link":"https:\/\/aeroportcastello.com\/es\/el-aeropuerto-de-castellon-y-el-macvac-organizan-la-quinta-exposicion-del-proyecto-sala-30\/","title":{"rendered":"El aeropuerto de Castell\u00f3n y el Macvac organizan la quinta exposici\u00f3n del proyecto \u2018Sala 30\u2019"},"content":{"rendered":"<p>El aeropuerto de Castell\u00f3n y el Museu d&#8217;Art Contemporani &#8216;Vicente Aguilera Cerni&#8217; (Macvac) de Vilafam\u00e9s han organizado la quinta exposici\u00f3n del proyecto \u2018Sala 30\u2019, que lleva por t\u00edtulo \u2018\u00c0nima animal\u2019. Debido a la pandemia, esta exposici\u00f3n pict\u00f3rica y escult\u00f3rica tiene lugar en las instalaciones del Macvac y no en la galer\u00eda de arte del aeropuerto.<\/p>\n<p>La directora general de Aerocas, Blanca Mar\u00edn, ha visitado la muestra, acompa\u00f1ada por la directora del Macvac, Rosal\u00eda Torrent, y el alcalde de Vilafam\u00e9s, Abel Ib\u00e1\u00f1ez.<\/p>\n<p>Blanca Mar\u00edn ha explicado que, pese a las circunstancias adversas y las restricciones asociadas a la pandemia, el aeropuerto y el Macvac han decidido poner en marcha esta nueva exposici\u00f3n, \u201ca fin de dar continuidad a la iniciativa \u2018Sala 30\u2019, de la que nos sentimos muy orgullosos\u201d.<\/p>\n<p>La directora general de Aerocas ha manifestado que el proyecto cultural regresar\u00e1 al aeropuerto de Castell\u00f3n \u201cen cuanto la situaci\u00f3n lo permita y se reactive el tr\u00e1fico regular, ya que entendemos que la \u2018Sala 30\u2019 aporta un valor a\u00f1adido y distintivo, al ofrecer a los pasajeros y pasajeras la posibilidad de disfrutar del arte nada m\u00e1s bajarse del avi\u00f3n o justo antes de embarcar, amenizando las esperas\u201d. En este sentido, ha destacado que la participaci\u00f3n del Macvac \u201csupone una garant\u00eda de calidad, ya que constituye uno de los referentes culturales del territorio\u201d.<\/p>\n<p>La exposici\u00f3n consta de doce obras pict\u00f3ricas y escult\u00f3ricas de los artistas Manuel Mart\u00ed Moreno, Olga Adelantado, Lorena Amor\u00f3s, Laura Avinent, Tonico Ballester, Joan Brotat, Antonio Deb\u00f3n, Mar\u00eda Jos\u00e9 Gallardo, Ana Lentsch, Mart\u00edn Caballero, Joan Moreno y Nuria Rodr\u00edguez.<\/p>\n<p>La directora del Macvac, Rosal\u00eda Torrent, ha explicado que la exposici\u00f3n \u2018\u00c0nima animal\u2019 \u201ctiene como denominador com\u00fan el mundo de los animales, entre los cuales tambi\u00e9n aparecen referenciados algunos humanos\u201d.<\/p>\n<p>El proyecto &#8216;Sala 30&#8217; naci\u00f3 hace cuatro a\u00f1os de la mano del Macvac y del aeropuerto. A trav\u00e9s de esta iniciativa, se ha articulado una oferta cultural vinculada al aeropuerto, dot\u00e1ndolo de diferentes espacios art\u00edsticos que se renuevan peri\u00f3dicamente. El Macvac asume la direcci\u00f3n art\u00edstica, de ah\u00ed el nombre de &#8216;Sala 30&#8217;, ya que el Museu de Vilafam\u00e9s dispone de 29 salas y los espacios expositivos del aeropuerto se conciben como una extensi\u00f3n.<\/p>\n","protected":false},"excerpt":{"rendered":"<p>El aeropuerto de Castell\u00f3n y el Museu d&#8217;Art Contemporani &#8216;Vicente Aguilera Cerni&#8217; (Macvac) de Vilafam\u00e9s han organizado la quinta exposici\u00f3n del proyecto \u2018Sala 30\u2019, que lleva por t\u00edtulo \u2018\u00c0nima animal\u2019. Debido a la pandemia, esta exposici\u00f3n pict\u00f3rica y escult\u00f3rica tiene lugar en las instalaciones del Macvac y no en la galer\u00eda de arte del aeropuerto. &#8230; <\/p>\n<p class=\"read-more-container\"><a title=\"El aeropuerto de Castell\u00f3n y el Macvac organizan la quinta exposici\u00f3n del proyecto \u2018Sala 30\u2019\" class=\"read-more button\" href=\"https:\/\/aeroportcastello.com\/es\/el-aeropuerto-de-castellon-y-el-macvac-organizan-la-quinta-exposicion-del-proyecto-sala-30\/#more-270\" aria-label=\"Leer m\u00e1s sobre El aeropuerto de Castell\u00f3n y el Macvac organizan la quinta exposici\u00f3n del proyecto \u2018Sala 30\u2019\">Leer m\u00e1s<\/a><\/p>\n","protected":false},"author":1,"featured_media":278,"comment_status":"closed","ping_status":"closed","sticky":false,"template":"","format":"standard","meta":{"footnotes":""},"categories":[1],"tags":[],"yoast_head":"<!-- This site is optimized with the Yoast SEO plugin v22.0 - https:\/\/yoast.com\/wordpress\/plugins\/seo\/ -->\n<title>El aeropuerto de Castell\u00f3n y el Macvac organizan la quinta exposici\u00f3n del proyecto \u2018Sala 30\u2019 - Aeropuerto Castell\u00f3n<\/title>\n<meta name=\"robots\" content=\"index, follow, max-snippet:-1, max-image-preview:large, max-video-preview:-1\" \/>\n<link rel=\"canonical\" href=\"https:\/\/aeroportcastello.com\/es\/el-aeropuerto-de-castellon-y-el-macvac-organizan-la-quinta-exposicion-del-proyecto-sala-30\/\" \/>\n<meta property=\"og:locale\" content=\"es_ES\" \/>\n<meta property=\"og:type\" content=\"article\" \/>\n<meta property=\"og:title\" content=\"El aeropuerto de Castell\u00f3n y el Macvac organizan la quinta exposici\u00f3n del proyecto \u2018Sala 30\u2019 - Aeropuerto Castell\u00f3n\" \/>\n<meta property=\"og:description\" content=\"El aeropuerto de Castell\u00f3n y el Museu d&#8217;Art Contemporani &#8216;Vicente Aguilera Cerni&#8217; (Macvac) de Vilafam\u00e9s han organizado la quinta exposici\u00f3n del proyecto \u2018Sala 30\u2019, que lleva por t\u00edtulo \u2018\u00c0nima animal\u2019. Debido a la pandemia, esta exposici\u00f3n pict\u00f3rica y escult\u00f3rica tiene lugar en las instalaciones del Macvac y no en la galer\u00eda de arte del aeropuerto. ... Leer m\u00e1s\" \/>\n<meta property=\"og:url\" content=\"https:\/\/aeroportcastello.com\/es\/el-aeropuerto-de-castellon-y-el-macvac-organizan-la-quinta-exposicion-del-proyecto-sala-30\/\" \/>\n<meta property=\"og:site_name\" content=\"Aeropuerto Castell\u00f3n\" \/>\n<meta property=\"article:published_time\" content=\"2021-04-26T11:46:40+00:00\" \/>\n<meta property=\"og:image\" content=\"https:\/\/aeroportcastello.com\/wp-content\/uploads\/2021\/04\/quinta.expo_.sala30.jpg\" \/>\n\t<meta property=\"og:image:width\" content=\"826\" \/>\n\t<meta property=\"og:image:height\" content=\"400\" \/>\n\t<meta property=\"og:image:type\" content=\"image\/jpeg\" \/>\n<meta name=\"author\" content=\"admin\" \/>\n<meta name=\"twitter:card\" content=\"summary_large_image\" \/>\n<meta name=\"twitter:label1\" content=\"Escrito por\" \/>\n\t<meta name=\"twitter:data1\" content=\"admin\" \/>\n\t<meta name=\"twitter:label2\" content=\"Tiempo de lectura\" \/>\n\t<meta name=\"twitter:data2\" content=\"2 minutos\" \/>\n<script type=\"application\/ld+json\" class=\"yoast-schema-graph\">{\"@context\":\"https:\/\/schema.org\",\"@graph\":[{\"@type\":\"Article\",\"@id\":\"https:\/\/aeroportcastello.com\/es\/el-aeropuerto-de-castellon-y-el-macvac-organizan-la-quinta-exposicion-del-proyecto-sala-30\/#article\",\"isPartOf\":{\"@id\":\"https:\/\/aeroportcastello.com\/es\/el-aeropuerto-de-castellon-y-el-macvac-organizan-la-quinta-exposicion-del-proyecto-sala-30\/\"},\"author\":{\"name\":\"admin\",\"@id\":\"https:\/\/aeroportcastello.com\/es\/#\/schema\/person\/6ce30e1beabb48891a1227bcaf9c5afc\"},\"headline\":\"El aeropuerto de Castell\u00f3n y el Macvac organizan la quinta exposici\u00f3n del proyecto \u2018Sala 30\u2019\",\"datePublished\":\"2021-04-26T11:46:40+00:00\",\"dateModified\":\"2021-04-26T11:46:40+00:00\",\"mainEntityOfPage\":{\"@id\":\"https:\/\/aeroportcastello.com\/es\/el-aeropuerto-de-castellon-y-el-macvac-organizan-la-quinta-exposicion-del-proyecto-sala-30\/\"},\"wordCount\":417,\"publisher\":{\"@id\":\"https:\/\/aeroportcastello.com\/es\/#organization\"},\"articleSection\":[\"Noticias Aeropuerto\"],\"inLanguage\":\"es\"},{\"@type\":\"WebPage\",\"@id\":\"https:\/\/aeroportcastello.com\/es\/el-aeropuerto-de-castellon-y-el-macvac-organizan-la-quinta-exposicion-del-proyecto-sala-30\/\",\"url\":\"https:\/\/aeroportcastello.com\/es\/el-aeropuerto-de-castellon-y-el-macvac-organizan-la-quinta-exposicion-del-proyecto-sala-30\/\",\"name\":\"El aeropuerto de Castell\u00f3n y el Macvac organizan la quinta exposici\u00f3n del proyecto \u2018Sala 30\u2019 - Aeropuerto Castell\u00f3n\",\"isPartOf\":{\"@id\":\"https:\/\/aeroportcastello.com\/es\/#website\"},\"datePublished\":\"2021-04-26T11:46:40+00:00\",\"dateModified\":\"2021-04-26T11:46:40+00:00\",\"breadcrumb\":{\"@id\":\"https:\/\/aeroportcastello.com\/es\/el-aeropuerto-de-castellon-y-el-macvac-organizan-la-quinta-exposicion-del-proyecto-sala-30\/#breadcrumb\"},\"inLanguage\":\"es\",\"potentialAction\":[{\"@type\":\"ReadAction\",\"target\":[\"https:\/\/aeroportcastello.com\/es\/el-aeropuerto-de-castellon-y-el-macvac-organizan-la-quinta-exposicion-del-proyecto-sala-30\/\"]}]},{\"@type\":\"BreadcrumbList\",\"@id\":\"https:\/\/aeroportcastello.com\/es\/el-aeropuerto-de-castellon-y-el-macvac-organizan-la-quinta-exposicion-del-proyecto-sala-30\/#breadcrumb\",\"itemListElement\":[{\"@type\":\"ListItem\",\"position\":1,\"name\":\"Pasajeros\",\"item\":\"https:\/\/aeroportcastello.com\/es\/\"},{\"@type\":\"ListItem\",\"position\":2,\"name\":\"El aeropuerto de Castell\u00f3n y el Macvac organizan la quinta exposici\u00f3n del proyecto \u2018Sala 30\u2019\"}]},{\"@type\":\"WebSite\",\"@id\":\"https:\/\/aeroportcastello.com\/es\/#website\",\"url\":\"https:\/\/aeroportcastello.com\/es\/\",\"name\":\"Aeropuerto Castell\u00f3n\",\"description\":\"Aeropuerto Castell\u00f3n\",\"publisher\":{\"@id\":\"https:\/\/aeroportcastello.com\/es\/#organization\"},\"potentialAction\":[{\"@type\":\"SearchAction\",\"target\":{\"@type\":\"EntryPoint\",\"urlTemplate\":\"https:\/\/aeroportcastello.com\/es\/?s={search_term_string}\"},\"query-input\":\"required name=search_term_string\"}],\"inLanguage\":\"es\"},{\"@type\":\"Organization\",\"@id\":\"https:\/\/aeroportcastello.com\/es\/#organization\",\"name\":\"Aeropuerto Castell\u00f3n\",\"url\":\"https:\/\/aeroportcastello.com\/es\/\",\"logo\":{\"@type\":\"ImageObject\",\"inLanguage\":\"es\",\"@id\":\"https:\/\/aeroportcastello.com\/es\/#\/schema\/logo\/image\/\",\"url\":\"https:\/\/aeroportcastello.com\/wp-content\/uploads\/2021\/05\/logo_aeroport_castello-1.svg\",\"contentUrl\":\"https:\/\/aeroportcastello.com\/wp-content\/uploads\/2021\/05\/logo_aeroport_castello-1.svg\",\"width\":482.8999999999999772626324556767940521240234375,\"height\":93.7000000000000028421709430404007434844970703125,\"caption\":\"Aeropuerto Castell\u00f3n\"},\"image\":{\"@id\":\"https:\/\/aeroportcastello.com\/es\/#\/schema\/logo\/image\/\"}},{\"@type\":\"Person\",\"@id\":\"https:\/\/aeroportcastello.com\/es\/#\/schema\/person\/6ce30e1beabb48891a1227bcaf9c5afc\",\"name\":\"admin\",\"image\":{\"@type\":\"ImageObject\",\"inLanguage\":\"es\",\"@id\":\"https:\/\/aeroportcastello.com\/es\/#\/schema\/person\/image\/\",\"url\":\"https:\/\/secure.gravatar.com\/avatar\/49a104bbc10efec0d78dc86b9d8c7ddc?s=96&d=mm&r=g\",\"contentUrl\":\"https:\/\/secure.gravatar.com\/avatar\/49a104bbc10efec0d78dc86b9d8c7ddc?s=96&d=mm&r=g\",\"caption\":\"admin\"},\"sameAs\":[\"https:\/\/aeroportcastello.com\"],\"url\":\"https:\/\/aeroportcastello.com\/es\/author\/adm-nunsys\/\"}]}<\/script>\n<!-- \/ Yoast SEO plugin. -->","yoast_head_json":{"title":"El aeropuerto de Castell\u00f3n y el Macvac organizan la quinta exposici\u00f3n del proyecto \u2018Sala 30\u2019 - Aeropuerto Castell\u00f3n","robots":{"index":"index","follow":"follow","max-snippet":"max-snippet:-1","max-image-preview":"max-image-preview:large","max-video-preview":"max-video-preview:-1"},"canonical":"https:\/\/aeroportcastello.com\/es\/el-aeropuerto-de-castellon-y-el-macvac-organizan-la-quinta-exposicion-del-proyecto-sala-30\/","og_locale":"es_ES","og_type":"article","og_title":"El aeropuerto de Castell\u00f3n y el Macvac organizan la quinta exposici\u00f3n del proyecto \u2018Sala 30\u2019 - Aeropuerto Castell\u00f3n","og_description":"El aeropuerto de Castell\u00f3n y el Museu d&#8217;Art Contemporani &#8216;Vicente Aguilera Cerni&#8217; (Macvac) de Vilafam\u00e9s han organizado la quinta exposici\u00f3n del proyecto \u2018Sala 30\u2019, que lleva por t\u00edtulo \u2018\u00c0nima animal\u2019. Debido a la pandemia, esta exposici\u00f3n pict\u00f3rica y escult\u00f3rica tiene lugar en las instalaciones del Macvac y no en la galer\u00eda de arte del aeropuerto. ... Leer m\u00e1s","og_url":"https:\/\/aeroportcastello.com\/es\/el-aeropuerto-de-castellon-y-el-macvac-organizan-la-quinta-exposicion-del-proyecto-sala-30\/","og_site_name":"Aeropuerto Castell\u00f3n","article_published_time":"2021-04-26T11:46:40+00:00","og_image":[{"width":826,"height":400,"url":"https:\/\/aeroportcastello.com\/wp-content\/uploads\/2021\/04\/quinta.expo_.sala30.jpg","type":"image\/jpeg"}],"author":"admin","twitter_card":"summary_large_image","twitter_misc":{"Escrito por":"admin","Tiempo de lectura":"2 minutos"},"schema":{"@context":"https:\/\/schema.org","@graph":[{"@type":"Article","@id":"https:\/\/aeroportcastello.com\/es\/el-aeropuerto-de-castellon-y-el-macvac-organizan-la-quinta-exposicion-del-proyecto-sala-30\/#article","isPartOf":{"@id":"https:\/\/aeroportcastello.com\/es\/el-aeropuerto-de-castellon-y-el-macvac-organizan-la-quinta-exposicion-del-proyecto-sala-30\/"},"author":{"name":"admin","@id":"https:\/\/aeroportcastello.com\/es\/#\/schema\/person\/6ce30e1beabb48891a1227bcaf9c5afc"},"headline":"El aeropuerto de Castell\u00f3n y el Macvac organizan la quinta exposici\u00f3n del proyecto \u2018Sala 30\u2019","datePublished":"2021-04-26T11:46:40+00:00","dateModified":"2021-04-26T11:46:40+00:00","mainEntityOfPage":{"@id":"https:\/\/aeroportcastello.com\/es\/el-aeropuerto-de-castellon-y-el-macvac-organizan-la-quinta-exposicion-del-proyecto-sala-30\/"},"wordCount":417,"publisher":{"@id":"https:\/\/aeroportcastello.com\/es\/#organization"},"articleSection":["Noticias Aeropuerto"],"inLanguage":"es"},{"@type":"WebPage","@id":"https:\/\/aeroportcastello.com\/es\/el-aeropuerto-de-castellon-y-el-macvac-organizan-la-quinta-exposicion-del-proyecto-sala-30\/","url":"https:\/\/aeroportcastello.com\/es\/el-aeropuerto-de-castellon-y-el-macvac-organizan-la-quinta-exposicion-del-proyecto-sala-30\/","name":"El aeropuerto de Castell\u00f3n y el Macvac organizan la quinta exposici\u00f3n del proyecto \u2018Sala 30\u2019 - Aeropuerto Castell\u00f3n","isPartOf":{"@id":"https:\/\/aeroportcastello.com\/es\/#website"},"datePublished":"2021-04-26T11:46:40+00:00","dateModified":"2021-04-26T11:46:40+00:00","breadcrumb":{"@id":"https:\/\/aeroportcastello.com\/es\/el-aeropuerto-de-castellon-y-el-macvac-organizan-la-quinta-exposicion-del-proyecto-sala-30\/#breadcrumb"},"inLanguage":"es","potentialAction":[{"@type":"ReadAction","target":["https:\/\/aeroportcastello.com\/es\/el-aeropuerto-de-castellon-y-el-macvac-organizan-la-quinta-exposicion-del-proyecto-sala-30\/"]}]},{"@type":"BreadcrumbList","@id":"https:\/\/aeroportcastello.com\/es\/el-aeropuerto-de-castellon-y-el-macvac-organizan-la-quinta-exposicion-del-proyecto-sala-30\/#breadcrumb","itemListElement":[{"@type":"ListItem","position":1,"name":"Pasajeros","item":"https:\/\/aeroportcastello.com\/es\/"},{"@type":"ListItem","position":2,"name":"El aeropuerto de Castell\u00f3n y el Macvac organizan la quinta exposici\u00f3n del proyecto \u2018Sala 30\u2019"}]},{"@type":"WebSite","@id":"https:\/\/aeroportcastello.com\/es\/#website","url":"https:\/\/aeroportcastello.com\/es\/","name":"Aeropuerto Castell\u00f3n","description":"Aeropuerto Castell\u00f3n","publisher":{"@id":"https:\/\/aeroportcastello.com\/es\/#organization"},"potentialAction":[{"@type":"SearchAction","target":{"@type":"EntryPoint","urlTemplate":"https:\/\/aeroportcastello.com\/es\/?s={search_term_string}"},"query-input":"required name=search_term_string"}],"inLanguage":"es"},{"@type":"Organization","@id":"https:\/\/aeroportcastello.com\/es\/#organization","name":"Aeropuerto Castell\u00f3n","url":"https:\/\/aeroportcastello.com\/es\/","logo":{"@type":"ImageObject","inLanguage":"es","@id":"https:\/\/aeroportcastello.com\/es\/#\/schema\/logo\/image\/","url":"https:\/\/aeroportcastello.com\/wp-content\/uploads\/2021\/05\/logo_aeroport_castello-1.svg","contentUrl":"https:\/\/aeroportcastello.com\/wp-content\/uploads\/2021\/05\/logo_aeroport_castello-1.svg","width":482.8999999999999772626324556767940521240234375,"height":93.7000000000000028421709430404007434844970703125,"caption":"Aeropuerto Castell\u00f3n"},"image":{"@id":"https:\/\/aeroportcastello.com\/es\/#\/schema\/logo\/image\/"}},{"@type":"Person","@id":"https:\/\/aeroportcastello.com\/es\/#\/schema\/person\/6ce30e1beabb48891a1227bcaf9c5afc","name":"admin","image":{"@type":"ImageObject","inLanguage":"es","@id":"https:\/\/aeroportcastello.com\/es\/#\/schema\/person\/image\/","url":"https:\/\/secure.gravatar.com\/avatar\/49a104bbc10efec0d78dc86b9d8c7ddc?s=96&d=mm&r=g","contentUrl":"https:\/\/secure.gravatar.com\/avatar\/49a104bbc10efec0d78dc86b9d8c7ddc?s=96&d=mm&r=g","caption":"admin"},"sameAs":["https:\/\/aeroportcastello.com"],"url":"https:\/\/aeroportcastello.com\/es\/author\/adm-nunsys\/"}]}},"_links":{"self":[{"href":"https:\/\/aeroportcastello.com\/es\/wp-json\/wp\/v2\/posts\/270"}],"collection":[{"href":"https:\/\/aeroportcastello.com\/es\/wp-json\/wp\/v2\/posts"}],"about":[{"href":"https:\/\/aeroportcastello.com\/es\/wp-json\/wp\/v2\/types\/post"}],"author":[{"embeddable":true,"href":"https:\/\/aeroportcastello.com\/es\/wp-json\/wp\/v2\/users\/1"}],"replies":[{"embeddable":true,"href":"https:\/\/aeroportcastello.com\/es\/wp-json\/wp\/v2\/comments?post=270"}],"version-history":[{"count":1,"href":"https:\/\/aeroportcastello.com\/es\/wp-json\/wp\/v2\/posts\/270\/revisions"}],"predecessor-version":[{"id":279,"href":"https:\/\/aeroportcastello.com\/es\/wp-json\/wp\/v2\/posts\/270\/revisions\/279"}],"wp:featuredmedia":[{"embeddable":true,"href":"https:\/\/aeroportcastello.com\/es\/wp-json\/wp\/v2\/media\/278"}],"wp:attachment":[{"href":"https:\/\/aeroportcastello.com\/es\/wp-json\/wp\/v2\/media?parent=270"}],"wp:term":[{"taxonomy":"category","embeddable":true,"href":"https:\/\/aeroportcastello.com\/es\/wp-json\/wp\/v2\/categories?post=270"},{"taxonomy":"post_tag","embeddable":true,"href":"https:\/\/aeroportcastello.com\/es\/wp-json\/wp\/v2\/tags?post=270"}],"curies":[{"name":"wp","href":"https:\/\/api.w.org\/{rel}","templated":true}]}}