{"id":1973,"date":"2021-03-05T00:00:00","date_gmt":"2021-03-04T23:00:00","guid":{"rendered":"https:\/\/aeroportcastello.com\/el-aeropuerto-se-adhiere-a-ellas-vuelan-alto-para-favorecer-la-igualdad-de-la-mujer-en-el-sector\/"},"modified":"2021-07-15T09:19:54","modified_gmt":"2021-07-15T07:19:54","slug":"el-aeropuerto-se-adhiere-a-ellas-vuelan-alto-para-favorecer-la-igualdad-de-la-mujer-en-el-sector","status":"publish","type":"post","link":"https:\/\/aeroportcastello.com\/es\/el-aeropuerto-se-adhiere-a-ellas-vuelan-alto-para-favorecer-la-igualdad-de-la-mujer-en-el-sector\/","title":{"rendered":"El aeropuerto se adhiere a -Ellas Vuelan Alto- para favorecer la igualdad de la mujer en el sector"},"content":{"rendered":"<p>La sociedad p\u00fablica Aeropuerto de Castell\u00f3n (Aerocas) ha suscrito un acuerdo de colaboraci\u00f3n con la asociaci\u00f3n \u2018Ellas Vuelan Alto\u2019 (EVA), con el objetivo de favorecer la igualdad, la visibilidad y la consolidaci\u00f3n de la mujer en el sector aeroespacial.<\/p>\n<p>La r\u00fabrica del acuerdo se ha hecho coincidir con la semana conmemorativa del D\u00eda Internacional de la Mujer 8-M, con motivo de la cual la Conselleria de Pol\u00edtica Territorial, Obras P\u00fablicas y Movilidad ha dise\u00f1ado el proyecto &#8216;Dones, Transport i Agenda Urbana&#8217;, configurado como un abanico de actos e iniciativas para contribuir a la visibilizaci\u00f3n de la mujer.<\/p>\n<p>En la firma telem\u00e1tica han participado la directora general de Aerocas, Blanca Mar\u00edn, y la presidenta de \u2018Ellas Vuelan Alto\u2019, Teresa Busto. El documento compromete a ambas partes a colaborar en diferentes \u00e1mbitos, desarrollando proyectos que aporten visibilidad a la mujer y fomenten la igualdad, tomando como base la Carta Magna de Naciones Unidas.<\/p>\n<p>La directora general de Aerocas ha manifestado su satisfacci\u00f3n con la adhesi\u00f3n al colectivo EVA, \u201cuna entidad necesaria para favorecer la visibilidad de la mujer y consolidar su presencia en un sector a\u00fan altamente masculinizado\u201d. \u201cQueremos que un \u00e1mbito estrat\u00e9gico como el aeroespacial cuente con una mayor participaci\u00f3n de las mujeres, que constituyen el 50 % del talento. No podemos permitirnos prescindir de ese talento\u201d, ha comentado.<\/p>\n<p>Blanca Mar\u00edn ha subrayado la importante presencia de mujeres en todas las \u00e1reas de actividad y perfiles profesionales del aeropuerto de Castell\u00f3n, ocupando puestos de m\u00e1xima responsabilidad en las \u00e1reas de direcci\u00f3n, gesti\u00f3n y operativa. \u201cEntendemos que es un buen punto de partida desde el que trabajar a favor de la plena igualdad\u201d, ha a\u00f1adido.<\/p>\n<p>Por su parte, la presidenta de Ellas Vuelan Alto, Teresa Busto, ha agradecido a Aerocas el apoyo a la asociaci\u00f3n, destacando que todas las empresas que forman parte de EVA comparten los mismos valores, entre ellos, visibilizar a la mujer en este \u00e1mbito profesional, \u201cpaso imprescindible para garantizar que el sector se nutra en el futuro de m\u00e1s profesionales\u201d.<\/p>\n<p>\u201cNo existe lo que no se ve\u201d, ha afirmado la presidenta de \u2018Ellas Vuelan Alto\u2019, \u201cpor eso es de suma importancia que empresas relevantes de la actividad, como Aerocas, se unan a nuestro proyecto, para dar a conocer entre las m\u00e1s j\u00f3venes las inmensas posibilidades de desarrollo profesional que tiene un sector como el aeroespacial\u201d.<\/p>\n<p>Teresa Busto ha dado la bienvenida al aeropuerto de Castell\u00f3n al proyecto \u2018Ellas Vuelan Alto\u2019, destacando que se abre un nuevo tiempo de colaboraci\u00f3n entre ambas entidades, \u201cque beneficiar\u00e1 a los objetivos de promoci\u00f3n de la mujer en este sector que los dos organismos compartimos\u201d.<\/p>\n<p>Por \u00faltimo, la directora general de Aerocas, Blanca Mar\u00edn, ha destacado la cualificaci\u00f3n y trayectoria profesional de las mujeres que integran \u2018Ellas Vuelan Alto\u2019, \u201cque constituyen un referente para las nuevas generaciones\u201d. En este sentido, la presidenta de la asociaci\u00f3n, Teresa Busto, es directora de la factor\u00eda de Airbus en Illescas, mientras que la vicepresidenta, Mar\u00eda Isabel Maestre, es directora de la Agencia Estatal de Seguridad A\u00e9rea\u00a0(AESA).<\/p>\n","protected":false},"excerpt":{"rendered":"<p>El acuerdo compromete a ambas partes a colaborar en proyectos que fomenten la consolidaci\u00f3n de la mujer en el \u00e1mbito aeroespacial<\/p>\n","protected":false},"author":1,"featured_media":1876,"comment_status":"closed","ping_status":"closed","sticky":false,"template":"","format":"standard","meta":{"footnotes":""},"categories":[1],"tags":[],"yoast_head":"<!-- This site is optimized with the Yoast SEO plugin v22.0 - https:\/\/yoast.com\/wordpress\/plugins\/seo\/ -->\n<title>El aeropuerto se adhiere a -Ellas Vuelan Alto- para favorecer la igualdad de la mujer en el sector - Aeropuerto Castell\u00f3n<\/title>\n<meta name=\"robots\" content=\"index, follow, max-snippet:-1, max-image-preview:large, max-video-preview:-1\" \/>\n<link rel=\"canonical\" href=\"https:\/\/aeroportcastello.com\/es\/el-aeropuerto-se-adhiere-a-ellas-vuelan-alto-para-favorecer-la-igualdad-de-la-mujer-en-el-sector\/\" \/>\n<meta property=\"og:locale\" content=\"es_ES\" \/>\n<meta property=\"og:type\" content=\"article\" \/>\n<meta property=\"og:title\" content=\"El aeropuerto se adhiere a -Ellas Vuelan Alto- para favorecer la igualdad de la mujer en el sector - Aeropuerto Castell\u00f3n\" \/>\n<meta property=\"og:description\" content=\"El acuerdo compromete a ambas partes a colaborar en proyectos que fomenten la consolidaci\u00f3n de la mujer en el \u00e1mbito aeroespacial\" \/>\n<meta property=\"og:url\" content=\"https:\/\/aeroportcastello.com\/es\/el-aeropuerto-se-adhiere-a-ellas-vuelan-alto-para-favorecer-la-igualdad-de-la-mujer-en-el-sector\/\" \/>\n<meta property=\"og:site_name\" content=\"Aeropuerto Castell\u00f3n\" \/>\n<meta property=\"article:published_time\" content=\"2021-03-04T23:00:00+00:00\" \/>\n<meta property=\"article:modified_time\" content=\"2021-07-15T07:19:54+00:00\" \/>\n<meta property=\"og:image\" content=\"https:\/\/aeroportcastello.com\/wp-content\/uploads\/2021\/07\/foto_2-2.jpg\" \/>\n\t<meta property=\"og:image:width\" content=\"810\" \/>\n\t<meta property=\"og:image:height\" content=\"400\" \/>\n\t<meta property=\"og:image:type\" content=\"image\/jpeg\" \/>\n<meta name=\"author\" content=\"admin\" \/>\n<meta name=\"twitter:card\" content=\"summary_large_image\" \/>\n<meta name=\"twitter:label1\" content=\"Escrito por\" \/>\n\t<meta name=\"twitter:data1\" content=\"admin\" \/>\n\t<meta name=\"twitter:label2\" content=\"Tiempo de lectura\" \/>\n\t<meta name=\"twitter:data2\" content=\"3 minutos\" \/>\n<script type=\"application\/ld+json\" class=\"yoast-schema-graph\">{\"@context\":\"https:\/\/schema.org\",\"@graph\":[{\"@type\":\"Article\",\"@id\":\"https:\/\/aeroportcastello.com\/es\/el-aeropuerto-se-adhiere-a-ellas-vuelan-alto-para-favorecer-la-igualdad-de-la-mujer-en-el-sector\/#article\",\"isPartOf\":{\"@id\":\"https:\/\/aeroportcastello.com\/es\/el-aeropuerto-se-adhiere-a-ellas-vuelan-alto-para-favorecer-la-igualdad-de-la-mujer-en-el-sector\/\"},\"author\":{\"name\":\"admin\",\"@id\":\"https:\/\/aeroportcastello.com\/es\/#\/schema\/person\/6ce30e1beabb48891a1227bcaf9c5afc\"},\"headline\":\"El aeropuerto se adhiere a -Ellas Vuelan Alto- para favorecer la igualdad de la mujer en el sector\",\"datePublished\":\"2021-03-04T23:00:00+00:00\",\"dateModified\":\"2021-07-15T07:19:54+00:00\",\"mainEntityOfPage\":{\"@id\":\"https:\/\/aeroportcastello.com\/es\/el-aeropuerto-se-adhiere-a-ellas-vuelan-alto-para-favorecer-la-igualdad-de-la-mujer-en-el-sector\/\"},\"wordCount\":553,\"publisher\":{\"@id\":\"https:\/\/aeroportcastello.com\/es\/#organization\"},\"articleSection\":[\"Noticias Aeropuerto\"],\"inLanguage\":\"es\"},{\"@type\":\"WebPage\",\"@id\":\"https:\/\/aeroportcastello.com\/es\/el-aeropuerto-se-adhiere-a-ellas-vuelan-alto-para-favorecer-la-igualdad-de-la-mujer-en-el-sector\/\",\"url\":\"https:\/\/aeroportcastello.com\/es\/el-aeropuerto-se-adhiere-a-ellas-vuelan-alto-para-favorecer-la-igualdad-de-la-mujer-en-el-sector\/\",\"name\":\"El aeropuerto se adhiere a -Ellas Vuelan Alto- para favorecer la igualdad de la mujer en el sector - Aeropuerto Castell\u00f3n\",\"isPartOf\":{\"@id\":\"https:\/\/aeroportcastello.com\/es\/#website\"},\"datePublished\":\"2021-03-04T23:00:00+00:00\",\"dateModified\":\"2021-07-15T07:19:54+00:00\",\"breadcrumb\":{\"@id\":\"https:\/\/aeroportcastello.com\/es\/el-aeropuerto-se-adhiere-a-ellas-vuelan-alto-para-favorecer-la-igualdad-de-la-mujer-en-el-sector\/#breadcrumb\"},\"inLanguage\":\"es\",\"potentialAction\":[{\"@type\":\"ReadAction\",\"target\":[\"https:\/\/aeroportcastello.com\/es\/el-aeropuerto-se-adhiere-a-ellas-vuelan-alto-para-favorecer-la-igualdad-de-la-mujer-en-el-sector\/\"]}]},{\"@type\":\"BreadcrumbList\",\"@id\":\"https:\/\/aeroportcastello.com\/es\/el-aeropuerto-se-adhiere-a-ellas-vuelan-alto-para-favorecer-la-igualdad-de-la-mujer-en-el-sector\/#breadcrumb\",\"itemListElement\":[{\"@type\":\"ListItem\",\"position\":1,\"name\":\"Pasajeros\",\"item\":\"https:\/\/aeroportcastello.com\/es\/\"},{\"@type\":\"ListItem\",\"position\":2,\"name\":\"El aeropuerto se adhiere a -Ellas Vuelan Alto- para favorecer la igualdad de la mujer en el sector\"}]},{\"@type\":\"WebSite\",\"@id\":\"https:\/\/aeroportcastello.com\/es\/#website\",\"url\":\"https:\/\/aeroportcastello.com\/es\/\",\"name\":\"Aeropuerto Castell\u00f3n\",\"description\":\"Aeropuerto Castell\u00f3n\",\"publisher\":{\"@id\":\"https:\/\/aeroportcastello.com\/es\/#organization\"},\"potentialAction\":[{\"@type\":\"SearchAction\",\"target\":{\"@type\":\"EntryPoint\",\"urlTemplate\":\"https:\/\/aeroportcastello.com\/es\/?s={search_term_string}\"},\"query-input\":\"required name=search_term_string\"}],\"inLanguage\":\"es\"},{\"@type\":\"Organization\",\"@id\":\"https:\/\/aeroportcastello.com\/es\/#organization\",\"name\":\"Aeropuerto Castell\u00f3n\",\"url\":\"https:\/\/aeroportcastello.com\/es\/\",\"logo\":{\"@type\":\"ImageObject\",\"inLanguage\":\"es\",\"@id\":\"https:\/\/aeroportcastello.com\/es\/#\/schema\/logo\/image\/\",\"url\":\"https:\/\/aeroportcastello.com\/wp-content\/uploads\/2021\/05\/logo_aeroport_castello-1.svg\",\"contentUrl\":\"https:\/\/aeroportcastello.com\/wp-content\/uploads\/2021\/05\/logo_aeroport_castello-1.svg\",\"width\":482.8999999999999772626324556767940521240234375,\"height\":93.7000000000000028421709430404007434844970703125,\"caption\":\"Aeropuerto Castell\u00f3n\"},\"image\":{\"@id\":\"https:\/\/aeroportcastello.com\/es\/#\/schema\/logo\/image\/\"}},{\"@type\":\"Person\",\"@id\":\"https:\/\/aeroportcastello.com\/es\/#\/schema\/person\/6ce30e1beabb48891a1227bcaf9c5afc\",\"name\":\"admin\",\"image\":{\"@type\":\"ImageObject\",\"inLanguage\":\"es\",\"@id\":\"https:\/\/aeroportcastello.com\/es\/#\/schema\/person\/image\/\",\"url\":\"https:\/\/secure.gravatar.com\/avatar\/49a104bbc10efec0d78dc86b9d8c7ddc?s=96&d=mm&r=g\",\"contentUrl\":\"https:\/\/secure.gravatar.com\/avatar\/49a104bbc10efec0d78dc86b9d8c7ddc?s=96&d=mm&r=g\",\"caption\":\"admin\"},\"sameAs\":[\"https:\/\/aeroportcastello.com\"],\"url\":\"https:\/\/aeroportcastello.com\/es\/author\/adm-nunsys\/\"}]}<\/script>\n<!-- \/ Yoast SEO plugin. -->","yoast_head_json":{"title":"El aeropuerto se adhiere a -Ellas Vuelan Alto- para favorecer la igualdad de la mujer en el sector - Aeropuerto Castell\u00f3n","robots":{"index":"index","follow":"follow","max-snippet":"max-snippet:-1","max-image-preview":"max-image-preview:large","max-video-preview":"max-video-preview:-1"},"canonical":"https:\/\/aeroportcastello.com\/es\/el-aeropuerto-se-adhiere-a-ellas-vuelan-alto-para-favorecer-la-igualdad-de-la-mujer-en-el-sector\/","og_locale":"es_ES","og_type":"article","og_title":"El aeropuerto se adhiere a -Ellas Vuelan Alto- para favorecer la igualdad de la mujer en el sector - Aeropuerto Castell\u00f3n","og_description":"El acuerdo compromete a ambas partes a colaborar en proyectos que fomenten la consolidaci\u00f3n de la mujer en el \u00e1mbito aeroespacial","og_url":"https:\/\/aeroportcastello.com\/es\/el-aeropuerto-se-adhiere-a-ellas-vuelan-alto-para-favorecer-la-igualdad-de-la-mujer-en-el-sector\/","og_site_name":"Aeropuerto Castell\u00f3n","article_published_time":"2021-03-04T23:00:00+00:00","article_modified_time":"2021-07-15T07:19:54+00:00","og_image":[{"width":810,"height":400,"url":"https:\/\/aeroportcastello.com\/wp-content\/uploads\/2021\/07\/foto_2-2.jpg","type":"image\/jpeg"}],"author":"admin","twitter_card":"summary_large_image","twitter_misc":{"Escrito por":"admin","Tiempo de lectura":"3 minutos"},"schema":{"@context":"https:\/\/schema.org","@graph":[{"@type":"Article","@id":"https:\/\/aeroportcastello.com\/es\/el-aeropuerto-se-adhiere-a-ellas-vuelan-alto-para-favorecer-la-igualdad-de-la-mujer-en-el-sector\/#article","isPartOf":{"@id":"https:\/\/aeroportcastello.com\/es\/el-aeropuerto-se-adhiere-a-ellas-vuelan-alto-para-favorecer-la-igualdad-de-la-mujer-en-el-sector\/"},"author":{"name":"admin","@id":"https:\/\/aeroportcastello.com\/es\/#\/schema\/person\/6ce30e1beabb48891a1227bcaf9c5afc"},"headline":"El aeropuerto se adhiere a -Ellas Vuelan Alto- para favorecer la igualdad de la mujer en el sector","datePublished":"2021-03-04T23:00:00+00:00","dateModified":"2021-07-15T07:19:54+00:00","mainEntityOfPage":{"@id":"https:\/\/aeroportcastello.com\/es\/el-aeropuerto-se-adhiere-a-ellas-vuelan-alto-para-favorecer-la-igualdad-de-la-mujer-en-el-sector\/"},"wordCount":553,"publisher":{"@id":"https:\/\/aeroportcastello.com\/es\/#organization"},"articleSection":["Noticias Aeropuerto"],"inLanguage":"es"},{"@type":"WebPage","@id":"https:\/\/aeroportcastello.com\/es\/el-aeropuerto-se-adhiere-a-ellas-vuelan-alto-para-favorecer-la-igualdad-de-la-mujer-en-el-sector\/","url":"https:\/\/aeroportcastello.com\/es\/el-aeropuerto-se-adhiere-a-ellas-vuelan-alto-para-favorecer-la-igualdad-de-la-mujer-en-el-sector\/","name":"El aeropuerto se adhiere a -Ellas Vuelan Alto- para favorecer la igualdad de la mujer en el sector - Aeropuerto Castell\u00f3n","isPartOf":{"@id":"https:\/\/aeroportcastello.com\/es\/#website"},"datePublished":"2021-03-04T23:00:00+00:00","dateModified":"2021-07-15T07:19:54+00:00","breadcrumb":{"@id":"https:\/\/aeroportcastello.com\/es\/el-aeropuerto-se-adhiere-a-ellas-vuelan-alto-para-favorecer-la-igualdad-de-la-mujer-en-el-sector\/#breadcrumb"},"inLanguage":"es","potentialAction":[{"@type":"ReadAction","target":["https:\/\/aeroportcastello.com\/es\/el-aeropuerto-se-adhiere-a-ellas-vuelan-alto-para-favorecer-la-igualdad-de-la-mujer-en-el-sector\/"]}]},{"@type":"BreadcrumbList","@id":"https:\/\/aeroportcastello.com\/es\/el-aeropuerto-se-adhiere-a-ellas-vuelan-alto-para-favorecer-la-igualdad-de-la-mujer-en-el-sector\/#breadcrumb","itemListElement":[{"@type":"ListItem","position":1,"name":"Pasajeros","item":"https:\/\/aeroportcastello.com\/es\/"},{"@type":"ListItem","position":2,"name":"El aeropuerto se adhiere a -Ellas Vuelan Alto- para favorecer la igualdad de la mujer en el sector"}]},{"@type":"WebSite","@id":"https:\/\/aeroportcastello.com\/es\/#website","url":"https:\/\/aeroportcastello.com\/es\/","name":"Aeropuerto Castell\u00f3n","description":"Aeropuerto Castell\u00f3n","publisher":{"@id":"https:\/\/aeroportcastello.com\/es\/#organization"},"potentialAction":[{"@type":"SearchAction","target":{"@type":"EntryPoint","urlTemplate":"https:\/\/aeroportcastello.com\/es\/?s={search_term_string}"},"query-input":"required name=search_term_string"}],"inLanguage":"es"},{"@type":"Organization","@id":"https:\/\/aeroportcastello.com\/es\/#organization","name":"Aeropuerto Castell\u00f3n","url":"https:\/\/aeroportcastello.com\/es\/","logo":{"@type":"ImageObject","inLanguage":"es","@id":"https:\/\/aeroportcastello.com\/es\/#\/schema\/logo\/image\/","url":"https:\/\/aeroportcastello.com\/wp-content\/uploads\/2021\/05\/logo_aeroport_castello-1.svg","contentUrl":"https:\/\/aeroportcastello.com\/wp-content\/uploads\/2021\/05\/logo_aeroport_castello-1.svg","width":482.8999999999999772626324556767940521240234375,"height":93.7000000000000028421709430404007434844970703125,"caption":"Aeropuerto Castell\u00f3n"},"image":{"@id":"https:\/\/aeroportcastello.com\/es\/#\/schema\/logo\/image\/"}},{"@type":"Person","@id":"https:\/\/aeroportcastello.com\/es\/#\/schema\/person\/6ce30e1beabb48891a1227bcaf9c5afc","name":"admin","image":{"@type":"ImageObject","inLanguage":"es","@id":"https:\/\/aeroportcastello.com\/es\/#\/schema\/person\/image\/","url":"https:\/\/secure.gravatar.com\/avatar\/49a104bbc10efec0d78dc86b9d8c7ddc?s=96&d=mm&r=g","contentUrl":"https:\/\/secure.gravatar.com\/avatar\/49a104bbc10efec0d78dc86b9d8c7ddc?s=96&d=mm&r=g","caption":"admin"},"sameAs":["https:\/\/aeroportcastello.com"],"url":"https:\/\/aeroportcastello.com\/es\/author\/adm-nunsys\/"}]}},"_links":{"self":[{"href":"https:\/\/aeroportcastello.com\/es\/wp-json\/wp\/v2\/posts\/1973"}],"collection":[{"href":"https:\/\/aeroportcastello.com\/es\/wp-json\/wp\/v2\/posts"}],"about":[{"href":"https:\/\/aeroportcastello.com\/es\/wp-json\/wp\/v2\/types\/post"}],"author":[{"embeddable":true,"href":"https:\/\/aeroportcastello.com\/es\/wp-json\/wp\/v2\/users\/1"}],"replies":[{"embeddable":true,"href":"https:\/\/aeroportcastello.com\/es\/wp-json\/wp\/v2\/comments?post=1973"}],"version-history":[{"count":3,"href":"https:\/\/aeroportcastello.com\/es\/wp-json\/wp\/v2\/posts\/1973\/revisions"}],"predecessor-version":[{"id":2005,"href":"https:\/\/aeroportcastello.com\/es\/wp-json\/wp\/v2\/posts\/1973\/revisions\/2005"}],"wp:featuredmedia":[{"embeddable":true,"href":"https:\/\/aeroportcastello.com\/es\/wp-json\/wp\/v2\/media\/1876"}],"wp:attachment":[{"href":"https:\/\/aeroportcastello.com\/es\/wp-json\/wp\/v2\/media?parent=1973"}],"wp:term":[{"taxonomy":"category","embeddable":true,"href":"https:\/\/aeroportcastello.com\/es\/wp-json\/wp\/v2\/categories?post=1973"},{"taxonomy":"post_tag","embeddable":true,"href":"https:\/\/aeroportcastello.com\/es\/wp-json\/wp\/v2\/tags?post=1973"}],"curies":[{"name":"wp","href":"https:\/\/api.w.org\/{rel}","templated":true}]}}