{"id":1875,"date":"2020-08-31T00:00:00","date_gmt":"2020-08-30T22:00:00","guid":{"rendered":"https:\/\/aeroportcastello.com\/el-aeropuerto-de-castellon-recibe-el-avion-de-mayores-dimensiones-desde-su-puesta-en-marcha\/"},"modified":"2021-07-15T12:21:41","modified_gmt":"2021-07-15T10:21:41","slug":"el-aeropuerto-de-castellon-recibe-el-avion-de-mayores-dimensiones-desde-su-puesta-en-marcha","status":"publish","type":"post","link":"https:\/\/aeroportcastello.com\/es\/el-aeropuerto-de-castellon-recibe-el-avion-de-mayores-dimensiones-desde-su-puesta-en-marcha\/","title":{"rendered":"El aeropuerto de Castell\u00f3n recibe el avi\u00f3n de mayores dimensiones desde su puesta en marcha"},"content":{"rendered":"<p>El aeropuerto de Castell\u00f3n ha recibido la aeronave m\u00e1s grande desde que se puso en marcha. Se trata de un avi\u00f3n Boeing 747-400 que ha aterrizado en la base a\u00e9rea para ser desmontado por la empresa e-Cube Solutions, que opera al aeropuerto desde 2019. \u00a0_x000D_<\/p>\n<p>El Boeing 747-400, denominado com\u00fanmente Jumbo, es un avi\u00f3n comercial transcontinental de fuselaje ancho fabricado por Boeing. Es conocido por sus grandes dimensiones y es uno de los aviones m\u00e1s famosos del mundo.<\/p>\n<p>La aeronave -que procede del aeropuerto londinense de Heathrow y que forma parte de la \u00faltima remesa de 31 aviones de este modelo que la compa\u00f1\u00eda British Airways ha anunciado que retirar\u00e1 de la circulaci\u00f3n- hizo su primer vuelo en 1994 y oper\u00f3 por \u00faltima vez el mes de abril.<\/p>\n<p>Aerocas anunci\u00f3 recientemente la aprobaci\u00f3n de la propuesta de la empresa e-Cube Solutions a fin de habilitar una nueva zona de estacionamiento de aviones que alcanzar\u00e1 una superficie de 21.550 metros cuadrados. La plataforma tendr\u00e1 capacidad para acoger entre 15 y 20 aviones de diferentes tama\u00f1os y est\u00e1 previsto que est\u00e9 operativa a finales de este a\u00f1o.<\/p>\n<p>Adem\u00e1s, Aerocas firm\u00f3 recientemente con e-Cube un contrato de diez a\u00f1os para el desarrollo de las actividades de estacionamiento y de desmontaje de aviones. El consejero de Pol\u00edtica Territorial, Movilidad y Obras P\u00fablicas, Arcadi Espa\u00f1a, ha destacado la importancia de la llegada de esta aeronave para ser desmontada, s\u00edmbolo de la apuesta del Consell por la diversificaci\u00f3n del aeropuerto de Castell\u00f3n con el fomento de actividades como las escuelas de vuelo o las empresas de reparaci\u00f3n y log\u00edstica.<\/p>\n","protected":false},"excerpt":{"rendered":"<p>El hist\u00f3rico Boeing 747-400 es un avi\u00f3n comercial transcontinental conocido por ser uno de los m\u00e1s grandes del mundo. La empresa e-Cube Solutions se encargar\u00e1 de desmontarlo<\/p>\n","protected":false},"author":1,"featured_media":1876,"comment_status":"closed","ping_status":"closed","sticky":false,"template":"","format":"standard","meta":{"footnotes":""},"categories":[1],"tags":[],"yoast_head":"<!-- This site is optimized with the Yoast SEO plugin v22.0 - https:\/\/yoast.com\/wordpress\/plugins\/seo\/ -->\n<title>El aeropuerto de Castell\u00f3n recibe el avi\u00f3n de mayores dimensiones desde su puesta en marcha - Aeropuerto Castell\u00f3n<\/title>\n<meta name=\"robots\" content=\"index, follow, max-snippet:-1, max-image-preview:large, max-video-preview:-1\" \/>\n<link rel=\"canonical\" href=\"https:\/\/aeroportcastello.com\/es\/el-aeropuerto-de-castellon-recibe-el-avion-de-mayores-dimensiones-desde-su-puesta-en-marcha\/\" \/>\n<meta property=\"og:locale\" content=\"es_ES\" \/>\n<meta property=\"og:type\" content=\"article\" \/>\n<meta property=\"og:title\" content=\"El aeropuerto de Castell\u00f3n recibe el avi\u00f3n de mayores dimensiones desde su puesta en marcha - Aeropuerto Castell\u00f3n\" \/>\n<meta property=\"og:description\" content=\"El hist\u00f3rico Boeing 747-400 es un avi\u00f3n comercial transcontinental conocido por ser uno de los m\u00e1s grandes del mundo. La empresa e-Cube Solutions se encargar\u00e1 de desmontarlo\" \/>\n<meta property=\"og:url\" content=\"https:\/\/aeroportcastello.com\/es\/el-aeropuerto-de-castellon-recibe-el-avion-de-mayores-dimensiones-desde-su-puesta-en-marcha\/\" \/>\n<meta property=\"og:site_name\" content=\"Aeropuerto Castell\u00f3n\" \/>\n<meta property=\"article:published_time\" content=\"2020-08-30T22:00:00+00:00\" \/>\n<meta property=\"article:modified_time\" content=\"2021-07-15T10:21:41+00:00\" \/>\n<meta property=\"og:image\" content=\"https:\/\/aeroportcastello.com\/wp-content\/uploads\/2021\/07\/foto_2-2.jpg\" \/>\n\t<meta property=\"og:image:width\" content=\"810\" \/>\n\t<meta property=\"og:image:height\" content=\"400\" \/>\n\t<meta property=\"og:image:type\" content=\"image\/jpeg\" \/>\n<meta name=\"author\" content=\"admin\" \/>\n<meta name=\"twitter:card\" content=\"summary_large_image\" \/>\n<meta name=\"twitter:label1\" content=\"Escrito por\" \/>\n\t<meta name=\"twitter:data1\" content=\"admin\" \/>\n\t<meta name=\"twitter:label2\" content=\"Tiempo de lectura\" \/>\n\t<meta name=\"twitter:data2\" content=\"2 minutos\" \/>\n<script type=\"application\/ld+json\" class=\"yoast-schema-graph\">{\"@context\":\"https:\/\/schema.org\",\"@graph\":[{\"@type\":\"Article\",\"@id\":\"https:\/\/aeroportcastello.com\/es\/el-aeropuerto-de-castellon-recibe-el-avion-de-mayores-dimensiones-desde-su-puesta-en-marcha\/#article\",\"isPartOf\":{\"@id\":\"https:\/\/aeroportcastello.com\/es\/el-aeropuerto-de-castellon-recibe-el-avion-de-mayores-dimensiones-desde-su-puesta-en-marcha\/\"},\"author\":{\"name\":\"admin\",\"@id\":\"https:\/\/aeroportcastello.com\/es\/#\/schema\/person\/6ce30e1beabb48891a1227bcaf9c5afc\"},\"headline\":\"El aeropuerto de Castell\u00f3n recibe el avi\u00f3n de mayores dimensiones desde su puesta en marcha\",\"datePublished\":\"2020-08-30T22:00:00+00:00\",\"dateModified\":\"2021-07-15T10:21:41+00:00\",\"mainEntityOfPage\":{\"@id\":\"https:\/\/aeroportcastello.com\/es\/el-aeropuerto-de-castellon-recibe-el-avion-de-mayores-dimensiones-desde-su-puesta-en-marcha\/\"},\"wordCount\":297,\"publisher\":{\"@id\":\"https:\/\/aeroportcastello.com\/es\/#organization\"},\"articleSection\":[\"Noticias Aeropuerto\"],\"inLanguage\":\"es\"},{\"@type\":\"WebPage\",\"@id\":\"https:\/\/aeroportcastello.com\/es\/el-aeropuerto-de-castellon-recibe-el-avion-de-mayores-dimensiones-desde-su-puesta-en-marcha\/\",\"url\":\"https:\/\/aeroportcastello.com\/es\/el-aeropuerto-de-castellon-recibe-el-avion-de-mayores-dimensiones-desde-su-puesta-en-marcha\/\",\"name\":\"El aeropuerto de Castell\u00f3n recibe el avi\u00f3n de mayores dimensiones desde su puesta en marcha - Aeropuerto Castell\u00f3n\",\"isPartOf\":{\"@id\":\"https:\/\/aeroportcastello.com\/es\/#website\"},\"datePublished\":\"2020-08-30T22:00:00+00:00\",\"dateModified\":\"2021-07-15T10:21:41+00:00\",\"breadcrumb\":{\"@id\":\"https:\/\/aeroportcastello.com\/es\/el-aeropuerto-de-castellon-recibe-el-avion-de-mayores-dimensiones-desde-su-puesta-en-marcha\/#breadcrumb\"},\"inLanguage\":\"es\",\"potentialAction\":[{\"@type\":\"ReadAction\",\"target\":[\"https:\/\/aeroportcastello.com\/es\/el-aeropuerto-de-castellon-recibe-el-avion-de-mayores-dimensiones-desde-su-puesta-en-marcha\/\"]}]},{\"@type\":\"BreadcrumbList\",\"@id\":\"https:\/\/aeroportcastello.com\/es\/el-aeropuerto-de-castellon-recibe-el-avion-de-mayores-dimensiones-desde-su-puesta-en-marcha\/#breadcrumb\",\"itemListElement\":[{\"@type\":\"ListItem\",\"position\":1,\"name\":\"Pasajeros\",\"item\":\"https:\/\/aeroportcastello.com\/es\/\"},{\"@type\":\"ListItem\",\"position\":2,\"name\":\"El aeropuerto de Castell\u00f3n recibe el avi\u00f3n de mayores dimensiones desde su puesta en marcha\"}]},{\"@type\":\"WebSite\",\"@id\":\"https:\/\/aeroportcastello.com\/es\/#website\",\"url\":\"https:\/\/aeroportcastello.com\/es\/\",\"name\":\"Aeropuerto Castell\u00f3n\",\"description\":\"Aeropuerto Castell\u00f3n\",\"publisher\":{\"@id\":\"https:\/\/aeroportcastello.com\/es\/#organization\"},\"potentialAction\":[{\"@type\":\"SearchAction\",\"target\":{\"@type\":\"EntryPoint\",\"urlTemplate\":\"https:\/\/aeroportcastello.com\/es\/?s={search_term_string}\"},\"query-input\":\"required name=search_term_string\"}],\"inLanguage\":\"es\"},{\"@type\":\"Organization\",\"@id\":\"https:\/\/aeroportcastello.com\/es\/#organization\",\"name\":\"Aeropuerto Castell\u00f3n\",\"url\":\"https:\/\/aeroportcastello.com\/es\/\",\"logo\":{\"@type\":\"ImageObject\",\"inLanguage\":\"es\",\"@id\":\"https:\/\/aeroportcastello.com\/es\/#\/schema\/logo\/image\/\",\"url\":\"https:\/\/aeroportcastello.com\/wp-content\/uploads\/2021\/05\/logo_aeroport_castello-1.svg\",\"contentUrl\":\"https:\/\/aeroportcastello.com\/wp-content\/uploads\/2021\/05\/logo_aeroport_castello-1.svg\",\"width\":482.8999999999999772626324556767940521240234375,\"height\":93.7000000000000028421709430404007434844970703125,\"caption\":\"Aeropuerto Castell\u00f3n\"},\"image\":{\"@id\":\"https:\/\/aeroportcastello.com\/es\/#\/schema\/logo\/image\/\"}},{\"@type\":\"Person\",\"@id\":\"https:\/\/aeroportcastello.com\/es\/#\/schema\/person\/6ce30e1beabb48891a1227bcaf9c5afc\",\"name\":\"admin\",\"image\":{\"@type\":\"ImageObject\",\"inLanguage\":\"es\",\"@id\":\"https:\/\/aeroportcastello.com\/es\/#\/schema\/person\/image\/\",\"url\":\"https:\/\/secure.gravatar.com\/avatar\/49a104bbc10efec0d78dc86b9d8c7ddc?s=96&d=mm&r=g\",\"contentUrl\":\"https:\/\/secure.gravatar.com\/avatar\/49a104bbc10efec0d78dc86b9d8c7ddc?s=96&d=mm&r=g\",\"caption\":\"admin\"},\"sameAs\":[\"https:\/\/aeroportcastello.com\"],\"url\":\"https:\/\/aeroportcastello.com\/es\/author\/adm-nunsys\/\"}]}<\/script>\n<!-- \/ Yoast SEO plugin. -->","yoast_head_json":{"title":"El aeropuerto de Castell\u00f3n recibe el avi\u00f3n de mayores dimensiones desde su puesta en marcha - Aeropuerto Castell\u00f3n","robots":{"index":"index","follow":"follow","max-snippet":"max-snippet:-1","max-image-preview":"max-image-preview:large","max-video-preview":"max-video-preview:-1"},"canonical":"https:\/\/aeroportcastello.com\/es\/el-aeropuerto-de-castellon-recibe-el-avion-de-mayores-dimensiones-desde-su-puesta-en-marcha\/","og_locale":"es_ES","og_type":"article","og_title":"El aeropuerto de Castell\u00f3n recibe el avi\u00f3n de mayores dimensiones desde su puesta en marcha - Aeropuerto Castell\u00f3n","og_description":"El hist\u00f3rico Boeing 747-400 es un avi\u00f3n comercial transcontinental conocido por ser uno de los m\u00e1s grandes del mundo. La empresa e-Cube Solutions se encargar\u00e1 de desmontarlo","og_url":"https:\/\/aeroportcastello.com\/es\/el-aeropuerto-de-castellon-recibe-el-avion-de-mayores-dimensiones-desde-su-puesta-en-marcha\/","og_site_name":"Aeropuerto Castell\u00f3n","article_published_time":"2020-08-30T22:00:00+00:00","article_modified_time":"2021-07-15T10:21:41+00:00","og_image":[{"width":810,"height":400,"url":"https:\/\/aeroportcastello.com\/wp-content\/uploads\/2021\/07\/foto_2-2.jpg","type":"image\/jpeg"}],"author":"admin","twitter_card":"summary_large_image","twitter_misc":{"Escrito por":"admin","Tiempo de lectura":"2 minutos"},"schema":{"@context":"https:\/\/schema.org","@graph":[{"@type":"Article","@id":"https:\/\/aeroportcastello.com\/es\/el-aeropuerto-de-castellon-recibe-el-avion-de-mayores-dimensiones-desde-su-puesta-en-marcha\/#article","isPartOf":{"@id":"https:\/\/aeroportcastello.com\/es\/el-aeropuerto-de-castellon-recibe-el-avion-de-mayores-dimensiones-desde-su-puesta-en-marcha\/"},"author":{"name":"admin","@id":"https:\/\/aeroportcastello.com\/es\/#\/schema\/person\/6ce30e1beabb48891a1227bcaf9c5afc"},"headline":"El aeropuerto de Castell\u00f3n recibe el avi\u00f3n de mayores dimensiones desde su puesta en marcha","datePublished":"2020-08-30T22:00:00+00:00","dateModified":"2021-07-15T10:21:41+00:00","mainEntityOfPage":{"@id":"https:\/\/aeroportcastello.com\/es\/el-aeropuerto-de-castellon-recibe-el-avion-de-mayores-dimensiones-desde-su-puesta-en-marcha\/"},"wordCount":297,"publisher":{"@id":"https:\/\/aeroportcastello.com\/es\/#organization"},"articleSection":["Noticias Aeropuerto"],"inLanguage":"es"},{"@type":"WebPage","@id":"https:\/\/aeroportcastello.com\/es\/el-aeropuerto-de-castellon-recibe-el-avion-de-mayores-dimensiones-desde-su-puesta-en-marcha\/","url":"https:\/\/aeroportcastello.com\/es\/el-aeropuerto-de-castellon-recibe-el-avion-de-mayores-dimensiones-desde-su-puesta-en-marcha\/","name":"El aeropuerto de Castell\u00f3n recibe el avi\u00f3n de mayores dimensiones desde su puesta en marcha - Aeropuerto Castell\u00f3n","isPartOf":{"@id":"https:\/\/aeroportcastello.com\/es\/#website"},"datePublished":"2020-08-30T22:00:00+00:00","dateModified":"2021-07-15T10:21:41+00:00","breadcrumb":{"@id":"https:\/\/aeroportcastello.com\/es\/el-aeropuerto-de-castellon-recibe-el-avion-de-mayores-dimensiones-desde-su-puesta-en-marcha\/#breadcrumb"},"inLanguage":"es","potentialAction":[{"@type":"ReadAction","target":["https:\/\/aeroportcastello.com\/es\/el-aeropuerto-de-castellon-recibe-el-avion-de-mayores-dimensiones-desde-su-puesta-en-marcha\/"]}]},{"@type":"BreadcrumbList","@id":"https:\/\/aeroportcastello.com\/es\/el-aeropuerto-de-castellon-recibe-el-avion-de-mayores-dimensiones-desde-su-puesta-en-marcha\/#breadcrumb","itemListElement":[{"@type":"ListItem","position":1,"name":"Pasajeros","item":"https:\/\/aeroportcastello.com\/es\/"},{"@type":"ListItem","position":2,"name":"El aeropuerto de Castell\u00f3n recibe el avi\u00f3n de mayores dimensiones desde su puesta en marcha"}]},{"@type":"WebSite","@id":"https:\/\/aeroportcastello.com\/es\/#website","url":"https:\/\/aeroportcastello.com\/es\/","name":"Aeropuerto Castell\u00f3n","description":"Aeropuerto Castell\u00f3n","publisher":{"@id":"https:\/\/aeroportcastello.com\/es\/#organization"},"potentialAction":[{"@type":"SearchAction","target":{"@type":"EntryPoint","urlTemplate":"https:\/\/aeroportcastello.com\/es\/?s={search_term_string}"},"query-input":"required name=search_term_string"}],"inLanguage":"es"},{"@type":"Organization","@id":"https:\/\/aeroportcastello.com\/es\/#organization","name":"Aeropuerto Castell\u00f3n","url":"https:\/\/aeroportcastello.com\/es\/","logo":{"@type":"ImageObject","inLanguage":"es","@id":"https:\/\/aeroportcastello.com\/es\/#\/schema\/logo\/image\/","url":"https:\/\/aeroportcastello.com\/wp-content\/uploads\/2021\/05\/logo_aeroport_castello-1.svg","contentUrl":"https:\/\/aeroportcastello.com\/wp-content\/uploads\/2021\/05\/logo_aeroport_castello-1.svg","width":482.8999999999999772626324556767940521240234375,"height":93.7000000000000028421709430404007434844970703125,"caption":"Aeropuerto Castell\u00f3n"},"image":{"@id":"https:\/\/aeroportcastello.com\/es\/#\/schema\/logo\/image\/"}},{"@type":"Person","@id":"https:\/\/aeroportcastello.com\/es\/#\/schema\/person\/6ce30e1beabb48891a1227bcaf9c5afc","name":"admin","image":{"@type":"ImageObject","inLanguage":"es","@id":"https:\/\/aeroportcastello.com\/es\/#\/schema\/person\/image\/","url":"https:\/\/secure.gravatar.com\/avatar\/49a104bbc10efec0d78dc86b9d8c7ddc?s=96&d=mm&r=g","contentUrl":"https:\/\/secure.gravatar.com\/avatar\/49a104bbc10efec0d78dc86b9d8c7ddc?s=96&d=mm&r=g","caption":"admin"},"sameAs":["https:\/\/aeroportcastello.com"],"url":"https:\/\/aeroportcastello.com\/es\/author\/adm-nunsys\/"}]}},"_links":{"self":[{"href":"https:\/\/aeroportcastello.com\/es\/wp-json\/wp\/v2\/posts\/1875"}],"collection":[{"href":"https:\/\/aeroportcastello.com\/es\/wp-json\/wp\/v2\/posts"}],"about":[{"href":"https:\/\/aeroportcastello.com\/es\/wp-json\/wp\/v2\/types\/post"}],"author":[{"embeddable":true,"href":"https:\/\/aeroportcastello.com\/es\/wp-json\/wp\/v2\/users\/1"}],"replies":[{"embeddable":true,"href":"https:\/\/aeroportcastello.com\/es\/wp-json\/wp\/v2\/comments?post=1875"}],"version-history":[{"count":2,"href":"https:\/\/aeroportcastello.com\/es\/wp-json\/wp\/v2\/posts\/1875\/revisions"}],"predecessor-version":[{"id":2078,"href":"https:\/\/aeroportcastello.com\/es\/wp-json\/wp\/v2\/posts\/1875\/revisions\/2078"}],"wp:featuredmedia":[{"embeddable":true,"href":"https:\/\/aeroportcastello.com\/es\/wp-json\/wp\/v2\/media\/1876"}],"wp:attachment":[{"href":"https:\/\/aeroportcastello.com\/es\/wp-json\/wp\/v2\/media?parent=1875"}],"wp:term":[{"taxonomy":"category","embeddable":true,"href":"https:\/\/aeroportcastello.com\/es\/wp-json\/wp\/v2\/categories?post=1875"},{"taxonomy":"post_tag","embeddable":true,"href":"https:\/\/aeroportcastello.com\/es\/wp-json\/wp\/v2\/tags?post=1875"}],"curies":[{"name":"wp","href":"https:\/\/api.w.org\/{rel}","templated":true}]}}