{"id":1871,"date":"2020-08-18T00:00:00","date_gmt":"2020-08-17T22:00:00","guid":{"rendered":"https:\/\/aeroportcastello.com\/el-aeropuerto-recibe-el-segundo-b747-400-para-desmontar-y-acondiciona-otra-zona-de-estacionamiento\/"},"modified":"2021-07-15T12:22:28","modified_gmt":"2021-07-15T10:22:28","slug":"el-aeropuerto-recibe-el-segundo-b747-400-para-desmontar-y-acondiciona-otra-zona-de-estacionamiento","status":"publish","type":"post","link":"https:\/\/aeroportcastello.com\/es\/el-aeropuerto-recibe-el-segundo-b747-400-para-desmontar-y-acondiciona-otra-zona-de-estacionamiento\/","title":{"rendered":"El aeropuerto recibe el segundo B747-400 para desmontar y acondiciona otra zona de estacionamiento"},"content":{"rendered":"<p>El aeropuerto de Castell\u00f3n tiene previsto acoger hasta cuatro aviones Boeing 747-400 para su desmontaje. Este lunes ha aterrizado la segunda de estas aeronaves, sum\u00e1ndose a la que lleg\u00f3 el pasado 18 de agosto. Adem\u00e1s, han arrancado los trabajos previos de acondicionamiento de una nueva zona de estacionamiento de aeronaves.<\/p>\n<p>Coincidiendo con la llegada del Boeing 747-400, el conseller de Pol\u00edtica Territorial, Movilidad y Obras P\u00fablicas, Arcadi Espa\u00f1a, se ha desplazado hasta el aeropuerto de Castell\u00f3n, donde ha visitado las instalaciones de la empresa e-Cube Solutions, dedicada a las actividades de aparcamiento y desmontaje de aviones. Junto al conseller han estado la secretaria auton\u00f3mica de Obras P\u00fablicas y Movilidad, Mar\u00eda P\u00e9rez, y el director general de Puertos, Aeropuertos y Costas, Emili Obiol.<\/p>\n<p>Los responsables de e-Cube han trasladado al conseller la apuesta de la empresa por potenciar su presencia en el aeropuerto. Prueba de ello, es la previsi\u00f3n de la compa\u00f1\u00eda de desmontar en Castell\u00f3n cuatro Boeing 747-400 que ha adquirido tras ser retirados de la circulaci\u00f3n por la aerol\u00ednea British Airways.<\/p>\n<p>Arcadi Espa\u00f1a ha recordado que este hist\u00f3rico avi\u00f3n, conocido com\u00fanmente como \u201cJumbo\u201d, es uno de los modelos de aeronave comercial m\u00e1s grandes del mundo y que durante d\u00e9cadas ha sido un s\u00edmbolo de la aviaci\u00f3n.<\/p>\n<p>\u201cEl desmontaje de estos aviones de gran tama\u00f1o refuerza la vertiente industrial del aeropuerto y nos permite seguir avanzando en la estrategia de diversificaci\u00f3n de la actividad, en colaboraci\u00f3n con el sector privado\u201d, ha explicado.<\/p>\n<p>Por otra parte, el conseller ha informado que la empresa e-Cube ha iniciado los trabajos previos de acondicionamiento de una nueva plataforma de estacionamiento de aviones, que\u00a0abarcar\u00e1 una superficie de 21.550 metros cuadrados y que dar\u00e1 respuesta a los planes de expansi\u00f3n de la compa\u00f1\u00eda. La plataforma tendr\u00e1 capacidad para acoger entre 15 y 20 aeronaves de diverso tama\u00f1o y est\u00e1 previsto que los trabajos se prolonguen durante un mes y medio.<\/p>\n<p>Por otra parte, en las pr\u00f3ximas semanas est\u00e1 previsto que arranquen las obras de construcci\u00f3n del centro de mantenimiento de aviones impulsado por la empresa Brok-air. El hangar ocupar\u00e1 una superficie de 2.500 metros cuadrados y est\u00e1 dise\u00f1ado para acoger aeronaves de las familias Boeing B-737, Airbus A-320 y ATR. La previsi\u00f3n es que entre en funcionamiento a finales del presente a\u00f1o.<\/p>\n<p>As\u00ed mismo, Arcadi Espa\u00f1a ha recordado que pr\u00f3ximamente se adjudicar\u00e1n las obras de construcci\u00f3n de la nueva plataforma industrial del aeropuerto, un \u00e1rea que concentrar\u00e1 las actividades de estacionamiento, desmontaje y mantenimiento de aviones que ya se est\u00e1n realizando y que posibilitar\u00e1 la llegada de nuevas inversiones.<\/p>\n<p>El conseller ha destacado la capacidad del aeropuerto \u201cde activar nuevos proyectos en un contexto tan complejo como el actual, ya que la pandemia de la Covid-19 ha golpeado con dureza al sector de la aviaci\u00f3n\u201d. \u201cEl objetivo es reforzar la cartera de servicios, ampliar el abanico de actividades, para que el aeropuerto se consolide como un valioso polo econ\u00f3mico al servicio del territorio\u201d, ha explicado.<\/p>\n","protected":false},"excerpt":{"rendered":"<p>El aeropuerto tiene previsto acoger cuatro unidades de este modelo de avi\u00f3n de gran tama\u00f1o para que la empresa e-Cube los desmantele<\/p>\n","protected":false},"author":1,"featured_media":1872,"comment_status":"closed","ping_status":"closed","sticky":false,"template":"","format":"standard","meta":{"footnotes":""},"categories":[1],"tags":[],"yoast_head":"<!-- This site is optimized with the Yoast SEO plugin v22.0 - https:\/\/yoast.com\/wordpress\/plugins\/seo\/ -->\n<title>El aeropuerto recibe el segundo B747-400 para desmontar y acondiciona otra zona de estacionamiento - Aeropuerto Castell\u00f3n<\/title>\n<meta name=\"robots\" content=\"index, follow, max-snippet:-1, max-image-preview:large, max-video-preview:-1\" \/>\n<link rel=\"canonical\" href=\"https:\/\/aeroportcastello.com\/es\/el-aeropuerto-recibe-el-segundo-b747-400-para-desmontar-y-acondiciona-otra-zona-de-estacionamiento\/\" \/>\n<meta property=\"og:locale\" content=\"es_ES\" \/>\n<meta property=\"og:type\" content=\"article\" \/>\n<meta property=\"og:title\" content=\"El aeropuerto recibe el segundo B747-400 para desmontar y acondiciona otra zona de estacionamiento - Aeropuerto Castell\u00f3n\" \/>\n<meta property=\"og:description\" content=\"El aeropuerto tiene previsto acoger cuatro unidades de este modelo de avi\u00f3n de gran tama\u00f1o para que la empresa e-Cube los desmantele\" \/>\n<meta property=\"og:url\" content=\"https:\/\/aeroportcastello.com\/es\/el-aeropuerto-recibe-el-segundo-b747-400-para-desmontar-y-acondiciona-otra-zona-de-estacionamiento\/\" \/>\n<meta property=\"og:site_name\" content=\"Aeropuerto Castell\u00f3n\" \/>\n<meta property=\"article:published_time\" content=\"2020-08-17T22:00:00+00:00\" \/>\n<meta property=\"article:modified_time\" content=\"2021-07-15T10:22:28+00:00\" \/>\n<meta property=\"og:image\" content=\"https:\/\/aeroportcastello.com\/wp-content\/uploads\/2021\/07\/PHOTO_2020_08_31_12_28_15.jpg\" \/>\n\t<meta property=\"og:image:width\" content=\"830\" \/>\n\t<meta property=\"og:image:height\" content=\"400\" \/>\n\t<meta property=\"og:image:type\" content=\"image\/jpeg\" \/>\n<meta name=\"author\" content=\"admin\" \/>\n<meta name=\"twitter:card\" content=\"summary_large_image\" \/>\n<meta name=\"twitter:label1\" content=\"Escrito por\" \/>\n\t<meta name=\"twitter:data1\" content=\"admin\" \/>\n\t<meta name=\"twitter:label2\" content=\"Tiempo de lectura\" \/>\n\t<meta name=\"twitter:data2\" content=\"3 minutos\" \/>\n<script type=\"application\/ld+json\" class=\"yoast-schema-graph\">{\"@context\":\"https:\/\/schema.org\",\"@graph\":[{\"@type\":\"Article\",\"@id\":\"https:\/\/aeroportcastello.com\/es\/el-aeropuerto-recibe-el-segundo-b747-400-para-desmontar-y-acondiciona-otra-zona-de-estacionamiento\/#article\",\"isPartOf\":{\"@id\":\"https:\/\/aeroportcastello.com\/es\/el-aeropuerto-recibe-el-segundo-b747-400-para-desmontar-y-acondiciona-otra-zona-de-estacionamiento\/\"},\"author\":{\"name\":\"admin\",\"@id\":\"https:\/\/aeroportcastello.com\/es\/#\/schema\/person\/6ce30e1beabb48891a1227bcaf9c5afc\"},\"headline\":\"El aeropuerto recibe el segundo B747-400 para desmontar y acondiciona otra zona de estacionamiento\",\"datePublished\":\"2020-08-17T22:00:00+00:00\",\"dateModified\":\"2021-07-15T10:22:28+00:00\",\"mainEntityOfPage\":{\"@id\":\"https:\/\/aeroportcastello.com\/es\/el-aeropuerto-recibe-el-segundo-b747-400-para-desmontar-y-acondiciona-otra-zona-de-estacionamiento\/\"},\"wordCount\":542,\"publisher\":{\"@id\":\"https:\/\/aeroportcastello.com\/es\/#organization\"},\"articleSection\":[\"Noticias Aeropuerto\"],\"inLanguage\":\"es\"},{\"@type\":\"WebPage\",\"@id\":\"https:\/\/aeroportcastello.com\/es\/el-aeropuerto-recibe-el-segundo-b747-400-para-desmontar-y-acondiciona-otra-zona-de-estacionamiento\/\",\"url\":\"https:\/\/aeroportcastello.com\/es\/el-aeropuerto-recibe-el-segundo-b747-400-para-desmontar-y-acondiciona-otra-zona-de-estacionamiento\/\",\"name\":\"El aeropuerto recibe el segundo B747-400 para desmontar y acondiciona otra zona de estacionamiento - Aeropuerto Castell\u00f3n\",\"isPartOf\":{\"@id\":\"https:\/\/aeroportcastello.com\/es\/#website\"},\"datePublished\":\"2020-08-17T22:00:00+00:00\",\"dateModified\":\"2021-07-15T10:22:28+00:00\",\"breadcrumb\":{\"@id\":\"https:\/\/aeroportcastello.com\/es\/el-aeropuerto-recibe-el-segundo-b747-400-para-desmontar-y-acondiciona-otra-zona-de-estacionamiento\/#breadcrumb\"},\"inLanguage\":\"es\",\"potentialAction\":[{\"@type\":\"ReadAction\",\"target\":[\"https:\/\/aeroportcastello.com\/es\/el-aeropuerto-recibe-el-segundo-b747-400-para-desmontar-y-acondiciona-otra-zona-de-estacionamiento\/\"]}]},{\"@type\":\"BreadcrumbList\",\"@id\":\"https:\/\/aeroportcastello.com\/es\/el-aeropuerto-recibe-el-segundo-b747-400-para-desmontar-y-acondiciona-otra-zona-de-estacionamiento\/#breadcrumb\",\"itemListElement\":[{\"@type\":\"ListItem\",\"position\":1,\"name\":\"Pasajeros\",\"item\":\"https:\/\/aeroportcastello.com\/es\/\"},{\"@type\":\"ListItem\",\"position\":2,\"name\":\"El aeropuerto recibe el segundo B747-400 para desmontar y acondiciona otra zona de estacionamiento\"}]},{\"@type\":\"WebSite\",\"@id\":\"https:\/\/aeroportcastello.com\/es\/#website\",\"url\":\"https:\/\/aeroportcastello.com\/es\/\",\"name\":\"Aeropuerto Castell\u00f3n\",\"description\":\"Aeropuerto Castell\u00f3n\",\"publisher\":{\"@id\":\"https:\/\/aeroportcastello.com\/es\/#organization\"},\"potentialAction\":[{\"@type\":\"SearchAction\",\"target\":{\"@type\":\"EntryPoint\",\"urlTemplate\":\"https:\/\/aeroportcastello.com\/es\/?s={search_term_string}\"},\"query-input\":\"required name=search_term_string\"}],\"inLanguage\":\"es\"},{\"@type\":\"Organization\",\"@id\":\"https:\/\/aeroportcastello.com\/es\/#organization\",\"name\":\"Aeropuerto Castell\u00f3n\",\"url\":\"https:\/\/aeroportcastello.com\/es\/\",\"logo\":{\"@type\":\"ImageObject\",\"inLanguage\":\"es\",\"@id\":\"https:\/\/aeroportcastello.com\/es\/#\/schema\/logo\/image\/\",\"url\":\"https:\/\/aeroportcastello.com\/wp-content\/uploads\/2021\/05\/logo_aeroport_castello-1.svg\",\"contentUrl\":\"https:\/\/aeroportcastello.com\/wp-content\/uploads\/2021\/05\/logo_aeroport_castello-1.svg\",\"width\":482.8999999999999772626324556767940521240234375,\"height\":93.7000000000000028421709430404007434844970703125,\"caption\":\"Aeropuerto Castell\u00f3n\"},\"image\":{\"@id\":\"https:\/\/aeroportcastello.com\/es\/#\/schema\/logo\/image\/\"}},{\"@type\":\"Person\",\"@id\":\"https:\/\/aeroportcastello.com\/es\/#\/schema\/person\/6ce30e1beabb48891a1227bcaf9c5afc\",\"name\":\"admin\",\"image\":{\"@type\":\"ImageObject\",\"inLanguage\":\"es\",\"@id\":\"https:\/\/aeroportcastello.com\/es\/#\/schema\/person\/image\/\",\"url\":\"https:\/\/secure.gravatar.com\/avatar\/49a104bbc10efec0d78dc86b9d8c7ddc?s=96&d=mm&r=g\",\"contentUrl\":\"https:\/\/secure.gravatar.com\/avatar\/49a104bbc10efec0d78dc86b9d8c7ddc?s=96&d=mm&r=g\",\"caption\":\"admin\"},\"sameAs\":[\"https:\/\/aeroportcastello.com\"],\"url\":\"https:\/\/aeroportcastello.com\/es\/author\/adm-nunsys\/\"}]}<\/script>\n<!-- \/ Yoast SEO plugin. -->","yoast_head_json":{"title":"El aeropuerto recibe el segundo B747-400 para desmontar y acondiciona otra zona de estacionamiento - Aeropuerto Castell\u00f3n","robots":{"index":"index","follow":"follow","max-snippet":"max-snippet:-1","max-image-preview":"max-image-preview:large","max-video-preview":"max-video-preview:-1"},"canonical":"https:\/\/aeroportcastello.com\/es\/el-aeropuerto-recibe-el-segundo-b747-400-para-desmontar-y-acondiciona-otra-zona-de-estacionamiento\/","og_locale":"es_ES","og_type":"article","og_title":"El aeropuerto recibe el segundo B747-400 para desmontar y acondiciona otra zona de estacionamiento - Aeropuerto Castell\u00f3n","og_description":"El aeropuerto tiene previsto acoger cuatro unidades de este modelo de avi\u00f3n de gran tama\u00f1o para que la empresa e-Cube los desmantele","og_url":"https:\/\/aeroportcastello.com\/es\/el-aeropuerto-recibe-el-segundo-b747-400-para-desmontar-y-acondiciona-otra-zona-de-estacionamiento\/","og_site_name":"Aeropuerto Castell\u00f3n","article_published_time":"2020-08-17T22:00:00+00:00","article_modified_time":"2021-07-15T10:22:28+00:00","og_image":[{"width":830,"height":400,"url":"https:\/\/aeroportcastello.com\/wp-content\/uploads\/2021\/07\/PHOTO_2020_08_31_12_28_15.jpg","type":"image\/jpeg"}],"author":"admin","twitter_card":"summary_large_image","twitter_misc":{"Escrito por":"admin","Tiempo de lectura":"3 minutos"},"schema":{"@context":"https:\/\/schema.org","@graph":[{"@type":"Article","@id":"https:\/\/aeroportcastello.com\/es\/el-aeropuerto-recibe-el-segundo-b747-400-para-desmontar-y-acondiciona-otra-zona-de-estacionamiento\/#article","isPartOf":{"@id":"https:\/\/aeroportcastello.com\/es\/el-aeropuerto-recibe-el-segundo-b747-400-para-desmontar-y-acondiciona-otra-zona-de-estacionamiento\/"},"author":{"name":"admin","@id":"https:\/\/aeroportcastello.com\/es\/#\/schema\/person\/6ce30e1beabb48891a1227bcaf9c5afc"},"headline":"El aeropuerto recibe el segundo B747-400 para desmontar y acondiciona otra zona de estacionamiento","datePublished":"2020-08-17T22:00:00+00:00","dateModified":"2021-07-15T10:22:28+00:00","mainEntityOfPage":{"@id":"https:\/\/aeroportcastello.com\/es\/el-aeropuerto-recibe-el-segundo-b747-400-para-desmontar-y-acondiciona-otra-zona-de-estacionamiento\/"},"wordCount":542,"publisher":{"@id":"https:\/\/aeroportcastello.com\/es\/#organization"},"articleSection":["Noticias Aeropuerto"],"inLanguage":"es"},{"@type":"WebPage","@id":"https:\/\/aeroportcastello.com\/es\/el-aeropuerto-recibe-el-segundo-b747-400-para-desmontar-y-acondiciona-otra-zona-de-estacionamiento\/","url":"https:\/\/aeroportcastello.com\/es\/el-aeropuerto-recibe-el-segundo-b747-400-para-desmontar-y-acondiciona-otra-zona-de-estacionamiento\/","name":"El aeropuerto recibe el segundo B747-400 para desmontar y acondiciona otra zona de estacionamiento - Aeropuerto Castell\u00f3n","isPartOf":{"@id":"https:\/\/aeroportcastello.com\/es\/#website"},"datePublished":"2020-08-17T22:00:00+00:00","dateModified":"2021-07-15T10:22:28+00:00","breadcrumb":{"@id":"https:\/\/aeroportcastello.com\/es\/el-aeropuerto-recibe-el-segundo-b747-400-para-desmontar-y-acondiciona-otra-zona-de-estacionamiento\/#breadcrumb"},"inLanguage":"es","potentialAction":[{"@type":"ReadAction","target":["https:\/\/aeroportcastello.com\/es\/el-aeropuerto-recibe-el-segundo-b747-400-para-desmontar-y-acondiciona-otra-zona-de-estacionamiento\/"]}]},{"@type":"BreadcrumbList","@id":"https:\/\/aeroportcastello.com\/es\/el-aeropuerto-recibe-el-segundo-b747-400-para-desmontar-y-acondiciona-otra-zona-de-estacionamiento\/#breadcrumb","itemListElement":[{"@type":"ListItem","position":1,"name":"Pasajeros","item":"https:\/\/aeroportcastello.com\/es\/"},{"@type":"ListItem","position":2,"name":"El aeropuerto recibe el segundo B747-400 para desmontar y acondiciona otra zona de estacionamiento"}]},{"@type":"WebSite","@id":"https:\/\/aeroportcastello.com\/es\/#website","url":"https:\/\/aeroportcastello.com\/es\/","name":"Aeropuerto Castell\u00f3n","description":"Aeropuerto Castell\u00f3n","publisher":{"@id":"https:\/\/aeroportcastello.com\/es\/#organization"},"potentialAction":[{"@type":"SearchAction","target":{"@type":"EntryPoint","urlTemplate":"https:\/\/aeroportcastello.com\/es\/?s={search_term_string}"},"query-input":"required name=search_term_string"}],"inLanguage":"es"},{"@type":"Organization","@id":"https:\/\/aeroportcastello.com\/es\/#organization","name":"Aeropuerto Castell\u00f3n","url":"https:\/\/aeroportcastello.com\/es\/","logo":{"@type":"ImageObject","inLanguage":"es","@id":"https:\/\/aeroportcastello.com\/es\/#\/schema\/logo\/image\/","url":"https:\/\/aeroportcastello.com\/wp-content\/uploads\/2021\/05\/logo_aeroport_castello-1.svg","contentUrl":"https:\/\/aeroportcastello.com\/wp-content\/uploads\/2021\/05\/logo_aeroport_castello-1.svg","width":482.8999999999999772626324556767940521240234375,"height":93.7000000000000028421709430404007434844970703125,"caption":"Aeropuerto Castell\u00f3n"},"image":{"@id":"https:\/\/aeroportcastello.com\/es\/#\/schema\/logo\/image\/"}},{"@type":"Person","@id":"https:\/\/aeroportcastello.com\/es\/#\/schema\/person\/6ce30e1beabb48891a1227bcaf9c5afc","name":"admin","image":{"@type":"ImageObject","inLanguage":"es","@id":"https:\/\/aeroportcastello.com\/es\/#\/schema\/person\/image\/","url":"https:\/\/secure.gravatar.com\/avatar\/49a104bbc10efec0d78dc86b9d8c7ddc?s=96&d=mm&r=g","contentUrl":"https:\/\/secure.gravatar.com\/avatar\/49a104bbc10efec0d78dc86b9d8c7ddc?s=96&d=mm&r=g","caption":"admin"},"sameAs":["https:\/\/aeroportcastello.com"],"url":"https:\/\/aeroportcastello.com\/es\/author\/adm-nunsys\/"}]}},"_links":{"self":[{"href":"https:\/\/aeroportcastello.com\/es\/wp-json\/wp\/v2\/posts\/1871"}],"collection":[{"href":"https:\/\/aeroportcastello.com\/es\/wp-json\/wp\/v2\/posts"}],"about":[{"href":"https:\/\/aeroportcastello.com\/es\/wp-json\/wp\/v2\/types\/post"}],"author":[{"embeddable":true,"href":"https:\/\/aeroportcastello.com\/es\/wp-json\/wp\/v2\/users\/1"}],"replies":[{"embeddable":true,"href":"https:\/\/aeroportcastello.com\/es\/wp-json\/wp\/v2\/comments?post=1871"}],"version-history":[{"count":1,"href":"https:\/\/aeroportcastello.com\/es\/wp-json\/wp\/v2\/posts\/1871\/revisions"}],"predecessor-version":[{"id":2040,"href":"https:\/\/aeroportcastello.com\/es\/wp-json\/wp\/v2\/posts\/1871\/revisions\/2040"}],"wp:featuredmedia":[{"embeddable":true,"href":"https:\/\/aeroportcastello.com\/es\/wp-json\/wp\/v2\/media\/1872"}],"wp:attachment":[{"href":"https:\/\/aeroportcastello.com\/es\/wp-json\/wp\/v2\/media?parent=1871"}],"wp:term":[{"taxonomy":"category","embeddable":true,"href":"https:\/\/aeroportcastello.com\/es\/wp-json\/wp\/v2\/categories?post=1871"},{"taxonomy":"post_tag","embeddable":true,"href":"https:\/\/aeroportcastello.com\/es\/wp-json\/wp\/v2\/tags?post=1871"}],"curies":[{"name":"wp","href":"https:\/\/api.w.org\/{rel}","templated":true}]}}