{"id":1802,"date":"2020-02-19T00:00:00","date_gmt":"2020-02-18T23:00:00","guid":{"rendered":"https:\/\/aeroportcastello.com\/el-aeropuerto-refuerza-su-proyeccion-exterior-a-traves-de-la-participacion-en-la-feria-connect\/"},"modified":"2021-07-15T12:41:38","modified_gmt":"2021-07-15T10:41:38","slug":"el-aeropuerto-refuerza-su-proyeccion-exterior-a-traves-de-la-participacion-en-la-feria-connect","status":"publish","type":"post","link":"https:\/\/aeroportcastello.com\/es\/el-aeropuerto-refuerza-su-proyeccion-exterior-a-traves-de-la-participacion-en-la-feria-connect\/","title":{"rendered":"El aeropuerto refuerza su proyecci\u00f3n exterior a trav\u00e9s de la participaci\u00f3n en la feria Connect"},"content":{"rendered":"<p>El aeropuerto de Castell\u00f3n participa en la feria de conectividad a\u00e9rea Connect Route Development Forum, que tiene lugar entre el 19 y el 21 de febrero en Antalya (Turqu\u00eda), con la finalidad de reforzar la proyecci\u00f3n exterior de la infraestructura y de promover nuevas oportunidades de negocio.<\/p>\n<p>El director general de Aerocas, Joan Seraf\u00ed Bernat, ha explicado que a lo largo del evento va a mantener diversos encuentros con aerol\u00edneas, aeropuertos y profesionales del sector aeron\u00e1utico, a fin de informar sobre las posibilidades de colaboraci\u00f3n que ofrece el aeropuerto de Castell\u00f3n, as\u00ed como sobre sus ventajas competitivas.<\/p>\n<p>Bernat ha se\u00f1alado que tiene previsto entrevistarse con representantes de aeropuertos europeos con conexiones programadas con Castell\u00f3n, como son los de Viena, Marsella, Budapest y Katowice.<\/p>\n<p>Seg\u00fan el director de Aerocas, &#8220;la finalidad de estas reuniones es abordar la realizaci\u00f3n de acciones promocionales conjuntas dirigidas a fomentar la utilizaci\u00f3n de las rutas y contribuir a su consolidaci\u00f3n&#8221;.<\/p>\n<p>As\u00ed mismo, el director general de Aerocas tiene fijados varios encuentros con aerol\u00edneas, &#8220;que permitir\u00e1n seguir profundizando en los contactos que se vienen manteniendo para la apertura de nuevos mercados y el afianzamiento de los existentes&#8221;.<\/p>\n<p>Joan Seraf\u00ed Bernat ha subrayado la importancia de la presencia del aeropuerto de Castell\u00f3n en Connect, uno de los principales cert\u00e1menes de desarrollo de rutas de Europa, que re\u00fane a cerca de 600 profesionales del sector, incluyendo m\u00e1s 65 aerol\u00edneas y 250 aeropuertos. &#8220;Supone un escaparate internacional de primer nivel en el que promocionar la infraestructura&#8221;, ha a\u00f1adido.<\/p>\n","protected":false},"excerpt":{"rendered":"<p>El director general de Aerocas mantiene encuentros con representantes de aerol\u00edneas y de aeropuertos europeos con conexi\u00f3n con Castell\u00f3n<\/p>\n","protected":false},"author":1,"featured_media":1803,"comment_status":"closed","ping_status":"closed","sticky":false,"template":"","format":"standard","meta":{"footnotes":""},"categories":[1],"tags":[],"yoast_head":"<!-- This site is optimized with the Yoast SEO plugin v22.0 - https:\/\/yoast.com\/wordpress\/plugins\/seo\/ -->\n<title>El aeropuerto refuerza su proyecci\u00f3n exterior a trav\u00e9s de la participaci\u00f3n en la feria Connect - Aeropuerto Castell\u00f3n<\/title>\n<meta name=\"robots\" content=\"index, follow, max-snippet:-1, max-image-preview:large, max-video-preview:-1\" \/>\n<link rel=\"canonical\" href=\"https:\/\/aeroportcastello.com\/es\/el-aeropuerto-refuerza-su-proyeccion-exterior-a-traves-de-la-participacion-en-la-feria-connect\/\" \/>\n<meta property=\"og:locale\" content=\"es_ES\" \/>\n<meta property=\"og:type\" content=\"article\" \/>\n<meta property=\"og:title\" content=\"El aeropuerto refuerza su proyecci\u00f3n exterior a trav\u00e9s de la participaci\u00f3n en la feria Connect - Aeropuerto Castell\u00f3n\" \/>\n<meta property=\"og:description\" content=\"El director general de Aerocas mantiene encuentros con representantes de aerol\u00edneas y de aeropuertos europeos con conexi\u00f3n con Castell\u00f3n\" \/>\n<meta property=\"og:url\" content=\"https:\/\/aeroportcastello.com\/es\/el-aeropuerto-refuerza-su-proyeccion-exterior-a-traves-de-la-participacion-en-la-feria-connect\/\" \/>\n<meta property=\"og:site_name\" content=\"Aeropuerto Castell\u00f3n\" \/>\n<meta property=\"article:published_time\" content=\"2020-02-18T23:00:00+00:00\" \/>\n<meta property=\"article:modified_time\" content=\"2021-07-15T10:41:38+00:00\" \/>\n<meta property=\"og:image\" content=\"https:\/\/aeroportcastello.com\/wp-content\/uploads\/2021\/07\/IMG_20200219_105805_2.jpg\" \/>\n\t<meta property=\"og:image:width\" content=\"830\" \/>\n\t<meta property=\"og:image:height\" content=\"400\" \/>\n\t<meta property=\"og:image:type\" content=\"image\/jpeg\" \/>\n<meta name=\"author\" content=\"admin\" \/>\n<meta name=\"twitter:card\" content=\"summary_large_image\" \/>\n<meta name=\"twitter:label1\" content=\"Escrito por\" \/>\n\t<meta name=\"twitter:data1\" content=\"admin\" \/>\n\t<meta name=\"twitter:label2\" content=\"Tiempo de lectura\" \/>\n\t<meta name=\"twitter:data2\" content=\"2 minutos\" \/>\n<script type=\"application\/ld+json\" class=\"yoast-schema-graph\">{\"@context\":\"https:\/\/schema.org\",\"@graph\":[{\"@type\":\"Article\",\"@id\":\"https:\/\/aeroportcastello.com\/es\/el-aeropuerto-refuerza-su-proyeccion-exterior-a-traves-de-la-participacion-en-la-feria-connect\/#article\",\"isPartOf\":{\"@id\":\"https:\/\/aeroportcastello.com\/es\/el-aeropuerto-refuerza-su-proyeccion-exterior-a-traves-de-la-participacion-en-la-feria-connect\/\"},\"author\":{\"name\":\"admin\",\"@id\":\"https:\/\/aeroportcastello.com\/es\/#\/schema\/person\/6ce30e1beabb48891a1227bcaf9c5afc\"},\"headline\":\"El aeropuerto refuerza su proyecci\u00f3n exterior a trav\u00e9s de la participaci\u00f3n en la feria Connect\",\"datePublished\":\"2020-02-18T23:00:00+00:00\",\"dateModified\":\"2021-07-15T10:41:38+00:00\",\"mainEntityOfPage\":{\"@id\":\"https:\/\/aeroportcastello.com\/es\/el-aeropuerto-refuerza-su-proyeccion-exterior-a-traves-de-la-participacion-en-la-feria-connect\/\"},\"wordCount\":283,\"publisher\":{\"@id\":\"https:\/\/aeroportcastello.com\/es\/#organization\"},\"articleSection\":[\"Noticias Aeropuerto\"],\"inLanguage\":\"es\"},{\"@type\":\"WebPage\",\"@id\":\"https:\/\/aeroportcastello.com\/es\/el-aeropuerto-refuerza-su-proyeccion-exterior-a-traves-de-la-participacion-en-la-feria-connect\/\",\"url\":\"https:\/\/aeroportcastello.com\/es\/el-aeropuerto-refuerza-su-proyeccion-exterior-a-traves-de-la-participacion-en-la-feria-connect\/\",\"name\":\"El aeropuerto refuerza su proyecci\u00f3n exterior a trav\u00e9s de la participaci\u00f3n en la feria Connect - Aeropuerto Castell\u00f3n\",\"isPartOf\":{\"@id\":\"https:\/\/aeroportcastello.com\/es\/#website\"},\"datePublished\":\"2020-02-18T23:00:00+00:00\",\"dateModified\":\"2021-07-15T10:41:38+00:00\",\"breadcrumb\":{\"@id\":\"https:\/\/aeroportcastello.com\/es\/el-aeropuerto-refuerza-su-proyeccion-exterior-a-traves-de-la-participacion-en-la-feria-connect\/#breadcrumb\"},\"inLanguage\":\"es\",\"potentialAction\":[{\"@type\":\"ReadAction\",\"target\":[\"https:\/\/aeroportcastello.com\/es\/el-aeropuerto-refuerza-su-proyeccion-exterior-a-traves-de-la-participacion-en-la-feria-connect\/\"]}]},{\"@type\":\"BreadcrumbList\",\"@id\":\"https:\/\/aeroportcastello.com\/es\/el-aeropuerto-refuerza-su-proyeccion-exterior-a-traves-de-la-participacion-en-la-feria-connect\/#breadcrumb\",\"itemListElement\":[{\"@type\":\"ListItem\",\"position\":1,\"name\":\"Pasajeros\",\"item\":\"https:\/\/aeroportcastello.com\/es\/\"},{\"@type\":\"ListItem\",\"position\":2,\"name\":\"El aeropuerto refuerza su proyecci\u00f3n exterior a trav\u00e9s de la participaci\u00f3n en la feria Connect\"}]},{\"@type\":\"WebSite\",\"@id\":\"https:\/\/aeroportcastello.com\/es\/#website\",\"url\":\"https:\/\/aeroportcastello.com\/es\/\",\"name\":\"Aeropuerto Castell\u00f3n\",\"description\":\"Aeropuerto Castell\u00f3n\",\"publisher\":{\"@id\":\"https:\/\/aeroportcastello.com\/es\/#organization\"},\"potentialAction\":[{\"@type\":\"SearchAction\",\"target\":{\"@type\":\"EntryPoint\",\"urlTemplate\":\"https:\/\/aeroportcastello.com\/es\/?s={search_term_string}\"},\"query-input\":\"required name=search_term_string\"}],\"inLanguage\":\"es\"},{\"@type\":\"Organization\",\"@id\":\"https:\/\/aeroportcastello.com\/es\/#organization\",\"name\":\"Aeropuerto Castell\u00f3n\",\"url\":\"https:\/\/aeroportcastello.com\/es\/\",\"logo\":{\"@type\":\"ImageObject\",\"inLanguage\":\"es\",\"@id\":\"https:\/\/aeroportcastello.com\/es\/#\/schema\/logo\/image\/\",\"url\":\"https:\/\/aeroportcastello.com\/wp-content\/uploads\/2021\/05\/logo_aeroport_castello-1.svg\",\"contentUrl\":\"https:\/\/aeroportcastello.com\/wp-content\/uploads\/2021\/05\/logo_aeroport_castello-1.svg\",\"width\":482.8999999999999772626324556767940521240234375,\"height\":93.7000000000000028421709430404007434844970703125,\"caption\":\"Aeropuerto Castell\u00f3n\"},\"image\":{\"@id\":\"https:\/\/aeroportcastello.com\/es\/#\/schema\/logo\/image\/\"}},{\"@type\":\"Person\",\"@id\":\"https:\/\/aeroportcastello.com\/es\/#\/schema\/person\/6ce30e1beabb48891a1227bcaf9c5afc\",\"name\":\"admin\",\"image\":{\"@type\":\"ImageObject\",\"inLanguage\":\"es\",\"@id\":\"https:\/\/aeroportcastello.com\/es\/#\/schema\/person\/image\/\",\"url\":\"https:\/\/secure.gravatar.com\/avatar\/49a104bbc10efec0d78dc86b9d8c7ddc?s=96&d=mm&r=g\",\"contentUrl\":\"https:\/\/secure.gravatar.com\/avatar\/49a104bbc10efec0d78dc86b9d8c7ddc?s=96&d=mm&r=g\",\"caption\":\"admin\"},\"sameAs\":[\"https:\/\/aeroportcastello.com\"],\"url\":\"https:\/\/aeroportcastello.com\/es\/author\/adm-nunsys\/\"}]}<\/script>\n<!-- \/ Yoast SEO plugin. -->","yoast_head_json":{"title":"El aeropuerto refuerza su proyecci\u00f3n exterior a trav\u00e9s de la participaci\u00f3n en la feria Connect - Aeropuerto Castell\u00f3n","robots":{"index":"index","follow":"follow","max-snippet":"max-snippet:-1","max-image-preview":"max-image-preview:large","max-video-preview":"max-video-preview:-1"},"canonical":"https:\/\/aeroportcastello.com\/es\/el-aeropuerto-refuerza-su-proyeccion-exterior-a-traves-de-la-participacion-en-la-feria-connect\/","og_locale":"es_ES","og_type":"article","og_title":"El aeropuerto refuerza su proyecci\u00f3n exterior a trav\u00e9s de la participaci\u00f3n en la feria Connect - Aeropuerto Castell\u00f3n","og_description":"El director general de Aerocas mantiene encuentros con representantes de aerol\u00edneas y de aeropuertos europeos con conexi\u00f3n con Castell\u00f3n","og_url":"https:\/\/aeroportcastello.com\/es\/el-aeropuerto-refuerza-su-proyeccion-exterior-a-traves-de-la-participacion-en-la-feria-connect\/","og_site_name":"Aeropuerto Castell\u00f3n","article_published_time":"2020-02-18T23:00:00+00:00","article_modified_time":"2021-07-15T10:41:38+00:00","og_image":[{"width":830,"height":400,"url":"https:\/\/aeroportcastello.com\/wp-content\/uploads\/2021\/07\/IMG_20200219_105805_2.jpg","type":"image\/jpeg"}],"author":"admin","twitter_card":"summary_large_image","twitter_misc":{"Escrito por":"admin","Tiempo de lectura":"2 minutos"},"schema":{"@context":"https:\/\/schema.org","@graph":[{"@type":"Article","@id":"https:\/\/aeroportcastello.com\/es\/el-aeropuerto-refuerza-su-proyeccion-exterior-a-traves-de-la-participacion-en-la-feria-connect\/#article","isPartOf":{"@id":"https:\/\/aeroportcastello.com\/es\/el-aeropuerto-refuerza-su-proyeccion-exterior-a-traves-de-la-participacion-en-la-feria-connect\/"},"author":{"name":"admin","@id":"https:\/\/aeroportcastello.com\/es\/#\/schema\/person\/6ce30e1beabb48891a1227bcaf9c5afc"},"headline":"El aeropuerto refuerza su proyecci\u00f3n exterior a trav\u00e9s de la participaci\u00f3n en la feria Connect","datePublished":"2020-02-18T23:00:00+00:00","dateModified":"2021-07-15T10:41:38+00:00","mainEntityOfPage":{"@id":"https:\/\/aeroportcastello.com\/es\/el-aeropuerto-refuerza-su-proyeccion-exterior-a-traves-de-la-participacion-en-la-feria-connect\/"},"wordCount":283,"publisher":{"@id":"https:\/\/aeroportcastello.com\/es\/#organization"},"articleSection":["Noticias Aeropuerto"],"inLanguage":"es"},{"@type":"WebPage","@id":"https:\/\/aeroportcastello.com\/es\/el-aeropuerto-refuerza-su-proyeccion-exterior-a-traves-de-la-participacion-en-la-feria-connect\/","url":"https:\/\/aeroportcastello.com\/es\/el-aeropuerto-refuerza-su-proyeccion-exterior-a-traves-de-la-participacion-en-la-feria-connect\/","name":"El aeropuerto refuerza su proyecci\u00f3n exterior a trav\u00e9s de la participaci\u00f3n en la feria Connect - Aeropuerto Castell\u00f3n","isPartOf":{"@id":"https:\/\/aeroportcastello.com\/es\/#website"},"datePublished":"2020-02-18T23:00:00+00:00","dateModified":"2021-07-15T10:41:38+00:00","breadcrumb":{"@id":"https:\/\/aeroportcastello.com\/es\/el-aeropuerto-refuerza-su-proyeccion-exterior-a-traves-de-la-participacion-en-la-feria-connect\/#breadcrumb"},"inLanguage":"es","potentialAction":[{"@type":"ReadAction","target":["https:\/\/aeroportcastello.com\/es\/el-aeropuerto-refuerza-su-proyeccion-exterior-a-traves-de-la-participacion-en-la-feria-connect\/"]}]},{"@type":"BreadcrumbList","@id":"https:\/\/aeroportcastello.com\/es\/el-aeropuerto-refuerza-su-proyeccion-exterior-a-traves-de-la-participacion-en-la-feria-connect\/#breadcrumb","itemListElement":[{"@type":"ListItem","position":1,"name":"Pasajeros","item":"https:\/\/aeroportcastello.com\/es\/"},{"@type":"ListItem","position":2,"name":"El aeropuerto refuerza su proyecci\u00f3n exterior a trav\u00e9s de la participaci\u00f3n en la feria Connect"}]},{"@type":"WebSite","@id":"https:\/\/aeroportcastello.com\/es\/#website","url":"https:\/\/aeroportcastello.com\/es\/","name":"Aeropuerto Castell\u00f3n","description":"Aeropuerto Castell\u00f3n","publisher":{"@id":"https:\/\/aeroportcastello.com\/es\/#organization"},"potentialAction":[{"@type":"SearchAction","target":{"@type":"EntryPoint","urlTemplate":"https:\/\/aeroportcastello.com\/es\/?s={search_term_string}"},"query-input":"required name=search_term_string"}],"inLanguage":"es"},{"@type":"Organization","@id":"https:\/\/aeroportcastello.com\/es\/#organization","name":"Aeropuerto Castell\u00f3n","url":"https:\/\/aeroportcastello.com\/es\/","logo":{"@type":"ImageObject","inLanguage":"es","@id":"https:\/\/aeroportcastello.com\/es\/#\/schema\/logo\/image\/","url":"https:\/\/aeroportcastello.com\/wp-content\/uploads\/2021\/05\/logo_aeroport_castello-1.svg","contentUrl":"https:\/\/aeroportcastello.com\/wp-content\/uploads\/2021\/05\/logo_aeroport_castello-1.svg","width":482.8999999999999772626324556767940521240234375,"height":93.7000000000000028421709430404007434844970703125,"caption":"Aeropuerto Castell\u00f3n"},"image":{"@id":"https:\/\/aeroportcastello.com\/es\/#\/schema\/logo\/image\/"}},{"@type":"Person","@id":"https:\/\/aeroportcastello.com\/es\/#\/schema\/person\/6ce30e1beabb48891a1227bcaf9c5afc","name":"admin","image":{"@type":"ImageObject","inLanguage":"es","@id":"https:\/\/aeroportcastello.com\/es\/#\/schema\/person\/image\/","url":"https:\/\/secure.gravatar.com\/avatar\/49a104bbc10efec0d78dc86b9d8c7ddc?s=96&d=mm&r=g","contentUrl":"https:\/\/secure.gravatar.com\/avatar\/49a104bbc10efec0d78dc86b9d8c7ddc?s=96&d=mm&r=g","caption":"admin"},"sameAs":["https:\/\/aeroportcastello.com"],"url":"https:\/\/aeroportcastello.com\/es\/author\/adm-nunsys\/"}]}},"_links":{"self":[{"href":"https:\/\/aeroportcastello.com\/es\/wp-json\/wp\/v2\/posts\/1802"}],"collection":[{"href":"https:\/\/aeroportcastello.com\/es\/wp-json\/wp\/v2\/posts"}],"about":[{"href":"https:\/\/aeroportcastello.com\/es\/wp-json\/wp\/v2\/types\/post"}],"author":[{"embeddable":true,"href":"https:\/\/aeroportcastello.com\/es\/wp-json\/wp\/v2\/users\/1"}],"replies":[{"embeddable":true,"href":"https:\/\/aeroportcastello.com\/es\/wp-json\/wp\/v2\/comments?post=1802"}],"version-history":[{"count":1,"href":"https:\/\/aeroportcastello.com\/es\/wp-json\/wp\/v2\/posts\/1802\/revisions"}],"predecessor-version":[{"id":2062,"href":"https:\/\/aeroportcastello.com\/es\/wp-json\/wp\/v2\/posts\/1802\/revisions\/2062"}],"wp:featuredmedia":[{"embeddable":true,"href":"https:\/\/aeroportcastello.com\/es\/wp-json\/wp\/v2\/media\/1803"}],"wp:attachment":[{"href":"https:\/\/aeroportcastello.com\/es\/wp-json\/wp\/v2\/media?parent=1802"}],"wp:term":[{"taxonomy":"category","embeddable":true,"href":"https:\/\/aeroportcastello.com\/es\/wp-json\/wp\/v2\/categories?post=1802"},{"taxonomy":"post_tag","embeddable":true,"href":"https:\/\/aeroportcastello.com\/es\/wp-json\/wp\/v2\/tags?post=1802"}],"curies":[{"name":"wp","href":"https:\/\/api.w.org\/{rel}","templated":true}]}}