{"id":1757,"date":"2021-06-15T10:55:08","date_gmt":"2021-06-15T08:55:08","guid":{"rendered":"https:\/\/aeroportcastello.com\/?p=1757"},"modified":"2021-07-13T10:56:17","modified_gmt":"2021-07-13T08:56:17","slug":"el-aeropuerto-de-castellon-fomenta-la-captacion-de-turistas-nacionales-con-sendas-acciones-promocionales-en-sevilla-y-bilbao","status":"publish","type":"post","link":"https:\/\/aeroportcastello.com\/es\/el-aeropuerto-de-castellon-fomenta-la-captacion-de-turistas-nacionales-con-sendas-acciones-promocionales-en-sevilla-y-bilbao\/","title":{"rendered":"El aeropuerto de Castell\u00f3n fomenta la captaci\u00f3n de turistas nacionales con sendas acciones promocionales en Sevilla y Bilbao"},"content":{"rendered":"<p><strong>Promueve, junto a otras entidades, dos &#8216;workshops&#8217; que reunir\u00e1n a operadores tur\u00edsticos de Castell\u00f3n con agentes de Bilbao y Sevilla.<\/strong><\/p>\n<p>El aeropuerto de Castell\u00f3n ha impulsado sendas acciones promocionales en Sevilla y Bilbao, encaminadas a la captaci\u00f3n de turistas nacionales aprovechando las conexiones que opera el aeropuerto con ambos destinos.<\/p>\n<p>El conseller de Pol\u00edtica Territorial, Obras P\u00fablicas y Movilidad, Arcadi Espa\u00f1a, ha destacado que en la organizaci\u00f3n de ambos eventos se han implicado diferentes entidades, instituciones y colectivos empresariales, destacando la colaboraci\u00f3n de Turisme Comunitat Valenciana a trav\u00e9s del convenio con Aerocas para el desarrollo de acciones difusi\u00f3n.<\/p>\n<p>Seg\u00fan el conseller, &#8220;esta iniciativa conjunta supone una gran oportunidad de promoci\u00f3n para el territorio y de reactivaci\u00f3n del sector tur\u00edstico despu\u00e9s de muchos meses de par\u00e1lisis por la pandemia de COVID-19&#8221;.<\/p>\n<p>&#8220;A trav\u00e9s de esta actuaci\u00f3n promocional conjunta, en la que el empresariado tiene un papel protagonista, pretendemos fomentar operativas tur\u00edsticas vinculadas a las rutas nacionales que ofrece el aeropuerto de Castell\u00f3n en la presente campa\u00f1a estival&#8221;, ha a\u00f1adido el conseller.<\/p>\n<p>La acci\u00f3n de Sevilla tendr\u00e1 lugar los d\u00edas 22 y 23 de junio en Sevilla y cuenta tambi\u00e9n con la colaboraci\u00f3n de la aerol\u00ednea Air Nostrum, la Diputaci\u00f3n de Castell\u00f3n y el empresariado tur\u00edstico de la provincia.<\/p>\n<p>La primera jornada consistir\u00e1 en un &#8216;workshop&#8217; que reunir\u00e1 a agencias de viajes y operadores tur\u00edsticos de Sevilla y de Castell\u00f3n, con el objetivo de que intercambien informaci\u00f3n y exploren v\u00edas de negocio a partir de la puesta en marcha de la ruta que conectar\u00e1 ambos destinos a partir del 28 de julio. Habr\u00e1 tambi\u00e9n una presentaci\u00f3n del destino tur\u00edstico y de la oferta hotelera de la provincia, as\u00ed como del aeropuerto de Castell\u00f3n y de la nueva conexi\u00f3n a\u00e9rea.<\/p>\n<p>En la segunda jornada, hay programado un acto institucional en la Diputaci\u00f3n Provincial de Sevilla, donde participar\u00e1n, entre otros, el conseller de Pol\u00edtica Territorial, Obras P\u00fablicas y Movilidad, Arcadi Espa\u00f1a; el presidente de la Diputaci\u00f3n de Castell\u00f3n, Jos\u00e9 Mart\u00ed; la directora general de Aerocas, Blanca Mar\u00edn, y una representaci\u00f3n de la aerol\u00ednea Air Nostrum, adem\u00e1s de las autoridades locales.<\/p>\n<p>Una semana despu\u00e9s, el 29 de junio, tendr\u00e1 lugar la acci\u00f3n promocional de Bilbao, que tambi\u00e9n se articula a trav\u00e9s del convenio con Turisme Comunitat Valenciana. Adem\u00e1s, cuenta con el respaldo de las c\u00e1maras de comercio de Castell\u00f3n y Bilbao, la Diputaci\u00f3n de Castell\u00f3n, la aerol\u00ednea Volotea y el empresariado tur\u00edstico de Castell\u00f3n.<\/p>\n<p>La iniciativa incluir\u00e1 un &#8216;workshop&#8217; con representantes del sector tur\u00edstico de Castell\u00f3n y Bilbao. El objetivo es promover operativas tur\u00edsticas a trav\u00e9s la conexi\u00f3n a\u00e9rea entre ambos destinos, que est\u00e1 en marcha desde el pasado 10 de junio y hasta el pr\u00f3ximo 27 de septiembre.<\/p>\n<p>As\u00ed mismo, habr\u00e1 una presentaci\u00f3n institucional en la C\u00e1mara de Comercio de Bilbao en la que participar\u00e1n, entre otros, el conseller Arcadi Espa\u00f1a; el presidente de la Diputaci\u00f3n de Castell\u00f3n, Jos\u00e9 Mart\u00ed; la presidenta de la C\u00e1mara de Comercio de Castell\u00f3n, Mar\u00eda Dolores Guillam\u00f3n; la directora general de Aerocas, Blanca Mar\u00edn; una representaci\u00f3n de la aerol\u00ednea Volotea y autoridades locales.<\/p>\n","protected":false},"excerpt":{"rendered":"<p>Promueve, junto a otras entidades, dos &#8216;workshops&#8217; que reunir\u00e1n a operadores tur\u00edsticos de Castell\u00f3n con agentes de Bilbao y Sevilla. El aeropuerto de Castell\u00f3n ha impulsado sendas acciones promocionales en Sevilla y Bilbao, encaminadas a la captaci\u00f3n de turistas nacionales aprovechando las conexiones que opera el aeropuerto con ambos destinos. El conseller de Pol\u00edtica Territorial, &#8230; <\/p>\n<p class=\"read-more-container\"><a title=\"El aeropuerto de Castell\u00f3n fomenta la captaci\u00f3n de turistas nacionales con sendas acciones promocionales en Sevilla y Bilbao\" class=\"read-more button\" href=\"https:\/\/aeroportcastello.com\/es\/el-aeropuerto-de-castellon-fomenta-la-captacion-de-turistas-nacionales-con-sendas-acciones-promocionales-en-sevilla-y-bilbao\/#more-1757\" aria-label=\"Leer m\u00e1s sobre El aeropuerto de Castell\u00f3n fomenta la captaci\u00f3n de turistas nacionales con sendas acciones promocionales en Sevilla y Bilbao\">Leer m\u00e1s<\/a><\/p>\n","protected":false},"author":1,"featured_media":1758,"comment_status":"closed","ping_status":"closed","sticky":false,"template":"","format":"standard","meta":{"footnotes":""},"categories":[1],"tags":[],"yoast_head":"<!-- This site is optimized with the Yoast SEO plugin v22.0 - https:\/\/yoast.com\/wordpress\/plugins\/seo\/ -->\n<title>El aeropuerto de Castell\u00f3n fomenta la captaci\u00f3n de turistas nacionales con sendas acciones promocionales en Sevilla y Bilbao - Aeropuerto Castell\u00f3n<\/title>\n<meta name=\"robots\" content=\"index, follow, max-snippet:-1, max-image-preview:large, max-video-preview:-1\" \/>\n<link rel=\"canonical\" href=\"https:\/\/aeroportcastello.com\/es\/el-aeropuerto-de-castellon-fomenta-la-captacion-de-turistas-nacionales-con-sendas-acciones-promocionales-en-sevilla-y-bilbao\/\" \/>\n<meta property=\"og:locale\" content=\"es_ES\" \/>\n<meta property=\"og:type\" content=\"article\" \/>\n<meta property=\"og:title\" content=\"El aeropuerto de Castell\u00f3n fomenta la captaci\u00f3n de turistas nacionales con sendas acciones promocionales en Sevilla y Bilbao - Aeropuerto Castell\u00f3n\" \/>\n<meta property=\"og:description\" content=\"Promueve, junto a otras entidades, dos &#8216;workshops&#8217; que reunir\u00e1n a operadores tur\u00edsticos de Castell\u00f3n con agentes de Bilbao y Sevilla. El aeropuerto de Castell\u00f3n ha impulsado sendas acciones promocionales en Sevilla y Bilbao, encaminadas a la captaci\u00f3n de turistas nacionales aprovechando las conexiones que opera el aeropuerto con ambos destinos. El conseller de Pol\u00edtica Territorial, ... Leer m\u00e1s\" \/>\n<meta property=\"og:url\" content=\"https:\/\/aeroportcastello.com\/es\/el-aeropuerto-de-castellon-fomenta-la-captacion-de-turistas-nacionales-con-sendas-acciones-promocionales-en-sevilla-y-bilbao\/\" \/>\n<meta property=\"og:site_name\" content=\"Aeropuerto Castell\u00f3n\" \/>\n<meta property=\"article:published_time\" content=\"2021-06-15T08:55:08+00:00\" \/>\n<meta property=\"article:modified_time\" content=\"2021-07-13T08:56:17+00:00\" \/>\n<meta property=\"og:image\" content=\"https:\/\/aeroportcastello.com\/wp-content\/uploads\/2021\/07\/turistas.sevilla.bilbao.02.jpg\" \/>\n\t<meta property=\"og:image:width\" content=\"828\" \/>\n\t<meta property=\"og:image:height\" content=\"400\" \/>\n\t<meta property=\"og:image:type\" content=\"image\/jpeg\" \/>\n<meta name=\"author\" content=\"admin\" \/>\n<meta name=\"twitter:card\" content=\"summary_large_image\" \/>\n<meta name=\"twitter:label1\" content=\"Escrito por\" \/>\n\t<meta name=\"twitter:data1\" content=\"admin\" \/>\n\t<meta name=\"twitter:label2\" content=\"Tiempo de lectura\" \/>\n\t<meta name=\"twitter:data2\" content=\"3 minutos\" \/>\n<script type=\"application\/ld+json\" class=\"yoast-schema-graph\">{\"@context\":\"https:\/\/schema.org\",\"@graph\":[{\"@type\":\"Article\",\"@id\":\"https:\/\/aeroportcastello.com\/es\/el-aeropuerto-de-castellon-fomenta-la-captacion-de-turistas-nacionales-con-sendas-acciones-promocionales-en-sevilla-y-bilbao\/#article\",\"isPartOf\":{\"@id\":\"https:\/\/aeroportcastello.com\/es\/el-aeropuerto-de-castellon-fomenta-la-captacion-de-turistas-nacionales-con-sendas-acciones-promocionales-en-sevilla-y-bilbao\/\"},\"author\":{\"name\":\"admin\",\"@id\":\"https:\/\/aeroportcastello.com\/es\/#\/schema\/person\/6ce30e1beabb48891a1227bcaf9c5afc\"},\"headline\":\"El aeropuerto de Castell\u00f3n fomenta la captaci\u00f3n de turistas nacionales con sendas acciones promocionales en Sevilla y Bilbao\",\"datePublished\":\"2021-06-15T08:55:08+00:00\",\"dateModified\":\"2021-07-13T08:56:17+00:00\",\"mainEntityOfPage\":{\"@id\":\"https:\/\/aeroportcastello.com\/es\/el-aeropuerto-de-castellon-fomenta-la-captacion-de-turistas-nacionales-con-sendas-acciones-promocionales-en-sevilla-y-bilbao\/\"},\"wordCount\":603,\"publisher\":{\"@id\":\"https:\/\/aeroportcastello.com\/es\/#organization\"},\"articleSection\":[\"Noticias Aeropuerto\"],\"inLanguage\":\"es\"},{\"@type\":\"WebPage\",\"@id\":\"https:\/\/aeroportcastello.com\/es\/el-aeropuerto-de-castellon-fomenta-la-captacion-de-turistas-nacionales-con-sendas-acciones-promocionales-en-sevilla-y-bilbao\/\",\"url\":\"https:\/\/aeroportcastello.com\/es\/el-aeropuerto-de-castellon-fomenta-la-captacion-de-turistas-nacionales-con-sendas-acciones-promocionales-en-sevilla-y-bilbao\/\",\"name\":\"El aeropuerto de Castell\u00f3n fomenta la captaci\u00f3n de turistas nacionales con sendas acciones promocionales en Sevilla y Bilbao - Aeropuerto Castell\u00f3n\",\"isPartOf\":{\"@id\":\"https:\/\/aeroportcastello.com\/es\/#website\"},\"datePublished\":\"2021-06-15T08:55:08+00:00\",\"dateModified\":\"2021-07-13T08:56:17+00:00\",\"breadcrumb\":{\"@id\":\"https:\/\/aeroportcastello.com\/es\/el-aeropuerto-de-castellon-fomenta-la-captacion-de-turistas-nacionales-con-sendas-acciones-promocionales-en-sevilla-y-bilbao\/#breadcrumb\"},\"inLanguage\":\"es\",\"potentialAction\":[{\"@type\":\"ReadAction\",\"target\":[\"https:\/\/aeroportcastello.com\/es\/el-aeropuerto-de-castellon-fomenta-la-captacion-de-turistas-nacionales-con-sendas-acciones-promocionales-en-sevilla-y-bilbao\/\"]}]},{\"@type\":\"BreadcrumbList\",\"@id\":\"https:\/\/aeroportcastello.com\/es\/el-aeropuerto-de-castellon-fomenta-la-captacion-de-turistas-nacionales-con-sendas-acciones-promocionales-en-sevilla-y-bilbao\/#breadcrumb\",\"itemListElement\":[{\"@type\":\"ListItem\",\"position\":1,\"name\":\"Pasajeros\",\"item\":\"https:\/\/aeroportcastello.com\/es\/\"},{\"@type\":\"ListItem\",\"position\":2,\"name\":\"El aeropuerto de Castell\u00f3n fomenta la captaci\u00f3n de turistas nacionales con sendas acciones promocionales en Sevilla y Bilbao\"}]},{\"@type\":\"WebSite\",\"@id\":\"https:\/\/aeroportcastello.com\/es\/#website\",\"url\":\"https:\/\/aeroportcastello.com\/es\/\",\"name\":\"Aeropuerto Castell\u00f3n\",\"description\":\"Aeropuerto Castell\u00f3n\",\"publisher\":{\"@id\":\"https:\/\/aeroportcastello.com\/es\/#organization\"},\"potentialAction\":[{\"@type\":\"SearchAction\",\"target\":{\"@type\":\"EntryPoint\",\"urlTemplate\":\"https:\/\/aeroportcastello.com\/es\/?s={search_term_string}\"},\"query-input\":\"required name=search_term_string\"}],\"inLanguage\":\"es\"},{\"@type\":\"Organization\",\"@id\":\"https:\/\/aeroportcastello.com\/es\/#organization\",\"name\":\"Aeropuerto Castell\u00f3n\",\"url\":\"https:\/\/aeroportcastello.com\/es\/\",\"logo\":{\"@type\":\"ImageObject\",\"inLanguage\":\"es\",\"@id\":\"https:\/\/aeroportcastello.com\/es\/#\/schema\/logo\/image\/\",\"url\":\"https:\/\/aeroportcastello.com\/wp-content\/uploads\/2021\/05\/logo_aeroport_castello-1.svg\",\"contentUrl\":\"https:\/\/aeroportcastello.com\/wp-content\/uploads\/2021\/05\/logo_aeroport_castello-1.svg\",\"width\":482.8999999999999772626324556767940521240234375,\"height\":93.7000000000000028421709430404007434844970703125,\"caption\":\"Aeropuerto Castell\u00f3n\"},\"image\":{\"@id\":\"https:\/\/aeroportcastello.com\/es\/#\/schema\/logo\/image\/\"}},{\"@type\":\"Person\",\"@id\":\"https:\/\/aeroportcastello.com\/es\/#\/schema\/person\/6ce30e1beabb48891a1227bcaf9c5afc\",\"name\":\"admin\",\"image\":{\"@type\":\"ImageObject\",\"inLanguage\":\"es\",\"@id\":\"https:\/\/aeroportcastello.com\/es\/#\/schema\/person\/image\/\",\"url\":\"https:\/\/secure.gravatar.com\/avatar\/49a104bbc10efec0d78dc86b9d8c7ddc?s=96&d=mm&r=g\",\"contentUrl\":\"https:\/\/secure.gravatar.com\/avatar\/49a104bbc10efec0d78dc86b9d8c7ddc?s=96&d=mm&r=g\",\"caption\":\"admin\"},\"sameAs\":[\"https:\/\/aeroportcastello.com\"],\"url\":\"https:\/\/aeroportcastello.com\/es\/author\/adm-nunsys\/\"}]}<\/script>\n<!-- \/ Yoast SEO plugin. -->","yoast_head_json":{"title":"El aeropuerto de Castell\u00f3n fomenta la captaci\u00f3n de turistas nacionales con sendas acciones promocionales en Sevilla y Bilbao - Aeropuerto Castell\u00f3n","robots":{"index":"index","follow":"follow","max-snippet":"max-snippet:-1","max-image-preview":"max-image-preview:large","max-video-preview":"max-video-preview:-1"},"canonical":"https:\/\/aeroportcastello.com\/es\/el-aeropuerto-de-castellon-fomenta-la-captacion-de-turistas-nacionales-con-sendas-acciones-promocionales-en-sevilla-y-bilbao\/","og_locale":"es_ES","og_type":"article","og_title":"El aeropuerto de Castell\u00f3n fomenta la captaci\u00f3n de turistas nacionales con sendas acciones promocionales en Sevilla y Bilbao - Aeropuerto Castell\u00f3n","og_description":"Promueve, junto a otras entidades, dos &#8216;workshops&#8217; que reunir\u00e1n a operadores tur\u00edsticos de Castell\u00f3n con agentes de Bilbao y Sevilla. El aeropuerto de Castell\u00f3n ha impulsado sendas acciones promocionales en Sevilla y Bilbao, encaminadas a la captaci\u00f3n de turistas nacionales aprovechando las conexiones que opera el aeropuerto con ambos destinos. El conseller de Pol\u00edtica Territorial, ... Leer m\u00e1s","og_url":"https:\/\/aeroportcastello.com\/es\/el-aeropuerto-de-castellon-fomenta-la-captacion-de-turistas-nacionales-con-sendas-acciones-promocionales-en-sevilla-y-bilbao\/","og_site_name":"Aeropuerto Castell\u00f3n","article_published_time":"2021-06-15T08:55:08+00:00","article_modified_time":"2021-07-13T08:56:17+00:00","og_image":[{"width":828,"height":400,"url":"https:\/\/aeroportcastello.com\/wp-content\/uploads\/2021\/07\/turistas.sevilla.bilbao.02.jpg","type":"image\/jpeg"}],"author":"admin","twitter_card":"summary_large_image","twitter_misc":{"Escrito por":"admin","Tiempo de lectura":"3 minutos"},"schema":{"@context":"https:\/\/schema.org","@graph":[{"@type":"Article","@id":"https:\/\/aeroportcastello.com\/es\/el-aeropuerto-de-castellon-fomenta-la-captacion-de-turistas-nacionales-con-sendas-acciones-promocionales-en-sevilla-y-bilbao\/#article","isPartOf":{"@id":"https:\/\/aeroportcastello.com\/es\/el-aeropuerto-de-castellon-fomenta-la-captacion-de-turistas-nacionales-con-sendas-acciones-promocionales-en-sevilla-y-bilbao\/"},"author":{"name":"admin","@id":"https:\/\/aeroportcastello.com\/es\/#\/schema\/person\/6ce30e1beabb48891a1227bcaf9c5afc"},"headline":"El aeropuerto de Castell\u00f3n fomenta la captaci\u00f3n de turistas nacionales con sendas acciones promocionales en Sevilla y Bilbao","datePublished":"2021-06-15T08:55:08+00:00","dateModified":"2021-07-13T08:56:17+00:00","mainEntityOfPage":{"@id":"https:\/\/aeroportcastello.com\/es\/el-aeropuerto-de-castellon-fomenta-la-captacion-de-turistas-nacionales-con-sendas-acciones-promocionales-en-sevilla-y-bilbao\/"},"wordCount":603,"publisher":{"@id":"https:\/\/aeroportcastello.com\/es\/#organization"},"articleSection":["Noticias Aeropuerto"],"inLanguage":"es"},{"@type":"WebPage","@id":"https:\/\/aeroportcastello.com\/es\/el-aeropuerto-de-castellon-fomenta-la-captacion-de-turistas-nacionales-con-sendas-acciones-promocionales-en-sevilla-y-bilbao\/","url":"https:\/\/aeroportcastello.com\/es\/el-aeropuerto-de-castellon-fomenta-la-captacion-de-turistas-nacionales-con-sendas-acciones-promocionales-en-sevilla-y-bilbao\/","name":"El aeropuerto de Castell\u00f3n fomenta la captaci\u00f3n de turistas nacionales con sendas acciones promocionales en Sevilla y Bilbao - Aeropuerto Castell\u00f3n","isPartOf":{"@id":"https:\/\/aeroportcastello.com\/es\/#website"},"datePublished":"2021-06-15T08:55:08+00:00","dateModified":"2021-07-13T08:56:17+00:00","breadcrumb":{"@id":"https:\/\/aeroportcastello.com\/es\/el-aeropuerto-de-castellon-fomenta-la-captacion-de-turistas-nacionales-con-sendas-acciones-promocionales-en-sevilla-y-bilbao\/#breadcrumb"},"inLanguage":"es","potentialAction":[{"@type":"ReadAction","target":["https:\/\/aeroportcastello.com\/es\/el-aeropuerto-de-castellon-fomenta-la-captacion-de-turistas-nacionales-con-sendas-acciones-promocionales-en-sevilla-y-bilbao\/"]}]},{"@type":"BreadcrumbList","@id":"https:\/\/aeroportcastello.com\/es\/el-aeropuerto-de-castellon-fomenta-la-captacion-de-turistas-nacionales-con-sendas-acciones-promocionales-en-sevilla-y-bilbao\/#breadcrumb","itemListElement":[{"@type":"ListItem","position":1,"name":"Pasajeros","item":"https:\/\/aeroportcastello.com\/es\/"},{"@type":"ListItem","position":2,"name":"El aeropuerto de Castell\u00f3n fomenta la captaci\u00f3n de turistas nacionales con sendas acciones promocionales en Sevilla y Bilbao"}]},{"@type":"WebSite","@id":"https:\/\/aeroportcastello.com\/es\/#website","url":"https:\/\/aeroportcastello.com\/es\/","name":"Aeropuerto Castell\u00f3n","description":"Aeropuerto Castell\u00f3n","publisher":{"@id":"https:\/\/aeroportcastello.com\/es\/#organization"},"potentialAction":[{"@type":"SearchAction","target":{"@type":"EntryPoint","urlTemplate":"https:\/\/aeroportcastello.com\/es\/?s={search_term_string}"},"query-input":"required name=search_term_string"}],"inLanguage":"es"},{"@type":"Organization","@id":"https:\/\/aeroportcastello.com\/es\/#organization","name":"Aeropuerto Castell\u00f3n","url":"https:\/\/aeroportcastello.com\/es\/","logo":{"@type":"ImageObject","inLanguage":"es","@id":"https:\/\/aeroportcastello.com\/es\/#\/schema\/logo\/image\/","url":"https:\/\/aeroportcastello.com\/wp-content\/uploads\/2021\/05\/logo_aeroport_castello-1.svg","contentUrl":"https:\/\/aeroportcastello.com\/wp-content\/uploads\/2021\/05\/logo_aeroport_castello-1.svg","width":482.8999999999999772626324556767940521240234375,"height":93.7000000000000028421709430404007434844970703125,"caption":"Aeropuerto Castell\u00f3n"},"image":{"@id":"https:\/\/aeroportcastello.com\/es\/#\/schema\/logo\/image\/"}},{"@type":"Person","@id":"https:\/\/aeroportcastello.com\/es\/#\/schema\/person\/6ce30e1beabb48891a1227bcaf9c5afc","name":"admin","image":{"@type":"ImageObject","inLanguage":"es","@id":"https:\/\/aeroportcastello.com\/es\/#\/schema\/person\/image\/","url":"https:\/\/secure.gravatar.com\/avatar\/49a104bbc10efec0d78dc86b9d8c7ddc?s=96&d=mm&r=g","contentUrl":"https:\/\/secure.gravatar.com\/avatar\/49a104bbc10efec0d78dc86b9d8c7ddc?s=96&d=mm&r=g","caption":"admin"},"sameAs":["https:\/\/aeroportcastello.com"],"url":"https:\/\/aeroportcastello.com\/es\/author\/adm-nunsys\/"}]}},"_links":{"self":[{"href":"https:\/\/aeroportcastello.com\/es\/wp-json\/wp\/v2\/posts\/1757"}],"collection":[{"href":"https:\/\/aeroportcastello.com\/es\/wp-json\/wp\/v2\/posts"}],"about":[{"href":"https:\/\/aeroportcastello.com\/es\/wp-json\/wp\/v2\/types\/post"}],"author":[{"embeddable":true,"href":"https:\/\/aeroportcastello.com\/es\/wp-json\/wp\/v2\/users\/1"}],"replies":[{"embeddable":true,"href":"https:\/\/aeroportcastello.com\/es\/wp-json\/wp\/v2\/comments?post=1757"}],"version-history":[{"count":1,"href":"https:\/\/aeroportcastello.com\/es\/wp-json\/wp\/v2\/posts\/1757\/revisions"}],"predecessor-version":[{"id":1759,"href":"https:\/\/aeroportcastello.com\/es\/wp-json\/wp\/v2\/posts\/1757\/revisions\/1759"}],"wp:featuredmedia":[{"embeddable":true,"href":"https:\/\/aeroportcastello.com\/es\/wp-json\/wp\/v2\/media\/1758"}],"wp:attachment":[{"href":"https:\/\/aeroportcastello.com\/es\/wp-json\/wp\/v2\/media?parent=1757"}],"wp:term":[{"taxonomy":"category","embeddable":true,"href":"https:\/\/aeroportcastello.com\/es\/wp-json\/wp\/v2\/categories?post=1757"},{"taxonomy":"post_tag","embeddable":true,"href":"https:\/\/aeroportcastello.com\/es\/wp-json\/wp\/v2\/tags?post=1757"}],"curies":[{"name":"wp","href":"https:\/\/api.w.org\/{rel}","templated":true}]}}