{"id":1736,"date":"2021-04-30T10:32:42","date_gmt":"2021-04-30T08:32:42","guid":{"rendered":"https:\/\/aeroportcastello.com\/?p=1736"},"modified":"2021-07-13T10:34:18","modified_gmt":"2021-07-13T08:34:18","slug":"el-aeropuerto-de-castellon-refuerza-la-coordinacion-con-la-direccion-territorial-de-presidencia-de-la-generalitat","status":"publish","type":"post","link":"https:\/\/aeroportcastello.com\/es\/el-aeropuerto-de-castellon-refuerza-la-coordinacion-con-la-direccion-territorial-de-presidencia-de-la-generalitat\/","title":{"rendered":"El aeropuerto de Castell\u00f3n refuerza la coordinaci\u00f3n con la Direcci\u00f3n Territorial de Presid\u00e8ncia de la Generalitat"},"content":{"rendered":"<p><strong>La directora general de Aerocas, Blanca Mar\u00edn, traslada las l\u00edneas de actuaci\u00f3n que se llevan a cabo dentro de la estrategia de diversificaci\u00f3n.<\/strong><\/p>\n<p><strong>La directora territorial de Presid\u00e8ncia, Eva Redondo, destaca que el aeropuerto \u201ces una infraestructura fundamental para la provincia\u201d.<\/strong><\/p>\n<p>La directora general de Aerocas, Blanca Mar\u00edn, ha recibido este viernes a la nueva directora territorial de Presid\u00e8ncia de la Generalitat en Castell\u00f3n, Eva Redondo, en un encuentro en el que ambas han acordado reforzar la colaboraci\u00f3n y coordinaci\u00f3n institucional.<\/p>\n<p>Blanca Mar\u00edn ha detallado las diferentes l\u00edneas de trabajo que se est\u00e1n llevando a cabo, siguiendo la estrategia de diversificaci\u00f3n y desarrollo integral de la instalaci\u00f3n. En este sentido, ha se\u00f1alado que el aeropuerto trabaja en la reactivaci\u00f3n de la operativa regular vinculada al sector tur\u00edstico, a la vez que se est\u00e1 reforzando la cartera de servicios con la incorporaci\u00f3n y ampliaci\u00f3n de actividades de tipo industrial y formativo.<\/p>\n<p>Respecto a la rama formativa, ha destacado la pr\u00f3xima implantaci\u00f3n de un ciclo de FP de mantenimiento de aviones, \u201cuna iniciativa que supone una oportunidad de cualificaci\u00f3n y empleabilidad para el territorio, singularmente, para los municipios del entorno del aeropuerto\u201d.<\/p>\n<p>Por otra parte, la directora general de Aerocas ha apuntado los objetivos estrat\u00e9gicos de activar la l\u00ednea de carga y de poner en marcha un polo empresarial ligado a la log\u00edstica y al sector aeron\u00e1utico en la Zona de Actividades Complementarias del aeropuerto.<\/p>\n<p>Por su parte, la directora territorial de Presid\u00e8ncia, Eva Redondo, ha puesto en valor \u201cel gran trabajo realizado por Aerocas en el \u00faltimo a\u00f1o\u201d. \u201cEn un tiempo marcado por la crisis econ\u00f3mica provocada por la COVID-19, el aeropuerto de Castell\u00f3n ha tenido la capacidad de reinventarse, diversificando y ampliando su actividad industrial, generando econom\u00eda y puestos de trabajo\u201d, ha afirmado.<\/p>\n<p>Para Redondo, el aeropuerto \u201ces una infraestructura fundamental para el desarrollo econ\u00f3mico y social de nuestra provincia y por ello va a haber una colaboraci\u00f3n total entre Presid\u00e8ncia y Aerocas\u201d.<\/p>\n<p>\u201cTenemos varios retos apasionantes que ejecutar, como la creaci\u00f3n de la Zona de Actividades Complementarias, que ser\u00e1 un polo econ\u00f3mico y empresarial, o la puesta en marcha de la formaci\u00f3n profesional en mantenimiento de aviones, una oportunidad \u00fanica para dar empleo a los j\u00f3venes de nuestras comarcas y consolidar poblaci\u00f3n\u201d, ha concluido.<\/p>\n","protected":false},"excerpt":{"rendered":"<p>La directora general de Aerocas, Blanca Mar\u00edn, traslada las l\u00edneas de actuaci\u00f3n que se llevan a cabo dentro de la estrategia de diversificaci\u00f3n. La directora territorial de Presid\u00e8ncia, Eva Redondo, destaca que el aeropuerto \u201ces una infraestructura fundamental para la provincia\u201d. La directora general de Aerocas, Blanca Mar\u00edn, ha recibido este viernes a la nueva &#8230; <\/p>\n<p class=\"read-more-container\"><a title=\"El aeropuerto de Castell\u00f3n refuerza la coordinaci\u00f3n con la Direcci\u00f3n Territorial de Presid\u00e8ncia de la Generalitat\" class=\"read-more button\" href=\"https:\/\/aeroportcastello.com\/es\/el-aeropuerto-de-castellon-refuerza-la-coordinacion-con-la-direccion-territorial-de-presidencia-de-la-generalitat\/#more-1736\" aria-label=\"Leer m\u00e1s sobre El aeropuerto de Castell\u00f3n refuerza la coordinaci\u00f3n con la Direcci\u00f3n Territorial de Presid\u00e8ncia de la Generalitat\">Leer m\u00e1s<\/a><\/p>\n","protected":false},"author":1,"featured_media":1737,"comment_status":"closed","ping_status":"closed","sticky":false,"template":"","format":"standard","meta":{"footnotes":""},"categories":[1],"tags":[],"yoast_head":"<!-- This site is optimized with the Yoast SEO plugin v22.0 - https:\/\/yoast.com\/wordpress\/plugins\/seo\/ -->\n<title>El aeropuerto de Castell\u00f3n refuerza la coordinaci\u00f3n con la Direcci\u00f3n Territorial de Presid\u00e8ncia de la Generalitat - Aeropuerto Castell\u00f3n<\/title>\n<meta name=\"robots\" content=\"index, follow, max-snippet:-1, max-image-preview:large, max-video-preview:-1\" \/>\n<link rel=\"canonical\" href=\"https:\/\/aeroportcastello.com\/es\/el-aeropuerto-de-castellon-refuerza-la-coordinacion-con-la-direccion-territorial-de-presidencia-de-la-generalitat\/\" \/>\n<meta property=\"og:locale\" content=\"es_ES\" \/>\n<meta property=\"og:type\" content=\"article\" \/>\n<meta property=\"og:title\" content=\"El aeropuerto de Castell\u00f3n refuerza la coordinaci\u00f3n con la Direcci\u00f3n Territorial de Presid\u00e8ncia de la Generalitat - Aeropuerto Castell\u00f3n\" \/>\n<meta property=\"og:description\" content=\"La directora general de Aerocas, Blanca Mar\u00edn, traslada las l\u00edneas de actuaci\u00f3n que se llevan a cabo dentro de la estrategia de diversificaci\u00f3n. La directora territorial de Presid\u00e8ncia, Eva Redondo, destaca que el aeropuerto \u201ces una infraestructura fundamental para la provincia\u201d. La directora general de Aerocas, Blanca Mar\u00edn, ha recibido este viernes a la nueva ... Leer m\u00e1s\" \/>\n<meta property=\"og:url\" content=\"https:\/\/aeroportcastello.com\/es\/el-aeropuerto-de-castellon-refuerza-la-coordinacion-con-la-direccion-territorial-de-presidencia-de-la-generalitat\/\" \/>\n<meta property=\"og:site_name\" content=\"Aeropuerto Castell\u00f3n\" \/>\n<meta property=\"article:published_time\" content=\"2021-04-30T08:32:42+00:00\" \/>\n<meta property=\"article:modified_time\" content=\"2021-07-13T08:34:18+00:00\" \/>\n<meta property=\"og:image\" content=\"https:\/\/aeroportcastello.com\/wp-content\/uploads\/2021\/07\/visita.institucional2.jpg\" \/>\n\t<meta property=\"og:image:width\" content=\"828\" \/>\n\t<meta property=\"og:image:height\" content=\"400\" \/>\n\t<meta property=\"og:image:type\" content=\"image\/jpeg\" \/>\n<meta name=\"author\" content=\"admin\" \/>\n<meta name=\"twitter:card\" content=\"summary_large_image\" \/>\n<meta name=\"twitter:label1\" content=\"Escrito por\" \/>\n\t<meta name=\"twitter:data1\" content=\"admin\" \/>\n\t<meta name=\"twitter:label2\" content=\"Tiempo de lectura\" \/>\n\t<meta name=\"twitter:data2\" content=\"2 minutos\" \/>\n<script type=\"application\/ld+json\" class=\"yoast-schema-graph\">{\"@context\":\"https:\/\/schema.org\",\"@graph\":[{\"@type\":\"Article\",\"@id\":\"https:\/\/aeroportcastello.com\/es\/el-aeropuerto-de-castellon-refuerza-la-coordinacion-con-la-direccion-territorial-de-presidencia-de-la-generalitat\/#article\",\"isPartOf\":{\"@id\":\"https:\/\/aeroportcastello.com\/es\/el-aeropuerto-de-castellon-refuerza-la-coordinacion-con-la-direccion-territorial-de-presidencia-de-la-generalitat\/\"},\"author\":{\"name\":\"admin\",\"@id\":\"https:\/\/aeroportcastello.com\/es\/#\/schema\/person\/6ce30e1beabb48891a1227bcaf9c5afc\"},\"headline\":\"El aeropuerto de Castell\u00f3n refuerza la coordinaci\u00f3n con la Direcci\u00f3n Territorial de Presid\u00e8ncia de la Generalitat\",\"datePublished\":\"2021-04-30T08:32:42+00:00\",\"dateModified\":\"2021-07-13T08:34:18+00:00\",\"mainEntityOfPage\":{\"@id\":\"https:\/\/aeroportcastello.com\/es\/el-aeropuerto-de-castellon-refuerza-la-coordinacion-con-la-direccion-territorial-de-presidencia-de-la-generalitat\/\"},\"wordCount\":435,\"publisher\":{\"@id\":\"https:\/\/aeroportcastello.com\/es\/#organization\"},\"articleSection\":[\"Noticias Aeropuerto\"],\"inLanguage\":\"es\"},{\"@type\":\"WebPage\",\"@id\":\"https:\/\/aeroportcastello.com\/es\/el-aeropuerto-de-castellon-refuerza-la-coordinacion-con-la-direccion-territorial-de-presidencia-de-la-generalitat\/\",\"url\":\"https:\/\/aeroportcastello.com\/es\/el-aeropuerto-de-castellon-refuerza-la-coordinacion-con-la-direccion-territorial-de-presidencia-de-la-generalitat\/\",\"name\":\"El aeropuerto de Castell\u00f3n refuerza la coordinaci\u00f3n con la Direcci\u00f3n Territorial de Presid\u00e8ncia de la Generalitat - Aeropuerto Castell\u00f3n\",\"isPartOf\":{\"@id\":\"https:\/\/aeroportcastello.com\/es\/#website\"},\"datePublished\":\"2021-04-30T08:32:42+00:00\",\"dateModified\":\"2021-07-13T08:34:18+00:00\",\"breadcrumb\":{\"@id\":\"https:\/\/aeroportcastello.com\/es\/el-aeropuerto-de-castellon-refuerza-la-coordinacion-con-la-direccion-territorial-de-presidencia-de-la-generalitat\/#breadcrumb\"},\"inLanguage\":\"es\",\"potentialAction\":[{\"@type\":\"ReadAction\",\"target\":[\"https:\/\/aeroportcastello.com\/es\/el-aeropuerto-de-castellon-refuerza-la-coordinacion-con-la-direccion-territorial-de-presidencia-de-la-generalitat\/\"]}]},{\"@type\":\"BreadcrumbList\",\"@id\":\"https:\/\/aeroportcastello.com\/es\/el-aeropuerto-de-castellon-refuerza-la-coordinacion-con-la-direccion-territorial-de-presidencia-de-la-generalitat\/#breadcrumb\",\"itemListElement\":[{\"@type\":\"ListItem\",\"position\":1,\"name\":\"Pasajeros\",\"item\":\"https:\/\/aeroportcastello.com\/es\/\"},{\"@type\":\"ListItem\",\"position\":2,\"name\":\"El aeropuerto de Castell\u00f3n refuerza la coordinaci\u00f3n con la Direcci\u00f3n Territorial de Presid\u00e8ncia de la Generalitat\"}]},{\"@type\":\"WebSite\",\"@id\":\"https:\/\/aeroportcastello.com\/es\/#website\",\"url\":\"https:\/\/aeroportcastello.com\/es\/\",\"name\":\"Aeropuerto Castell\u00f3n\",\"description\":\"Aeropuerto Castell\u00f3n\",\"publisher\":{\"@id\":\"https:\/\/aeroportcastello.com\/es\/#organization\"},\"potentialAction\":[{\"@type\":\"SearchAction\",\"target\":{\"@type\":\"EntryPoint\",\"urlTemplate\":\"https:\/\/aeroportcastello.com\/es\/?s={search_term_string}\"},\"query-input\":\"required name=search_term_string\"}],\"inLanguage\":\"es\"},{\"@type\":\"Organization\",\"@id\":\"https:\/\/aeroportcastello.com\/es\/#organization\",\"name\":\"Aeropuerto Castell\u00f3n\",\"url\":\"https:\/\/aeroportcastello.com\/es\/\",\"logo\":{\"@type\":\"ImageObject\",\"inLanguage\":\"es\",\"@id\":\"https:\/\/aeroportcastello.com\/es\/#\/schema\/logo\/image\/\",\"url\":\"https:\/\/aeroportcastello.com\/wp-content\/uploads\/2021\/05\/logo_aeroport_castello-1.svg\",\"contentUrl\":\"https:\/\/aeroportcastello.com\/wp-content\/uploads\/2021\/05\/logo_aeroport_castello-1.svg\",\"width\":482.8999999999999772626324556767940521240234375,\"height\":93.7000000000000028421709430404007434844970703125,\"caption\":\"Aeropuerto Castell\u00f3n\"},\"image\":{\"@id\":\"https:\/\/aeroportcastello.com\/es\/#\/schema\/logo\/image\/\"}},{\"@type\":\"Person\",\"@id\":\"https:\/\/aeroportcastello.com\/es\/#\/schema\/person\/6ce30e1beabb48891a1227bcaf9c5afc\",\"name\":\"admin\",\"image\":{\"@type\":\"ImageObject\",\"inLanguage\":\"es\",\"@id\":\"https:\/\/aeroportcastello.com\/es\/#\/schema\/person\/image\/\",\"url\":\"https:\/\/secure.gravatar.com\/avatar\/49a104bbc10efec0d78dc86b9d8c7ddc?s=96&d=mm&r=g\",\"contentUrl\":\"https:\/\/secure.gravatar.com\/avatar\/49a104bbc10efec0d78dc86b9d8c7ddc?s=96&d=mm&r=g\",\"caption\":\"admin\"},\"sameAs\":[\"https:\/\/aeroportcastello.com\"],\"url\":\"https:\/\/aeroportcastello.com\/es\/author\/adm-nunsys\/\"}]}<\/script>\n<!-- \/ Yoast SEO plugin. -->","yoast_head_json":{"title":"El aeropuerto de Castell\u00f3n refuerza la coordinaci\u00f3n con la Direcci\u00f3n Territorial de Presid\u00e8ncia de la Generalitat - Aeropuerto Castell\u00f3n","robots":{"index":"index","follow":"follow","max-snippet":"max-snippet:-1","max-image-preview":"max-image-preview:large","max-video-preview":"max-video-preview:-1"},"canonical":"https:\/\/aeroportcastello.com\/es\/el-aeropuerto-de-castellon-refuerza-la-coordinacion-con-la-direccion-territorial-de-presidencia-de-la-generalitat\/","og_locale":"es_ES","og_type":"article","og_title":"El aeropuerto de Castell\u00f3n refuerza la coordinaci\u00f3n con la Direcci\u00f3n Territorial de Presid\u00e8ncia de la Generalitat - Aeropuerto Castell\u00f3n","og_description":"La directora general de Aerocas, Blanca Mar\u00edn, traslada las l\u00edneas de actuaci\u00f3n que se llevan a cabo dentro de la estrategia de diversificaci\u00f3n. La directora territorial de Presid\u00e8ncia, Eva Redondo, destaca que el aeropuerto \u201ces una infraestructura fundamental para la provincia\u201d. La directora general de Aerocas, Blanca Mar\u00edn, ha recibido este viernes a la nueva ... Leer m\u00e1s","og_url":"https:\/\/aeroportcastello.com\/es\/el-aeropuerto-de-castellon-refuerza-la-coordinacion-con-la-direccion-territorial-de-presidencia-de-la-generalitat\/","og_site_name":"Aeropuerto Castell\u00f3n","article_published_time":"2021-04-30T08:32:42+00:00","article_modified_time":"2021-07-13T08:34:18+00:00","og_image":[{"width":828,"height":400,"url":"https:\/\/aeroportcastello.com\/wp-content\/uploads\/2021\/07\/visita.institucional2.jpg","type":"image\/jpeg"}],"author":"admin","twitter_card":"summary_large_image","twitter_misc":{"Escrito por":"admin","Tiempo de lectura":"2 minutos"},"schema":{"@context":"https:\/\/schema.org","@graph":[{"@type":"Article","@id":"https:\/\/aeroportcastello.com\/es\/el-aeropuerto-de-castellon-refuerza-la-coordinacion-con-la-direccion-territorial-de-presidencia-de-la-generalitat\/#article","isPartOf":{"@id":"https:\/\/aeroportcastello.com\/es\/el-aeropuerto-de-castellon-refuerza-la-coordinacion-con-la-direccion-territorial-de-presidencia-de-la-generalitat\/"},"author":{"name":"admin","@id":"https:\/\/aeroportcastello.com\/es\/#\/schema\/person\/6ce30e1beabb48891a1227bcaf9c5afc"},"headline":"El aeropuerto de Castell\u00f3n refuerza la coordinaci\u00f3n con la Direcci\u00f3n Territorial de Presid\u00e8ncia de la Generalitat","datePublished":"2021-04-30T08:32:42+00:00","dateModified":"2021-07-13T08:34:18+00:00","mainEntityOfPage":{"@id":"https:\/\/aeroportcastello.com\/es\/el-aeropuerto-de-castellon-refuerza-la-coordinacion-con-la-direccion-territorial-de-presidencia-de-la-generalitat\/"},"wordCount":435,"publisher":{"@id":"https:\/\/aeroportcastello.com\/es\/#organization"},"articleSection":["Noticias Aeropuerto"],"inLanguage":"es"},{"@type":"WebPage","@id":"https:\/\/aeroportcastello.com\/es\/el-aeropuerto-de-castellon-refuerza-la-coordinacion-con-la-direccion-territorial-de-presidencia-de-la-generalitat\/","url":"https:\/\/aeroportcastello.com\/es\/el-aeropuerto-de-castellon-refuerza-la-coordinacion-con-la-direccion-territorial-de-presidencia-de-la-generalitat\/","name":"El aeropuerto de Castell\u00f3n refuerza la coordinaci\u00f3n con la Direcci\u00f3n Territorial de Presid\u00e8ncia de la Generalitat - Aeropuerto Castell\u00f3n","isPartOf":{"@id":"https:\/\/aeroportcastello.com\/es\/#website"},"datePublished":"2021-04-30T08:32:42+00:00","dateModified":"2021-07-13T08:34:18+00:00","breadcrumb":{"@id":"https:\/\/aeroportcastello.com\/es\/el-aeropuerto-de-castellon-refuerza-la-coordinacion-con-la-direccion-territorial-de-presidencia-de-la-generalitat\/#breadcrumb"},"inLanguage":"es","potentialAction":[{"@type":"ReadAction","target":["https:\/\/aeroportcastello.com\/es\/el-aeropuerto-de-castellon-refuerza-la-coordinacion-con-la-direccion-territorial-de-presidencia-de-la-generalitat\/"]}]},{"@type":"BreadcrumbList","@id":"https:\/\/aeroportcastello.com\/es\/el-aeropuerto-de-castellon-refuerza-la-coordinacion-con-la-direccion-territorial-de-presidencia-de-la-generalitat\/#breadcrumb","itemListElement":[{"@type":"ListItem","position":1,"name":"Pasajeros","item":"https:\/\/aeroportcastello.com\/es\/"},{"@type":"ListItem","position":2,"name":"El aeropuerto de Castell\u00f3n refuerza la coordinaci\u00f3n con la Direcci\u00f3n Territorial de Presid\u00e8ncia de la Generalitat"}]},{"@type":"WebSite","@id":"https:\/\/aeroportcastello.com\/es\/#website","url":"https:\/\/aeroportcastello.com\/es\/","name":"Aeropuerto Castell\u00f3n","description":"Aeropuerto Castell\u00f3n","publisher":{"@id":"https:\/\/aeroportcastello.com\/es\/#organization"},"potentialAction":[{"@type":"SearchAction","target":{"@type":"EntryPoint","urlTemplate":"https:\/\/aeroportcastello.com\/es\/?s={search_term_string}"},"query-input":"required name=search_term_string"}],"inLanguage":"es"},{"@type":"Organization","@id":"https:\/\/aeroportcastello.com\/es\/#organization","name":"Aeropuerto Castell\u00f3n","url":"https:\/\/aeroportcastello.com\/es\/","logo":{"@type":"ImageObject","inLanguage":"es","@id":"https:\/\/aeroportcastello.com\/es\/#\/schema\/logo\/image\/","url":"https:\/\/aeroportcastello.com\/wp-content\/uploads\/2021\/05\/logo_aeroport_castello-1.svg","contentUrl":"https:\/\/aeroportcastello.com\/wp-content\/uploads\/2021\/05\/logo_aeroport_castello-1.svg","width":482.8999999999999772626324556767940521240234375,"height":93.7000000000000028421709430404007434844970703125,"caption":"Aeropuerto Castell\u00f3n"},"image":{"@id":"https:\/\/aeroportcastello.com\/es\/#\/schema\/logo\/image\/"}},{"@type":"Person","@id":"https:\/\/aeroportcastello.com\/es\/#\/schema\/person\/6ce30e1beabb48891a1227bcaf9c5afc","name":"admin","image":{"@type":"ImageObject","inLanguage":"es","@id":"https:\/\/aeroportcastello.com\/es\/#\/schema\/person\/image\/","url":"https:\/\/secure.gravatar.com\/avatar\/49a104bbc10efec0d78dc86b9d8c7ddc?s=96&d=mm&r=g","contentUrl":"https:\/\/secure.gravatar.com\/avatar\/49a104bbc10efec0d78dc86b9d8c7ddc?s=96&d=mm&r=g","caption":"admin"},"sameAs":["https:\/\/aeroportcastello.com"],"url":"https:\/\/aeroportcastello.com\/es\/author\/adm-nunsys\/"}]}},"_links":{"self":[{"href":"https:\/\/aeroportcastello.com\/es\/wp-json\/wp\/v2\/posts\/1736"}],"collection":[{"href":"https:\/\/aeroportcastello.com\/es\/wp-json\/wp\/v2\/posts"}],"about":[{"href":"https:\/\/aeroportcastello.com\/es\/wp-json\/wp\/v2\/types\/post"}],"author":[{"embeddable":true,"href":"https:\/\/aeroportcastello.com\/es\/wp-json\/wp\/v2\/users\/1"}],"replies":[{"embeddable":true,"href":"https:\/\/aeroportcastello.com\/es\/wp-json\/wp\/v2\/comments?post=1736"}],"version-history":[{"count":1,"href":"https:\/\/aeroportcastello.com\/es\/wp-json\/wp\/v2\/posts\/1736\/revisions"}],"predecessor-version":[{"id":1738,"href":"https:\/\/aeroportcastello.com\/es\/wp-json\/wp\/v2\/posts\/1736\/revisions\/1738"}],"wp:featuredmedia":[{"embeddable":true,"href":"https:\/\/aeroportcastello.com\/es\/wp-json\/wp\/v2\/media\/1737"}],"wp:attachment":[{"href":"https:\/\/aeroportcastello.com\/es\/wp-json\/wp\/v2\/media?parent=1736"}],"wp:term":[{"taxonomy":"category","embeddable":true,"href":"https:\/\/aeroportcastello.com\/es\/wp-json\/wp\/v2\/categories?post=1736"},{"taxonomy":"post_tag","embeddable":true,"href":"https:\/\/aeroportcastello.com\/es\/wp-json\/wp\/v2\/tags?post=1736"}],"curies":[{"name":"wp","href":"https:\/\/api.w.org\/{rel}","templated":true}]}}