{"id":1543,"date":"2021-07-04T09:56:25","date_gmt":"2021-07-04T07:56:25","guid":{"rendered":"https:\/\/aeroportcastello.com\/?p=1543"},"modified":"2021-07-05T09:59:24","modified_gmt":"2021-07-05T07:59:24","slug":"el-aeropuerto-de-castellon-recupera-la-ruta-de-bucarest-con-dos-frecuencias-semanales","status":"publish","type":"post","link":"https:\/\/aeroportcastello.com\/es\/el-aeropuerto-de-castellon-recupera-la-ruta-de-bucarest-con-dos-frecuencias-semanales\/","title":{"rendered":"El aeropuerto de Castell\u00f3n recupera la ruta de Bucarest con dos frecuencias semanales"},"content":{"rendered":"<p><strong>La conexi\u00f3n, que opera en mi\u00e9rcoles y domingo, supone el regreso de Wizz Air al aeropuerto tras un par\u00e9ntesis de nueves meses.<\/strong><\/p>\n<p>El aeropuerto de Castell\u00f3n ha recuperado este domingo la ruta a\u00e9rea que conecta con Bucarest, operada por la compa\u00f1\u00eda Wizz Air, que dispone de dos frecuencias semanales, en mi\u00e9rcoles y domingo.<\/p>\n<p>La directora general de Aerocas,\u00a0Blanca Mar\u00edn, ha valorado la activaci\u00f3n de esta conexi\u00f3n internacional, \u201cpese a que todav\u00eda persiste una situaci\u00f3n de incertidumbre en lo que respecta a los mercados internacionales debido a la pandemia, lo que repercute directamente en la demanda\u201d. En este sentido, ha recordado que tambi\u00e9n est\u00e1 vigente una conexi\u00f3n con Londres de la aerol\u00ednea Ryanair.<\/p>\n<p>As\u00ed mismo, Blanca Mar\u00edn ha subrayado que la reanudaci\u00f3n de los vuelos a Bucarest supone el retorno al aeropuerto de la compa\u00f1\u00eda Wizz Air, que dej\u00f3 de operar en Castell\u00f3n a finales de septiembre de 2021 por la crisis de la COVID-19.<\/p>\n<p>La directora general de Aerocas ha destacado la apuesta realizada por el aeropuerto en esta temporada, marcada a\u00fan por la pandemia, por el mercado nacional, \u201cque es el que presenta m\u00e1s certidumbre en cuanto al tr\u00e1fico a\u00e9reo y al turismo\u201d.<\/p>\n<p>El aeropuerto opera desde el pasado 10 de junio y hasta el 27 de septiembre una ruta con Bilbao, gestionada por Volotea, y el pr\u00f3ximo 28 de julio estrena la nueva conexi\u00f3n con Sevilla de la aerol\u00ednea Air Nostrum.<\/p>\n","protected":false},"excerpt":{"rendered":"<p>La conexi\u00f3n, que opera en mi\u00e9rcoles y domingo, supone el regreso de Wizz Air al aeropuerto tras un par\u00e9ntesis de nueves meses. El aeropuerto de Castell\u00f3n ha recuperado este domingo la ruta a\u00e9rea que conecta con Bucarest, operada por la compa\u00f1\u00eda Wizz Air, que dispone de dos frecuencias semanales, en mi\u00e9rcoles y domingo. La directora &#8230; <\/p>\n<p class=\"read-more-container\"><a title=\"El aeropuerto de Castell\u00f3n recupera la ruta de Bucarest con dos frecuencias semanales\" class=\"read-more button\" href=\"https:\/\/aeroportcastello.com\/es\/el-aeropuerto-de-castellon-recupera-la-ruta-de-bucarest-con-dos-frecuencias-semanales\/#more-1543\" aria-label=\"Leer m\u00e1s sobre El aeropuerto de Castell\u00f3n recupera la ruta de Bucarest con dos frecuencias semanales\">Leer m\u00e1s<\/a><\/p>\n","protected":false},"author":1,"featured_media":1546,"comment_status":"open","ping_status":"open","sticky":false,"template":"","format":"standard","meta":{"footnotes":""},"categories":[1],"tags":[],"yoast_head":"<!-- This site is optimized with the Yoast SEO plugin v22.0 - https:\/\/yoast.com\/wordpress\/plugins\/seo\/ -->\n<title>El aeropuerto de Castell\u00f3n recupera la ruta de Bucarest con dos frecuencias semanales - Aeropuerto Castell\u00f3n<\/title>\n<meta name=\"robots\" content=\"index, follow, max-snippet:-1, max-image-preview:large, max-video-preview:-1\" \/>\n<link rel=\"canonical\" href=\"https:\/\/aeroportcastello.com\/es\/el-aeropuerto-de-castellon-recupera-la-ruta-de-bucarest-con-dos-frecuencias-semanales\/\" \/>\n<meta property=\"og:locale\" content=\"es_ES\" \/>\n<meta property=\"og:type\" content=\"article\" \/>\n<meta property=\"og:title\" content=\"El aeropuerto de Castell\u00f3n recupera la ruta de Bucarest con dos frecuencias semanales - Aeropuerto Castell\u00f3n\" \/>\n<meta property=\"og:description\" content=\"La conexi\u00f3n, que opera en mi\u00e9rcoles y domingo, supone el regreso de Wizz Air al aeropuerto tras un par\u00e9ntesis de nueves meses. El aeropuerto de Castell\u00f3n ha recuperado este domingo la ruta a\u00e9rea que conecta con Bucarest, operada por la compa\u00f1\u00eda Wizz Air, que dispone de dos frecuencias semanales, en mi\u00e9rcoles y domingo. La directora ... Leer m\u00e1s\" \/>\n<meta property=\"og:url\" content=\"https:\/\/aeroportcastello.com\/es\/el-aeropuerto-de-castellon-recupera-la-ruta-de-bucarest-con-dos-frecuencias-semanales\/\" \/>\n<meta property=\"og:site_name\" content=\"Aeropuerto Castell\u00f3n\" \/>\n<meta property=\"article:published_time\" content=\"2021-07-04T07:56:25+00:00\" \/>\n<meta property=\"article:modified_time\" content=\"2021-07-05T07:59:24+00:00\" \/>\n<meta property=\"og:image\" content=\"https:\/\/aeroportcastello.com\/wp-content\/uploads\/2021\/07\/el-aeropuerto-de-castellon-frecuencias-mensuales.02.jpg\" \/>\n\t<meta property=\"og:image:width\" content=\"828\" \/>\n\t<meta property=\"og:image:height\" content=\"400\" \/>\n\t<meta property=\"og:image:type\" content=\"image\/jpeg\" \/>\n<meta name=\"author\" content=\"admin\" \/>\n<meta name=\"twitter:card\" content=\"summary_large_image\" \/>\n<meta name=\"twitter:label1\" content=\"Escrito por\" \/>\n\t<meta name=\"twitter:data1\" content=\"admin\" \/>\n\t<meta name=\"twitter:label2\" content=\"Tiempo de lectura\" \/>\n\t<meta name=\"twitter:data2\" content=\"2 minutos\" \/>\n<script type=\"application\/ld+json\" class=\"yoast-schema-graph\">{\"@context\":\"https:\/\/schema.org\",\"@graph\":[{\"@type\":\"Article\",\"@id\":\"https:\/\/aeroportcastello.com\/es\/el-aeropuerto-de-castellon-recupera-la-ruta-de-bucarest-con-dos-frecuencias-semanales\/#article\",\"isPartOf\":{\"@id\":\"https:\/\/aeroportcastello.com\/es\/el-aeropuerto-de-castellon-recupera-la-ruta-de-bucarest-con-dos-frecuencias-semanales\/\"},\"author\":{\"name\":\"admin\",\"@id\":\"https:\/\/aeroportcastello.com\/es\/#\/schema\/person\/6ce30e1beabb48891a1227bcaf9c5afc\"},\"headline\":\"El aeropuerto de Castell\u00f3n recupera la ruta de Bucarest con dos frecuencias semanales\",\"datePublished\":\"2021-07-04T07:56:25+00:00\",\"dateModified\":\"2021-07-05T07:59:24+00:00\",\"mainEntityOfPage\":{\"@id\":\"https:\/\/aeroportcastello.com\/es\/el-aeropuerto-de-castellon-recupera-la-ruta-de-bucarest-con-dos-frecuencias-semanales\/\"},\"wordCount\":270,\"commentCount\":0,\"publisher\":{\"@id\":\"https:\/\/aeroportcastello.com\/es\/#organization\"},\"articleSection\":[\"Noticias Aeropuerto\"],\"inLanguage\":\"es\",\"potentialAction\":[{\"@type\":\"CommentAction\",\"name\":\"Comment\",\"target\":[\"https:\/\/aeroportcastello.com\/es\/el-aeropuerto-de-castellon-recupera-la-ruta-de-bucarest-con-dos-frecuencias-semanales\/#respond\"]}]},{\"@type\":\"WebPage\",\"@id\":\"https:\/\/aeroportcastello.com\/es\/el-aeropuerto-de-castellon-recupera-la-ruta-de-bucarest-con-dos-frecuencias-semanales\/\",\"url\":\"https:\/\/aeroportcastello.com\/es\/el-aeropuerto-de-castellon-recupera-la-ruta-de-bucarest-con-dos-frecuencias-semanales\/\",\"name\":\"El aeropuerto de Castell\u00f3n recupera la ruta de Bucarest con dos frecuencias semanales - Aeropuerto Castell\u00f3n\",\"isPartOf\":{\"@id\":\"https:\/\/aeroportcastello.com\/es\/#website\"},\"datePublished\":\"2021-07-04T07:56:25+00:00\",\"dateModified\":\"2021-07-05T07:59:24+00:00\",\"breadcrumb\":{\"@id\":\"https:\/\/aeroportcastello.com\/es\/el-aeropuerto-de-castellon-recupera-la-ruta-de-bucarest-con-dos-frecuencias-semanales\/#breadcrumb\"},\"inLanguage\":\"es\",\"potentialAction\":[{\"@type\":\"ReadAction\",\"target\":[\"https:\/\/aeroportcastello.com\/es\/el-aeropuerto-de-castellon-recupera-la-ruta-de-bucarest-con-dos-frecuencias-semanales\/\"]}]},{\"@type\":\"BreadcrumbList\",\"@id\":\"https:\/\/aeroportcastello.com\/es\/el-aeropuerto-de-castellon-recupera-la-ruta-de-bucarest-con-dos-frecuencias-semanales\/#breadcrumb\",\"itemListElement\":[{\"@type\":\"ListItem\",\"position\":1,\"name\":\"Pasajeros\",\"item\":\"https:\/\/aeroportcastello.com\/es\/\"},{\"@type\":\"ListItem\",\"position\":2,\"name\":\"El aeropuerto de Castell\u00f3n recupera la ruta de Bucarest con dos frecuencias semanales\"}]},{\"@type\":\"WebSite\",\"@id\":\"https:\/\/aeroportcastello.com\/es\/#website\",\"url\":\"https:\/\/aeroportcastello.com\/es\/\",\"name\":\"Aeropuerto Castell\u00f3n\",\"description\":\"Aeropuerto Castell\u00f3n\",\"publisher\":{\"@id\":\"https:\/\/aeroportcastello.com\/es\/#organization\"},\"potentialAction\":[{\"@type\":\"SearchAction\",\"target\":{\"@type\":\"EntryPoint\",\"urlTemplate\":\"https:\/\/aeroportcastello.com\/es\/?s={search_term_string}\"},\"query-input\":\"required name=search_term_string\"}],\"inLanguage\":\"es\"},{\"@type\":\"Organization\",\"@id\":\"https:\/\/aeroportcastello.com\/es\/#organization\",\"name\":\"Aeropuerto Castell\u00f3n\",\"url\":\"https:\/\/aeroportcastello.com\/es\/\",\"logo\":{\"@type\":\"ImageObject\",\"inLanguage\":\"es\",\"@id\":\"https:\/\/aeroportcastello.com\/es\/#\/schema\/logo\/image\/\",\"url\":\"https:\/\/aeroportcastello.com\/wp-content\/uploads\/2021\/05\/logo_aeroport_castello-1.svg\",\"contentUrl\":\"https:\/\/aeroportcastello.com\/wp-content\/uploads\/2021\/05\/logo_aeroport_castello-1.svg\",\"width\":482.8999999999999772626324556767940521240234375,\"height\":93.7000000000000028421709430404007434844970703125,\"caption\":\"Aeropuerto Castell\u00f3n\"},\"image\":{\"@id\":\"https:\/\/aeroportcastello.com\/es\/#\/schema\/logo\/image\/\"}},{\"@type\":\"Person\",\"@id\":\"https:\/\/aeroportcastello.com\/es\/#\/schema\/person\/6ce30e1beabb48891a1227bcaf9c5afc\",\"name\":\"admin\",\"image\":{\"@type\":\"ImageObject\",\"inLanguage\":\"es\",\"@id\":\"https:\/\/aeroportcastello.com\/es\/#\/schema\/person\/image\/\",\"url\":\"https:\/\/secure.gravatar.com\/avatar\/49a104bbc10efec0d78dc86b9d8c7ddc?s=96&d=mm&r=g\",\"contentUrl\":\"https:\/\/secure.gravatar.com\/avatar\/49a104bbc10efec0d78dc86b9d8c7ddc?s=96&d=mm&r=g\",\"caption\":\"admin\"},\"sameAs\":[\"https:\/\/aeroportcastello.com\"],\"url\":\"https:\/\/aeroportcastello.com\/es\/author\/adm-nunsys\/\"}]}<\/script>\n<!-- \/ Yoast SEO plugin. -->","yoast_head_json":{"title":"El aeropuerto de Castell\u00f3n recupera la ruta de Bucarest con dos frecuencias semanales - Aeropuerto Castell\u00f3n","robots":{"index":"index","follow":"follow","max-snippet":"max-snippet:-1","max-image-preview":"max-image-preview:large","max-video-preview":"max-video-preview:-1"},"canonical":"https:\/\/aeroportcastello.com\/es\/el-aeropuerto-de-castellon-recupera-la-ruta-de-bucarest-con-dos-frecuencias-semanales\/","og_locale":"es_ES","og_type":"article","og_title":"El aeropuerto de Castell\u00f3n recupera la ruta de Bucarest con dos frecuencias semanales - Aeropuerto Castell\u00f3n","og_description":"La conexi\u00f3n, que opera en mi\u00e9rcoles y domingo, supone el regreso de Wizz Air al aeropuerto tras un par\u00e9ntesis de nueves meses. El aeropuerto de Castell\u00f3n ha recuperado este domingo la ruta a\u00e9rea que conecta con Bucarest, operada por la compa\u00f1\u00eda Wizz Air, que dispone de dos frecuencias semanales, en mi\u00e9rcoles y domingo. La directora ... Leer m\u00e1s","og_url":"https:\/\/aeroportcastello.com\/es\/el-aeropuerto-de-castellon-recupera-la-ruta-de-bucarest-con-dos-frecuencias-semanales\/","og_site_name":"Aeropuerto Castell\u00f3n","article_published_time":"2021-07-04T07:56:25+00:00","article_modified_time":"2021-07-05T07:59:24+00:00","og_image":[{"width":828,"height":400,"url":"https:\/\/aeroportcastello.com\/wp-content\/uploads\/2021\/07\/el-aeropuerto-de-castellon-frecuencias-mensuales.02.jpg","type":"image\/jpeg"}],"author":"admin","twitter_card":"summary_large_image","twitter_misc":{"Escrito por":"admin","Tiempo de lectura":"2 minutos"},"schema":{"@context":"https:\/\/schema.org","@graph":[{"@type":"Article","@id":"https:\/\/aeroportcastello.com\/es\/el-aeropuerto-de-castellon-recupera-la-ruta-de-bucarest-con-dos-frecuencias-semanales\/#article","isPartOf":{"@id":"https:\/\/aeroportcastello.com\/es\/el-aeropuerto-de-castellon-recupera-la-ruta-de-bucarest-con-dos-frecuencias-semanales\/"},"author":{"name":"admin","@id":"https:\/\/aeroportcastello.com\/es\/#\/schema\/person\/6ce30e1beabb48891a1227bcaf9c5afc"},"headline":"El aeropuerto de Castell\u00f3n recupera la ruta de Bucarest con dos frecuencias semanales","datePublished":"2021-07-04T07:56:25+00:00","dateModified":"2021-07-05T07:59:24+00:00","mainEntityOfPage":{"@id":"https:\/\/aeroportcastello.com\/es\/el-aeropuerto-de-castellon-recupera-la-ruta-de-bucarest-con-dos-frecuencias-semanales\/"},"wordCount":270,"commentCount":0,"publisher":{"@id":"https:\/\/aeroportcastello.com\/es\/#organization"},"articleSection":["Noticias Aeropuerto"],"inLanguage":"es","potentialAction":[{"@type":"CommentAction","name":"Comment","target":["https:\/\/aeroportcastello.com\/es\/el-aeropuerto-de-castellon-recupera-la-ruta-de-bucarest-con-dos-frecuencias-semanales\/#respond"]}]},{"@type":"WebPage","@id":"https:\/\/aeroportcastello.com\/es\/el-aeropuerto-de-castellon-recupera-la-ruta-de-bucarest-con-dos-frecuencias-semanales\/","url":"https:\/\/aeroportcastello.com\/es\/el-aeropuerto-de-castellon-recupera-la-ruta-de-bucarest-con-dos-frecuencias-semanales\/","name":"El aeropuerto de Castell\u00f3n recupera la ruta de Bucarest con dos frecuencias semanales - Aeropuerto Castell\u00f3n","isPartOf":{"@id":"https:\/\/aeroportcastello.com\/es\/#website"},"datePublished":"2021-07-04T07:56:25+00:00","dateModified":"2021-07-05T07:59:24+00:00","breadcrumb":{"@id":"https:\/\/aeroportcastello.com\/es\/el-aeropuerto-de-castellon-recupera-la-ruta-de-bucarest-con-dos-frecuencias-semanales\/#breadcrumb"},"inLanguage":"es","potentialAction":[{"@type":"ReadAction","target":["https:\/\/aeroportcastello.com\/es\/el-aeropuerto-de-castellon-recupera-la-ruta-de-bucarest-con-dos-frecuencias-semanales\/"]}]},{"@type":"BreadcrumbList","@id":"https:\/\/aeroportcastello.com\/es\/el-aeropuerto-de-castellon-recupera-la-ruta-de-bucarest-con-dos-frecuencias-semanales\/#breadcrumb","itemListElement":[{"@type":"ListItem","position":1,"name":"Pasajeros","item":"https:\/\/aeroportcastello.com\/es\/"},{"@type":"ListItem","position":2,"name":"El aeropuerto de Castell\u00f3n recupera la ruta de Bucarest con dos frecuencias semanales"}]},{"@type":"WebSite","@id":"https:\/\/aeroportcastello.com\/es\/#website","url":"https:\/\/aeroportcastello.com\/es\/","name":"Aeropuerto Castell\u00f3n","description":"Aeropuerto Castell\u00f3n","publisher":{"@id":"https:\/\/aeroportcastello.com\/es\/#organization"},"potentialAction":[{"@type":"SearchAction","target":{"@type":"EntryPoint","urlTemplate":"https:\/\/aeroportcastello.com\/es\/?s={search_term_string}"},"query-input":"required name=search_term_string"}],"inLanguage":"es"},{"@type":"Organization","@id":"https:\/\/aeroportcastello.com\/es\/#organization","name":"Aeropuerto Castell\u00f3n","url":"https:\/\/aeroportcastello.com\/es\/","logo":{"@type":"ImageObject","inLanguage":"es","@id":"https:\/\/aeroportcastello.com\/es\/#\/schema\/logo\/image\/","url":"https:\/\/aeroportcastello.com\/wp-content\/uploads\/2021\/05\/logo_aeroport_castello-1.svg","contentUrl":"https:\/\/aeroportcastello.com\/wp-content\/uploads\/2021\/05\/logo_aeroport_castello-1.svg","width":482.8999999999999772626324556767940521240234375,"height":93.7000000000000028421709430404007434844970703125,"caption":"Aeropuerto Castell\u00f3n"},"image":{"@id":"https:\/\/aeroportcastello.com\/es\/#\/schema\/logo\/image\/"}},{"@type":"Person","@id":"https:\/\/aeroportcastello.com\/es\/#\/schema\/person\/6ce30e1beabb48891a1227bcaf9c5afc","name":"admin","image":{"@type":"ImageObject","inLanguage":"es","@id":"https:\/\/aeroportcastello.com\/es\/#\/schema\/person\/image\/","url":"https:\/\/secure.gravatar.com\/avatar\/49a104bbc10efec0d78dc86b9d8c7ddc?s=96&d=mm&r=g","contentUrl":"https:\/\/secure.gravatar.com\/avatar\/49a104bbc10efec0d78dc86b9d8c7ddc?s=96&d=mm&r=g","caption":"admin"},"sameAs":["https:\/\/aeroportcastello.com"],"url":"https:\/\/aeroportcastello.com\/es\/author\/adm-nunsys\/"}]}},"_links":{"self":[{"href":"https:\/\/aeroportcastello.com\/es\/wp-json\/wp\/v2\/posts\/1543"}],"collection":[{"href":"https:\/\/aeroportcastello.com\/es\/wp-json\/wp\/v2\/posts"}],"about":[{"href":"https:\/\/aeroportcastello.com\/es\/wp-json\/wp\/v2\/types\/post"}],"author":[{"embeddable":true,"href":"https:\/\/aeroportcastello.com\/es\/wp-json\/wp\/v2\/users\/1"}],"replies":[{"embeddable":true,"href":"https:\/\/aeroportcastello.com\/es\/wp-json\/wp\/v2\/comments?post=1543"}],"version-history":[{"count":1,"href":"https:\/\/aeroportcastello.com\/es\/wp-json\/wp\/v2\/posts\/1543\/revisions"}],"predecessor-version":[{"id":1544,"href":"https:\/\/aeroportcastello.com\/es\/wp-json\/wp\/v2\/posts\/1543\/revisions\/1544"}],"wp:featuredmedia":[{"embeddable":true,"href":"https:\/\/aeroportcastello.com\/es\/wp-json\/wp\/v2\/media\/1546"}],"wp:attachment":[{"href":"https:\/\/aeroportcastello.com\/es\/wp-json\/wp\/v2\/media?parent=1543"}],"wp:term":[{"taxonomy":"category","embeddable":true,"href":"https:\/\/aeroportcastello.com\/es\/wp-json\/wp\/v2\/categories?post=1543"},{"taxonomy":"post_tag","embeddable":true,"href":"https:\/\/aeroportcastello.com\/es\/wp-json\/wp\/v2\/tags?post=1543"}],"curies":[{"name":"wp","href":"https:\/\/api.w.org\/{rel}","templated":true}]}}