{"id":15178,"date":"2026-03-05T12:53:10","date_gmt":"2026-03-05T11:53:10","guid":{"rendered":"https:\/\/aeroportcastello.com\/?p=15178"},"modified":"2026-03-05T12:53:10","modified_gmt":"2026-03-05T11:53:10","slug":"el-aeropuerto-de-castellon-mantiene-la-senda-de-crecimiento-con-un-aumento-interanual-de-pasajeros-del-22-en-febrero","status":"publish","type":"post","link":"https:\/\/aeroportcastello.com\/es\/el-aeropuerto-de-castellon-mantiene-la-senda-de-crecimiento-con-un-aumento-interanual-de-pasajeros-del-22-en-febrero\/","title":{"rendered":"El aeropuerto de Castell\u00f3n mantiene la senda de crecimiento con un aumento interanual de pasajeros del 22% en febrero"},"content":{"rendered":"<p><strong>La instalaci\u00f3n logra su mejor registro en febrero y en los dos primeros meses del a\u00f1o suma 25.000 pasajeros, un 17,7% m\u00e1s que el a\u00f1o anterior<\/strong><\/p>\n<p><strong>La directora general de Aerocas, Raquel Par\u00eds, avanza que a final de mes se reincorporan las rutas de Berl\u00edn, Budapest, Mil\u00e1n, Cracovia y D\u00fcsseldorf<\/strong><\/p>\n<p>El aeropuerto de Castell\u00f3n mantiene la senda de crecimiento en el arranque de a\u00f1o y en febrero ha logrado un incremento interanual de pasajeros del 22%, con un total de 12.689.<\/p>\n<p>La directora general de Aerocas, Raquel Par\u00eds, ha destacado que el registro de febrero \u201ces el mejor en este mes en la trayectoria del aeropuerto\u201d. Adem\u00e1s, ha detallado que en el acumulado de los dos primeros meses del a\u00f1o se contabilizan 24.809 pasajeros, \u201cque suponen un aumento del 17,7% respecto al mismo periodo de 2025\u201d.<\/p>\n<p>Raquel Par\u00eds ha explicado que 2026 \u201ces un a\u00f1o clave para el aeropuerto de Castell\u00f3n en t\u00e9rminos de tr\u00e1fico comercial, ya que ha programado el mayor n\u00famero de rutas regulares de su historia, con un total de 16\u201d.<\/p>\n<p>Al respecto, la directora general ha se\u00f1alado que a finales de este mes el aeropuerto duplicar\u00e1 su actual oferta de rutas con la reincorporaci\u00f3n de cinco conexiones estivales, todas operadas por Ryanair. El 29 de marzo, se retomar\u00e1n las l\u00edneas con Berl\u00edn y Budapest; el 30 marzo, las de Mil\u00e1n y Cracovia; y el 31, la de D\u00fcsseldorf Weeze.<\/p>\n<p>Estas cinco rutas se sumar\u00e1n a las actuales de Bruselas, Londres, Bucarest, Cluj y Madrid, que funcionan todo el a\u00f1o.<\/p>\n<p>Por otra parte, a finales de mayo se retomar\u00e1n conexiones con Bilbao y Oviedo. En junio, se pondr\u00e1n en marcha las nuevas l\u00edneas de Manchester y Bolonia y se reactivar\u00e1 la de Oporto. Finalmente, en julio, vuelve la conexi\u00f3n con Palma de Mallorca.<\/p>\n<p>En este 2026 el aeropuerto ha programado la mayor operativa de su trayectoria, con 2.400 vuelos regulares y m\u00e1s 400.000 plazas ofertadas. El objetivo es superar el resultado de 2025, en que el aeropuerto logr\u00f3 su r\u00e9cord anual con 318.309 pasajeros.<\/p>\n","protected":false},"excerpt":{"rendered":"<p>La instalaci\u00f3n logra su mejor registro en febrero y en los dos primeros meses del a\u00f1o suma 25.000 pasajeros, un 17,7% m\u00e1s que el a\u00f1o anterior La directora general de Aerocas, Raquel Par\u00eds, avanza que a final de mes se reincorporan las rutas de Berl\u00edn, Budapest, Mil\u00e1n, Cracovia y D\u00fcsseldorf El aeropuerto de Castell\u00f3n mantiene &#8230; <\/p>\n<p class=\"read-more-container\"><a title=\"El aeropuerto de Castell\u00f3n mantiene la senda de crecimiento con un aumento interanual de pasajeros del 22% en febrero\" class=\"read-more button\" href=\"https:\/\/aeroportcastello.com\/es\/el-aeropuerto-de-castellon-mantiene-la-senda-de-crecimiento-con-un-aumento-interanual-de-pasajeros-del-22-en-febrero\/#more-15178\" aria-label=\"Leer m\u00e1s sobre El aeropuerto de Castell\u00f3n mantiene la senda de crecimiento con un aumento interanual de pasajeros del 22% en febrero\">Leer m\u00e1s<\/a><\/p>\n","protected":false},"author":5,"featured_media":15179,"comment_status":"closed","ping_status":"closed","sticky":false,"template":"","format":"standard","meta":{"footnotes":""},"categories":[1],"tags":[],"yoast_head":"<!-- This site is optimized with the Yoast SEO plugin v22.0 - https:\/\/yoast.com\/wordpress\/plugins\/seo\/ -->\n<title>El aeropuerto de Castell\u00f3n mantiene la senda de crecimiento con un aumento interanual de pasajeros del 22% en febrero - Aeropuerto Castell\u00f3n<\/title>\n<meta name=\"robots\" content=\"index, follow, max-snippet:-1, max-image-preview:large, max-video-preview:-1\" \/>\n<link rel=\"canonical\" href=\"https:\/\/aeroportcastello.com\/es\/el-aeropuerto-de-castellon-mantiene-la-senda-de-crecimiento-con-un-aumento-interanual-de-pasajeros-del-22-en-febrero\/\" \/>\n<meta property=\"og:locale\" content=\"es_ES\" \/>\n<meta property=\"og:type\" content=\"article\" \/>\n<meta property=\"og:title\" content=\"El aeropuerto de Castell\u00f3n mantiene la senda de crecimiento con un aumento interanual de pasajeros del 22% en febrero - Aeropuerto Castell\u00f3n\" \/>\n<meta property=\"og:description\" content=\"La instalaci\u00f3n logra su mejor registro en febrero y en los dos primeros meses del a\u00f1o suma 25.000 pasajeros, un 17,7% m\u00e1s que el a\u00f1o anterior La directora general de Aerocas, Raquel Par\u00eds, avanza que a final de mes se reincorporan las rutas de Berl\u00edn, Budapest, Mil\u00e1n, Cracovia y D\u00fcsseldorf El aeropuerto de Castell\u00f3n mantiene ... Leer m\u00e1s\" \/>\n<meta property=\"og:url\" content=\"https:\/\/aeroportcastello.com\/es\/el-aeropuerto-de-castellon-mantiene-la-senda-de-crecimiento-con-un-aumento-interanual-de-pasajeros-del-22-en-febrero\/\" \/>\n<meta property=\"og:site_name\" content=\"Aeropuerto Castell\u00f3n\" \/>\n<meta property=\"article:published_time\" content=\"2026-03-05T11:53:10+00:00\" \/>\n<meta property=\"og:image\" content=\"https:\/\/aeroportcastello.com\/wp-content\/uploads\/2026\/03\/GAG03576-scaled.jpg\" \/>\n\t<meta property=\"og:image:width\" content=\"2560\" \/>\n\t<meta property=\"og:image:height\" content=\"1707\" \/>\n\t<meta property=\"og:image:type\" content=\"image\/jpeg\" \/>\n<meta name=\"author\" content=\"JORDI\" \/>\n<meta name=\"twitter:card\" content=\"summary_large_image\" \/>\n<meta name=\"twitter:label1\" content=\"Escrito por\" \/>\n\t<meta name=\"twitter:data1\" content=\"JORDI\" \/>\n\t<meta name=\"twitter:label2\" content=\"Tiempo de lectura\" \/>\n\t<meta name=\"twitter:data2\" content=\"3 minutos\" \/>\n<script type=\"application\/ld+json\" class=\"yoast-schema-graph\">{\"@context\":\"https:\/\/schema.org\",\"@graph\":[{\"@type\":\"Article\",\"@id\":\"https:\/\/aeroportcastello.com\/es\/el-aeropuerto-de-castellon-mantiene-la-senda-de-crecimiento-con-un-aumento-interanual-de-pasajeros-del-22-en-febrero\/#article\",\"isPartOf\":{\"@id\":\"https:\/\/aeroportcastello.com\/es\/el-aeropuerto-de-castellon-mantiene-la-senda-de-crecimiento-con-un-aumento-interanual-de-pasajeros-del-22-en-febrero\/\"},\"author\":{\"name\":\"JORDI\",\"@id\":\"https:\/\/aeroportcastello.com\/es\/#\/schema\/person\/dbe9a5cd8c878b170b9626311b760bbd\"},\"headline\":\"El aeropuerto de Castell\u00f3n mantiene la senda de crecimiento con un aumento interanual de pasajeros del 22% en febrero\",\"datePublished\":\"2026-03-05T11:53:10+00:00\",\"dateModified\":\"2026-03-05T11:53:10+00:00\",\"mainEntityOfPage\":{\"@id\":\"https:\/\/aeroportcastello.com\/es\/el-aeropuerto-de-castellon-mantiene-la-senda-de-crecimiento-con-un-aumento-interanual-de-pasajeros-del-22-en-febrero\/\"},\"wordCount\":373,\"publisher\":{\"@id\":\"https:\/\/aeroportcastello.com\/es\/#organization\"},\"articleSection\":[\"Noticias Aeropuerto\"],\"inLanguage\":\"es\"},{\"@type\":\"WebPage\",\"@id\":\"https:\/\/aeroportcastello.com\/es\/el-aeropuerto-de-castellon-mantiene-la-senda-de-crecimiento-con-un-aumento-interanual-de-pasajeros-del-22-en-febrero\/\",\"url\":\"https:\/\/aeroportcastello.com\/es\/el-aeropuerto-de-castellon-mantiene-la-senda-de-crecimiento-con-un-aumento-interanual-de-pasajeros-del-22-en-febrero\/\",\"name\":\"El aeropuerto de Castell\u00f3n mantiene la senda de crecimiento con un aumento interanual de pasajeros del 22% en febrero - Aeropuerto Castell\u00f3n\",\"isPartOf\":{\"@id\":\"https:\/\/aeroportcastello.com\/es\/#website\"},\"datePublished\":\"2026-03-05T11:53:10+00:00\",\"dateModified\":\"2026-03-05T11:53:10+00:00\",\"breadcrumb\":{\"@id\":\"https:\/\/aeroportcastello.com\/es\/el-aeropuerto-de-castellon-mantiene-la-senda-de-crecimiento-con-un-aumento-interanual-de-pasajeros-del-22-en-febrero\/#breadcrumb\"},\"inLanguage\":\"es\",\"potentialAction\":[{\"@type\":\"ReadAction\",\"target\":[\"https:\/\/aeroportcastello.com\/es\/el-aeropuerto-de-castellon-mantiene-la-senda-de-crecimiento-con-un-aumento-interanual-de-pasajeros-del-22-en-febrero\/\"]}]},{\"@type\":\"BreadcrumbList\",\"@id\":\"https:\/\/aeroportcastello.com\/es\/el-aeropuerto-de-castellon-mantiene-la-senda-de-crecimiento-con-un-aumento-interanual-de-pasajeros-del-22-en-febrero\/#breadcrumb\",\"itemListElement\":[{\"@type\":\"ListItem\",\"position\":1,\"name\":\"Pasajeros\",\"item\":\"https:\/\/aeroportcastello.com\/es\/\"},{\"@type\":\"ListItem\",\"position\":2,\"name\":\"El aeropuerto de Castell\u00f3n mantiene la senda de crecimiento con un aumento interanual de pasajeros del 22% en febrero\"}]},{\"@type\":\"WebSite\",\"@id\":\"https:\/\/aeroportcastello.com\/es\/#website\",\"url\":\"https:\/\/aeroportcastello.com\/es\/\",\"name\":\"Aeropuerto Castell\u00f3n\",\"description\":\"Aeropuerto Castell\u00f3n\",\"publisher\":{\"@id\":\"https:\/\/aeroportcastello.com\/es\/#organization\"},\"potentialAction\":[{\"@type\":\"SearchAction\",\"target\":{\"@type\":\"EntryPoint\",\"urlTemplate\":\"https:\/\/aeroportcastello.com\/es\/?s={search_term_string}\"},\"query-input\":\"required name=search_term_string\"}],\"inLanguage\":\"es\"},{\"@type\":\"Organization\",\"@id\":\"https:\/\/aeroportcastello.com\/es\/#organization\",\"name\":\"Aeropuerto Castell\u00f3n\",\"url\":\"https:\/\/aeroportcastello.com\/es\/\",\"logo\":{\"@type\":\"ImageObject\",\"inLanguage\":\"es\",\"@id\":\"https:\/\/aeroportcastello.com\/es\/#\/schema\/logo\/image\/\",\"url\":\"https:\/\/aeroportcastello.com\/wp-content\/uploads\/2021\/05\/logo_aeroport_castello-1.svg\",\"contentUrl\":\"https:\/\/aeroportcastello.com\/wp-content\/uploads\/2021\/05\/logo_aeroport_castello-1.svg\",\"width\":482.8999999999999772626324556767940521240234375,\"height\":93.7000000000000028421709430404007434844970703125,\"caption\":\"Aeropuerto Castell\u00f3n\"},\"image\":{\"@id\":\"https:\/\/aeroportcastello.com\/es\/#\/schema\/logo\/image\/\"}},{\"@type\":\"Person\",\"@id\":\"https:\/\/aeroportcastello.com\/es\/#\/schema\/person\/dbe9a5cd8c878b170b9626311b760bbd\",\"name\":\"JORDI\",\"image\":{\"@type\":\"ImageObject\",\"inLanguage\":\"es\",\"@id\":\"https:\/\/aeroportcastello.com\/es\/#\/schema\/person\/image\/\",\"url\":\"https:\/\/secure.gravatar.com\/avatar\/3b270e37d3e82ec6b995a7d26cf97e61?s=96&d=mm&r=g\",\"contentUrl\":\"https:\/\/secure.gravatar.com\/avatar\/3b270e37d3e82ec6b995a7d26cf97e61?s=96&d=mm&r=g\",\"caption\":\"JORDI\"},\"url\":\"https:\/\/aeroportcastello.com\/es\/author\/jordi\/\"}]}<\/script>\n<!-- \/ Yoast SEO plugin. -->","yoast_head_json":{"title":"El aeropuerto de Castell\u00f3n mantiene la senda de crecimiento con un aumento interanual de pasajeros del 22% en febrero - Aeropuerto Castell\u00f3n","robots":{"index":"index","follow":"follow","max-snippet":"max-snippet:-1","max-image-preview":"max-image-preview:large","max-video-preview":"max-video-preview:-1"},"canonical":"https:\/\/aeroportcastello.com\/es\/el-aeropuerto-de-castellon-mantiene-la-senda-de-crecimiento-con-un-aumento-interanual-de-pasajeros-del-22-en-febrero\/","og_locale":"es_ES","og_type":"article","og_title":"El aeropuerto de Castell\u00f3n mantiene la senda de crecimiento con un aumento interanual de pasajeros del 22% en febrero - Aeropuerto Castell\u00f3n","og_description":"La instalaci\u00f3n logra su mejor registro en febrero y en los dos primeros meses del a\u00f1o suma 25.000 pasajeros, un 17,7% m\u00e1s que el a\u00f1o anterior La directora general de Aerocas, Raquel Par\u00eds, avanza que a final de mes se reincorporan las rutas de Berl\u00edn, Budapest, Mil\u00e1n, Cracovia y D\u00fcsseldorf El aeropuerto de Castell\u00f3n mantiene ... Leer m\u00e1s","og_url":"https:\/\/aeroportcastello.com\/es\/el-aeropuerto-de-castellon-mantiene-la-senda-de-crecimiento-con-un-aumento-interanual-de-pasajeros-del-22-en-febrero\/","og_site_name":"Aeropuerto Castell\u00f3n","article_published_time":"2026-03-05T11:53:10+00:00","og_image":[{"width":2560,"height":1707,"url":"https:\/\/aeroportcastello.com\/wp-content\/uploads\/2026\/03\/GAG03576-scaled.jpg","type":"image\/jpeg"}],"author":"JORDI","twitter_card":"summary_large_image","twitter_misc":{"Escrito por":"JORDI","Tiempo de lectura":"3 minutos"},"schema":{"@context":"https:\/\/schema.org","@graph":[{"@type":"Article","@id":"https:\/\/aeroportcastello.com\/es\/el-aeropuerto-de-castellon-mantiene-la-senda-de-crecimiento-con-un-aumento-interanual-de-pasajeros-del-22-en-febrero\/#article","isPartOf":{"@id":"https:\/\/aeroportcastello.com\/es\/el-aeropuerto-de-castellon-mantiene-la-senda-de-crecimiento-con-un-aumento-interanual-de-pasajeros-del-22-en-febrero\/"},"author":{"name":"JORDI","@id":"https:\/\/aeroportcastello.com\/es\/#\/schema\/person\/dbe9a5cd8c878b170b9626311b760bbd"},"headline":"El aeropuerto de Castell\u00f3n mantiene la senda de crecimiento con un aumento interanual de pasajeros del 22% en febrero","datePublished":"2026-03-05T11:53:10+00:00","dateModified":"2026-03-05T11:53:10+00:00","mainEntityOfPage":{"@id":"https:\/\/aeroportcastello.com\/es\/el-aeropuerto-de-castellon-mantiene-la-senda-de-crecimiento-con-un-aumento-interanual-de-pasajeros-del-22-en-febrero\/"},"wordCount":373,"publisher":{"@id":"https:\/\/aeroportcastello.com\/es\/#organization"},"articleSection":["Noticias Aeropuerto"],"inLanguage":"es"},{"@type":"WebPage","@id":"https:\/\/aeroportcastello.com\/es\/el-aeropuerto-de-castellon-mantiene-la-senda-de-crecimiento-con-un-aumento-interanual-de-pasajeros-del-22-en-febrero\/","url":"https:\/\/aeroportcastello.com\/es\/el-aeropuerto-de-castellon-mantiene-la-senda-de-crecimiento-con-un-aumento-interanual-de-pasajeros-del-22-en-febrero\/","name":"El aeropuerto de Castell\u00f3n mantiene la senda de crecimiento con un aumento interanual de pasajeros del 22% en febrero - Aeropuerto Castell\u00f3n","isPartOf":{"@id":"https:\/\/aeroportcastello.com\/es\/#website"},"datePublished":"2026-03-05T11:53:10+00:00","dateModified":"2026-03-05T11:53:10+00:00","breadcrumb":{"@id":"https:\/\/aeroportcastello.com\/es\/el-aeropuerto-de-castellon-mantiene-la-senda-de-crecimiento-con-un-aumento-interanual-de-pasajeros-del-22-en-febrero\/#breadcrumb"},"inLanguage":"es","potentialAction":[{"@type":"ReadAction","target":["https:\/\/aeroportcastello.com\/es\/el-aeropuerto-de-castellon-mantiene-la-senda-de-crecimiento-con-un-aumento-interanual-de-pasajeros-del-22-en-febrero\/"]}]},{"@type":"BreadcrumbList","@id":"https:\/\/aeroportcastello.com\/es\/el-aeropuerto-de-castellon-mantiene-la-senda-de-crecimiento-con-un-aumento-interanual-de-pasajeros-del-22-en-febrero\/#breadcrumb","itemListElement":[{"@type":"ListItem","position":1,"name":"Pasajeros","item":"https:\/\/aeroportcastello.com\/es\/"},{"@type":"ListItem","position":2,"name":"El aeropuerto de Castell\u00f3n mantiene la senda de crecimiento con un aumento interanual de pasajeros del 22% en febrero"}]},{"@type":"WebSite","@id":"https:\/\/aeroportcastello.com\/es\/#website","url":"https:\/\/aeroportcastello.com\/es\/","name":"Aeropuerto Castell\u00f3n","description":"Aeropuerto Castell\u00f3n","publisher":{"@id":"https:\/\/aeroportcastello.com\/es\/#organization"},"potentialAction":[{"@type":"SearchAction","target":{"@type":"EntryPoint","urlTemplate":"https:\/\/aeroportcastello.com\/es\/?s={search_term_string}"},"query-input":"required name=search_term_string"}],"inLanguage":"es"},{"@type":"Organization","@id":"https:\/\/aeroportcastello.com\/es\/#organization","name":"Aeropuerto Castell\u00f3n","url":"https:\/\/aeroportcastello.com\/es\/","logo":{"@type":"ImageObject","inLanguage":"es","@id":"https:\/\/aeroportcastello.com\/es\/#\/schema\/logo\/image\/","url":"https:\/\/aeroportcastello.com\/wp-content\/uploads\/2021\/05\/logo_aeroport_castello-1.svg","contentUrl":"https:\/\/aeroportcastello.com\/wp-content\/uploads\/2021\/05\/logo_aeroport_castello-1.svg","width":482.8999999999999772626324556767940521240234375,"height":93.7000000000000028421709430404007434844970703125,"caption":"Aeropuerto Castell\u00f3n"},"image":{"@id":"https:\/\/aeroportcastello.com\/es\/#\/schema\/logo\/image\/"}},{"@type":"Person","@id":"https:\/\/aeroportcastello.com\/es\/#\/schema\/person\/dbe9a5cd8c878b170b9626311b760bbd","name":"JORDI","image":{"@type":"ImageObject","inLanguage":"es","@id":"https:\/\/aeroportcastello.com\/es\/#\/schema\/person\/image\/","url":"https:\/\/secure.gravatar.com\/avatar\/3b270e37d3e82ec6b995a7d26cf97e61?s=96&d=mm&r=g","contentUrl":"https:\/\/secure.gravatar.com\/avatar\/3b270e37d3e82ec6b995a7d26cf97e61?s=96&d=mm&r=g","caption":"JORDI"},"url":"https:\/\/aeroportcastello.com\/es\/author\/jordi\/"}]}},"_links":{"self":[{"href":"https:\/\/aeroportcastello.com\/es\/wp-json\/wp\/v2\/posts\/15178"}],"collection":[{"href":"https:\/\/aeroportcastello.com\/es\/wp-json\/wp\/v2\/posts"}],"about":[{"href":"https:\/\/aeroportcastello.com\/es\/wp-json\/wp\/v2\/types\/post"}],"author":[{"embeddable":true,"href":"https:\/\/aeroportcastello.com\/es\/wp-json\/wp\/v2\/users\/5"}],"replies":[{"embeddable":true,"href":"https:\/\/aeroportcastello.com\/es\/wp-json\/wp\/v2\/comments?post=15178"}],"version-history":[{"count":1,"href":"https:\/\/aeroportcastello.com\/es\/wp-json\/wp\/v2\/posts\/15178\/revisions"}],"predecessor-version":[{"id":15182,"href":"https:\/\/aeroportcastello.com\/es\/wp-json\/wp\/v2\/posts\/15178\/revisions\/15182"}],"wp:featuredmedia":[{"embeddable":true,"href":"https:\/\/aeroportcastello.com\/es\/wp-json\/wp\/v2\/media\/15179"}],"wp:attachment":[{"href":"https:\/\/aeroportcastello.com\/es\/wp-json\/wp\/v2\/media?parent=15178"}],"wp:term":[{"taxonomy":"category","embeddable":true,"href":"https:\/\/aeroportcastello.com\/es\/wp-json\/wp\/v2\/categories?post=15178"},{"taxonomy":"post_tag","embeddable":true,"href":"https:\/\/aeroportcastello.com\/es\/wp-json\/wp\/v2\/tags?post=15178"}],"curies":[{"name":"wp","href":"https:\/\/api.w.org\/{rel}","templated":true}]}}