{"id":14645,"date":"2025-12-02T12:57:17","date_gmt":"2025-12-02T11:57:17","guid":{"rendered":"https:\/\/aeroportcastello.com\/?p=14645"},"modified":"2025-12-03T09:06:10","modified_gmt":"2025-12-03T08:06:10","slug":"el-aeropuerto-de-castellon-evalua-su-capacidad-de-respuesta-y-de-coordinacion-en-un-simulacro-de-accidente-aereo","status":"publish","type":"post","link":"https:\/\/aeroportcastello.com\/es\/el-aeropuerto-de-castellon-evalua-su-capacidad-de-respuesta-y-de-coordinacion-en-un-simulacro-de-accidente-aereo\/","title":{"rendered":"El aeropuerto de Castell\u00f3n eval\u00faa su capacidad de respuesta y de coordinaci\u00f3n en un simulacro de accidente a\u00e9reo"},"content":{"rendered":"<p><strong>Cerca de 80 personas han participado en el operativo, que ha recreado una intervenci\u00f3n tras el siniestro de un avi\u00f3n comercial<\/strong><\/p>\n<p>El aeropuerto de Castell\u00f3n ha realizado este martes un simulacro general de accidente a\u00e9reo, con los objetivos de revisar los protocolos de actuaci\u00f3n, ensayar la capacidad de respuesta ante una situaci\u00f3n de este tipo y reforzar la coordinaci\u00f3n de los diferentes colectivos implicados.<\/p>\n<p>El\u00a0simulacro general de accidente a\u00e9reo forma parte del Plan de Emergencias del aeropuerto, que establece que debe llevarse a cabo cada dos a\u00f1os. Supone el ejercicio final tras haberse realizado con anterioridad diversas reuniones informativas y simulacros parciales.<\/p>\n<p>En esta ocasi\u00f3n, la recreaci\u00f3n ha girado en torno al caso de un avi\u00f3n ch\u00e1rter, con 30 personas a bordo, que se accidenta en la maniobra de aterrizaje, causando muertos y heridos de diversa consideraci\u00f3n.<\/p>\n<p>En la operaci\u00f3n han participado cerca de 80 personas de diferentes colectivos, adscritos al propio aeropuerto y externos. Respecto a los medios externos, han intervenido la Agencia Valenciana de Seguridad y Respuesta a las Emergencias, el Servicio de Emergencias Sanitarias de la Generalitat Valenciana, el Consorcio Provincial de Bomberos, Subdelegaci\u00f3n del Gobierno y Guardia Civil. Adem\u00e1s, estudiantes del Grado de Enfermer\u00eda de la UJI han participado como figurantes.<\/p>\n<p>Dada la naturaleza del suceso, se ha recreado la activaci\u00f3n del Plan de Emergencia Aeron\u00e1utico de la Comunitat Valenciana (PEACV), por el que se cede el mando del operativo a la Agencia Valenciana de Seguridad y Respuesta ante Emergencias.<\/p>\n<p>Con el de hoy, el aeropuerto de Castell\u00f3n cumple con el calendario de simulacros previsto para este a\u00f1o, de acuerdo con la normativa de la Organizaci\u00f3n de Aviaci\u00f3n Civil Internacional (OACI) en materia de planificaci\u00f3n de emergencias de aeropuertos.<\/p>\n<p>La realizaci\u00f3n de este tipo de pruebas es relevante, en la medida en que permite mejorar la coordinaci\u00f3n de todos los agentes implicados, as\u00ed como reducir los tiempos de reacci\u00f3n y de respuesta ante una emergencia a\u00e9rea.<\/p>\n","protected":false},"excerpt":{"rendered":"<p>Cerca de 80 personas han participado en el operativo, que ha recreado una intervenci\u00f3n tras el siniestro de un avi\u00f3n comercial El aeropuerto de Castell\u00f3n ha realizado este martes un simulacro general de accidente a\u00e9reo, con los objetivos de revisar los protocolos de actuaci\u00f3n, ensayar la capacidad de respuesta ante una situaci\u00f3n de este tipo &#8230; <\/p>\n<p class=\"read-more-container\"><a title=\"El aeropuerto de Castell\u00f3n eval\u00faa su capacidad de respuesta y de coordinaci\u00f3n en un simulacro de accidente a\u00e9reo\" class=\"read-more button\" href=\"https:\/\/aeroportcastello.com\/es\/el-aeropuerto-de-castellon-evalua-su-capacidad-de-respuesta-y-de-coordinacion-en-un-simulacro-de-accidente-aereo\/#more-14645\" aria-label=\"Leer m\u00e1s sobre El aeropuerto de Castell\u00f3n eval\u00faa su capacidad de respuesta y de coordinaci\u00f3n en un simulacro de accidente a\u00e9reo\">Leer m\u00e1s<\/a><\/p>\n","protected":false},"author":5,"featured_media":14654,"comment_status":"closed","ping_status":"closed","sticky":false,"template":"","format":"standard","meta":{"footnotes":""},"categories":[1],"tags":[],"yoast_head":"<!-- This site is optimized with the Yoast SEO plugin v22.0 - https:\/\/yoast.com\/wordpress\/plugins\/seo\/ -->\n<title>El aeropuerto de Castell\u00f3n eval\u00faa su capacidad de respuesta y de coordinaci\u00f3n en un simulacro de accidente a\u00e9reo - Aeropuerto Castell\u00f3n<\/title>\n<meta name=\"robots\" content=\"index, follow, max-snippet:-1, max-image-preview:large, max-video-preview:-1\" \/>\n<link rel=\"canonical\" href=\"https:\/\/aeroportcastello.com\/es\/el-aeropuerto-de-castellon-evalua-su-capacidad-de-respuesta-y-de-coordinacion-en-un-simulacro-de-accidente-aereo\/\" \/>\n<meta property=\"og:locale\" content=\"es_ES\" \/>\n<meta property=\"og:type\" content=\"article\" \/>\n<meta property=\"og:title\" content=\"El aeropuerto de Castell\u00f3n eval\u00faa su capacidad de respuesta y de coordinaci\u00f3n en un simulacro de accidente a\u00e9reo - Aeropuerto Castell\u00f3n\" \/>\n<meta property=\"og:description\" content=\"Cerca de 80 personas han participado en el operativo, que ha recreado una intervenci\u00f3n tras el siniestro de un avi\u00f3n comercial El aeropuerto de Castell\u00f3n ha realizado este martes un simulacro general de accidente a\u00e9reo, con los objetivos de revisar los protocolos de actuaci\u00f3n, ensayar la capacidad de respuesta ante una situaci\u00f3n de este tipo ... Leer m\u00e1s\" \/>\n<meta property=\"og:url\" content=\"https:\/\/aeroportcastello.com\/es\/el-aeropuerto-de-castellon-evalua-su-capacidad-de-respuesta-y-de-coordinacion-en-un-simulacro-de-accidente-aereo\/\" \/>\n<meta property=\"og:site_name\" content=\"Aeropuerto Castell\u00f3n\" \/>\n<meta property=\"article:published_time\" content=\"2025-12-02T11:57:17+00:00\" \/>\n<meta property=\"article:modified_time\" content=\"2025-12-03T08:06:10+00:00\" \/>\n<meta property=\"og:image\" content=\"https:\/\/aeroportcastello.com\/wp-content\/uploads\/2025\/12\/3.jpg\" \/>\n\t<meta property=\"og:image:width\" content=\"1541\" \/>\n\t<meta property=\"og:image:height\" content=\"1133\" \/>\n\t<meta property=\"og:image:type\" content=\"image\/jpeg\" \/>\n<meta name=\"author\" content=\"JORDI\" \/>\n<meta name=\"twitter:card\" content=\"summary_large_image\" \/>\n<meta name=\"twitter:label1\" content=\"Escrito por\" \/>\n\t<meta name=\"twitter:data1\" content=\"JORDI\" \/>\n\t<meta name=\"twitter:label2\" content=\"Tiempo de lectura\" \/>\n\t<meta name=\"twitter:data2\" content=\"2 minutos\" \/>\n<script type=\"application\/ld+json\" class=\"yoast-schema-graph\">{\"@context\":\"https:\/\/schema.org\",\"@graph\":[{\"@type\":\"Article\",\"@id\":\"https:\/\/aeroportcastello.com\/es\/el-aeropuerto-de-castellon-evalua-su-capacidad-de-respuesta-y-de-coordinacion-en-un-simulacro-de-accidente-aereo\/#article\",\"isPartOf\":{\"@id\":\"https:\/\/aeroportcastello.com\/es\/el-aeropuerto-de-castellon-evalua-su-capacidad-de-respuesta-y-de-coordinacion-en-un-simulacro-de-accidente-aereo\/\"},\"author\":{\"name\":\"JORDI\",\"@id\":\"https:\/\/aeroportcastello.com\/es\/#\/schema\/person\/dbe9a5cd8c878b170b9626311b760bbd\"},\"headline\":\"El aeropuerto de Castell\u00f3n eval\u00faa su capacidad de respuesta y de coordinaci\u00f3n en un simulacro de accidente a\u00e9reo\",\"datePublished\":\"2025-12-02T11:57:17+00:00\",\"dateModified\":\"2025-12-03T08:06:10+00:00\",\"mainEntityOfPage\":{\"@id\":\"https:\/\/aeroportcastello.com\/es\/el-aeropuerto-de-castellon-evalua-su-capacidad-de-respuesta-y-de-coordinacion-en-un-simulacro-de-accidente-aereo\/\"},\"wordCount\":369,\"publisher\":{\"@id\":\"https:\/\/aeroportcastello.com\/es\/#organization\"},\"articleSection\":[\"Noticias Aeropuerto\"],\"inLanguage\":\"es\"},{\"@type\":\"WebPage\",\"@id\":\"https:\/\/aeroportcastello.com\/es\/el-aeropuerto-de-castellon-evalua-su-capacidad-de-respuesta-y-de-coordinacion-en-un-simulacro-de-accidente-aereo\/\",\"url\":\"https:\/\/aeroportcastello.com\/es\/el-aeropuerto-de-castellon-evalua-su-capacidad-de-respuesta-y-de-coordinacion-en-un-simulacro-de-accidente-aereo\/\",\"name\":\"El aeropuerto de Castell\u00f3n eval\u00faa su capacidad de respuesta y de coordinaci\u00f3n en un simulacro de accidente a\u00e9reo - Aeropuerto Castell\u00f3n\",\"isPartOf\":{\"@id\":\"https:\/\/aeroportcastello.com\/es\/#website\"},\"datePublished\":\"2025-12-02T11:57:17+00:00\",\"dateModified\":\"2025-12-03T08:06:10+00:00\",\"breadcrumb\":{\"@id\":\"https:\/\/aeroportcastello.com\/es\/el-aeropuerto-de-castellon-evalua-su-capacidad-de-respuesta-y-de-coordinacion-en-un-simulacro-de-accidente-aereo\/#breadcrumb\"},\"inLanguage\":\"es\",\"potentialAction\":[{\"@type\":\"ReadAction\",\"target\":[\"https:\/\/aeroportcastello.com\/es\/el-aeropuerto-de-castellon-evalua-su-capacidad-de-respuesta-y-de-coordinacion-en-un-simulacro-de-accidente-aereo\/\"]}]},{\"@type\":\"BreadcrumbList\",\"@id\":\"https:\/\/aeroportcastello.com\/es\/el-aeropuerto-de-castellon-evalua-su-capacidad-de-respuesta-y-de-coordinacion-en-un-simulacro-de-accidente-aereo\/#breadcrumb\",\"itemListElement\":[{\"@type\":\"ListItem\",\"position\":1,\"name\":\"Pasajeros\",\"item\":\"https:\/\/aeroportcastello.com\/es\/\"},{\"@type\":\"ListItem\",\"position\":2,\"name\":\"El aeropuerto de Castell\u00f3n eval\u00faa su capacidad de respuesta y de coordinaci\u00f3n en un simulacro de accidente a\u00e9reo\"}]},{\"@type\":\"WebSite\",\"@id\":\"https:\/\/aeroportcastello.com\/es\/#website\",\"url\":\"https:\/\/aeroportcastello.com\/es\/\",\"name\":\"Aeropuerto Castell\u00f3n\",\"description\":\"Aeropuerto Castell\u00f3n\",\"publisher\":{\"@id\":\"https:\/\/aeroportcastello.com\/es\/#organization\"},\"potentialAction\":[{\"@type\":\"SearchAction\",\"target\":{\"@type\":\"EntryPoint\",\"urlTemplate\":\"https:\/\/aeroportcastello.com\/es\/?s={search_term_string}\"},\"query-input\":\"required name=search_term_string\"}],\"inLanguage\":\"es\"},{\"@type\":\"Organization\",\"@id\":\"https:\/\/aeroportcastello.com\/es\/#organization\",\"name\":\"Aeropuerto Castell\u00f3n\",\"url\":\"https:\/\/aeroportcastello.com\/es\/\",\"logo\":{\"@type\":\"ImageObject\",\"inLanguage\":\"es\",\"@id\":\"https:\/\/aeroportcastello.com\/es\/#\/schema\/logo\/image\/\",\"url\":\"https:\/\/aeroportcastello.com\/wp-content\/uploads\/2021\/05\/logo_aeroport_castello-1.svg\",\"contentUrl\":\"https:\/\/aeroportcastello.com\/wp-content\/uploads\/2021\/05\/logo_aeroport_castello-1.svg\",\"width\":482.8999999999999772626324556767940521240234375,\"height\":93.7000000000000028421709430404007434844970703125,\"caption\":\"Aeropuerto Castell\u00f3n\"},\"image\":{\"@id\":\"https:\/\/aeroportcastello.com\/es\/#\/schema\/logo\/image\/\"}},{\"@type\":\"Person\",\"@id\":\"https:\/\/aeroportcastello.com\/es\/#\/schema\/person\/dbe9a5cd8c878b170b9626311b760bbd\",\"name\":\"JORDI\",\"image\":{\"@type\":\"ImageObject\",\"inLanguage\":\"es\",\"@id\":\"https:\/\/aeroportcastello.com\/es\/#\/schema\/person\/image\/\",\"url\":\"https:\/\/secure.gravatar.com\/avatar\/3b270e37d3e82ec6b995a7d26cf97e61?s=96&d=mm&r=g\",\"contentUrl\":\"https:\/\/secure.gravatar.com\/avatar\/3b270e37d3e82ec6b995a7d26cf97e61?s=96&d=mm&r=g\",\"caption\":\"JORDI\"},\"url\":\"https:\/\/aeroportcastello.com\/es\/author\/jordi\/\"}]}<\/script>\n<!-- \/ Yoast SEO plugin. -->","yoast_head_json":{"title":"El aeropuerto de Castell\u00f3n eval\u00faa su capacidad de respuesta y de coordinaci\u00f3n en un simulacro de accidente a\u00e9reo - Aeropuerto Castell\u00f3n","robots":{"index":"index","follow":"follow","max-snippet":"max-snippet:-1","max-image-preview":"max-image-preview:large","max-video-preview":"max-video-preview:-1"},"canonical":"https:\/\/aeroportcastello.com\/es\/el-aeropuerto-de-castellon-evalua-su-capacidad-de-respuesta-y-de-coordinacion-en-un-simulacro-de-accidente-aereo\/","og_locale":"es_ES","og_type":"article","og_title":"El aeropuerto de Castell\u00f3n eval\u00faa su capacidad de respuesta y de coordinaci\u00f3n en un simulacro de accidente a\u00e9reo - Aeropuerto Castell\u00f3n","og_description":"Cerca de 80 personas han participado en el operativo, que ha recreado una intervenci\u00f3n tras el siniestro de un avi\u00f3n comercial El aeropuerto de Castell\u00f3n ha realizado este martes un simulacro general de accidente a\u00e9reo, con los objetivos de revisar los protocolos de actuaci\u00f3n, ensayar la capacidad de respuesta ante una situaci\u00f3n de este tipo ... Leer m\u00e1s","og_url":"https:\/\/aeroportcastello.com\/es\/el-aeropuerto-de-castellon-evalua-su-capacidad-de-respuesta-y-de-coordinacion-en-un-simulacro-de-accidente-aereo\/","og_site_name":"Aeropuerto Castell\u00f3n","article_published_time":"2025-12-02T11:57:17+00:00","article_modified_time":"2025-12-03T08:06:10+00:00","og_image":[{"width":1541,"height":1133,"url":"https:\/\/aeroportcastello.com\/wp-content\/uploads\/2025\/12\/3.jpg","type":"image\/jpeg"}],"author":"JORDI","twitter_card":"summary_large_image","twitter_misc":{"Escrito por":"JORDI","Tiempo de lectura":"2 minutos"},"schema":{"@context":"https:\/\/schema.org","@graph":[{"@type":"Article","@id":"https:\/\/aeroportcastello.com\/es\/el-aeropuerto-de-castellon-evalua-su-capacidad-de-respuesta-y-de-coordinacion-en-un-simulacro-de-accidente-aereo\/#article","isPartOf":{"@id":"https:\/\/aeroportcastello.com\/es\/el-aeropuerto-de-castellon-evalua-su-capacidad-de-respuesta-y-de-coordinacion-en-un-simulacro-de-accidente-aereo\/"},"author":{"name":"JORDI","@id":"https:\/\/aeroportcastello.com\/es\/#\/schema\/person\/dbe9a5cd8c878b170b9626311b760bbd"},"headline":"El aeropuerto de Castell\u00f3n eval\u00faa su capacidad de respuesta y de coordinaci\u00f3n en un simulacro de accidente a\u00e9reo","datePublished":"2025-12-02T11:57:17+00:00","dateModified":"2025-12-03T08:06:10+00:00","mainEntityOfPage":{"@id":"https:\/\/aeroportcastello.com\/es\/el-aeropuerto-de-castellon-evalua-su-capacidad-de-respuesta-y-de-coordinacion-en-un-simulacro-de-accidente-aereo\/"},"wordCount":369,"publisher":{"@id":"https:\/\/aeroportcastello.com\/es\/#organization"},"articleSection":["Noticias Aeropuerto"],"inLanguage":"es"},{"@type":"WebPage","@id":"https:\/\/aeroportcastello.com\/es\/el-aeropuerto-de-castellon-evalua-su-capacidad-de-respuesta-y-de-coordinacion-en-un-simulacro-de-accidente-aereo\/","url":"https:\/\/aeroportcastello.com\/es\/el-aeropuerto-de-castellon-evalua-su-capacidad-de-respuesta-y-de-coordinacion-en-un-simulacro-de-accidente-aereo\/","name":"El aeropuerto de Castell\u00f3n eval\u00faa su capacidad de respuesta y de coordinaci\u00f3n en un simulacro de accidente a\u00e9reo - Aeropuerto Castell\u00f3n","isPartOf":{"@id":"https:\/\/aeroportcastello.com\/es\/#website"},"datePublished":"2025-12-02T11:57:17+00:00","dateModified":"2025-12-03T08:06:10+00:00","breadcrumb":{"@id":"https:\/\/aeroportcastello.com\/es\/el-aeropuerto-de-castellon-evalua-su-capacidad-de-respuesta-y-de-coordinacion-en-un-simulacro-de-accidente-aereo\/#breadcrumb"},"inLanguage":"es","potentialAction":[{"@type":"ReadAction","target":["https:\/\/aeroportcastello.com\/es\/el-aeropuerto-de-castellon-evalua-su-capacidad-de-respuesta-y-de-coordinacion-en-un-simulacro-de-accidente-aereo\/"]}]},{"@type":"BreadcrumbList","@id":"https:\/\/aeroportcastello.com\/es\/el-aeropuerto-de-castellon-evalua-su-capacidad-de-respuesta-y-de-coordinacion-en-un-simulacro-de-accidente-aereo\/#breadcrumb","itemListElement":[{"@type":"ListItem","position":1,"name":"Pasajeros","item":"https:\/\/aeroportcastello.com\/es\/"},{"@type":"ListItem","position":2,"name":"El aeropuerto de Castell\u00f3n eval\u00faa su capacidad de respuesta y de coordinaci\u00f3n en un simulacro de accidente a\u00e9reo"}]},{"@type":"WebSite","@id":"https:\/\/aeroportcastello.com\/es\/#website","url":"https:\/\/aeroportcastello.com\/es\/","name":"Aeropuerto Castell\u00f3n","description":"Aeropuerto Castell\u00f3n","publisher":{"@id":"https:\/\/aeroportcastello.com\/es\/#organization"},"potentialAction":[{"@type":"SearchAction","target":{"@type":"EntryPoint","urlTemplate":"https:\/\/aeroportcastello.com\/es\/?s={search_term_string}"},"query-input":"required name=search_term_string"}],"inLanguage":"es"},{"@type":"Organization","@id":"https:\/\/aeroportcastello.com\/es\/#organization","name":"Aeropuerto Castell\u00f3n","url":"https:\/\/aeroportcastello.com\/es\/","logo":{"@type":"ImageObject","inLanguage":"es","@id":"https:\/\/aeroportcastello.com\/es\/#\/schema\/logo\/image\/","url":"https:\/\/aeroportcastello.com\/wp-content\/uploads\/2021\/05\/logo_aeroport_castello-1.svg","contentUrl":"https:\/\/aeroportcastello.com\/wp-content\/uploads\/2021\/05\/logo_aeroport_castello-1.svg","width":482.8999999999999772626324556767940521240234375,"height":93.7000000000000028421709430404007434844970703125,"caption":"Aeropuerto Castell\u00f3n"},"image":{"@id":"https:\/\/aeroportcastello.com\/es\/#\/schema\/logo\/image\/"}},{"@type":"Person","@id":"https:\/\/aeroportcastello.com\/es\/#\/schema\/person\/dbe9a5cd8c878b170b9626311b760bbd","name":"JORDI","image":{"@type":"ImageObject","inLanguage":"es","@id":"https:\/\/aeroportcastello.com\/es\/#\/schema\/person\/image\/","url":"https:\/\/secure.gravatar.com\/avatar\/3b270e37d3e82ec6b995a7d26cf97e61?s=96&d=mm&r=g","contentUrl":"https:\/\/secure.gravatar.com\/avatar\/3b270e37d3e82ec6b995a7d26cf97e61?s=96&d=mm&r=g","caption":"JORDI"},"url":"https:\/\/aeroportcastello.com\/es\/author\/jordi\/"}]}},"_links":{"self":[{"href":"https:\/\/aeroportcastello.com\/es\/wp-json\/wp\/v2\/posts\/14645"}],"collection":[{"href":"https:\/\/aeroportcastello.com\/es\/wp-json\/wp\/v2\/posts"}],"about":[{"href":"https:\/\/aeroportcastello.com\/es\/wp-json\/wp\/v2\/types\/post"}],"author":[{"embeddable":true,"href":"https:\/\/aeroportcastello.com\/es\/wp-json\/wp\/v2\/users\/5"}],"replies":[{"embeddable":true,"href":"https:\/\/aeroportcastello.com\/es\/wp-json\/wp\/v2\/comments?post=14645"}],"version-history":[{"count":1,"href":"https:\/\/aeroportcastello.com\/es\/wp-json\/wp\/v2\/posts\/14645\/revisions"}],"predecessor-version":[{"id":14646,"href":"https:\/\/aeroportcastello.com\/es\/wp-json\/wp\/v2\/posts\/14645\/revisions\/14646"}],"wp:featuredmedia":[{"embeddable":true,"href":"https:\/\/aeroportcastello.com\/es\/wp-json\/wp\/v2\/media\/14654"}],"wp:attachment":[{"href":"https:\/\/aeroportcastello.com\/es\/wp-json\/wp\/v2\/media?parent=14645"}],"wp:term":[{"taxonomy":"category","embeddable":true,"href":"https:\/\/aeroportcastello.com\/es\/wp-json\/wp\/v2\/categories?post=14645"},{"taxonomy":"post_tag","embeddable":true,"href":"https:\/\/aeroportcastello.com\/es\/wp-json\/wp\/v2\/tags?post=14645"}],"curies":[{"name":"wp","href":"https:\/\/api.w.org\/{rel}","templated":true}]}}