{"id":14067,"date":"2025-11-12T12:14:08","date_gmt":"2025-11-12T11:14:08","guid":{"rendered":"https:\/\/aeroportcastello.com\/?p=14067"},"modified":"2025-11-12T12:14:08","modified_gmt":"2025-11-12T11:14:08","slug":"el-aeropuerto-de-castellon-y-ryanair-anuncian-el-lanzamiento-de-dos-rutas-a-manchester-y-bolonia-en-la-temporada-de-verano-de-2026","status":"publish","type":"post","link":"https:\/\/aeroportcastello.com\/es\/el-aeropuerto-de-castellon-y-ryanair-anuncian-el-lanzamiento-de-dos-rutas-a-manchester-y-bolonia-en-la-temporada-de-verano-de-2026\/","title":{"rendered":"El aeropuerto de Castell\u00f3n y Ryanair anuncian el lanzamiento de dos rutas a Manchester y Bolonia en la temporada de verano de 2026"},"content":{"rendered":"<p><strong>Las dos rutas, cuyos billetes se ponen a la venta, empezar\u00e1n a operar el 1 de junio en sustituci\u00f3n de las conexiones previstas con Par\u00eds y Stuttgart<\/strong><\/p>\n<p>El aeropuerto de Castell\u00f3n y la aerol\u00ednea Ryanair han anunciado el establecimiento de dos rutas a Manchester y Bolonia en la temporada de verano de 2026. Ambas conexiones operar\u00e1n a partir del pr\u00f3ximo 1 de junio con dos frecuencias semanales. La compa\u00f1\u00eda pone este mi\u00e9rcoles a la venta los billetes.<\/p>\n<p>El vicepresidente segundo para la Recuperaci\u00f3n, Medio Ambiente, Infraestructuras y Territorio, Vicente Mart\u00ednez Mus, ha mantenido una reuni\u00f3n con la directora de Comunicaci\u00f3n y portavoz de Ryanair en Espa\u00f1a, Alejandra Ruiz, para abordar los detalles del lanzamiento de las dos nuevas rutas. En el encuentro tambi\u00e9n han participado el director general de Aerocas, Justo Vell\u00f3n, y el director general de Puertos, Aeropuertos y Costas, Marc Garc\u00eda.<\/p>\n<p>El vicepresidente ha manifestado su satisfacci\u00f3n con la puesta en marcha de las conexiones, \u201cque permiten seguir avanzando en la mejora de la conectividad de Castell\u00f3n y en el desarrollo del propio aeropuerto\u201d.<\/p>\n<p>Seg\u00fan ha explicado, el establecimiento de dos nuevas rutas es fruto del acuerdo alcanzado entre Aerocas y Ryanair para la sustituci\u00f3n de las conexiones previstas con Par\u00eds y Stuttgart. El conseller ha destacado que las alternativas que se han consensuado \u201cson destinos muy atractivos y constituyen mercados estrat\u00e9gicos para el aeropuerto\u201d.<\/p>\n<p>Respecto a la ruta de Manchester, Mart\u00ednez Mus ha destacado que se trata \u201cde un destino con gran proyecci\u00f3n, ya que permite ampliar la conectividad de Castell\u00f3n con Reino Unido, que se limita en la actualidad a la ruta de Londres\u201d.<\/p>\n<p>El conseller ha se\u00f1alado que esta l\u00ednea \u201cconstituye una v\u00eda directa de acceso al norte de Inglaterra, potencial emisor de turistas a la provincia\u201d y ha recordado que Aerocas \u201clleva tiempo trabajando junto al sector tur\u00edstico para la captaci\u00f3n de una conexi\u00f3n con el norte de Inglaterra, por lo que la puesta en marcha de la ruta de Manchester permite alcanzar este objetivo estrat\u00e9gico\u201d.<\/p>\n<p>Respecto a la ruta de Bolonia, ha afirmado que es un mercado \u201cde gran inter\u00e9s por las relaciones comerciales y empresariales entre esta zona del norte de Italia y la provincia de Castell\u00f3n vinculadas a la industria cer\u00e1mica\u201d.<\/p>\n<p>Por su parte, con la directora de Comunicaci\u00f3n y portavoz de Ryanair en Espa\u00f1a, Alejandra Ruiz, ha se\u00f1alado: \u201cEstamos encantados de seguir potenciando la conectividad de Castell\u00f3n con dos nuevas rutas en la pr\u00f3xima programaci\u00f3n de verano. Las conexiones con Manchester y Bolonia estar\u00e1n disponibles con dos frecuencias semanales para volar desde el 1 de junio hasta finales de septiembre de 2026, permitiendo apoyar el turismo y la industria de Castell\u00f3n con mercados estrat\u00e9gicos. Ryanair sigue apostando as\u00ed por la regi\u00f3n, donde ha crecido exponencialmente en los \u00faltimos 10 a\u00f1os gracias a la buena recepci\u00f3n de las rutas, la diversificaci\u00f3n de mercados y la colaboraci\u00f3n con el aeropuerto\u201d.<\/p>\n<p>&nbsp;<\/p>\n<p>&nbsp;<\/p>\n","protected":false},"excerpt":{"rendered":"<p>Las dos rutas, cuyos billetes se ponen a la venta, empezar\u00e1n a operar el 1 de junio en sustituci\u00f3n de las conexiones previstas con Par\u00eds y Stuttgart El aeropuerto de Castell\u00f3n y la aerol\u00ednea Ryanair han anunciado el establecimiento de dos rutas a Manchester y Bolonia en la temporada de verano de 2026. Ambas conexiones &#8230; <\/p>\n<p class=\"read-more-container\"><a title=\"El aeropuerto de Castell\u00f3n y Ryanair anuncian el lanzamiento de dos rutas a Manchester y Bolonia en la temporada de verano de 2026\" class=\"read-more button\" href=\"https:\/\/aeroportcastello.com\/es\/el-aeropuerto-de-castellon-y-ryanair-anuncian-el-lanzamiento-de-dos-rutas-a-manchester-y-bolonia-en-la-temporada-de-verano-de-2026\/#more-14067\" aria-label=\"Leer m\u00e1s sobre El aeropuerto de Castell\u00f3n y Ryanair anuncian el lanzamiento de dos rutas a Manchester y Bolonia en la temporada de verano de 2026\">Leer m\u00e1s<\/a><\/p>\n","protected":false},"author":5,"featured_media":14064,"comment_status":"closed","ping_status":"closed","sticky":false,"template":"","format":"standard","meta":{"footnotes":""},"categories":[1],"tags":[],"yoast_head":"<!-- This site is optimized with the Yoast SEO plugin v22.0 - https:\/\/yoast.com\/wordpress\/plugins\/seo\/ -->\n<title>El aeropuerto de Castell\u00f3n y Ryanair anuncian el lanzamiento de dos rutas a Manchester y Bolonia en la temporada de verano de 2026 - Aeropuerto Castell\u00f3n<\/title>\n<meta name=\"robots\" content=\"index, follow, max-snippet:-1, max-image-preview:large, max-video-preview:-1\" \/>\n<link rel=\"canonical\" href=\"https:\/\/aeroportcastello.com\/es\/el-aeropuerto-de-castellon-y-ryanair-anuncian-el-lanzamiento-de-dos-rutas-a-manchester-y-bolonia-en-la-temporada-de-verano-de-2026\/\" \/>\n<meta property=\"og:locale\" content=\"es_ES\" \/>\n<meta property=\"og:type\" content=\"article\" \/>\n<meta property=\"og:title\" content=\"El aeropuerto de Castell\u00f3n y Ryanair anuncian el lanzamiento de dos rutas a Manchester y Bolonia en la temporada de verano de 2026 - Aeropuerto Castell\u00f3n\" \/>\n<meta property=\"og:description\" content=\"Las dos rutas, cuyos billetes se ponen a la venta, empezar\u00e1n a operar el 1 de junio en sustituci\u00f3n de las conexiones previstas con Par\u00eds y Stuttgart El aeropuerto de Castell\u00f3n y la aerol\u00ednea Ryanair han anunciado el establecimiento de dos rutas a Manchester y Bolonia en la temporada de verano de 2026. Ambas conexiones ... Leer m\u00e1s\" \/>\n<meta property=\"og:url\" content=\"https:\/\/aeroportcastello.com\/es\/el-aeropuerto-de-castellon-y-ryanair-anuncian-el-lanzamiento-de-dos-rutas-a-manchester-y-bolonia-en-la-temporada-de-verano-de-2026\/\" \/>\n<meta property=\"og:site_name\" content=\"Aeropuerto Castell\u00f3n\" \/>\n<meta property=\"article:published_time\" content=\"2025-11-12T11:14:08+00:00\" \/>\n<meta property=\"og:image\" content=\"https:\/\/aeroportcastello.com\/wp-content\/uploads\/2025\/11\/thumbnail_IMG_8399.jpg\" \/>\n\t<meta property=\"og:image:width\" content=\"1920\" \/>\n\t<meta property=\"og:image:height\" content=\"1440\" \/>\n\t<meta property=\"og:image:type\" content=\"image\/jpeg\" \/>\n<meta name=\"author\" content=\"JORDI\" \/>\n<meta name=\"twitter:card\" content=\"summary_large_image\" \/>\n<meta name=\"twitter:label1\" content=\"Escrito por\" \/>\n\t<meta name=\"twitter:data1\" content=\"JORDI\" \/>\n\t<meta name=\"twitter:label2\" content=\"Tiempo de lectura\" \/>\n\t<meta name=\"twitter:data2\" content=\"3 minutos\" \/>\n<script type=\"application\/ld+json\" class=\"yoast-schema-graph\">{\"@context\":\"https:\/\/schema.org\",\"@graph\":[{\"@type\":\"Article\",\"@id\":\"https:\/\/aeroportcastello.com\/es\/el-aeropuerto-de-castellon-y-ryanair-anuncian-el-lanzamiento-de-dos-rutas-a-manchester-y-bolonia-en-la-temporada-de-verano-de-2026\/#article\",\"isPartOf\":{\"@id\":\"https:\/\/aeroportcastello.com\/es\/el-aeropuerto-de-castellon-y-ryanair-anuncian-el-lanzamiento-de-dos-rutas-a-manchester-y-bolonia-en-la-temporada-de-verano-de-2026\/\"},\"author\":{\"name\":\"JORDI\",\"@id\":\"https:\/\/aeroportcastello.com\/es\/#\/schema\/person\/dbe9a5cd8c878b170b9626311b760bbd\"},\"headline\":\"El aeropuerto de Castell\u00f3n y Ryanair anuncian el lanzamiento de dos rutas a Manchester y Bolonia en la temporada de verano de 2026\",\"datePublished\":\"2025-11-12T11:14:08+00:00\",\"dateModified\":\"2025-11-12T11:14:08+00:00\",\"mainEntityOfPage\":{\"@id\":\"https:\/\/aeroportcastello.com\/es\/el-aeropuerto-de-castellon-y-ryanair-anuncian-el-lanzamiento-de-dos-rutas-a-manchester-y-bolonia-en-la-temporada-de-verano-de-2026\/\"},\"wordCount\":547,\"publisher\":{\"@id\":\"https:\/\/aeroportcastello.com\/es\/#organization\"},\"articleSection\":[\"Noticias Aeropuerto\"],\"inLanguage\":\"es\"},{\"@type\":\"WebPage\",\"@id\":\"https:\/\/aeroportcastello.com\/es\/el-aeropuerto-de-castellon-y-ryanair-anuncian-el-lanzamiento-de-dos-rutas-a-manchester-y-bolonia-en-la-temporada-de-verano-de-2026\/\",\"url\":\"https:\/\/aeroportcastello.com\/es\/el-aeropuerto-de-castellon-y-ryanair-anuncian-el-lanzamiento-de-dos-rutas-a-manchester-y-bolonia-en-la-temporada-de-verano-de-2026\/\",\"name\":\"El aeropuerto de Castell\u00f3n y Ryanair anuncian el lanzamiento de dos rutas a Manchester y Bolonia en la temporada de verano de 2026 - Aeropuerto Castell\u00f3n\",\"isPartOf\":{\"@id\":\"https:\/\/aeroportcastello.com\/es\/#website\"},\"datePublished\":\"2025-11-12T11:14:08+00:00\",\"dateModified\":\"2025-11-12T11:14:08+00:00\",\"breadcrumb\":{\"@id\":\"https:\/\/aeroportcastello.com\/es\/el-aeropuerto-de-castellon-y-ryanair-anuncian-el-lanzamiento-de-dos-rutas-a-manchester-y-bolonia-en-la-temporada-de-verano-de-2026\/#breadcrumb\"},\"inLanguage\":\"es\",\"potentialAction\":[{\"@type\":\"ReadAction\",\"target\":[\"https:\/\/aeroportcastello.com\/es\/el-aeropuerto-de-castellon-y-ryanair-anuncian-el-lanzamiento-de-dos-rutas-a-manchester-y-bolonia-en-la-temporada-de-verano-de-2026\/\"]}]},{\"@type\":\"BreadcrumbList\",\"@id\":\"https:\/\/aeroportcastello.com\/es\/el-aeropuerto-de-castellon-y-ryanair-anuncian-el-lanzamiento-de-dos-rutas-a-manchester-y-bolonia-en-la-temporada-de-verano-de-2026\/#breadcrumb\",\"itemListElement\":[{\"@type\":\"ListItem\",\"position\":1,\"name\":\"Pasajeros\",\"item\":\"https:\/\/aeroportcastello.com\/es\/\"},{\"@type\":\"ListItem\",\"position\":2,\"name\":\"El aeropuerto de Castell\u00f3n y Ryanair anuncian el lanzamiento de dos rutas a Manchester y Bolonia en la temporada de verano de 2026\"}]},{\"@type\":\"WebSite\",\"@id\":\"https:\/\/aeroportcastello.com\/es\/#website\",\"url\":\"https:\/\/aeroportcastello.com\/es\/\",\"name\":\"Aeropuerto Castell\u00f3n\",\"description\":\"Aeropuerto Castell\u00f3n\",\"publisher\":{\"@id\":\"https:\/\/aeroportcastello.com\/es\/#organization\"},\"potentialAction\":[{\"@type\":\"SearchAction\",\"target\":{\"@type\":\"EntryPoint\",\"urlTemplate\":\"https:\/\/aeroportcastello.com\/es\/?s={search_term_string}\"},\"query-input\":\"required name=search_term_string\"}],\"inLanguage\":\"es\"},{\"@type\":\"Organization\",\"@id\":\"https:\/\/aeroportcastello.com\/es\/#organization\",\"name\":\"Aeropuerto Castell\u00f3n\",\"url\":\"https:\/\/aeroportcastello.com\/es\/\",\"logo\":{\"@type\":\"ImageObject\",\"inLanguage\":\"es\",\"@id\":\"https:\/\/aeroportcastello.com\/es\/#\/schema\/logo\/image\/\",\"url\":\"https:\/\/aeroportcastello.com\/wp-content\/uploads\/2021\/05\/logo_aeroport_castello-1.svg\",\"contentUrl\":\"https:\/\/aeroportcastello.com\/wp-content\/uploads\/2021\/05\/logo_aeroport_castello-1.svg\",\"width\":482.8999999999999772626324556767940521240234375,\"height\":93.7000000000000028421709430404007434844970703125,\"caption\":\"Aeropuerto Castell\u00f3n\"},\"image\":{\"@id\":\"https:\/\/aeroportcastello.com\/es\/#\/schema\/logo\/image\/\"}},{\"@type\":\"Person\",\"@id\":\"https:\/\/aeroportcastello.com\/es\/#\/schema\/person\/dbe9a5cd8c878b170b9626311b760bbd\",\"name\":\"JORDI\",\"image\":{\"@type\":\"ImageObject\",\"inLanguage\":\"es\",\"@id\":\"https:\/\/aeroportcastello.com\/es\/#\/schema\/person\/image\/\",\"url\":\"https:\/\/secure.gravatar.com\/avatar\/3b270e37d3e82ec6b995a7d26cf97e61?s=96&d=mm&r=g\",\"contentUrl\":\"https:\/\/secure.gravatar.com\/avatar\/3b270e37d3e82ec6b995a7d26cf97e61?s=96&d=mm&r=g\",\"caption\":\"JORDI\"},\"url\":\"https:\/\/aeroportcastello.com\/es\/author\/jordi\/\"}]}<\/script>\n<!-- \/ Yoast SEO plugin. -->","yoast_head_json":{"title":"El aeropuerto de Castell\u00f3n y Ryanair anuncian el lanzamiento de dos rutas a Manchester y Bolonia en la temporada de verano de 2026 - Aeropuerto Castell\u00f3n","robots":{"index":"index","follow":"follow","max-snippet":"max-snippet:-1","max-image-preview":"max-image-preview:large","max-video-preview":"max-video-preview:-1"},"canonical":"https:\/\/aeroportcastello.com\/es\/el-aeropuerto-de-castellon-y-ryanair-anuncian-el-lanzamiento-de-dos-rutas-a-manchester-y-bolonia-en-la-temporada-de-verano-de-2026\/","og_locale":"es_ES","og_type":"article","og_title":"El aeropuerto de Castell\u00f3n y Ryanair anuncian el lanzamiento de dos rutas a Manchester y Bolonia en la temporada de verano de 2026 - Aeropuerto Castell\u00f3n","og_description":"Las dos rutas, cuyos billetes se ponen a la venta, empezar\u00e1n a operar el 1 de junio en sustituci\u00f3n de las conexiones previstas con Par\u00eds y Stuttgart El aeropuerto de Castell\u00f3n y la aerol\u00ednea Ryanair han anunciado el establecimiento de dos rutas a Manchester y Bolonia en la temporada de verano de 2026. Ambas conexiones ... Leer m\u00e1s","og_url":"https:\/\/aeroportcastello.com\/es\/el-aeropuerto-de-castellon-y-ryanair-anuncian-el-lanzamiento-de-dos-rutas-a-manchester-y-bolonia-en-la-temporada-de-verano-de-2026\/","og_site_name":"Aeropuerto Castell\u00f3n","article_published_time":"2025-11-12T11:14:08+00:00","og_image":[{"width":1920,"height":1440,"url":"https:\/\/aeroportcastello.com\/wp-content\/uploads\/2025\/11\/thumbnail_IMG_8399.jpg","type":"image\/jpeg"}],"author":"JORDI","twitter_card":"summary_large_image","twitter_misc":{"Escrito por":"JORDI","Tiempo de lectura":"3 minutos"},"schema":{"@context":"https:\/\/schema.org","@graph":[{"@type":"Article","@id":"https:\/\/aeroportcastello.com\/es\/el-aeropuerto-de-castellon-y-ryanair-anuncian-el-lanzamiento-de-dos-rutas-a-manchester-y-bolonia-en-la-temporada-de-verano-de-2026\/#article","isPartOf":{"@id":"https:\/\/aeroportcastello.com\/es\/el-aeropuerto-de-castellon-y-ryanair-anuncian-el-lanzamiento-de-dos-rutas-a-manchester-y-bolonia-en-la-temporada-de-verano-de-2026\/"},"author":{"name":"JORDI","@id":"https:\/\/aeroportcastello.com\/es\/#\/schema\/person\/dbe9a5cd8c878b170b9626311b760bbd"},"headline":"El aeropuerto de Castell\u00f3n y Ryanair anuncian el lanzamiento de dos rutas a Manchester y Bolonia en la temporada de verano de 2026","datePublished":"2025-11-12T11:14:08+00:00","dateModified":"2025-11-12T11:14:08+00:00","mainEntityOfPage":{"@id":"https:\/\/aeroportcastello.com\/es\/el-aeropuerto-de-castellon-y-ryanair-anuncian-el-lanzamiento-de-dos-rutas-a-manchester-y-bolonia-en-la-temporada-de-verano-de-2026\/"},"wordCount":547,"publisher":{"@id":"https:\/\/aeroportcastello.com\/es\/#organization"},"articleSection":["Noticias Aeropuerto"],"inLanguage":"es"},{"@type":"WebPage","@id":"https:\/\/aeroportcastello.com\/es\/el-aeropuerto-de-castellon-y-ryanair-anuncian-el-lanzamiento-de-dos-rutas-a-manchester-y-bolonia-en-la-temporada-de-verano-de-2026\/","url":"https:\/\/aeroportcastello.com\/es\/el-aeropuerto-de-castellon-y-ryanair-anuncian-el-lanzamiento-de-dos-rutas-a-manchester-y-bolonia-en-la-temporada-de-verano-de-2026\/","name":"El aeropuerto de Castell\u00f3n y Ryanair anuncian el lanzamiento de dos rutas a Manchester y Bolonia en la temporada de verano de 2026 - Aeropuerto Castell\u00f3n","isPartOf":{"@id":"https:\/\/aeroportcastello.com\/es\/#website"},"datePublished":"2025-11-12T11:14:08+00:00","dateModified":"2025-11-12T11:14:08+00:00","breadcrumb":{"@id":"https:\/\/aeroportcastello.com\/es\/el-aeropuerto-de-castellon-y-ryanair-anuncian-el-lanzamiento-de-dos-rutas-a-manchester-y-bolonia-en-la-temporada-de-verano-de-2026\/#breadcrumb"},"inLanguage":"es","potentialAction":[{"@type":"ReadAction","target":["https:\/\/aeroportcastello.com\/es\/el-aeropuerto-de-castellon-y-ryanair-anuncian-el-lanzamiento-de-dos-rutas-a-manchester-y-bolonia-en-la-temporada-de-verano-de-2026\/"]}]},{"@type":"BreadcrumbList","@id":"https:\/\/aeroportcastello.com\/es\/el-aeropuerto-de-castellon-y-ryanair-anuncian-el-lanzamiento-de-dos-rutas-a-manchester-y-bolonia-en-la-temporada-de-verano-de-2026\/#breadcrumb","itemListElement":[{"@type":"ListItem","position":1,"name":"Pasajeros","item":"https:\/\/aeroportcastello.com\/es\/"},{"@type":"ListItem","position":2,"name":"El aeropuerto de Castell\u00f3n y Ryanair anuncian el lanzamiento de dos rutas a Manchester y Bolonia en la temporada de verano de 2026"}]},{"@type":"WebSite","@id":"https:\/\/aeroportcastello.com\/es\/#website","url":"https:\/\/aeroportcastello.com\/es\/","name":"Aeropuerto Castell\u00f3n","description":"Aeropuerto Castell\u00f3n","publisher":{"@id":"https:\/\/aeroportcastello.com\/es\/#organization"},"potentialAction":[{"@type":"SearchAction","target":{"@type":"EntryPoint","urlTemplate":"https:\/\/aeroportcastello.com\/es\/?s={search_term_string}"},"query-input":"required name=search_term_string"}],"inLanguage":"es"},{"@type":"Organization","@id":"https:\/\/aeroportcastello.com\/es\/#organization","name":"Aeropuerto Castell\u00f3n","url":"https:\/\/aeroportcastello.com\/es\/","logo":{"@type":"ImageObject","inLanguage":"es","@id":"https:\/\/aeroportcastello.com\/es\/#\/schema\/logo\/image\/","url":"https:\/\/aeroportcastello.com\/wp-content\/uploads\/2021\/05\/logo_aeroport_castello-1.svg","contentUrl":"https:\/\/aeroportcastello.com\/wp-content\/uploads\/2021\/05\/logo_aeroport_castello-1.svg","width":482.8999999999999772626324556767940521240234375,"height":93.7000000000000028421709430404007434844970703125,"caption":"Aeropuerto Castell\u00f3n"},"image":{"@id":"https:\/\/aeroportcastello.com\/es\/#\/schema\/logo\/image\/"}},{"@type":"Person","@id":"https:\/\/aeroportcastello.com\/es\/#\/schema\/person\/dbe9a5cd8c878b170b9626311b760bbd","name":"JORDI","image":{"@type":"ImageObject","inLanguage":"es","@id":"https:\/\/aeroportcastello.com\/es\/#\/schema\/person\/image\/","url":"https:\/\/secure.gravatar.com\/avatar\/3b270e37d3e82ec6b995a7d26cf97e61?s=96&d=mm&r=g","contentUrl":"https:\/\/secure.gravatar.com\/avatar\/3b270e37d3e82ec6b995a7d26cf97e61?s=96&d=mm&r=g","caption":"JORDI"},"url":"https:\/\/aeroportcastello.com\/es\/author\/jordi\/"}]}},"_links":{"self":[{"href":"https:\/\/aeroportcastello.com\/es\/wp-json\/wp\/v2\/posts\/14067"}],"collection":[{"href":"https:\/\/aeroportcastello.com\/es\/wp-json\/wp\/v2\/posts"}],"about":[{"href":"https:\/\/aeroportcastello.com\/es\/wp-json\/wp\/v2\/types\/post"}],"author":[{"embeddable":true,"href":"https:\/\/aeroportcastello.com\/es\/wp-json\/wp\/v2\/users\/5"}],"replies":[{"embeddable":true,"href":"https:\/\/aeroportcastello.com\/es\/wp-json\/wp\/v2\/comments?post=14067"}],"version-history":[{"count":1,"href":"https:\/\/aeroportcastello.com\/es\/wp-json\/wp\/v2\/posts\/14067\/revisions"}],"predecessor-version":[{"id":14069,"href":"https:\/\/aeroportcastello.com\/es\/wp-json\/wp\/v2\/posts\/14067\/revisions\/14069"}],"wp:featuredmedia":[{"embeddable":true,"href":"https:\/\/aeroportcastello.com\/es\/wp-json\/wp\/v2\/media\/14064"}],"wp:attachment":[{"href":"https:\/\/aeroportcastello.com\/es\/wp-json\/wp\/v2\/media?parent=14067"}],"wp:term":[{"taxonomy":"category","embeddable":true,"href":"https:\/\/aeroportcastello.com\/es\/wp-json\/wp\/v2\/categories?post=14067"},{"taxonomy":"post_tag","embeddable":true,"href":"https:\/\/aeroportcastello.com\/es\/wp-json\/wp\/v2\/tags?post=14067"}],"curies":[{"name":"wp","href":"https:\/\/api.w.org\/{rel}","templated":true}]}}