{"id":13162,"date":"2025-07-29T12:27:54","date_gmt":"2025-07-29T10:27:54","guid":{"rendered":"https:\/\/aeroportcastello.com\/?p=13162"},"modified":"2025-07-29T12:27:54","modified_gmt":"2025-07-29T10:27:54","slug":"el-aeropuerto-de-castellon-abre-una-nueva-convocatoria-dirigida-a-start-ups-para-formar-parte-de-la-incubadora-de-la-agencia-espacial-europea","status":"publish","type":"post","link":"https:\/\/aeroportcastello.com\/es\/el-aeropuerto-de-castellon-abre-una-nueva-convocatoria-dirigida-a-start-ups-para-formar-parte-de-la-incubadora-de-la-agencia-espacial-europea\/","title":{"rendered":"El aeropuerto de Castell\u00f3n abre una nueva convocatoria dirigida a \u2018start-ups\u2019 para formar parte de la incubadora de la Agencia Espacial Europea"},"content":{"rendered":"<p><strong>La segunda edici\u00f3n fija de plazo hasta el 17 de diciembre para la presentaci\u00f3n de proyectos empresariales vinculados con el espacio<\/strong><\/p>\n<p>La sociedad p\u00fablica Aeropuerto de Castell\u00f3n ha lanzado una nueva convocatoria dirigida a <em>start-ups<\/em>\u00a0para que formen parte del \u2018ESA-BIC Valencia Region\u2019, la primera incubadora de empresas de la Agencia Espacial Europea en la Comunitat Valenciana. Las firmas seleccionadas se sumar\u00e1n a las cuatro que resultaron elegidas en la primera edici\u00f3n<\/p>\n<p>El director general de Aerocas, Justo Vell\u00f3n, ha detallado que las <em>start-ups<\/em>\u00a0tienen de plazo hasta el pr\u00f3ximo 17 de diciembre para la presentaci\u00f3n de propuestas. Seg\u00fan ha destacado, esta segunda convocatoria constituye \u201cuna nueva oportunidad para ayudar a empresas emergentes a convertir sus ideas de negocio relacionadas con el espacio en empresas comerciales\u201d.<\/p>\n<p>Justo Vell\u00f3n ha incidido en que el \u2018ESA-BIC Valencia Region\u2019 \u201csupone un est\u00edmulo para el desarrollo del sector aeroespacial en la Comunitat Valenciana y posiciona al aeropuerto de Castell\u00f3n en el \u00e1mbito de la innovaci\u00f3n\u201d.<\/p>\n<p>Como en la anterior edici\u00f3n, se establecen los siguientes requisitos para las <em>start-ups <\/em>que quieran optar: tener menos de cinco a\u00f1os de existencia en el momento de la solicitud; disponer de sede social y centro de trabajo en la Comunitat Valenciana antes de la firma del contrato de incubaci\u00f3n; compromiso de ubicarse en las instalaciones del \u2018ESA-BIC Valencia Region\u2019, desarrollando su actividad esencialmente en el aeropuerto de Castell\u00f3n; presentar un proyecto empresarial con conexi\u00f3n demostrable con el sector espacial o uso de tecnolog\u00edas espaciales.<\/p>\n<p>Toda la informaci\u00f3n sobre las bases de la convocatoria y el modo de presentaci\u00f3n de propuestas se encuentra en la web esabic.aeroportcastello.com.<\/p>\n<p>El \u2018ESA-BIC Valencia Region\u2019 consta de al menos tres ediciones y va a permitir impulsar doce proyectos empresariales vinculados con el sector aeroespacial.<\/p>\n<p>En la primera convocatoria, las cuatro compa\u00f1\u00edas seleccionadas fueron Arkadia Space, Nax\u00a0Solutions, ODOS Technologies y Nerva Technologies.<\/p>\n<p>El proyecto del ESA-BIC ha sido promovido por la Generalitat \u2014a trav\u00e9s de la empresa p\u00fablica Aeropuerto de Castell\u00f3n (Aerocas), en colaboraci\u00f3n con el consorcio espacial valenciano ValSpace y la Direcci\u00f3n General de Innovaci\u00f3n\u2014 y por la Agencia Espacial Espa\u00f1ola (AEE). Adem\u00e1s, cuenta con cerca de 40 entidades colaboradoras, entre organizaciones empresariales y profesionales, universidades, institutos tecnol\u00f3gicos y empresas.<\/p>\n<p>El objetivo del programa es apoyar el nacimiento y consolidaci\u00f3n de nuevas empresas del sector aeroespacial, as\u00ed como la transferencia de soluciones innovadoras a partir de tecnolog\u00edas del espacio hacia otros sectores.<\/p>\n<p>Esta iniciativa abarca diversos aspectos, como son: b\u00fasqueda y captaci\u00f3n de\u00a0<em>start-ups<\/em>\u00a0relacionadas con el espacio; formaci\u00f3n, sesiones de\u00a0<em>networking<\/em>, foros de inversores, grupos de trabajo, conferencias, encuentros de ESA-BIC a nivel nacional y europeo; apoyo empresarial, legal y t\u00e9cnico, as\u00ed como puesta a disposici\u00f3n de instalaciones para las\u00a0<em>start-ups<\/em>.<\/p>\n","protected":false},"excerpt":{"rendered":"<p>La segunda edici\u00f3n fija de plazo hasta el 17 de diciembre para la presentaci\u00f3n de proyectos empresariales vinculados con el espacio La sociedad p\u00fablica Aeropuerto de Castell\u00f3n ha lanzado una nueva convocatoria dirigida a start-ups\u00a0para que formen parte del \u2018ESA-BIC Valencia Region\u2019, la primera incubadora de empresas de la Agencia Espacial Europea en la Comunitat &#8230; <\/p>\n<p class=\"read-more-container\"><a title=\"El aeropuerto de Castell\u00f3n abre una nueva convocatoria dirigida a \u2018start-ups\u2019 para formar parte de la incubadora de la Agencia Espacial Europea\" class=\"read-more button\" href=\"https:\/\/aeroportcastello.com\/es\/el-aeropuerto-de-castellon-abre-una-nueva-convocatoria-dirigida-a-start-ups-para-formar-parte-de-la-incubadora-de-la-agencia-espacial-europea\/#more-13162\" aria-label=\"Leer m\u00e1s sobre El aeropuerto de Castell\u00f3n abre una nueva convocatoria dirigida a \u2018start-ups\u2019 para formar parte de la incubadora de la Agencia Espacial Europea\">Leer m\u00e1s<\/a><\/p>\n","protected":false},"author":5,"featured_media":13163,"comment_status":"closed","ping_status":"closed","sticky":false,"template":"","format":"standard","meta":{"footnotes":""},"categories":[1],"tags":[],"yoast_head":"<!-- This site is optimized with the Yoast SEO plugin v22.0 - https:\/\/yoast.com\/wordpress\/plugins\/seo\/ -->\n<title>El aeropuerto de Castell\u00f3n abre una nueva convocatoria dirigida a \u2018start-ups\u2019 para formar parte de la incubadora de la Agencia Espacial Europea - Aeropuerto Castell\u00f3n<\/title>\n<meta name=\"robots\" content=\"index, follow, max-snippet:-1, max-image-preview:large, max-video-preview:-1\" \/>\n<link rel=\"canonical\" href=\"https:\/\/aeroportcastello.com\/es\/el-aeropuerto-de-castellon-abre-una-nueva-convocatoria-dirigida-a-start-ups-para-formar-parte-de-la-incubadora-de-la-agencia-espacial-europea\/\" \/>\n<meta property=\"og:locale\" content=\"es_ES\" \/>\n<meta property=\"og:type\" content=\"article\" \/>\n<meta property=\"og:title\" content=\"El aeropuerto de Castell\u00f3n abre una nueva convocatoria dirigida a \u2018start-ups\u2019 para formar parte de la incubadora de la Agencia Espacial Europea - Aeropuerto Castell\u00f3n\" \/>\n<meta property=\"og:description\" content=\"La segunda edici\u00f3n fija de plazo hasta el 17 de diciembre para la presentaci\u00f3n de proyectos empresariales vinculados con el espacio La sociedad p\u00fablica Aeropuerto de Castell\u00f3n ha lanzado una nueva convocatoria dirigida a start-ups\u00a0para que formen parte del \u2018ESA-BIC Valencia Region\u2019, la primera incubadora de empresas de la Agencia Espacial Europea en la Comunitat ... Leer m\u00e1s\" \/>\n<meta property=\"og:url\" content=\"https:\/\/aeroportcastello.com\/es\/el-aeropuerto-de-castellon-abre-una-nueva-convocatoria-dirigida-a-start-ups-para-formar-parte-de-la-incubadora-de-la-agencia-espacial-europea\/\" \/>\n<meta property=\"og:site_name\" content=\"Aeropuerto Castell\u00f3n\" \/>\n<meta property=\"article:published_time\" content=\"2025-07-29T10:27:54+00:00\" \/>\n<meta property=\"og:image\" content=\"https:\/\/aeroportcastello.com\/wp-content\/uploads\/2025\/07\/DJI_0900-scaled.jpg\" \/>\n\t<meta property=\"og:image:width\" content=\"2560\" \/>\n\t<meta property=\"og:image:height\" content=\"1440\" \/>\n\t<meta property=\"og:image:type\" content=\"image\/jpeg\" \/>\n<meta name=\"author\" content=\"JORDI\" \/>\n<meta name=\"twitter:card\" content=\"summary_large_image\" \/>\n<meta name=\"twitter:label1\" content=\"Escrito por\" \/>\n\t<meta name=\"twitter:data1\" content=\"JORDI\" \/>\n\t<meta name=\"twitter:label2\" content=\"Tiempo de lectura\" \/>\n\t<meta name=\"twitter:data2\" content=\"3 minutos\" \/>\n<script type=\"application\/ld+json\" class=\"yoast-schema-graph\">{\"@context\":\"https:\/\/schema.org\",\"@graph\":[{\"@type\":\"Article\",\"@id\":\"https:\/\/aeroportcastello.com\/es\/el-aeropuerto-de-castellon-abre-una-nueva-convocatoria-dirigida-a-start-ups-para-formar-parte-de-la-incubadora-de-la-agencia-espacial-europea\/#article\",\"isPartOf\":{\"@id\":\"https:\/\/aeroportcastello.com\/es\/el-aeropuerto-de-castellon-abre-una-nueva-convocatoria-dirigida-a-start-ups-para-formar-parte-de-la-incubadora-de-la-agencia-espacial-europea\/\"},\"author\":{\"name\":\"JORDI\",\"@id\":\"https:\/\/aeroportcastello.com\/es\/#\/schema\/person\/dbe9a5cd8c878b170b9626311b760bbd\"},\"headline\":\"El aeropuerto de Castell\u00f3n abre una nueva convocatoria dirigida a \u2018start-ups\u2019 para formar parte de la incubadora de la Agencia Espacial Europea\",\"datePublished\":\"2025-07-29T10:27:54+00:00\",\"dateModified\":\"2025-07-29T10:27:54+00:00\",\"mainEntityOfPage\":{\"@id\":\"https:\/\/aeroportcastello.com\/es\/el-aeropuerto-de-castellon-abre-una-nueva-convocatoria-dirigida-a-start-ups-para-formar-parte-de-la-incubadora-de-la-agencia-espacial-europea\/\"},\"wordCount\":510,\"publisher\":{\"@id\":\"https:\/\/aeroportcastello.com\/es\/#organization\"},\"articleSection\":[\"Noticias Aeropuerto\"],\"inLanguage\":\"es\"},{\"@type\":\"WebPage\",\"@id\":\"https:\/\/aeroportcastello.com\/es\/el-aeropuerto-de-castellon-abre-una-nueva-convocatoria-dirigida-a-start-ups-para-formar-parte-de-la-incubadora-de-la-agencia-espacial-europea\/\",\"url\":\"https:\/\/aeroportcastello.com\/es\/el-aeropuerto-de-castellon-abre-una-nueva-convocatoria-dirigida-a-start-ups-para-formar-parte-de-la-incubadora-de-la-agencia-espacial-europea\/\",\"name\":\"El aeropuerto de Castell\u00f3n abre una nueva convocatoria dirigida a \u2018start-ups\u2019 para formar parte de la incubadora de la Agencia Espacial Europea - Aeropuerto Castell\u00f3n\",\"isPartOf\":{\"@id\":\"https:\/\/aeroportcastello.com\/es\/#website\"},\"datePublished\":\"2025-07-29T10:27:54+00:00\",\"dateModified\":\"2025-07-29T10:27:54+00:00\",\"breadcrumb\":{\"@id\":\"https:\/\/aeroportcastello.com\/es\/el-aeropuerto-de-castellon-abre-una-nueva-convocatoria-dirigida-a-start-ups-para-formar-parte-de-la-incubadora-de-la-agencia-espacial-europea\/#breadcrumb\"},\"inLanguage\":\"es\",\"potentialAction\":[{\"@type\":\"ReadAction\",\"target\":[\"https:\/\/aeroportcastello.com\/es\/el-aeropuerto-de-castellon-abre-una-nueva-convocatoria-dirigida-a-start-ups-para-formar-parte-de-la-incubadora-de-la-agencia-espacial-europea\/\"]}]},{\"@type\":\"BreadcrumbList\",\"@id\":\"https:\/\/aeroportcastello.com\/es\/el-aeropuerto-de-castellon-abre-una-nueva-convocatoria-dirigida-a-start-ups-para-formar-parte-de-la-incubadora-de-la-agencia-espacial-europea\/#breadcrumb\",\"itemListElement\":[{\"@type\":\"ListItem\",\"position\":1,\"name\":\"Pasajeros\",\"item\":\"https:\/\/aeroportcastello.com\/es\/\"},{\"@type\":\"ListItem\",\"position\":2,\"name\":\"El aeropuerto de Castell\u00f3n abre una nueva convocatoria dirigida a \u2018start-ups\u2019 para formar parte de la incubadora de la Agencia Espacial Europea\"}]},{\"@type\":\"WebSite\",\"@id\":\"https:\/\/aeroportcastello.com\/es\/#website\",\"url\":\"https:\/\/aeroportcastello.com\/es\/\",\"name\":\"Aeropuerto Castell\u00f3n\",\"description\":\"Aeropuerto Castell\u00f3n\",\"publisher\":{\"@id\":\"https:\/\/aeroportcastello.com\/es\/#organization\"},\"potentialAction\":[{\"@type\":\"SearchAction\",\"target\":{\"@type\":\"EntryPoint\",\"urlTemplate\":\"https:\/\/aeroportcastello.com\/es\/?s={search_term_string}\"},\"query-input\":\"required name=search_term_string\"}],\"inLanguage\":\"es\"},{\"@type\":\"Organization\",\"@id\":\"https:\/\/aeroportcastello.com\/es\/#organization\",\"name\":\"Aeropuerto Castell\u00f3n\",\"url\":\"https:\/\/aeroportcastello.com\/es\/\",\"logo\":{\"@type\":\"ImageObject\",\"inLanguage\":\"es\",\"@id\":\"https:\/\/aeroportcastello.com\/es\/#\/schema\/logo\/image\/\",\"url\":\"https:\/\/aeroportcastello.com\/wp-content\/uploads\/2021\/05\/logo_aeroport_castello-1.svg\",\"contentUrl\":\"https:\/\/aeroportcastello.com\/wp-content\/uploads\/2021\/05\/logo_aeroport_castello-1.svg\",\"width\":482.8999999999999772626324556767940521240234375,\"height\":93.7000000000000028421709430404007434844970703125,\"caption\":\"Aeropuerto Castell\u00f3n\"},\"image\":{\"@id\":\"https:\/\/aeroportcastello.com\/es\/#\/schema\/logo\/image\/\"}},{\"@type\":\"Person\",\"@id\":\"https:\/\/aeroportcastello.com\/es\/#\/schema\/person\/dbe9a5cd8c878b170b9626311b760bbd\",\"name\":\"JORDI\",\"image\":{\"@type\":\"ImageObject\",\"inLanguage\":\"es\",\"@id\":\"https:\/\/aeroportcastello.com\/es\/#\/schema\/person\/image\/\",\"url\":\"https:\/\/secure.gravatar.com\/avatar\/3b270e37d3e82ec6b995a7d26cf97e61?s=96&d=mm&r=g\",\"contentUrl\":\"https:\/\/secure.gravatar.com\/avatar\/3b270e37d3e82ec6b995a7d26cf97e61?s=96&d=mm&r=g\",\"caption\":\"JORDI\"},\"url\":\"https:\/\/aeroportcastello.com\/es\/author\/jordi\/\"}]}<\/script>\n<!-- \/ Yoast SEO plugin. -->","yoast_head_json":{"title":"El aeropuerto de Castell\u00f3n abre una nueva convocatoria dirigida a \u2018start-ups\u2019 para formar parte de la incubadora de la Agencia Espacial Europea - Aeropuerto Castell\u00f3n","robots":{"index":"index","follow":"follow","max-snippet":"max-snippet:-1","max-image-preview":"max-image-preview:large","max-video-preview":"max-video-preview:-1"},"canonical":"https:\/\/aeroportcastello.com\/es\/el-aeropuerto-de-castellon-abre-una-nueva-convocatoria-dirigida-a-start-ups-para-formar-parte-de-la-incubadora-de-la-agencia-espacial-europea\/","og_locale":"es_ES","og_type":"article","og_title":"El aeropuerto de Castell\u00f3n abre una nueva convocatoria dirigida a \u2018start-ups\u2019 para formar parte de la incubadora de la Agencia Espacial Europea - Aeropuerto Castell\u00f3n","og_description":"La segunda edici\u00f3n fija de plazo hasta el 17 de diciembre para la presentaci\u00f3n de proyectos empresariales vinculados con el espacio La sociedad p\u00fablica Aeropuerto de Castell\u00f3n ha lanzado una nueva convocatoria dirigida a start-ups\u00a0para que formen parte del \u2018ESA-BIC Valencia Region\u2019, la primera incubadora de empresas de la Agencia Espacial Europea en la Comunitat ... Leer m\u00e1s","og_url":"https:\/\/aeroportcastello.com\/es\/el-aeropuerto-de-castellon-abre-una-nueva-convocatoria-dirigida-a-start-ups-para-formar-parte-de-la-incubadora-de-la-agencia-espacial-europea\/","og_site_name":"Aeropuerto Castell\u00f3n","article_published_time":"2025-07-29T10:27:54+00:00","og_image":[{"width":2560,"height":1440,"url":"https:\/\/aeroportcastello.com\/wp-content\/uploads\/2025\/07\/DJI_0900-scaled.jpg","type":"image\/jpeg"}],"author":"JORDI","twitter_card":"summary_large_image","twitter_misc":{"Escrito por":"JORDI","Tiempo de lectura":"3 minutos"},"schema":{"@context":"https:\/\/schema.org","@graph":[{"@type":"Article","@id":"https:\/\/aeroportcastello.com\/es\/el-aeropuerto-de-castellon-abre-una-nueva-convocatoria-dirigida-a-start-ups-para-formar-parte-de-la-incubadora-de-la-agencia-espacial-europea\/#article","isPartOf":{"@id":"https:\/\/aeroportcastello.com\/es\/el-aeropuerto-de-castellon-abre-una-nueva-convocatoria-dirigida-a-start-ups-para-formar-parte-de-la-incubadora-de-la-agencia-espacial-europea\/"},"author":{"name":"JORDI","@id":"https:\/\/aeroportcastello.com\/es\/#\/schema\/person\/dbe9a5cd8c878b170b9626311b760bbd"},"headline":"El aeropuerto de Castell\u00f3n abre una nueva convocatoria dirigida a \u2018start-ups\u2019 para formar parte de la incubadora de la Agencia Espacial Europea","datePublished":"2025-07-29T10:27:54+00:00","dateModified":"2025-07-29T10:27:54+00:00","mainEntityOfPage":{"@id":"https:\/\/aeroportcastello.com\/es\/el-aeropuerto-de-castellon-abre-una-nueva-convocatoria-dirigida-a-start-ups-para-formar-parte-de-la-incubadora-de-la-agencia-espacial-europea\/"},"wordCount":510,"publisher":{"@id":"https:\/\/aeroportcastello.com\/es\/#organization"},"articleSection":["Noticias Aeropuerto"],"inLanguage":"es"},{"@type":"WebPage","@id":"https:\/\/aeroportcastello.com\/es\/el-aeropuerto-de-castellon-abre-una-nueva-convocatoria-dirigida-a-start-ups-para-formar-parte-de-la-incubadora-de-la-agencia-espacial-europea\/","url":"https:\/\/aeroportcastello.com\/es\/el-aeropuerto-de-castellon-abre-una-nueva-convocatoria-dirigida-a-start-ups-para-formar-parte-de-la-incubadora-de-la-agencia-espacial-europea\/","name":"El aeropuerto de Castell\u00f3n abre una nueva convocatoria dirigida a \u2018start-ups\u2019 para formar parte de la incubadora de la Agencia Espacial Europea - Aeropuerto Castell\u00f3n","isPartOf":{"@id":"https:\/\/aeroportcastello.com\/es\/#website"},"datePublished":"2025-07-29T10:27:54+00:00","dateModified":"2025-07-29T10:27:54+00:00","breadcrumb":{"@id":"https:\/\/aeroportcastello.com\/es\/el-aeropuerto-de-castellon-abre-una-nueva-convocatoria-dirigida-a-start-ups-para-formar-parte-de-la-incubadora-de-la-agencia-espacial-europea\/#breadcrumb"},"inLanguage":"es","potentialAction":[{"@type":"ReadAction","target":["https:\/\/aeroportcastello.com\/es\/el-aeropuerto-de-castellon-abre-una-nueva-convocatoria-dirigida-a-start-ups-para-formar-parte-de-la-incubadora-de-la-agencia-espacial-europea\/"]}]},{"@type":"BreadcrumbList","@id":"https:\/\/aeroportcastello.com\/es\/el-aeropuerto-de-castellon-abre-una-nueva-convocatoria-dirigida-a-start-ups-para-formar-parte-de-la-incubadora-de-la-agencia-espacial-europea\/#breadcrumb","itemListElement":[{"@type":"ListItem","position":1,"name":"Pasajeros","item":"https:\/\/aeroportcastello.com\/es\/"},{"@type":"ListItem","position":2,"name":"El aeropuerto de Castell\u00f3n abre una nueva convocatoria dirigida a \u2018start-ups\u2019 para formar parte de la incubadora de la Agencia Espacial Europea"}]},{"@type":"WebSite","@id":"https:\/\/aeroportcastello.com\/es\/#website","url":"https:\/\/aeroportcastello.com\/es\/","name":"Aeropuerto Castell\u00f3n","description":"Aeropuerto Castell\u00f3n","publisher":{"@id":"https:\/\/aeroportcastello.com\/es\/#organization"},"potentialAction":[{"@type":"SearchAction","target":{"@type":"EntryPoint","urlTemplate":"https:\/\/aeroportcastello.com\/es\/?s={search_term_string}"},"query-input":"required name=search_term_string"}],"inLanguage":"es"},{"@type":"Organization","@id":"https:\/\/aeroportcastello.com\/es\/#organization","name":"Aeropuerto Castell\u00f3n","url":"https:\/\/aeroportcastello.com\/es\/","logo":{"@type":"ImageObject","inLanguage":"es","@id":"https:\/\/aeroportcastello.com\/es\/#\/schema\/logo\/image\/","url":"https:\/\/aeroportcastello.com\/wp-content\/uploads\/2021\/05\/logo_aeroport_castello-1.svg","contentUrl":"https:\/\/aeroportcastello.com\/wp-content\/uploads\/2021\/05\/logo_aeroport_castello-1.svg","width":482.8999999999999772626324556767940521240234375,"height":93.7000000000000028421709430404007434844970703125,"caption":"Aeropuerto Castell\u00f3n"},"image":{"@id":"https:\/\/aeroportcastello.com\/es\/#\/schema\/logo\/image\/"}},{"@type":"Person","@id":"https:\/\/aeroportcastello.com\/es\/#\/schema\/person\/dbe9a5cd8c878b170b9626311b760bbd","name":"JORDI","image":{"@type":"ImageObject","inLanguage":"es","@id":"https:\/\/aeroportcastello.com\/es\/#\/schema\/person\/image\/","url":"https:\/\/secure.gravatar.com\/avatar\/3b270e37d3e82ec6b995a7d26cf97e61?s=96&d=mm&r=g","contentUrl":"https:\/\/secure.gravatar.com\/avatar\/3b270e37d3e82ec6b995a7d26cf97e61?s=96&d=mm&r=g","caption":"JORDI"},"url":"https:\/\/aeroportcastello.com\/es\/author\/jordi\/"}]}},"_links":{"self":[{"href":"https:\/\/aeroportcastello.com\/es\/wp-json\/wp\/v2\/posts\/13162"}],"collection":[{"href":"https:\/\/aeroportcastello.com\/es\/wp-json\/wp\/v2\/posts"}],"about":[{"href":"https:\/\/aeroportcastello.com\/es\/wp-json\/wp\/v2\/types\/post"}],"author":[{"embeddable":true,"href":"https:\/\/aeroportcastello.com\/es\/wp-json\/wp\/v2\/users\/5"}],"replies":[{"embeddable":true,"href":"https:\/\/aeroportcastello.com\/es\/wp-json\/wp\/v2\/comments?post=13162"}],"version-history":[{"count":2,"href":"https:\/\/aeroportcastello.com\/es\/wp-json\/wp\/v2\/posts\/13162\/revisions"}],"predecessor-version":[{"id":13169,"href":"https:\/\/aeroportcastello.com\/es\/wp-json\/wp\/v2\/posts\/13162\/revisions\/13169"}],"wp:featuredmedia":[{"embeddable":true,"href":"https:\/\/aeroportcastello.com\/es\/wp-json\/wp\/v2\/media\/13163"}],"wp:attachment":[{"href":"https:\/\/aeroportcastello.com\/es\/wp-json\/wp\/v2\/media?parent=13162"}],"wp:term":[{"taxonomy":"category","embeddable":true,"href":"https:\/\/aeroportcastello.com\/es\/wp-json\/wp\/v2\/categories?post=13162"},{"taxonomy":"post_tag","embeddable":true,"href":"https:\/\/aeroportcastello.com\/es\/wp-json\/wp\/v2\/tags?post=13162"}],"curies":[{"name":"wp","href":"https:\/\/api.w.org\/{rel}","templated":true}]}}