{"id":11686,"date":"2025-05-30T13:38:13","date_gmt":"2025-05-30T11:38:13","guid":{"rendered":"https:\/\/aeroportcastello.com\/?p=11686"},"modified":"2025-05-30T13:38:55","modified_gmt":"2025-05-30T11:38:55","slug":"el-aeropuerto-de-castellon-licita-la-gestion-del-parking-para-reforzar-sus-prestaciones-y-dar-respuesta-al-incremento-de-usuarios","status":"publish","type":"post","link":"https:\/\/aeroportcastello.com\/es\/el-aeropuerto-de-castellon-licita-la-gestion-del-parking-para-reforzar-sus-prestaciones-y-dar-respuesta-al-incremento-de-usuarios\/","title":{"rendered":"El aeropuerto de Castell\u00f3n licita la gesti\u00f3n del parking para reforzar sus prestaciones y dar respuesta al incremento de usuarios"},"content":{"rendered":"<p><strong>El objetivo es favorecer una adecuada rotaci\u00f3n y mejorar el servicio, con nuevos equipamientos y una plataforma de reservas <em>online<\/em><\/strong><\/p>\n<p><strong>El nuevo sistema de cobro se activar\u00e1 en el \u00faltimo cuatrimestre con precios asequibles: la primera media hora ser\u00e1 gratuita y se fija un tope de 6 euros por d\u00eda<\/strong><\/p>\n<p style=\"text-align: justify; text-justify: inter-ideograph; background: white; margin: 0cm 0cm 18.0pt 0cm;\"><span style=\"color: #0c0c0c;\">La sociedad p\u00fablica Aerocas ha sacado a licitaci\u00f3n un contrato para la adecuaci\u00f3n, mantenimiento y gesti\u00f3n del aparcamiento durante un periodo de cinco a\u00f1os. <\/span><\/p>\n<p style=\"text-align: justify; text-justify: inter-ideograph; background: white; margin: 0cm 0cm 18.0pt 0cm;\"><span style=\"color: #0c0c0c;\">El contrato viene motivado por el crecimiento de la actividad comercial del aeropuerto de Castell\u00f3n, que ha generado la necesidad de reforzar las prestaciones y eficacia del parking, fomentar un uso racional del mismo y una adecuada rotaci\u00f3n de veh\u00edculos, as\u00ed como mejorar el servicio a los usuarios.<\/span><\/p>\n<p style=\"text-align: justify; text-justify: inter-ideograph; background: white; margin: 0cm 0cm 18.0pt 0cm;\"><span style=\"color: #0c0c0c;\">Aerocas ya ejecut\u00f3 el a\u00f1o pasado una reforma del aparcamiento que posibilit\u00f3 ampliar un 40% su capacidad hasta alcanzar las 500 plazas. Adem\u00e1s, acometi\u00f3 su automatizaci\u00f3n, con la instalaci\u00f3n del equipamiento necesario para el control de entradas y salidas, adem\u00e1s de los elementos f\u00edsicos de seguridad.<\/span><\/p>\n<p style=\"text-align: justify; text-justify: inter-ideograph; background: white; margin: 0cm 0cm 18.0pt 0cm;\"><span style=\"color: #0c0c0c;\">La entidad da ahora un paso m\u00e1s con la licitaci\u00f3n de un contrato para que una empresa se haga cargo de la gesti\u00f3n y mantenimiento del recinto e implante las mejoras en equipamientos e instalaciones de que disponen otros aparcamientos.<\/span><\/p>\n<p style=\"text-align: justify; text-justify: inter-ideograph; background: white; margin: 0cm 0cm 18.0pt 0cm;\"><span style=\"color: #0c0c0c;\">En concreto, el adjudicatario integrar\u00e1 en su propio sistema la atenci\u00f3n a los usuarios en remoto y pondr\u00e1 en marcha una plataforma de reservas <em>online<\/em>. Tambi\u00e9n instalar\u00e1 barreras adicionales para un mejor control. <\/span><\/p>\n<p style=\"text-align: justify; text-justify: inter-ideograph; background: white; margin: 0cm 0cm 18.0pt 0cm;\"><span style=\"color: #0c0c0c;\">Adem\u00e1s, la empresa se har\u00e1 cargo del mantenimiento del equipamiento, as\u00ed como de la supervisi\u00f3n y administraci\u00f3n del parking.<\/span><\/p>\n<p style=\"text-align: justify; text-justify: inter-ideograph; background: white; margin: 0cm 0cm 18.0pt 0cm;\"><b><span style=\"color: #0c0c0c;\">Precios asequibles<\/span><\/b><\/p>\n<p style=\"text-align: justify; text-justify: inter-ideograph; background: white; margin: 0cm 0cm 18.0pt 0cm;\"><span style=\"color: #0c0c0c;\">Por otra parte, Aerocas ha aprobado las tarifas que se aplicar\u00e1n en el aparcamiento, una vez se adjudique el contrato de gesti\u00f3n. <b><\/b><\/span><\/p>\n<p style=\"text-align: justify; text-justify: inter-ideograph; background: white; margin: 0cm 0cm 18.0pt 0cm;\"><span style=\"color: #0c0c0c;\">Son precios competitivos, inferiores a la media de mercado. Su implantaci\u00f3n favorecer\u00e1 un uso racional del aparcamiento, una rotaci\u00f3n adecuada de veh\u00edculos y un uso m\u00e1s eficiente de las plazas disponibles. <\/span><\/p>\n<p style=\"text-align: justify; text-justify: inter-ideograph; background: white; margin: 0cm 0cm 18.0pt 0cm;\"><span style=\"color: #0c0c0c;\">La primera media hora de estacionamiento ser\u00e1 gratuita y el importe m\u00e1ximo diario ser\u00e1 de 6 euros durante las dos primeras semanas.<\/span><\/p>\n<p style=\"text-align: justify; text-justify: inter-ideograph; background: white; margin: 0cm 0cm 18.0pt 0cm;\"><span style=\"color: #0c0c0c;\">Todo ello redundar\u00e1 en una mejora en el servicio a los pasajeros. Est\u00e1 previsto que el nuevo sistema de pago se ponga en marcha en el \u00faltimo cuatrimestre del a\u00f1o.<\/span><\/p>\n","protected":false},"excerpt":{"rendered":"<p>El objetivo es favorecer una adecuada rotaci\u00f3n y mejorar el servicio, con nuevos equipamientos y una plataforma de reservas online El nuevo sistema de cobro se activar\u00e1 en el \u00faltimo cuatrimestre con precios asequibles: la primera media hora ser\u00e1 gratuita y se fija un tope de 6 euros por d\u00eda La sociedad p\u00fablica Aerocas ha &#8230; <\/p>\n<p class=\"read-more-container\"><a title=\"El aeropuerto de Castell\u00f3n licita la gesti\u00f3n del parking para reforzar sus prestaciones y dar respuesta al incremento de usuarios\" class=\"read-more button\" href=\"https:\/\/aeroportcastello.com\/es\/el-aeropuerto-de-castellon-licita-la-gestion-del-parking-para-reforzar-sus-prestaciones-y-dar-respuesta-al-incremento-de-usuarios\/#more-11686\" aria-label=\"Leer m\u00e1s sobre El aeropuerto de Castell\u00f3n licita la gesti\u00f3n del parking para reforzar sus prestaciones y dar respuesta al incremento de usuarios\">Leer m\u00e1s<\/a><\/p>\n","protected":false},"author":5,"featured_media":11687,"comment_status":"closed","ping_status":"closed","sticky":false,"template":"","format":"standard","meta":{"footnotes":""},"categories":[1],"tags":[],"yoast_head":"<!-- This site is optimized with the Yoast SEO plugin v22.0 - https:\/\/yoast.com\/wordpress\/plugins\/seo\/ -->\n<title>El aeropuerto de Castell\u00f3n licita la gesti\u00f3n del parking para reforzar sus prestaciones y dar respuesta al incremento de usuarios - Aeropuerto Castell\u00f3n<\/title>\n<meta name=\"robots\" content=\"index, follow, max-snippet:-1, max-image-preview:large, max-video-preview:-1\" \/>\n<link rel=\"canonical\" href=\"https:\/\/aeroportcastello.com\/es\/el-aeropuerto-de-castellon-licita-la-gestion-del-parking-para-reforzar-sus-prestaciones-y-dar-respuesta-al-incremento-de-usuarios\/\" \/>\n<meta property=\"og:locale\" content=\"es_ES\" \/>\n<meta property=\"og:type\" content=\"article\" \/>\n<meta property=\"og:title\" content=\"El aeropuerto de Castell\u00f3n licita la gesti\u00f3n del parking para reforzar sus prestaciones y dar respuesta al incremento de usuarios - Aeropuerto Castell\u00f3n\" \/>\n<meta property=\"og:description\" content=\"El objetivo es favorecer una adecuada rotaci\u00f3n y mejorar el servicio, con nuevos equipamientos y una plataforma de reservas online El nuevo sistema de cobro se activar\u00e1 en el \u00faltimo cuatrimestre con precios asequibles: la primera media hora ser\u00e1 gratuita y se fija un tope de 6 euros por d\u00eda La sociedad p\u00fablica Aerocas ha ... Leer m\u00e1s\" \/>\n<meta property=\"og:url\" content=\"https:\/\/aeroportcastello.com\/es\/el-aeropuerto-de-castellon-licita-la-gestion-del-parking-para-reforzar-sus-prestaciones-y-dar-respuesta-al-incremento-de-usuarios\/\" \/>\n<meta property=\"og:site_name\" content=\"Aeropuerto Castell\u00f3n\" \/>\n<meta property=\"article:published_time\" content=\"2025-05-30T11:38:13+00:00\" \/>\n<meta property=\"article:modified_time\" content=\"2025-05-30T11:38:55+00:00\" \/>\n<meta property=\"og:image\" content=\"https:\/\/aeroportcastello.com\/wp-content\/uploads\/2025\/05\/dd.jpg\" \/>\n\t<meta property=\"og:image:width\" content=\"1874\" \/>\n\t<meta property=\"og:image:height\" content=\"1390\" \/>\n\t<meta property=\"og:image:type\" content=\"image\/jpeg\" \/>\n<meta name=\"author\" content=\"JORDI\" \/>\n<meta name=\"twitter:card\" content=\"summary_large_image\" \/>\n<meta name=\"twitter:label1\" content=\"Escrito por\" \/>\n\t<meta name=\"twitter:data1\" content=\"JORDI\" \/>\n\t<meta name=\"twitter:label2\" content=\"Tiempo de lectura\" \/>\n\t<meta name=\"twitter:data2\" content=\"3 minutos\" \/>\n<script type=\"application\/ld+json\" class=\"yoast-schema-graph\">{\"@context\":\"https:\/\/schema.org\",\"@graph\":[{\"@type\":\"Article\",\"@id\":\"https:\/\/aeroportcastello.com\/es\/el-aeropuerto-de-castellon-licita-la-gestion-del-parking-para-reforzar-sus-prestaciones-y-dar-respuesta-al-incremento-de-usuarios\/#article\",\"isPartOf\":{\"@id\":\"https:\/\/aeroportcastello.com\/es\/el-aeropuerto-de-castellon-licita-la-gestion-del-parking-para-reforzar-sus-prestaciones-y-dar-respuesta-al-incremento-de-usuarios\/\"},\"author\":{\"name\":\"JORDI\",\"@id\":\"https:\/\/aeroportcastello.com\/es\/#\/schema\/person\/dbe9a5cd8c878b170b9626311b760bbd\"},\"headline\":\"El aeropuerto de Castell\u00f3n licita la gesti\u00f3n del parking para reforzar sus prestaciones y dar respuesta al incremento de usuarios\",\"datePublished\":\"2025-05-30T11:38:13+00:00\",\"dateModified\":\"2025-05-30T11:38:55+00:00\",\"mainEntityOfPage\":{\"@id\":\"https:\/\/aeroportcastello.com\/es\/el-aeropuerto-de-castellon-licita-la-gestion-del-parking-para-reforzar-sus-prestaciones-y-dar-respuesta-al-incremento-de-usuarios\/\"},\"wordCount\":417,\"publisher\":{\"@id\":\"https:\/\/aeroportcastello.com\/es\/#organization\"},\"articleSection\":[\"Noticias Aeropuerto\"],\"inLanguage\":\"es\"},{\"@type\":\"WebPage\",\"@id\":\"https:\/\/aeroportcastello.com\/es\/el-aeropuerto-de-castellon-licita-la-gestion-del-parking-para-reforzar-sus-prestaciones-y-dar-respuesta-al-incremento-de-usuarios\/\",\"url\":\"https:\/\/aeroportcastello.com\/es\/el-aeropuerto-de-castellon-licita-la-gestion-del-parking-para-reforzar-sus-prestaciones-y-dar-respuesta-al-incremento-de-usuarios\/\",\"name\":\"El aeropuerto de Castell\u00f3n licita la gesti\u00f3n del parking para reforzar sus prestaciones y dar respuesta al incremento de usuarios - Aeropuerto Castell\u00f3n\",\"isPartOf\":{\"@id\":\"https:\/\/aeroportcastello.com\/es\/#website\"},\"datePublished\":\"2025-05-30T11:38:13+00:00\",\"dateModified\":\"2025-05-30T11:38:55+00:00\",\"breadcrumb\":{\"@id\":\"https:\/\/aeroportcastello.com\/es\/el-aeropuerto-de-castellon-licita-la-gestion-del-parking-para-reforzar-sus-prestaciones-y-dar-respuesta-al-incremento-de-usuarios\/#breadcrumb\"},\"inLanguage\":\"es\",\"potentialAction\":[{\"@type\":\"ReadAction\",\"target\":[\"https:\/\/aeroportcastello.com\/es\/el-aeropuerto-de-castellon-licita-la-gestion-del-parking-para-reforzar-sus-prestaciones-y-dar-respuesta-al-incremento-de-usuarios\/\"]}]},{\"@type\":\"BreadcrumbList\",\"@id\":\"https:\/\/aeroportcastello.com\/es\/el-aeropuerto-de-castellon-licita-la-gestion-del-parking-para-reforzar-sus-prestaciones-y-dar-respuesta-al-incremento-de-usuarios\/#breadcrumb\",\"itemListElement\":[{\"@type\":\"ListItem\",\"position\":1,\"name\":\"Pasajeros\",\"item\":\"https:\/\/aeroportcastello.com\/es\/\"},{\"@type\":\"ListItem\",\"position\":2,\"name\":\"El aeropuerto de Castell\u00f3n licita la gesti\u00f3n del parking para reforzar sus prestaciones y dar respuesta al incremento de usuarios\"}]},{\"@type\":\"WebSite\",\"@id\":\"https:\/\/aeroportcastello.com\/es\/#website\",\"url\":\"https:\/\/aeroportcastello.com\/es\/\",\"name\":\"Aeropuerto Castell\u00f3n\",\"description\":\"Aeropuerto Castell\u00f3n\",\"publisher\":{\"@id\":\"https:\/\/aeroportcastello.com\/es\/#organization\"},\"potentialAction\":[{\"@type\":\"SearchAction\",\"target\":{\"@type\":\"EntryPoint\",\"urlTemplate\":\"https:\/\/aeroportcastello.com\/es\/?s={search_term_string}\"},\"query-input\":\"required name=search_term_string\"}],\"inLanguage\":\"es\"},{\"@type\":\"Organization\",\"@id\":\"https:\/\/aeroportcastello.com\/es\/#organization\",\"name\":\"Aeropuerto Castell\u00f3n\",\"url\":\"https:\/\/aeroportcastello.com\/es\/\",\"logo\":{\"@type\":\"ImageObject\",\"inLanguage\":\"es\",\"@id\":\"https:\/\/aeroportcastello.com\/es\/#\/schema\/logo\/image\/\",\"url\":\"https:\/\/aeroportcastello.com\/wp-content\/uploads\/2021\/05\/logo_aeroport_castello-1.svg\",\"contentUrl\":\"https:\/\/aeroportcastello.com\/wp-content\/uploads\/2021\/05\/logo_aeroport_castello-1.svg\",\"width\":482.8999999999999772626324556767940521240234375,\"height\":93.7000000000000028421709430404007434844970703125,\"caption\":\"Aeropuerto Castell\u00f3n\"},\"image\":{\"@id\":\"https:\/\/aeroportcastello.com\/es\/#\/schema\/logo\/image\/\"}},{\"@type\":\"Person\",\"@id\":\"https:\/\/aeroportcastello.com\/es\/#\/schema\/person\/dbe9a5cd8c878b170b9626311b760bbd\",\"name\":\"JORDI\",\"image\":{\"@type\":\"ImageObject\",\"inLanguage\":\"es\",\"@id\":\"https:\/\/aeroportcastello.com\/es\/#\/schema\/person\/image\/\",\"url\":\"https:\/\/secure.gravatar.com\/avatar\/3b270e37d3e82ec6b995a7d26cf97e61?s=96&d=mm&r=g\",\"contentUrl\":\"https:\/\/secure.gravatar.com\/avatar\/3b270e37d3e82ec6b995a7d26cf97e61?s=96&d=mm&r=g\",\"caption\":\"JORDI\"},\"url\":\"https:\/\/aeroportcastello.com\/es\/author\/jordi\/\"}]}<\/script>\n<!-- \/ Yoast SEO plugin. -->","yoast_head_json":{"title":"El aeropuerto de Castell\u00f3n licita la gesti\u00f3n del parking para reforzar sus prestaciones y dar respuesta al incremento de usuarios - Aeropuerto Castell\u00f3n","robots":{"index":"index","follow":"follow","max-snippet":"max-snippet:-1","max-image-preview":"max-image-preview:large","max-video-preview":"max-video-preview:-1"},"canonical":"https:\/\/aeroportcastello.com\/es\/el-aeropuerto-de-castellon-licita-la-gestion-del-parking-para-reforzar-sus-prestaciones-y-dar-respuesta-al-incremento-de-usuarios\/","og_locale":"es_ES","og_type":"article","og_title":"El aeropuerto de Castell\u00f3n licita la gesti\u00f3n del parking para reforzar sus prestaciones y dar respuesta al incremento de usuarios - Aeropuerto Castell\u00f3n","og_description":"El objetivo es favorecer una adecuada rotaci\u00f3n y mejorar el servicio, con nuevos equipamientos y una plataforma de reservas online El nuevo sistema de cobro se activar\u00e1 en el \u00faltimo cuatrimestre con precios asequibles: la primera media hora ser\u00e1 gratuita y se fija un tope de 6 euros por d\u00eda La sociedad p\u00fablica Aerocas ha ... Leer m\u00e1s","og_url":"https:\/\/aeroportcastello.com\/es\/el-aeropuerto-de-castellon-licita-la-gestion-del-parking-para-reforzar-sus-prestaciones-y-dar-respuesta-al-incremento-de-usuarios\/","og_site_name":"Aeropuerto Castell\u00f3n","article_published_time":"2025-05-30T11:38:13+00:00","article_modified_time":"2025-05-30T11:38:55+00:00","og_image":[{"width":1874,"height":1390,"url":"https:\/\/aeroportcastello.com\/wp-content\/uploads\/2025\/05\/dd.jpg","type":"image\/jpeg"}],"author":"JORDI","twitter_card":"summary_large_image","twitter_misc":{"Escrito por":"JORDI","Tiempo de lectura":"3 minutos"},"schema":{"@context":"https:\/\/schema.org","@graph":[{"@type":"Article","@id":"https:\/\/aeroportcastello.com\/es\/el-aeropuerto-de-castellon-licita-la-gestion-del-parking-para-reforzar-sus-prestaciones-y-dar-respuesta-al-incremento-de-usuarios\/#article","isPartOf":{"@id":"https:\/\/aeroportcastello.com\/es\/el-aeropuerto-de-castellon-licita-la-gestion-del-parking-para-reforzar-sus-prestaciones-y-dar-respuesta-al-incremento-de-usuarios\/"},"author":{"name":"JORDI","@id":"https:\/\/aeroportcastello.com\/es\/#\/schema\/person\/dbe9a5cd8c878b170b9626311b760bbd"},"headline":"El aeropuerto de Castell\u00f3n licita la gesti\u00f3n del parking para reforzar sus prestaciones y dar respuesta al incremento de usuarios","datePublished":"2025-05-30T11:38:13+00:00","dateModified":"2025-05-30T11:38:55+00:00","mainEntityOfPage":{"@id":"https:\/\/aeroportcastello.com\/es\/el-aeropuerto-de-castellon-licita-la-gestion-del-parking-para-reforzar-sus-prestaciones-y-dar-respuesta-al-incremento-de-usuarios\/"},"wordCount":417,"publisher":{"@id":"https:\/\/aeroportcastello.com\/es\/#organization"},"articleSection":["Noticias Aeropuerto"],"inLanguage":"es"},{"@type":"WebPage","@id":"https:\/\/aeroportcastello.com\/es\/el-aeropuerto-de-castellon-licita-la-gestion-del-parking-para-reforzar-sus-prestaciones-y-dar-respuesta-al-incremento-de-usuarios\/","url":"https:\/\/aeroportcastello.com\/es\/el-aeropuerto-de-castellon-licita-la-gestion-del-parking-para-reforzar-sus-prestaciones-y-dar-respuesta-al-incremento-de-usuarios\/","name":"El aeropuerto de Castell\u00f3n licita la gesti\u00f3n del parking para reforzar sus prestaciones y dar respuesta al incremento de usuarios - Aeropuerto Castell\u00f3n","isPartOf":{"@id":"https:\/\/aeroportcastello.com\/es\/#website"},"datePublished":"2025-05-30T11:38:13+00:00","dateModified":"2025-05-30T11:38:55+00:00","breadcrumb":{"@id":"https:\/\/aeroportcastello.com\/es\/el-aeropuerto-de-castellon-licita-la-gestion-del-parking-para-reforzar-sus-prestaciones-y-dar-respuesta-al-incremento-de-usuarios\/#breadcrumb"},"inLanguage":"es","potentialAction":[{"@type":"ReadAction","target":["https:\/\/aeroportcastello.com\/es\/el-aeropuerto-de-castellon-licita-la-gestion-del-parking-para-reforzar-sus-prestaciones-y-dar-respuesta-al-incremento-de-usuarios\/"]}]},{"@type":"BreadcrumbList","@id":"https:\/\/aeroportcastello.com\/es\/el-aeropuerto-de-castellon-licita-la-gestion-del-parking-para-reforzar-sus-prestaciones-y-dar-respuesta-al-incremento-de-usuarios\/#breadcrumb","itemListElement":[{"@type":"ListItem","position":1,"name":"Pasajeros","item":"https:\/\/aeroportcastello.com\/es\/"},{"@type":"ListItem","position":2,"name":"El aeropuerto de Castell\u00f3n licita la gesti\u00f3n del parking para reforzar sus prestaciones y dar respuesta al incremento de usuarios"}]},{"@type":"WebSite","@id":"https:\/\/aeroportcastello.com\/es\/#website","url":"https:\/\/aeroportcastello.com\/es\/","name":"Aeropuerto Castell\u00f3n","description":"Aeropuerto Castell\u00f3n","publisher":{"@id":"https:\/\/aeroportcastello.com\/es\/#organization"},"potentialAction":[{"@type":"SearchAction","target":{"@type":"EntryPoint","urlTemplate":"https:\/\/aeroportcastello.com\/es\/?s={search_term_string}"},"query-input":"required name=search_term_string"}],"inLanguage":"es"},{"@type":"Organization","@id":"https:\/\/aeroportcastello.com\/es\/#organization","name":"Aeropuerto Castell\u00f3n","url":"https:\/\/aeroportcastello.com\/es\/","logo":{"@type":"ImageObject","inLanguage":"es","@id":"https:\/\/aeroportcastello.com\/es\/#\/schema\/logo\/image\/","url":"https:\/\/aeroportcastello.com\/wp-content\/uploads\/2021\/05\/logo_aeroport_castello-1.svg","contentUrl":"https:\/\/aeroportcastello.com\/wp-content\/uploads\/2021\/05\/logo_aeroport_castello-1.svg","width":482.8999999999999772626324556767940521240234375,"height":93.7000000000000028421709430404007434844970703125,"caption":"Aeropuerto Castell\u00f3n"},"image":{"@id":"https:\/\/aeroportcastello.com\/es\/#\/schema\/logo\/image\/"}},{"@type":"Person","@id":"https:\/\/aeroportcastello.com\/es\/#\/schema\/person\/dbe9a5cd8c878b170b9626311b760bbd","name":"JORDI","image":{"@type":"ImageObject","inLanguage":"es","@id":"https:\/\/aeroportcastello.com\/es\/#\/schema\/person\/image\/","url":"https:\/\/secure.gravatar.com\/avatar\/3b270e37d3e82ec6b995a7d26cf97e61?s=96&d=mm&r=g","contentUrl":"https:\/\/secure.gravatar.com\/avatar\/3b270e37d3e82ec6b995a7d26cf97e61?s=96&d=mm&r=g","caption":"JORDI"},"url":"https:\/\/aeroportcastello.com\/es\/author\/jordi\/"}]}},"_links":{"self":[{"href":"https:\/\/aeroportcastello.com\/es\/wp-json\/wp\/v2\/posts\/11686"}],"collection":[{"href":"https:\/\/aeroportcastello.com\/es\/wp-json\/wp\/v2\/posts"}],"about":[{"href":"https:\/\/aeroportcastello.com\/es\/wp-json\/wp\/v2\/types\/post"}],"author":[{"embeddable":true,"href":"https:\/\/aeroportcastello.com\/es\/wp-json\/wp\/v2\/users\/5"}],"replies":[{"embeddable":true,"href":"https:\/\/aeroportcastello.com\/es\/wp-json\/wp\/v2\/comments?post=11686"}],"version-history":[{"count":3,"href":"https:\/\/aeroportcastello.com\/es\/wp-json\/wp\/v2\/posts\/11686\/revisions"}],"predecessor-version":[{"id":11696,"href":"https:\/\/aeroportcastello.com\/es\/wp-json\/wp\/v2\/posts\/11686\/revisions\/11696"}],"wp:featuredmedia":[{"embeddable":true,"href":"https:\/\/aeroportcastello.com\/es\/wp-json\/wp\/v2\/media\/11687"}],"wp:attachment":[{"href":"https:\/\/aeroportcastello.com\/es\/wp-json\/wp\/v2\/media?parent=11686"}],"wp:term":[{"taxonomy":"category","embeddable":true,"href":"https:\/\/aeroportcastello.com\/es\/wp-json\/wp\/v2\/categories?post=11686"},{"taxonomy":"post_tag","embeddable":true,"href":"https:\/\/aeroportcastello.com\/es\/wp-json\/wp\/v2\/tags?post=11686"}],"curies":[{"name":"wp","href":"https:\/\/api.w.org\/{rel}","templated":true}]}}