{"id":11678,"date":"2025-05-27T10:43:34","date_gmt":"2025-05-27T08:43:34","guid":{"rendered":"https:\/\/aeroportcastello.com\/?p=11678"},"modified":"2025-05-27T10:43:34","modified_gmt":"2025-05-27T08:43:34","slug":"el-aeropuerto-de-castellon-amplia-su-catalogo-de-destinos-con-la-incorporacion-de-las-rutas-de-bilbao-y-oporto","status":"publish","type":"post","link":"https:\/\/aeroportcastello.com\/es\/el-aeropuerto-de-castellon-amplia-su-catalogo-de-destinos-con-la-incorporacion-de-las-rutas-de-bilbao-y-oporto\/","title":{"rendered":"El aeropuerto de Castell\u00f3n ampl\u00eda su cat\u00e1logo de destinos con la incorporaci\u00f3n de las rutas de Bilbao y Oporto"},"content":{"rendered":"<p><strong>La conexi\u00f3n con la capital vasca, de Volotea, se reanuda el pr\u00f3ximo s\u00e1bado, mientras la de Oporto, de Ryanair, vuelve el martes 3 de junio<\/strong><\/p>\n<p>El aeropuerto de Castell\u00f3n va a ver reforzada en los pr\u00f3ximos siete d\u00edas su oferta de destinos con la puesta en marcha de las rutas estivales de Bilbao y Oporto.<\/p>\n<p>El director general de Aerocas, Justo Vell\u00f3n, ha explicado que la actividad comercial del aeropuerto \u201cmantiene su l\u00ednea ascendente, con la progresiva incorporaci\u00f3n de rutas regulares\u201d.<\/p>\n<p>En este sentido, ha recordado que la instalaci\u00f3n ha programado este a\u00f1o el mayor n\u00famero de conexiones de su trayectoria, 14 en total. \u201cEsta oferta ampliada supone una importante mejora de la conectividad a\u00e9rea de Castell\u00f3n, adem\u00e1s de contribuir al desarrollo e internacionalizaci\u00f3n del sector tur\u00edstico de la provincia\u201d, ha subrayado.<\/p>\n<p>En la actualidad, el aeropuerto tiene operativas 11 l\u00edneas regulares que enlazan con los siguientes destinos: Berl\u00edn, Bruselas, Budapest, Cracovia, D\u00fcsseldorf Weeze, Londres, Mil\u00e1n, Bucarest, Cluj, Madrid y Asturias.<\/p>\n<p>A \u00e9stas se sumar\u00e1 el pr\u00f3ximo s\u00e1bado 31 de mayo la ruta de Bilbao, operada por Volotea. La conexi\u00f3n con la capital vasca dispone de dos frecuencias semanales, en martes y s\u00e1bado, y funcionar\u00e1 hasta mediados de octubre.<\/p>\n<p>Por otra parte, el martes 3 de junio regresa la ruta de Oporto, operada por Ryanair. Esta conexi\u00f3n tambi\u00e9n opera los martes y s\u00e1bados y tiene programados vuelos hasta finales de septiembre.<\/p>\n<p>La \u00faltima ruta en incorporarse ser\u00e1 la de nueva de Palma de Mallorca, de Air Nostrum, que se estrenar\u00e1 el 18 de julio y estar\u00e1 operativa hasta el 31 de agosto.<\/p>\n<p>La conjunci\u00f3n de las 14 rutas va a suponer que el aeropuerto opere en la presente campa\u00f1a de verano el mayor n\u00famero de vuelos de su trayectoria. Durante el periodo estival, que abarca de finales de marzo a finales de octubre, las aerol\u00edneas ofertan 270.000 plazas en vuelos con origen o destino Castell\u00f3n.<\/p>\n","protected":false},"excerpt":{"rendered":"<p>La conexi\u00f3n con la capital vasca, de Volotea, se reanuda el pr\u00f3ximo s\u00e1bado, mientras la de Oporto, de Ryanair, vuelve el martes 3 de junio El aeropuerto de Castell\u00f3n va a ver reforzada en los pr\u00f3ximos siete d\u00edas su oferta de destinos con la puesta en marcha de las rutas estivales de Bilbao y Oporto. &#8230; <\/p>\n<p class=\"read-more-container\"><a title=\"El aeropuerto de Castell\u00f3n ampl\u00eda su cat\u00e1logo de destinos con la incorporaci\u00f3n de las rutas de Bilbao y Oporto\" class=\"read-more button\" href=\"https:\/\/aeroportcastello.com\/es\/el-aeropuerto-de-castellon-amplia-su-catalogo-de-destinos-con-la-incorporacion-de-las-rutas-de-bilbao-y-oporto\/#more-11678\" aria-label=\"Leer m\u00e1s sobre El aeropuerto de Castell\u00f3n ampl\u00eda su cat\u00e1logo de destinos con la incorporaci\u00f3n de las rutas de Bilbao y Oporto\">Leer m\u00e1s<\/a><\/p>\n","protected":false},"author":5,"featured_media":11679,"comment_status":"closed","ping_status":"closed","sticky":false,"template":"","format":"standard","meta":{"footnotes":""},"categories":[1],"tags":[],"yoast_head":"<!-- This site is optimized with the Yoast SEO plugin v22.0 - https:\/\/yoast.com\/wordpress\/plugins\/seo\/ -->\n<title>El aeropuerto de Castell\u00f3n ampl\u00eda su cat\u00e1logo de destinos con la incorporaci\u00f3n de las rutas de Bilbao y Oporto - Aeropuerto Castell\u00f3n<\/title>\n<meta name=\"robots\" content=\"index, follow, max-snippet:-1, max-image-preview:large, max-video-preview:-1\" \/>\n<link rel=\"canonical\" href=\"https:\/\/aeroportcastello.com\/es\/el-aeropuerto-de-castellon-amplia-su-catalogo-de-destinos-con-la-incorporacion-de-las-rutas-de-bilbao-y-oporto\/\" \/>\n<meta property=\"og:locale\" content=\"es_ES\" \/>\n<meta property=\"og:type\" content=\"article\" \/>\n<meta property=\"og:title\" content=\"El aeropuerto de Castell\u00f3n ampl\u00eda su cat\u00e1logo de destinos con la incorporaci\u00f3n de las rutas de Bilbao y Oporto - Aeropuerto Castell\u00f3n\" \/>\n<meta property=\"og:description\" content=\"La conexi\u00f3n con la capital vasca, de Volotea, se reanuda el pr\u00f3ximo s\u00e1bado, mientras la de Oporto, de Ryanair, vuelve el martes 3 de junio El aeropuerto de Castell\u00f3n va a ver reforzada en los pr\u00f3ximos siete d\u00edas su oferta de destinos con la puesta en marcha de las rutas estivales de Bilbao y Oporto. ... Leer m\u00e1s\" \/>\n<meta property=\"og:url\" content=\"https:\/\/aeroportcastello.com\/es\/el-aeropuerto-de-castellon-amplia-su-catalogo-de-destinos-con-la-incorporacion-de-las-rutas-de-bilbao-y-oporto\/\" \/>\n<meta property=\"og:site_name\" content=\"Aeropuerto Castell\u00f3n\" \/>\n<meta property=\"article:published_time\" content=\"2025-05-27T08:43:34+00:00\" \/>\n<meta property=\"og:image\" content=\"https:\/\/aeroportcastello.com\/wp-content\/uploads\/2025\/05\/5528951d-cc28-4cd8-81e2-404703ba61f0.jpg\" \/>\n\t<meta property=\"og:image:width\" content=\"1600\" \/>\n\t<meta property=\"og:image:height\" content=\"1067\" \/>\n\t<meta property=\"og:image:type\" content=\"image\/jpeg\" \/>\n<meta name=\"author\" content=\"JORDI\" \/>\n<meta name=\"twitter:card\" content=\"summary_large_image\" \/>\n<meta name=\"twitter:label1\" content=\"Escrito por\" \/>\n\t<meta name=\"twitter:data1\" content=\"JORDI\" \/>\n\t<meta name=\"twitter:label2\" content=\"Tiempo de lectura\" \/>\n\t<meta name=\"twitter:data2\" content=\"2 minutos\" \/>\n<script type=\"application\/ld+json\" class=\"yoast-schema-graph\">{\"@context\":\"https:\/\/schema.org\",\"@graph\":[{\"@type\":\"Article\",\"@id\":\"https:\/\/aeroportcastello.com\/es\/el-aeropuerto-de-castellon-amplia-su-catalogo-de-destinos-con-la-incorporacion-de-las-rutas-de-bilbao-y-oporto\/#article\",\"isPartOf\":{\"@id\":\"https:\/\/aeroportcastello.com\/es\/el-aeropuerto-de-castellon-amplia-su-catalogo-de-destinos-con-la-incorporacion-de-las-rutas-de-bilbao-y-oporto\/\"},\"author\":{\"name\":\"JORDI\",\"@id\":\"https:\/\/aeroportcastello.com\/es\/#\/schema\/person\/dbe9a5cd8c878b170b9626311b760bbd\"},\"headline\":\"El aeropuerto de Castell\u00f3n ampl\u00eda su cat\u00e1logo de destinos con la incorporaci\u00f3n de las rutas de Bilbao y Oporto\",\"datePublished\":\"2025-05-27T08:43:34+00:00\",\"dateModified\":\"2025-05-27T08:43:34+00:00\",\"mainEntityOfPage\":{\"@id\":\"https:\/\/aeroportcastello.com\/es\/el-aeropuerto-de-castellon-amplia-su-catalogo-de-destinos-con-la-incorporacion-de-las-rutas-de-bilbao-y-oporto\/\"},\"wordCount\":362,\"publisher\":{\"@id\":\"https:\/\/aeroportcastello.com\/es\/#organization\"},\"articleSection\":[\"Noticias Aeropuerto\"],\"inLanguage\":\"es\"},{\"@type\":\"WebPage\",\"@id\":\"https:\/\/aeroportcastello.com\/es\/el-aeropuerto-de-castellon-amplia-su-catalogo-de-destinos-con-la-incorporacion-de-las-rutas-de-bilbao-y-oporto\/\",\"url\":\"https:\/\/aeroportcastello.com\/es\/el-aeropuerto-de-castellon-amplia-su-catalogo-de-destinos-con-la-incorporacion-de-las-rutas-de-bilbao-y-oporto\/\",\"name\":\"El aeropuerto de Castell\u00f3n ampl\u00eda su cat\u00e1logo de destinos con la incorporaci\u00f3n de las rutas de Bilbao y Oporto - Aeropuerto Castell\u00f3n\",\"isPartOf\":{\"@id\":\"https:\/\/aeroportcastello.com\/es\/#website\"},\"datePublished\":\"2025-05-27T08:43:34+00:00\",\"dateModified\":\"2025-05-27T08:43:34+00:00\",\"breadcrumb\":{\"@id\":\"https:\/\/aeroportcastello.com\/es\/el-aeropuerto-de-castellon-amplia-su-catalogo-de-destinos-con-la-incorporacion-de-las-rutas-de-bilbao-y-oporto\/#breadcrumb\"},\"inLanguage\":\"es\",\"potentialAction\":[{\"@type\":\"ReadAction\",\"target\":[\"https:\/\/aeroportcastello.com\/es\/el-aeropuerto-de-castellon-amplia-su-catalogo-de-destinos-con-la-incorporacion-de-las-rutas-de-bilbao-y-oporto\/\"]}]},{\"@type\":\"BreadcrumbList\",\"@id\":\"https:\/\/aeroportcastello.com\/es\/el-aeropuerto-de-castellon-amplia-su-catalogo-de-destinos-con-la-incorporacion-de-las-rutas-de-bilbao-y-oporto\/#breadcrumb\",\"itemListElement\":[{\"@type\":\"ListItem\",\"position\":1,\"name\":\"Pasajeros\",\"item\":\"https:\/\/aeroportcastello.com\/es\/\"},{\"@type\":\"ListItem\",\"position\":2,\"name\":\"El aeropuerto de Castell\u00f3n ampl\u00eda su cat\u00e1logo de destinos con la incorporaci\u00f3n de las rutas de Bilbao y Oporto\"}]},{\"@type\":\"WebSite\",\"@id\":\"https:\/\/aeroportcastello.com\/es\/#website\",\"url\":\"https:\/\/aeroportcastello.com\/es\/\",\"name\":\"Aeropuerto Castell\u00f3n\",\"description\":\"Aeropuerto Castell\u00f3n\",\"publisher\":{\"@id\":\"https:\/\/aeroportcastello.com\/es\/#organization\"},\"potentialAction\":[{\"@type\":\"SearchAction\",\"target\":{\"@type\":\"EntryPoint\",\"urlTemplate\":\"https:\/\/aeroportcastello.com\/es\/?s={search_term_string}\"},\"query-input\":\"required name=search_term_string\"}],\"inLanguage\":\"es\"},{\"@type\":\"Organization\",\"@id\":\"https:\/\/aeroportcastello.com\/es\/#organization\",\"name\":\"Aeropuerto Castell\u00f3n\",\"url\":\"https:\/\/aeroportcastello.com\/es\/\",\"logo\":{\"@type\":\"ImageObject\",\"inLanguage\":\"es\",\"@id\":\"https:\/\/aeroportcastello.com\/es\/#\/schema\/logo\/image\/\",\"url\":\"https:\/\/aeroportcastello.com\/wp-content\/uploads\/2021\/05\/logo_aeroport_castello-1.svg\",\"contentUrl\":\"https:\/\/aeroportcastello.com\/wp-content\/uploads\/2021\/05\/logo_aeroport_castello-1.svg\",\"width\":482.8999999999999772626324556767940521240234375,\"height\":93.7000000000000028421709430404007434844970703125,\"caption\":\"Aeropuerto Castell\u00f3n\"},\"image\":{\"@id\":\"https:\/\/aeroportcastello.com\/es\/#\/schema\/logo\/image\/\"}},{\"@type\":\"Person\",\"@id\":\"https:\/\/aeroportcastello.com\/es\/#\/schema\/person\/dbe9a5cd8c878b170b9626311b760bbd\",\"name\":\"JORDI\",\"image\":{\"@type\":\"ImageObject\",\"inLanguage\":\"es\",\"@id\":\"https:\/\/aeroportcastello.com\/es\/#\/schema\/person\/image\/\",\"url\":\"https:\/\/secure.gravatar.com\/avatar\/3b270e37d3e82ec6b995a7d26cf97e61?s=96&d=mm&r=g\",\"contentUrl\":\"https:\/\/secure.gravatar.com\/avatar\/3b270e37d3e82ec6b995a7d26cf97e61?s=96&d=mm&r=g\",\"caption\":\"JORDI\"},\"url\":\"https:\/\/aeroportcastello.com\/es\/author\/jordi\/\"}]}<\/script>\n<!-- \/ Yoast SEO plugin. -->","yoast_head_json":{"title":"El aeropuerto de Castell\u00f3n ampl\u00eda su cat\u00e1logo de destinos con la incorporaci\u00f3n de las rutas de Bilbao y Oporto - Aeropuerto Castell\u00f3n","robots":{"index":"index","follow":"follow","max-snippet":"max-snippet:-1","max-image-preview":"max-image-preview:large","max-video-preview":"max-video-preview:-1"},"canonical":"https:\/\/aeroportcastello.com\/es\/el-aeropuerto-de-castellon-amplia-su-catalogo-de-destinos-con-la-incorporacion-de-las-rutas-de-bilbao-y-oporto\/","og_locale":"es_ES","og_type":"article","og_title":"El aeropuerto de Castell\u00f3n ampl\u00eda su cat\u00e1logo de destinos con la incorporaci\u00f3n de las rutas de Bilbao y Oporto - Aeropuerto Castell\u00f3n","og_description":"La conexi\u00f3n con la capital vasca, de Volotea, se reanuda el pr\u00f3ximo s\u00e1bado, mientras la de Oporto, de Ryanair, vuelve el martes 3 de junio El aeropuerto de Castell\u00f3n va a ver reforzada en los pr\u00f3ximos siete d\u00edas su oferta de destinos con la puesta en marcha de las rutas estivales de Bilbao y Oporto. ... Leer m\u00e1s","og_url":"https:\/\/aeroportcastello.com\/es\/el-aeropuerto-de-castellon-amplia-su-catalogo-de-destinos-con-la-incorporacion-de-las-rutas-de-bilbao-y-oporto\/","og_site_name":"Aeropuerto Castell\u00f3n","article_published_time":"2025-05-27T08:43:34+00:00","og_image":[{"width":1600,"height":1067,"url":"https:\/\/aeroportcastello.com\/wp-content\/uploads\/2025\/05\/5528951d-cc28-4cd8-81e2-404703ba61f0.jpg","type":"image\/jpeg"}],"author":"JORDI","twitter_card":"summary_large_image","twitter_misc":{"Escrito por":"JORDI","Tiempo de lectura":"2 minutos"},"schema":{"@context":"https:\/\/schema.org","@graph":[{"@type":"Article","@id":"https:\/\/aeroportcastello.com\/es\/el-aeropuerto-de-castellon-amplia-su-catalogo-de-destinos-con-la-incorporacion-de-las-rutas-de-bilbao-y-oporto\/#article","isPartOf":{"@id":"https:\/\/aeroportcastello.com\/es\/el-aeropuerto-de-castellon-amplia-su-catalogo-de-destinos-con-la-incorporacion-de-las-rutas-de-bilbao-y-oporto\/"},"author":{"name":"JORDI","@id":"https:\/\/aeroportcastello.com\/es\/#\/schema\/person\/dbe9a5cd8c878b170b9626311b760bbd"},"headline":"El aeropuerto de Castell\u00f3n ampl\u00eda su cat\u00e1logo de destinos con la incorporaci\u00f3n de las rutas de Bilbao y Oporto","datePublished":"2025-05-27T08:43:34+00:00","dateModified":"2025-05-27T08:43:34+00:00","mainEntityOfPage":{"@id":"https:\/\/aeroportcastello.com\/es\/el-aeropuerto-de-castellon-amplia-su-catalogo-de-destinos-con-la-incorporacion-de-las-rutas-de-bilbao-y-oporto\/"},"wordCount":362,"publisher":{"@id":"https:\/\/aeroportcastello.com\/es\/#organization"},"articleSection":["Noticias Aeropuerto"],"inLanguage":"es"},{"@type":"WebPage","@id":"https:\/\/aeroportcastello.com\/es\/el-aeropuerto-de-castellon-amplia-su-catalogo-de-destinos-con-la-incorporacion-de-las-rutas-de-bilbao-y-oporto\/","url":"https:\/\/aeroportcastello.com\/es\/el-aeropuerto-de-castellon-amplia-su-catalogo-de-destinos-con-la-incorporacion-de-las-rutas-de-bilbao-y-oporto\/","name":"El aeropuerto de Castell\u00f3n ampl\u00eda su cat\u00e1logo de destinos con la incorporaci\u00f3n de las rutas de Bilbao y Oporto - Aeropuerto Castell\u00f3n","isPartOf":{"@id":"https:\/\/aeroportcastello.com\/es\/#website"},"datePublished":"2025-05-27T08:43:34+00:00","dateModified":"2025-05-27T08:43:34+00:00","breadcrumb":{"@id":"https:\/\/aeroportcastello.com\/es\/el-aeropuerto-de-castellon-amplia-su-catalogo-de-destinos-con-la-incorporacion-de-las-rutas-de-bilbao-y-oporto\/#breadcrumb"},"inLanguage":"es","potentialAction":[{"@type":"ReadAction","target":["https:\/\/aeroportcastello.com\/es\/el-aeropuerto-de-castellon-amplia-su-catalogo-de-destinos-con-la-incorporacion-de-las-rutas-de-bilbao-y-oporto\/"]}]},{"@type":"BreadcrumbList","@id":"https:\/\/aeroportcastello.com\/es\/el-aeropuerto-de-castellon-amplia-su-catalogo-de-destinos-con-la-incorporacion-de-las-rutas-de-bilbao-y-oporto\/#breadcrumb","itemListElement":[{"@type":"ListItem","position":1,"name":"Pasajeros","item":"https:\/\/aeroportcastello.com\/es\/"},{"@type":"ListItem","position":2,"name":"El aeropuerto de Castell\u00f3n ampl\u00eda su cat\u00e1logo de destinos con la incorporaci\u00f3n de las rutas de Bilbao y Oporto"}]},{"@type":"WebSite","@id":"https:\/\/aeroportcastello.com\/es\/#website","url":"https:\/\/aeroportcastello.com\/es\/","name":"Aeropuerto Castell\u00f3n","description":"Aeropuerto Castell\u00f3n","publisher":{"@id":"https:\/\/aeroportcastello.com\/es\/#organization"},"potentialAction":[{"@type":"SearchAction","target":{"@type":"EntryPoint","urlTemplate":"https:\/\/aeroportcastello.com\/es\/?s={search_term_string}"},"query-input":"required name=search_term_string"}],"inLanguage":"es"},{"@type":"Organization","@id":"https:\/\/aeroportcastello.com\/es\/#organization","name":"Aeropuerto Castell\u00f3n","url":"https:\/\/aeroportcastello.com\/es\/","logo":{"@type":"ImageObject","inLanguage":"es","@id":"https:\/\/aeroportcastello.com\/es\/#\/schema\/logo\/image\/","url":"https:\/\/aeroportcastello.com\/wp-content\/uploads\/2021\/05\/logo_aeroport_castello-1.svg","contentUrl":"https:\/\/aeroportcastello.com\/wp-content\/uploads\/2021\/05\/logo_aeroport_castello-1.svg","width":482.8999999999999772626324556767940521240234375,"height":93.7000000000000028421709430404007434844970703125,"caption":"Aeropuerto Castell\u00f3n"},"image":{"@id":"https:\/\/aeroportcastello.com\/es\/#\/schema\/logo\/image\/"}},{"@type":"Person","@id":"https:\/\/aeroportcastello.com\/es\/#\/schema\/person\/dbe9a5cd8c878b170b9626311b760bbd","name":"JORDI","image":{"@type":"ImageObject","inLanguage":"es","@id":"https:\/\/aeroportcastello.com\/es\/#\/schema\/person\/image\/","url":"https:\/\/secure.gravatar.com\/avatar\/3b270e37d3e82ec6b995a7d26cf97e61?s=96&d=mm&r=g","contentUrl":"https:\/\/secure.gravatar.com\/avatar\/3b270e37d3e82ec6b995a7d26cf97e61?s=96&d=mm&r=g","caption":"JORDI"},"url":"https:\/\/aeroportcastello.com\/es\/author\/jordi\/"}]}},"_links":{"self":[{"href":"https:\/\/aeroportcastello.com\/es\/wp-json\/wp\/v2\/posts\/11678"}],"collection":[{"href":"https:\/\/aeroportcastello.com\/es\/wp-json\/wp\/v2\/posts"}],"about":[{"href":"https:\/\/aeroportcastello.com\/es\/wp-json\/wp\/v2\/types\/post"}],"author":[{"embeddable":true,"href":"https:\/\/aeroportcastello.com\/es\/wp-json\/wp\/v2\/users\/5"}],"replies":[{"embeddable":true,"href":"https:\/\/aeroportcastello.com\/es\/wp-json\/wp\/v2\/comments?post=11678"}],"version-history":[{"count":1,"href":"https:\/\/aeroportcastello.com\/es\/wp-json\/wp\/v2\/posts\/11678\/revisions"}],"predecessor-version":[{"id":11682,"href":"https:\/\/aeroportcastello.com\/es\/wp-json\/wp\/v2\/posts\/11678\/revisions\/11682"}],"wp:featuredmedia":[{"embeddable":true,"href":"https:\/\/aeroportcastello.com\/es\/wp-json\/wp\/v2\/media\/11679"}],"wp:attachment":[{"href":"https:\/\/aeroportcastello.com\/es\/wp-json\/wp\/v2\/media?parent=11678"}],"wp:term":[{"taxonomy":"category","embeddable":true,"href":"https:\/\/aeroportcastello.com\/es\/wp-json\/wp\/v2\/categories?post=11678"},{"taxonomy":"post_tag","embeddable":true,"href":"https:\/\/aeroportcastello.com\/es\/wp-json\/wp\/v2\/tags?post=11678"}],"curies":[{"name":"wp","href":"https:\/\/api.w.org\/{rel}","templated":true}]}}