{"id":11490,"date":"2025-04-09T11:31:40","date_gmt":"2025-04-09T09:31:40","guid":{"rendered":"https:\/\/aeroportcastello.com\/?p=11490"},"modified":"2025-04-09T11:31:40","modified_gmt":"2025-04-09T09:31:40","slug":"el-aeropuerto-de-castellon-promueve-nuevas-oportunidades-de-conectividad-en-la-feria-routes-europe","status":"publish","type":"post","link":"https:\/\/aeroportcastello.com\/es\/el-aeropuerto-de-castellon-promueve-nuevas-oportunidades-de-conectividad-en-la-feria-routes-europe\/","title":{"rendered":"El aeropuerto de Castell\u00f3n promueve nuevas oportunidades de conectividad en la feria Routes Europe"},"content":{"rendered":"<p><strong>El director general de Aerocas, Justo Vell\u00f3n, mantiene una veintena de reuniones en el principal certamen de conectividad a\u00e9rea de Europa<\/strong><\/p>\n<p>El aeropuerto de Castell\u00f3n participa en Routes Europe, el principal foro de conectividad a\u00e9rea de Europa, con el objetivo de promover nuevas oportunidades de conectividad que contribuyan a reforzar la oferta de destinos.<\/p>\n<p>El director general de Aerocas, Justo Vell\u00f3n, ha explicado que la asistencia a esta feria, que tiene lugar del 8 al 10 de abril en Sevilla, \u201cconstituye una m\u00e1s de las acciones promocionales que lleva a cabo el aeropuerto para favorecer el desarrollo del tr\u00e1fico comercial y la mejora de la conectividad a\u00e9rea\u201d.<\/p>\n<p>Con este objetivo, se han programado una veintena de reuniones con representantes de la aviaci\u00f3n comercial.<\/p>\n<p>Por una parte, se van a mantener encuentros con aerol\u00edneas, orientadas a la captaci\u00f3n de nuevas rutas y la consolidaci\u00f3n de las existentes.<\/p>\n<p>Por otra, hay previstas reuniones con aeropuertos con los que hay conexi\u00f3n (como los de Oporto, Budapest, Cracovia, Cluj, Mil\u00e1n y Londres-Stansted), a fin de abordar estrategias conjuntas que favorezcan un flujo de pasajeros en ambos sentidos.<\/p>\n<p>El aeropuerto de Castell\u00f3n opera este a\u00f1o un total de 14 rutas regulares, que representan la mayor oferta de vuelos en la trayectoria de la infraestructura. Cuatro de las conexiones son nuevas: Budapest, Cracovia, Cluj y Palma de Mallorca. A \u00e9stas, se suman las de Berl\u00edn, Mil\u00e1n, Londres, Bruselas, D\u00fcsseldorf Weeze, Oporto, Bucarest, Madrid, Asturias y Bilbao.<\/p>\n<p>Para la presente campa\u00f1a estival, que abarca de finales de marzo a finales de octubre, el aeropuerto ha programado m\u00e1s de 1.600 vuelos regulares con una oferta de 270.000 plazas.<\/p>\n<p>&nbsp;<\/p>\n","protected":false},"excerpt":{"rendered":"<p>El director general de Aerocas, Justo Vell\u00f3n, mantiene una veintena de reuniones en el principal certamen de conectividad a\u00e9rea de Europa El aeropuerto de Castell\u00f3n participa en Routes Europe, el principal foro de conectividad a\u00e9rea de Europa, con el objetivo de promover nuevas oportunidades de conectividad que contribuyan a reforzar la oferta de destinos. El &#8230; <\/p>\n<p class=\"read-more-container\"><a title=\"El aeropuerto de Castell\u00f3n promueve nuevas oportunidades de conectividad en la feria Routes Europe\" class=\"read-more button\" href=\"https:\/\/aeroportcastello.com\/es\/el-aeropuerto-de-castellon-promueve-nuevas-oportunidades-de-conectividad-en-la-feria-routes-europe\/#more-11490\" aria-label=\"Leer m\u00e1s sobre El aeropuerto de Castell\u00f3n promueve nuevas oportunidades de conectividad en la feria Routes Europe\">Leer m\u00e1s<\/a><\/p>\n","protected":false},"author":5,"featured_media":11488,"comment_status":"closed","ping_status":"closed","sticky":false,"template":"","format":"standard","meta":{"footnotes":""},"categories":[1],"tags":[],"yoast_head":"<!-- This site is optimized with the Yoast SEO plugin v22.0 - https:\/\/yoast.com\/wordpress\/plugins\/seo\/ -->\n<title>El aeropuerto de Castell\u00f3n promueve nuevas oportunidades de conectividad en la feria Routes Europe - Aeropuerto Castell\u00f3n<\/title>\n<meta name=\"robots\" content=\"index, follow, max-snippet:-1, max-image-preview:large, max-video-preview:-1\" \/>\n<link rel=\"canonical\" href=\"https:\/\/aeroportcastello.com\/es\/el-aeropuerto-de-castellon-promueve-nuevas-oportunidades-de-conectividad-en-la-feria-routes-europe\/\" \/>\n<meta property=\"og:locale\" content=\"es_ES\" \/>\n<meta property=\"og:type\" content=\"article\" \/>\n<meta property=\"og:title\" content=\"El aeropuerto de Castell\u00f3n promueve nuevas oportunidades de conectividad en la feria Routes Europe - Aeropuerto Castell\u00f3n\" \/>\n<meta property=\"og:description\" content=\"El director general de Aerocas, Justo Vell\u00f3n, mantiene una veintena de reuniones en el principal certamen de conectividad a\u00e9rea de Europa El aeropuerto de Castell\u00f3n participa en Routes Europe, el principal foro de conectividad a\u00e9rea de Europa, con el objetivo de promover nuevas oportunidades de conectividad que contribuyan a reforzar la oferta de destinos. El ... Leer m\u00e1s\" \/>\n<meta property=\"og:url\" content=\"https:\/\/aeroportcastello.com\/es\/el-aeropuerto-de-castellon-promueve-nuevas-oportunidades-de-conectividad-en-la-feria-routes-europe\/\" \/>\n<meta property=\"og:site_name\" content=\"Aeropuerto Castell\u00f3n\" \/>\n<meta property=\"article:published_time\" content=\"2025-04-09T09:31:40+00:00\" \/>\n<meta property=\"og:image\" content=\"https:\/\/aeroportcastello.com\/wp-content\/uploads\/2025\/04\/foto.jpg\" \/>\n\t<meta property=\"og:image:width\" content=\"1834\" \/>\n\t<meta property=\"og:image:height\" content=\"1449\" \/>\n\t<meta property=\"og:image:type\" content=\"image\/jpeg\" \/>\n<meta name=\"author\" content=\"JORDI\" \/>\n<meta name=\"twitter:card\" content=\"summary_large_image\" \/>\n<meta name=\"twitter:label1\" content=\"Escrito por\" \/>\n\t<meta name=\"twitter:data1\" content=\"JORDI\" \/>\n\t<meta name=\"twitter:label2\" content=\"Tiempo de lectura\" \/>\n\t<meta name=\"twitter:data2\" content=\"2 minutos\" \/>\n<script type=\"application\/ld+json\" class=\"yoast-schema-graph\">{\"@context\":\"https:\/\/schema.org\",\"@graph\":[{\"@type\":\"Article\",\"@id\":\"https:\/\/aeroportcastello.com\/es\/el-aeropuerto-de-castellon-promueve-nuevas-oportunidades-de-conectividad-en-la-feria-routes-europe\/#article\",\"isPartOf\":{\"@id\":\"https:\/\/aeroportcastello.com\/es\/el-aeropuerto-de-castellon-promueve-nuevas-oportunidades-de-conectividad-en-la-feria-routes-europe\/\"},\"author\":{\"name\":\"JORDI\",\"@id\":\"https:\/\/aeroportcastello.com\/es\/#\/schema\/person\/dbe9a5cd8c878b170b9626311b760bbd\"},\"headline\":\"El aeropuerto de Castell\u00f3n promueve nuevas oportunidades de conectividad en la feria Routes Europe\",\"datePublished\":\"2025-04-09T09:31:40+00:00\",\"dateModified\":\"2025-04-09T09:31:40+00:00\",\"mainEntityOfPage\":{\"@id\":\"https:\/\/aeroportcastello.com\/es\/el-aeropuerto-de-castellon-promueve-nuevas-oportunidades-de-conectividad-en-la-feria-routes-europe\/\"},\"wordCount\":302,\"publisher\":{\"@id\":\"https:\/\/aeroportcastello.com\/es\/#organization\"},\"articleSection\":[\"Noticias Aeropuerto\"],\"inLanguage\":\"es\"},{\"@type\":\"WebPage\",\"@id\":\"https:\/\/aeroportcastello.com\/es\/el-aeropuerto-de-castellon-promueve-nuevas-oportunidades-de-conectividad-en-la-feria-routes-europe\/\",\"url\":\"https:\/\/aeroportcastello.com\/es\/el-aeropuerto-de-castellon-promueve-nuevas-oportunidades-de-conectividad-en-la-feria-routes-europe\/\",\"name\":\"El aeropuerto de Castell\u00f3n promueve nuevas oportunidades de conectividad en la feria Routes Europe - Aeropuerto Castell\u00f3n\",\"isPartOf\":{\"@id\":\"https:\/\/aeroportcastello.com\/es\/#website\"},\"datePublished\":\"2025-04-09T09:31:40+00:00\",\"dateModified\":\"2025-04-09T09:31:40+00:00\",\"breadcrumb\":{\"@id\":\"https:\/\/aeroportcastello.com\/es\/el-aeropuerto-de-castellon-promueve-nuevas-oportunidades-de-conectividad-en-la-feria-routes-europe\/#breadcrumb\"},\"inLanguage\":\"es\",\"potentialAction\":[{\"@type\":\"ReadAction\",\"target\":[\"https:\/\/aeroportcastello.com\/es\/el-aeropuerto-de-castellon-promueve-nuevas-oportunidades-de-conectividad-en-la-feria-routes-europe\/\"]}]},{\"@type\":\"BreadcrumbList\",\"@id\":\"https:\/\/aeroportcastello.com\/es\/el-aeropuerto-de-castellon-promueve-nuevas-oportunidades-de-conectividad-en-la-feria-routes-europe\/#breadcrumb\",\"itemListElement\":[{\"@type\":\"ListItem\",\"position\":1,\"name\":\"Pasajeros\",\"item\":\"https:\/\/aeroportcastello.com\/es\/\"},{\"@type\":\"ListItem\",\"position\":2,\"name\":\"El aeropuerto de Castell\u00f3n promueve nuevas oportunidades de conectividad en la feria Routes Europe\"}]},{\"@type\":\"WebSite\",\"@id\":\"https:\/\/aeroportcastello.com\/es\/#website\",\"url\":\"https:\/\/aeroportcastello.com\/es\/\",\"name\":\"Aeropuerto Castell\u00f3n\",\"description\":\"Aeropuerto Castell\u00f3n\",\"publisher\":{\"@id\":\"https:\/\/aeroportcastello.com\/es\/#organization\"},\"potentialAction\":[{\"@type\":\"SearchAction\",\"target\":{\"@type\":\"EntryPoint\",\"urlTemplate\":\"https:\/\/aeroportcastello.com\/es\/?s={search_term_string}\"},\"query-input\":\"required name=search_term_string\"}],\"inLanguage\":\"es\"},{\"@type\":\"Organization\",\"@id\":\"https:\/\/aeroportcastello.com\/es\/#organization\",\"name\":\"Aeropuerto Castell\u00f3n\",\"url\":\"https:\/\/aeroportcastello.com\/es\/\",\"logo\":{\"@type\":\"ImageObject\",\"inLanguage\":\"es\",\"@id\":\"https:\/\/aeroportcastello.com\/es\/#\/schema\/logo\/image\/\",\"url\":\"https:\/\/aeroportcastello.com\/wp-content\/uploads\/2021\/05\/logo_aeroport_castello-1.svg\",\"contentUrl\":\"https:\/\/aeroportcastello.com\/wp-content\/uploads\/2021\/05\/logo_aeroport_castello-1.svg\",\"width\":482.8999999999999772626324556767940521240234375,\"height\":93.7000000000000028421709430404007434844970703125,\"caption\":\"Aeropuerto Castell\u00f3n\"},\"image\":{\"@id\":\"https:\/\/aeroportcastello.com\/es\/#\/schema\/logo\/image\/\"}},{\"@type\":\"Person\",\"@id\":\"https:\/\/aeroportcastello.com\/es\/#\/schema\/person\/dbe9a5cd8c878b170b9626311b760bbd\",\"name\":\"JORDI\",\"image\":{\"@type\":\"ImageObject\",\"inLanguage\":\"es\",\"@id\":\"https:\/\/aeroportcastello.com\/es\/#\/schema\/person\/image\/\",\"url\":\"https:\/\/secure.gravatar.com\/avatar\/3b270e37d3e82ec6b995a7d26cf97e61?s=96&d=mm&r=g\",\"contentUrl\":\"https:\/\/secure.gravatar.com\/avatar\/3b270e37d3e82ec6b995a7d26cf97e61?s=96&d=mm&r=g\",\"caption\":\"JORDI\"},\"url\":\"https:\/\/aeroportcastello.com\/es\/author\/jordi\/\"}]}<\/script>\n<!-- \/ Yoast SEO plugin. -->","yoast_head_json":{"title":"El aeropuerto de Castell\u00f3n promueve nuevas oportunidades de conectividad en la feria Routes Europe - Aeropuerto Castell\u00f3n","robots":{"index":"index","follow":"follow","max-snippet":"max-snippet:-1","max-image-preview":"max-image-preview:large","max-video-preview":"max-video-preview:-1"},"canonical":"https:\/\/aeroportcastello.com\/es\/el-aeropuerto-de-castellon-promueve-nuevas-oportunidades-de-conectividad-en-la-feria-routes-europe\/","og_locale":"es_ES","og_type":"article","og_title":"El aeropuerto de Castell\u00f3n promueve nuevas oportunidades de conectividad en la feria Routes Europe - Aeropuerto Castell\u00f3n","og_description":"El director general de Aerocas, Justo Vell\u00f3n, mantiene una veintena de reuniones en el principal certamen de conectividad a\u00e9rea de Europa El aeropuerto de Castell\u00f3n participa en Routes Europe, el principal foro de conectividad a\u00e9rea de Europa, con el objetivo de promover nuevas oportunidades de conectividad que contribuyan a reforzar la oferta de destinos. El ... Leer m\u00e1s","og_url":"https:\/\/aeroportcastello.com\/es\/el-aeropuerto-de-castellon-promueve-nuevas-oportunidades-de-conectividad-en-la-feria-routes-europe\/","og_site_name":"Aeropuerto Castell\u00f3n","article_published_time":"2025-04-09T09:31:40+00:00","og_image":[{"width":1834,"height":1449,"url":"https:\/\/aeroportcastello.com\/wp-content\/uploads\/2025\/04\/foto.jpg","type":"image\/jpeg"}],"author":"JORDI","twitter_card":"summary_large_image","twitter_misc":{"Escrito por":"JORDI","Tiempo de lectura":"2 minutos"},"schema":{"@context":"https:\/\/schema.org","@graph":[{"@type":"Article","@id":"https:\/\/aeroportcastello.com\/es\/el-aeropuerto-de-castellon-promueve-nuevas-oportunidades-de-conectividad-en-la-feria-routes-europe\/#article","isPartOf":{"@id":"https:\/\/aeroportcastello.com\/es\/el-aeropuerto-de-castellon-promueve-nuevas-oportunidades-de-conectividad-en-la-feria-routes-europe\/"},"author":{"name":"JORDI","@id":"https:\/\/aeroportcastello.com\/es\/#\/schema\/person\/dbe9a5cd8c878b170b9626311b760bbd"},"headline":"El aeropuerto de Castell\u00f3n promueve nuevas oportunidades de conectividad en la feria Routes Europe","datePublished":"2025-04-09T09:31:40+00:00","dateModified":"2025-04-09T09:31:40+00:00","mainEntityOfPage":{"@id":"https:\/\/aeroportcastello.com\/es\/el-aeropuerto-de-castellon-promueve-nuevas-oportunidades-de-conectividad-en-la-feria-routes-europe\/"},"wordCount":302,"publisher":{"@id":"https:\/\/aeroportcastello.com\/es\/#organization"},"articleSection":["Noticias Aeropuerto"],"inLanguage":"es"},{"@type":"WebPage","@id":"https:\/\/aeroportcastello.com\/es\/el-aeropuerto-de-castellon-promueve-nuevas-oportunidades-de-conectividad-en-la-feria-routes-europe\/","url":"https:\/\/aeroportcastello.com\/es\/el-aeropuerto-de-castellon-promueve-nuevas-oportunidades-de-conectividad-en-la-feria-routes-europe\/","name":"El aeropuerto de Castell\u00f3n promueve nuevas oportunidades de conectividad en la feria Routes Europe - Aeropuerto Castell\u00f3n","isPartOf":{"@id":"https:\/\/aeroportcastello.com\/es\/#website"},"datePublished":"2025-04-09T09:31:40+00:00","dateModified":"2025-04-09T09:31:40+00:00","breadcrumb":{"@id":"https:\/\/aeroportcastello.com\/es\/el-aeropuerto-de-castellon-promueve-nuevas-oportunidades-de-conectividad-en-la-feria-routes-europe\/#breadcrumb"},"inLanguage":"es","potentialAction":[{"@type":"ReadAction","target":["https:\/\/aeroportcastello.com\/es\/el-aeropuerto-de-castellon-promueve-nuevas-oportunidades-de-conectividad-en-la-feria-routes-europe\/"]}]},{"@type":"BreadcrumbList","@id":"https:\/\/aeroportcastello.com\/es\/el-aeropuerto-de-castellon-promueve-nuevas-oportunidades-de-conectividad-en-la-feria-routes-europe\/#breadcrumb","itemListElement":[{"@type":"ListItem","position":1,"name":"Pasajeros","item":"https:\/\/aeroportcastello.com\/es\/"},{"@type":"ListItem","position":2,"name":"El aeropuerto de Castell\u00f3n promueve nuevas oportunidades de conectividad en la feria Routes Europe"}]},{"@type":"WebSite","@id":"https:\/\/aeroportcastello.com\/es\/#website","url":"https:\/\/aeroportcastello.com\/es\/","name":"Aeropuerto Castell\u00f3n","description":"Aeropuerto Castell\u00f3n","publisher":{"@id":"https:\/\/aeroportcastello.com\/es\/#organization"},"potentialAction":[{"@type":"SearchAction","target":{"@type":"EntryPoint","urlTemplate":"https:\/\/aeroportcastello.com\/es\/?s={search_term_string}"},"query-input":"required name=search_term_string"}],"inLanguage":"es"},{"@type":"Organization","@id":"https:\/\/aeroportcastello.com\/es\/#organization","name":"Aeropuerto Castell\u00f3n","url":"https:\/\/aeroportcastello.com\/es\/","logo":{"@type":"ImageObject","inLanguage":"es","@id":"https:\/\/aeroportcastello.com\/es\/#\/schema\/logo\/image\/","url":"https:\/\/aeroportcastello.com\/wp-content\/uploads\/2021\/05\/logo_aeroport_castello-1.svg","contentUrl":"https:\/\/aeroportcastello.com\/wp-content\/uploads\/2021\/05\/logo_aeroport_castello-1.svg","width":482.8999999999999772626324556767940521240234375,"height":93.7000000000000028421709430404007434844970703125,"caption":"Aeropuerto Castell\u00f3n"},"image":{"@id":"https:\/\/aeroportcastello.com\/es\/#\/schema\/logo\/image\/"}},{"@type":"Person","@id":"https:\/\/aeroportcastello.com\/es\/#\/schema\/person\/dbe9a5cd8c878b170b9626311b760bbd","name":"JORDI","image":{"@type":"ImageObject","inLanguage":"es","@id":"https:\/\/aeroportcastello.com\/es\/#\/schema\/person\/image\/","url":"https:\/\/secure.gravatar.com\/avatar\/3b270e37d3e82ec6b995a7d26cf97e61?s=96&d=mm&r=g","contentUrl":"https:\/\/secure.gravatar.com\/avatar\/3b270e37d3e82ec6b995a7d26cf97e61?s=96&d=mm&r=g","caption":"JORDI"},"url":"https:\/\/aeroportcastello.com\/es\/author\/jordi\/"}]}},"_links":{"self":[{"href":"https:\/\/aeroportcastello.com\/es\/wp-json\/wp\/v2\/posts\/11490"}],"collection":[{"href":"https:\/\/aeroportcastello.com\/es\/wp-json\/wp\/v2\/posts"}],"about":[{"href":"https:\/\/aeroportcastello.com\/es\/wp-json\/wp\/v2\/types\/post"}],"author":[{"embeddable":true,"href":"https:\/\/aeroportcastello.com\/es\/wp-json\/wp\/v2\/users\/5"}],"replies":[{"embeddable":true,"href":"https:\/\/aeroportcastello.com\/es\/wp-json\/wp\/v2\/comments?post=11490"}],"version-history":[{"count":1,"href":"https:\/\/aeroportcastello.com\/es\/wp-json\/wp\/v2\/posts\/11490\/revisions"}],"predecessor-version":[{"id":11491,"href":"https:\/\/aeroportcastello.com\/es\/wp-json\/wp\/v2\/posts\/11490\/revisions\/11491"}],"wp:featuredmedia":[{"embeddable":true,"href":"https:\/\/aeroportcastello.com\/es\/wp-json\/wp\/v2\/media\/11488"}],"wp:attachment":[{"href":"https:\/\/aeroportcastello.com\/es\/wp-json\/wp\/v2\/media?parent=11490"}],"wp:term":[{"taxonomy":"category","embeddable":true,"href":"https:\/\/aeroportcastello.com\/es\/wp-json\/wp\/v2\/categories?post=11490"},{"taxonomy":"post_tag","embeddable":true,"href":"https:\/\/aeroportcastello.com\/es\/wp-json\/wp\/v2\/tags?post=11490"}],"curies":[{"name":"wp","href":"https:\/\/api.w.org\/{rel}","templated":true}]}}