{"id":11478,"date":"2025-04-04T12:35:11","date_gmt":"2025-04-04T10:35:11","guid":{"rendered":"https:\/\/aeroportcastello.com\/?p=11478"},"modified":"2025-04-04T12:35:11","modified_gmt":"2025-04-04T10:35:11","slug":"el-aeropuerto-de-castellon-programa-en-la-temporada-de-verano-mas-de-1-600-vuelos-regulares-con-una-oferta-de-270-000-plazas","status":"publish","type":"post","link":"https:\/\/aeroportcastello.com\/es\/el-aeropuerto-de-castellon-programa-en-la-temporada-de-verano-mas-de-1-600-vuelos-regulares-con-una-oferta-de-270-000-plazas\/","title":{"rendered":"El aeropuerto de Castell\u00f3n programa en la temporada de verano m\u00e1s de 1.600 vuelos regulares con una oferta de 270.000 plazas"},"content":{"rendered":"<p><strong>La instalaci\u00f3n castellonense opera en la campa\u00f1a estival 14 rutas regulares, que suponen el mejor registro en su trayectoria<\/strong><\/p>\n<p class=\"p1\" style=\"text-align: justify; text-justify: inter-ideograph;\"><span style=\"font-size: 12.0pt; font-family: 'Times New Roman',serif;\">El aeropuerto de Castell\u00f3n ha programado en la campa\u00f1a estival, que abarca desde final de marzo hasta final de octubre, m\u00e1s de 1.600 vuelos regulares con una oferta de 270.000 plazas. La instalaci\u00f3n castellonense va a operar el mayor n\u00famero de\u00a0rutas regulares\u00a0de su trayectoria, un total de 14, que generar\u00e1n hasta 64 vuelos semanales.<\/span><\/p>\n<p class=\"p1\" style=\"text-align: justify; text-justify: inter-ideograph;\"><span style=\"font-size: 12.0pt; font-family: 'Times New Roman',serif;\">El conseller de Medio Ambiente, Infraestructuras y Territorio, Vicente Mart\u00ednez Mus, ha presentado este viernes, junto al director general de Aerocas, Justo Vell\u00f3n, la programaci\u00f3n de rutas para la temporada estival. Al acto, que he tenido lugar en el aeropuerto, han asistido representantes de ayuntamientos, diputaci\u00f3n, C\u00e1mara de Comercio y del tejido empresarial castellonense.<\/span><\/p>\n<p class=\"p1\" style=\"text-align: justify; text-justify: inter-ideograph;\"><span style=\"font-size: 12.0pt; font-family: 'Times New Roman',serif;\">El conseller destacado \u00abel importante impulso que va a tener el tr\u00e1fico comercial durante los siete meses del periodo de verano, en el que las compa\u00f1\u00edas a\u00e9reas van a operar la cifra m\u00e1s elevada de vuelos regulares en la historia del aeropuerto, ofertando una cifra r\u00e9cord de asientos\u00bb.<\/span><\/p>\n<p class=\"p1\" style=\"text-align: justify; text-justify: inter-ideograph;\"><span style=\"font-size: 12.0pt; font-family: 'Times New Roman',serif;\">El conseller ha manifestado que este aumento de la oferta de vuelos \u00abva a reforzar la conectividad a\u00e9rea de Castell\u00f3n y, adem\u00e1s, va a suponer un espaldarazo para el sector tur\u00edstico de la provincia, ya que las diferentes rutas van a posibilitar la llegada de miles de viajeros a trav\u00e9s del aeropuerto\u00bb.<\/span><\/p>\n<p class=\"p1\" style=\"text-align: justify; text-justify: inter-ideograph;\"><span style=\"font-size: 12.0pt; font-family: 'Times New Roman',serif;\">Mart\u00ednez Mus ha recordado que el aeropuerto ha programado en esta campa\u00f1a estival 14 rutas regulares, mejorando las 11 del a\u00f1o pasado. Cuatro de las conexiones son nuevas: Budapest, Cracovia, Cluj y Palma de Mallorca. A \u00e9stas, se suman las de Berl\u00edn, Mil\u00e1n, Londres, Bruselas, D\u00fcsseldorf Weeze, Oporto, Bucarest, Madrid, Asturias y Bilbao.<\/span><\/p>\n<p class=\"p1\" style=\"text-align: justify; text-justify: inter-ideograph;\"><span style=\"font-size: 12.0pt; font-family: 'Times New Roman',serif;\">Por otra parte, ha incidido en las opciones de conexi\u00f3n que ofrece la ruta de Madrid, que permite enlazar con un centenar de destinos nacionales e internacionales a trav\u00e9s del aeropuerto Adolfo Su\u00e1rez Madrid-Barajas.<\/span><\/p>\n<p class=\"p1\" style=\"text-align: justify; text-justify: inter-ideograph;\"><span style=\"font-size: 12.0pt; font-family: 'Times New Roman',serif;\">El conseller ha recordado el objetivo de superar en este 2025 la barrera de los 300.000 pasajeros, \u201clo que supondr\u00e1 un nuevo hito en la trayectoria de la infraestructura\u201d.<\/span><\/p>\n<p class=\"p1\" style=\"text-align: justify; text-justify: inter-ideograph;\"><span style=\"font-size: 12.0pt; font-family: 'Times New Roman',serif;\">Adem\u00e1s, ha manifestado que el aeropuerto ya est\u00e1 trabajando de cara al pr\u00f3ximo a\u00f1o, para el que ya tiene confirmadas dos nuevas rutas a Par\u00eds y Stuttgart.<b><\/b><\/span><\/p>\n","protected":false},"excerpt":{"rendered":"<p>La instalaci\u00f3n castellonense opera en la campa\u00f1a estival 14 rutas regulares, que suponen el mejor registro en su trayectoria El aeropuerto de Castell\u00f3n ha programado en la campa\u00f1a estival, que abarca desde final de marzo hasta final de octubre, m\u00e1s de 1.600 vuelos regulares con una oferta de 270.000 plazas. La instalaci\u00f3n castellonense va a &#8230; <\/p>\n<p class=\"read-more-container\"><a title=\"El aeropuerto de Castell\u00f3n programa en la temporada de verano m\u00e1s de 1.600 vuelos regulares con una oferta de 270.000 plazas\" class=\"read-more button\" href=\"https:\/\/aeroportcastello.com\/es\/el-aeropuerto-de-castellon-programa-en-la-temporada-de-verano-mas-de-1-600-vuelos-regulares-con-una-oferta-de-270-000-plazas\/#more-11478\" aria-label=\"Leer m\u00e1s sobre El aeropuerto de Castell\u00f3n programa en la temporada de verano m\u00e1s de 1.600 vuelos regulares con una oferta de 270.000 plazas\">Leer m\u00e1s<\/a><\/p>\n","protected":false},"author":5,"featured_media":11481,"comment_status":"closed","ping_status":"closed","sticky":false,"template":"","format":"standard","meta":{"footnotes":""},"categories":[1],"tags":[],"yoast_head":"<!-- This site is optimized with the Yoast SEO plugin v22.0 - https:\/\/yoast.com\/wordpress\/plugins\/seo\/ -->\n<title>El aeropuerto de Castell\u00f3n programa en la temporada de verano m\u00e1s de 1.600 vuelos regulares con una oferta de 270.000 plazas - Aeropuerto Castell\u00f3n<\/title>\n<meta name=\"robots\" content=\"index, follow, max-snippet:-1, max-image-preview:large, max-video-preview:-1\" \/>\n<link rel=\"canonical\" href=\"https:\/\/aeroportcastello.com\/es\/el-aeropuerto-de-castellon-programa-en-la-temporada-de-verano-mas-de-1-600-vuelos-regulares-con-una-oferta-de-270-000-plazas\/\" \/>\n<meta property=\"og:locale\" content=\"es_ES\" \/>\n<meta property=\"og:type\" content=\"article\" \/>\n<meta property=\"og:title\" content=\"El aeropuerto de Castell\u00f3n programa en la temporada de verano m\u00e1s de 1.600 vuelos regulares con una oferta de 270.000 plazas - Aeropuerto Castell\u00f3n\" \/>\n<meta property=\"og:description\" content=\"La instalaci\u00f3n castellonense opera en la campa\u00f1a estival 14 rutas regulares, que suponen el mejor registro en su trayectoria El aeropuerto de Castell\u00f3n ha programado en la campa\u00f1a estival, que abarca desde final de marzo hasta final de octubre, m\u00e1s de 1.600 vuelos regulares con una oferta de 270.000 plazas. La instalaci\u00f3n castellonense va a ... Leer m\u00e1s\" \/>\n<meta property=\"og:url\" content=\"https:\/\/aeroportcastello.com\/es\/el-aeropuerto-de-castellon-programa-en-la-temporada-de-verano-mas-de-1-600-vuelos-regulares-con-una-oferta-de-270-000-plazas\/\" \/>\n<meta property=\"og:site_name\" content=\"Aeropuerto Castell\u00f3n\" \/>\n<meta property=\"article:published_time\" content=\"2025-04-04T10:35:11+00:00\" \/>\n<meta name=\"author\" content=\"JORDI\" \/>\n<meta name=\"twitter:card\" content=\"summary_large_image\" \/>\n<meta name=\"twitter:label1\" content=\"Escrito por\" \/>\n\t<meta name=\"twitter:data1\" content=\"JORDI\" \/>\n\t<meta name=\"twitter:label2\" content=\"Tiempo de lectura\" \/>\n\t<meta name=\"twitter:data2\" content=\"3 minutos\" \/>\n<script type=\"application\/ld+json\" class=\"yoast-schema-graph\">{\"@context\":\"https:\/\/schema.org\",\"@graph\":[{\"@type\":\"Article\",\"@id\":\"https:\/\/aeroportcastello.com\/es\/el-aeropuerto-de-castellon-programa-en-la-temporada-de-verano-mas-de-1-600-vuelos-regulares-con-una-oferta-de-270-000-plazas\/#article\",\"isPartOf\":{\"@id\":\"https:\/\/aeroportcastello.com\/es\/el-aeropuerto-de-castellon-programa-en-la-temporada-de-verano-mas-de-1-600-vuelos-regulares-con-una-oferta-de-270-000-plazas\/\"},\"author\":{\"name\":\"JORDI\",\"@id\":\"https:\/\/aeroportcastello.com\/es\/#\/schema\/person\/dbe9a5cd8c878b170b9626311b760bbd\"},\"headline\":\"El aeropuerto de Castell\u00f3n programa en la temporada de verano m\u00e1s de 1.600 vuelos regulares con una oferta de 270.000 plazas\",\"datePublished\":\"2025-04-04T10:35:11+00:00\",\"dateModified\":\"2025-04-04T10:35:11+00:00\",\"mainEntityOfPage\":{\"@id\":\"https:\/\/aeroportcastello.com\/es\/el-aeropuerto-de-castellon-programa-en-la-temporada-de-verano-mas-de-1-600-vuelos-regulares-con-una-oferta-de-270-000-plazas\/\"},\"wordCount\":420,\"publisher\":{\"@id\":\"https:\/\/aeroportcastello.com\/es\/#organization\"},\"articleSection\":[\"Noticias Aeropuerto\"],\"inLanguage\":\"es\"},{\"@type\":\"WebPage\",\"@id\":\"https:\/\/aeroportcastello.com\/es\/el-aeropuerto-de-castellon-programa-en-la-temporada-de-verano-mas-de-1-600-vuelos-regulares-con-una-oferta-de-270-000-plazas\/\",\"url\":\"https:\/\/aeroportcastello.com\/es\/el-aeropuerto-de-castellon-programa-en-la-temporada-de-verano-mas-de-1-600-vuelos-regulares-con-una-oferta-de-270-000-plazas\/\",\"name\":\"El aeropuerto de Castell\u00f3n programa en la temporada de verano m\u00e1s de 1.600 vuelos regulares con una oferta de 270.000 plazas - Aeropuerto Castell\u00f3n\",\"isPartOf\":{\"@id\":\"https:\/\/aeroportcastello.com\/es\/#website\"},\"datePublished\":\"2025-04-04T10:35:11+00:00\",\"dateModified\":\"2025-04-04T10:35:11+00:00\",\"breadcrumb\":{\"@id\":\"https:\/\/aeroportcastello.com\/es\/el-aeropuerto-de-castellon-programa-en-la-temporada-de-verano-mas-de-1-600-vuelos-regulares-con-una-oferta-de-270-000-plazas\/#breadcrumb\"},\"inLanguage\":\"es\",\"potentialAction\":[{\"@type\":\"ReadAction\",\"target\":[\"https:\/\/aeroportcastello.com\/es\/el-aeropuerto-de-castellon-programa-en-la-temporada-de-verano-mas-de-1-600-vuelos-regulares-con-una-oferta-de-270-000-plazas\/\"]}]},{\"@type\":\"BreadcrumbList\",\"@id\":\"https:\/\/aeroportcastello.com\/es\/el-aeropuerto-de-castellon-programa-en-la-temporada-de-verano-mas-de-1-600-vuelos-regulares-con-una-oferta-de-270-000-plazas\/#breadcrumb\",\"itemListElement\":[{\"@type\":\"ListItem\",\"position\":1,\"name\":\"Pasajeros\",\"item\":\"https:\/\/aeroportcastello.com\/es\/\"},{\"@type\":\"ListItem\",\"position\":2,\"name\":\"El aeropuerto de Castell\u00f3n programa en la temporada de verano m\u00e1s de 1.600 vuelos regulares con una oferta de 270.000 plazas\"}]},{\"@type\":\"WebSite\",\"@id\":\"https:\/\/aeroportcastello.com\/es\/#website\",\"url\":\"https:\/\/aeroportcastello.com\/es\/\",\"name\":\"Aeropuerto Castell\u00f3n\",\"description\":\"Aeropuerto Castell\u00f3n\",\"publisher\":{\"@id\":\"https:\/\/aeroportcastello.com\/es\/#organization\"},\"potentialAction\":[{\"@type\":\"SearchAction\",\"target\":{\"@type\":\"EntryPoint\",\"urlTemplate\":\"https:\/\/aeroportcastello.com\/es\/?s={search_term_string}\"},\"query-input\":\"required name=search_term_string\"}],\"inLanguage\":\"es\"},{\"@type\":\"Organization\",\"@id\":\"https:\/\/aeroportcastello.com\/es\/#organization\",\"name\":\"Aeropuerto Castell\u00f3n\",\"url\":\"https:\/\/aeroportcastello.com\/es\/\",\"logo\":{\"@type\":\"ImageObject\",\"inLanguage\":\"es\",\"@id\":\"https:\/\/aeroportcastello.com\/es\/#\/schema\/logo\/image\/\",\"url\":\"https:\/\/aeroportcastello.com\/wp-content\/uploads\/2021\/05\/logo_aeroport_castello-1.svg\",\"contentUrl\":\"https:\/\/aeroportcastello.com\/wp-content\/uploads\/2021\/05\/logo_aeroport_castello-1.svg\",\"width\":482.8999999999999772626324556767940521240234375,\"height\":93.7000000000000028421709430404007434844970703125,\"caption\":\"Aeropuerto Castell\u00f3n\"},\"image\":{\"@id\":\"https:\/\/aeroportcastello.com\/es\/#\/schema\/logo\/image\/\"}},{\"@type\":\"Person\",\"@id\":\"https:\/\/aeroportcastello.com\/es\/#\/schema\/person\/dbe9a5cd8c878b170b9626311b760bbd\",\"name\":\"JORDI\",\"image\":{\"@type\":\"ImageObject\",\"inLanguage\":\"es\",\"@id\":\"https:\/\/aeroportcastello.com\/es\/#\/schema\/person\/image\/\",\"url\":\"https:\/\/secure.gravatar.com\/avatar\/3b270e37d3e82ec6b995a7d26cf97e61?s=96&d=mm&r=g\",\"contentUrl\":\"https:\/\/secure.gravatar.com\/avatar\/3b270e37d3e82ec6b995a7d26cf97e61?s=96&d=mm&r=g\",\"caption\":\"JORDI\"},\"url\":\"https:\/\/aeroportcastello.com\/es\/author\/jordi\/\"}]}<\/script>\n<!-- \/ Yoast SEO plugin. -->","yoast_head_json":{"title":"El aeropuerto de Castell\u00f3n programa en la temporada de verano m\u00e1s de 1.600 vuelos regulares con una oferta de 270.000 plazas - Aeropuerto Castell\u00f3n","robots":{"index":"index","follow":"follow","max-snippet":"max-snippet:-1","max-image-preview":"max-image-preview:large","max-video-preview":"max-video-preview:-1"},"canonical":"https:\/\/aeroportcastello.com\/es\/el-aeropuerto-de-castellon-programa-en-la-temporada-de-verano-mas-de-1-600-vuelos-regulares-con-una-oferta-de-270-000-plazas\/","og_locale":"es_ES","og_type":"article","og_title":"El aeropuerto de Castell\u00f3n programa en la temporada de verano m\u00e1s de 1.600 vuelos regulares con una oferta de 270.000 plazas - Aeropuerto Castell\u00f3n","og_description":"La instalaci\u00f3n castellonense opera en la campa\u00f1a estival 14 rutas regulares, que suponen el mejor registro en su trayectoria El aeropuerto de Castell\u00f3n ha programado en la campa\u00f1a estival, que abarca desde final de marzo hasta final de octubre, m\u00e1s de 1.600 vuelos regulares con una oferta de 270.000 plazas. La instalaci\u00f3n castellonense va a ... Leer m\u00e1s","og_url":"https:\/\/aeroportcastello.com\/es\/el-aeropuerto-de-castellon-programa-en-la-temporada-de-verano-mas-de-1-600-vuelos-regulares-con-una-oferta-de-270-000-plazas\/","og_site_name":"Aeropuerto Castell\u00f3n","article_published_time":"2025-04-04T10:35:11+00:00","author":"JORDI","twitter_card":"summary_large_image","twitter_misc":{"Escrito por":"JORDI","Tiempo de lectura":"3 minutos"},"schema":{"@context":"https:\/\/schema.org","@graph":[{"@type":"Article","@id":"https:\/\/aeroportcastello.com\/es\/el-aeropuerto-de-castellon-programa-en-la-temporada-de-verano-mas-de-1-600-vuelos-regulares-con-una-oferta-de-270-000-plazas\/#article","isPartOf":{"@id":"https:\/\/aeroportcastello.com\/es\/el-aeropuerto-de-castellon-programa-en-la-temporada-de-verano-mas-de-1-600-vuelos-regulares-con-una-oferta-de-270-000-plazas\/"},"author":{"name":"JORDI","@id":"https:\/\/aeroportcastello.com\/es\/#\/schema\/person\/dbe9a5cd8c878b170b9626311b760bbd"},"headline":"El aeropuerto de Castell\u00f3n programa en la temporada de verano m\u00e1s de 1.600 vuelos regulares con una oferta de 270.000 plazas","datePublished":"2025-04-04T10:35:11+00:00","dateModified":"2025-04-04T10:35:11+00:00","mainEntityOfPage":{"@id":"https:\/\/aeroportcastello.com\/es\/el-aeropuerto-de-castellon-programa-en-la-temporada-de-verano-mas-de-1-600-vuelos-regulares-con-una-oferta-de-270-000-plazas\/"},"wordCount":420,"publisher":{"@id":"https:\/\/aeroportcastello.com\/es\/#organization"},"articleSection":["Noticias Aeropuerto"],"inLanguage":"es"},{"@type":"WebPage","@id":"https:\/\/aeroportcastello.com\/es\/el-aeropuerto-de-castellon-programa-en-la-temporada-de-verano-mas-de-1-600-vuelos-regulares-con-una-oferta-de-270-000-plazas\/","url":"https:\/\/aeroportcastello.com\/es\/el-aeropuerto-de-castellon-programa-en-la-temporada-de-verano-mas-de-1-600-vuelos-regulares-con-una-oferta-de-270-000-plazas\/","name":"El aeropuerto de Castell\u00f3n programa en la temporada de verano m\u00e1s de 1.600 vuelos regulares con una oferta de 270.000 plazas - Aeropuerto Castell\u00f3n","isPartOf":{"@id":"https:\/\/aeroportcastello.com\/es\/#website"},"datePublished":"2025-04-04T10:35:11+00:00","dateModified":"2025-04-04T10:35:11+00:00","breadcrumb":{"@id":"https:\/\/aeroportcastello.com\/es\/el-aeropuerto-de-castellon-programa-en-la-temporada-de-verano-mas-de-1-600-vuelos-regulares-con-una-oferta-de-270-000-plazas\/#breadcrumb"},"inLanguage":"es","potentialAction":[{"@type":"ReadAction","target":["https:\/\/aeroportcastello.com\/es\/el-aeropuerto-de-castellon-programa-en-la-temporada-de-verano-mas-de-1-600-vuelos-regulares-con-una-oferta-de-270-000-plazas\/"]}]},{"@type":"BreadcrumbList","@id":"https:\/\/aeroportcastello.com\/es\/el-aeropuerto-de-castellon-programa-en-la-temporada-de-verano-mas-de-1-600-vuelos-regulares-con-una-oferta-de-270-000-plazas\/#breadcrumb","itemListElement":[{"@type":"ListItem","position":1,"name":"Pasajeros","item":"https:\/\/aeroportcastello.com\/es\/"},{"@type":"ListItem","position":2,"name":"El aeropuerto de Castell\u00f3n programa en la temporada de verano m\u00e1s de 1.600 vuelos regulares con una oferta de 270.000 plazas"}]},{"@type":"WebSite","@id":"https:\/\/aeroportcastello.com\/es\/#website","url":"https:\/\/aeroportcastello.com\/es\/","name":"Aeropuerto Castell\u00f3n","description":"Aeropuerto Castell\u00f3n","publisher":{"@id":"https:\/\/aeroportcastello.com\/es\/#organization"},"potentialAction":[{"@type":"SearchAction","target":{"@type":"EntryPoint","urlTemplate":"https:\/\/aeroportcastello.com\/es\/?s={search_term_string}"},"query-input":"required name=search_term_string"}],"inLanguage":"es"},{"@type":"Organization","@id":"https:\/\/aeroportcastello.com\/es\/#organization","name":"Aeropuerto Castell\u00f3n","url":"https:\/\/aeroportcastello.com\/es\/","logo":{"@type":"ImageObject","inLanguage":"es","@id":"https:\/\/aeroportcastello.com\/es\/#\/schema\/logo\/image\/","url":"https:\/\/aeroportcastello.com\/wp-content\/uploads\/2021\/05\/logo_aeroport_castello-1.svg","contentUrl":"https:\/\/aeroportcastello.com\/wp-content\/uploads\/2021\/05\/logo_aeroport_castello-1.svg","width":482.8999999999999772626324556767940521240234375,"height":93.7000000000000028421709430404007434844970703125,"caption":"Aeropuerto Castell\u00f3n"},"image":{"@id":"https:\/\/aeroportcastello.com\/es\/#\/schema\/logo\/image\/"}},{"@type":"Person","@id":"https:\/\/aeroportcastello.com\/es\/#\/schema\/person\/dbe9a5cd8c878b170b9626311b760bbd","name":"JORDI","image":{"@type":"ImageObject","inLanguage":"es","@id":"https:\/\/aeroportcastello.com\/es\/#\/schema\/person\/image\/","url":"https:\/\/secure.gravatar.com\/avatar\/3b270e37d3e82ec6b995a7d26cf97e61?s=96&d=mm&r=g","contentUrl":"https:\/\/secure.gravatar.com\/avatar\/3b270e37d3e82ec6b995a7d26cf97e61?s=96&d=mm&r=g","caption":"JORDI"},"url":"https:\/\/aeroportcastello.com\/es\/author\/jordi\/"}]}},"_links":{"self":[{"href":"https:\/\/aeroportcastello.com\/es\/wp-json\/wp\/v2\/posts\/11478"}],"collection":[{"href":"https:\/\/aeroportcastello.com\/es\/wp-json\/wp\/v2\/posts"}],"about":[{"href":"https:\/\/aeroportcastello.com\/es\/wp-json\/wp\/v2\/types\/post"}],"author":[{"embeddable":true,"href":"https:\/\/aeroportcastello.com\/es\/wp-json\/wp\/v2\/users\/5"}],"replies":[{"embeddable":true,"href":"https:\/\/aeroportcastello.com\/es\/wp-json\/wp\/v2\/comments?post=11478"}],"version-history":[{"count":1,"href":"https:\/\/aeroportcastello.com\/es\/wp-json\/wp\/v2\/posts\/11478\/revisions"}],"predecessor-version":[{"id":11482,"href":"https:\/\/aeroportcastello.com\/es\/wp-json\/wp\/v2\/posts\/11478\/revisions\/11482"}],"wp:featuredmedia":[{"embeddable":true,"href":"https:\/\/aeroportcastello.com\/es\/wp-json\/wp\/v2\/media\/11481"}],"wp:attachment":[{"href":"https:\/\/aeroportcastello.com\/es\/wp-json\/wp\/v2\/media?parent=11478"}],"wp:term":[{"taxonomy":"category","embeddable":true,"href":"https:\/\/aeroportcastello.com\/es\/wp-json\/wp\/v2\/categories?post=11478"},{"taxonomy":"post_tag","embeddable":true,"href":"https:\/\/aeroportcastello.com\/es\/wp-json\/wp\/v2\/tags?post=11478"}],"curies":[{"name":"wp","href":"https:\/\/api.w.org\/{rel}","templated":true}]}}