{"id":10633,"date":"2024-10-21T10:34:23","date_gmt":"2024-10-21T08:34:23","guid":{"rendered":"https:\/\/aeroportcastello.com\/?p=10633"},"modified":"2024-12-09T10:35:42","modified_gmt":"2024-12-09T09:35:42","slug":"la-compania-ecube-duplica-su-capacidad-productiva-en-el-aeropuerto-de-castellon-con-su-nueva-nave-para-procesar-y-almacenar-piezas-de-aviones","status":"publish","type":"post","link":"https:\/\/aeroportcastello.com\/es\/la-compania-ecube-duplica-su-capacidad-productiva-en-el-aeropuerto-de-castellon-con-su-nueva-nave-para-procesar-y-almacenar-piezas-de-aviones\/","title":{"rendered":"La compa\u00f1\u00eda eCube duplica su capacidad productiva en el aeropuerto de Castell\u00f3n con su nueva nave para procesar y almacenar piezas de aviones"},"content":{"rendered":"<p><strong>La empresa aeron\u00e1utica ha incrementado un 50 % su plantilla con la puesta en marcha de su nuevo recinto de 2.400 metros cuadrados<\/strong><\/p>\n<p>El aeropuerto de Castell\u00f3n da un nuevo paso en su apuesta por la diversificaci\u00f3n con el estreno del nuevo centro de la compa\u00f1\u00eda eCube, dedicado al procesamiento y almacenamiento de piezas de aviones, cuyas instalaciones permiten duplicar la capacidad productiva de la empresa, que ha incrementado en un 50 % su plantilla en Castell\u00f3n.<\/p>\n<p>El conseller de Medio Ambiente, Infraestructuras y Territorio, Vicente Mart\u00ednez Mus, ha participado en el acto de inauguraci\u00f3n del recinto, junto al director general de Aerocas, Justo Vell\u00f3n, y el CEO de eCube, Lee\u00a0McConnellogue.<\/p>\n<p>Vicente Mart\u00ednez Mus ha manifestado su satisfacci\u00f3n con el crecimiento de la compa\u00f1\u00eda en el aeropuerto de Castell\u00f3n, donde desarrolla desde 2019 las actividades de desmantelamiento, estacionamiento de larga duraci\u00f3n y reactivaci\u00f3n de aeronaves.<\/p>\n<p>El conseller ha destacado la apuesta de la Generalitat por el aeropuerto de Castell\u00f3n, \u201cuna infraestructura que fue denostada durante a\u00f1os por algunos, pero que se est\u00e1 consolidando como una pieza clave para el desarrollo e internacionalizaci\u00f3n de la provincia de Castell\u00f3n, dando as\u00ed la raz\u00f3n a los que cre\u00edmos en ella desde el principio\u201d.<\/p>\n<p>En este sentido, Mart\u00ednez Mus ha rese\u00f1ado la evoluci\u00f3n positiva de las diferentes v\u00edas de actividad del aeropuerto, \u201ccomo acreditan los m\u00e1s de 225.000 pasajeros registrados de enero a septiembre y las nuevas conexiones nacionales e internacionales que se han logrado\u201d.<\/p>\n<p>El conseller ha explicado que la industria aeron\u00e1utica constituye \u201cotra de las l\u00edneas estrat\u00e9gicas de desarrollo del aeropuerto de Castell\u00f3n\u201d y ha a\u00f1adido que este sector se caracteriza \u201cpor su especializaci\u00f3n, alto valor a\u00f1adido y alta demanda e inserci\u00f3n laboral\u201d.<\/p>\n<p>Seg\u00fan ha se\u00f1alado, la actividad de las empresas aeron\u00e1uticas que operan en el aeropuerto \u201cfavorecen la dinamizaci\u00f3n y diversificaci\u00f3n de la econom\u00eda del territorio y generan empleo cualificado\u201d. En este sentido, ha subrayado que la compa\u00f1\u00eda eCube cuenta en su plantilla con varios empleados que cursaron estudios en los ciclos de FP aeron\u00e1utica que se imparten en el aeropuerto.<\/p>\n<p>La nave de eCube se sit\u00faa en la nueva plataforma industrial del aeropuerto de Castell\u00f3n. La instalaci\u00f3n dispone de una superficie de 2.400 metros cuadrados dedicados al procesamiento y almacenamiento de piezas de aviones e incorpora un taller de carpinter\u00eda para la fabricaci\u00f3n de cajas.<\/p>\n<p>La puesta en marcha de la nueva instalaci\u00f3n de eCube ha supuesto que la empresa incremente en un 50 % su plantilla en el aeropuerto de Castell\u00f3n, donde dispone de m\u00e1s de 30 trabajadores. Adem\u00e1s, le permite duplicar su capacidad de procesamiento de aviones. Desde 2019, eCube ha desmantelado 53 aviones en el aeropuerto de Castell\u00f3n y en 2025 prev\u00e9 un importante crecimiento de la actividad.<\/p>\n<p>La compa\u00f1\u00eda tiene un fuerte componente internacional, de hecho, dispone de una cartera de clientes a nivel mundial y exporta la mayor parte del producto final que genera.<\/p>\n","protected":false},"excerpt":{"rendered":"<p>La empresa aeron\u00e1utica ha incrementado un 50 % su plantilla con la puesta en marcha de su nuevo recinto de 2.400 metros cuadrados El aeropuerto de Castell\u00f3n da un nuevo paso en su apuesta por la diversificaci\u00f3n con el estreno del nuevo centro de la compa\u00f1\u00eda eCube, dedicado al procesamiento y almacenamiento de piezas de &#8230; <\/p>\n<p class=\"read-more-container\"><a title=\"La compa\u00f1\u00eda eCube duplica su capacidad productiva en el aeropuerto de Castell\u00f3n con su nueva nave para procesar y almacenar piezas de aviones\" class=\"read-more button\" href=\"https:\/\/aeroportcastello.com\/es\/la-compania-ecube-duplica-su-capacidad-productiva-en-el-aeropuerto-de-castellon-con-su-nueva-nave-para-procesar-y-almacenar-piezas-de-aviones\/#more-10633\" aria-label=\"Leer m\u00e1s sobre La compa\u00f1\u00eda eCube duplica su capacidad productiva en el aeropuerto de Castell\u00f3n con su nueva nave para procesar y almacenar piezas de aviones\">Leer m\u00e1s<\/a><\/p>\n","protected":false},"author":1,"featured_media":10635,"comment_status":"closed","ping_status":"closed","sticky":false,"template":"","format":"standard","meta":{"footnotes":""},"categories":[1],"tags":[],"yoast_head":"<!-- This site is optimized with the Yoast SEO plugin v22.0 - https:\/\/yoast.com\/wordpress\/plugins\/seo\/ -->\n<title>La compa\u00f1\u00eda eCube duplica su capacidad productiva en el aeropuerto de Castell\u00f3n con su nueva nave para procesar y almacenar piezas de aviones - Aeropuerto Castell\u00f3n<\/title>\n<meta name=\"robots\" content=\"index, follow, max-snippet:-1, max-image-preview:large, max-video-preview:-1\" \/>\n<link rel=\"canonical\" href=\"https:\/\/aeroportcastello.com\/es\/la-compania-ecube-duplica-su-capacidad-productiva-en-el-aeropuerto-de-castellon-con-su-nueva-nave-para-procesar-y-almacenar-piezas-de-aviones\/\" \/>\n<meta property=\"og:locale\" content=\"es_ES\" \/>\n<meta property=\"og:type\" content=\"article\" \/>\n<meta property=\"og:title\" content=\"La compa\u00f1\u00eda eCube duplica su capacidad productiva en el aeropuerto de Castell\u00f3n con su nueva nave para procesar y almacenar piezas de aviones - Aeropuerto Castell\u00f3n\" \/>\n<meta property=\"og:description\" content=\"La empresa aeron\u00e1utica ha incrementado un 50 % su plantilla con la puesta en marcha de su nuevo recinto de 2.400 metros cuadrados El aeropuerto de Castell\u00f3n da un nuevo paso en su apuesta por la diversificaci\u00f3n con el estreno del nuevo centro de la compa\u00f1\u00eda eCube, dedicado al procesamiento y almacenamiento de piezas de ... Leer m\u00e1s\" \/>\n<meta property=\"og:url\" content=\"https:\/\/aeroportcastello.com\/es\/la-compania-ecube-duplica-su-capacidad-productiva-en-el-aeropuerto-de-castellon-con-su-nueva-nave-para-procesar-y-almacenar-piezas-de-aviones\/\" \/>\n<meta property=\"og:site_name\" content=\"Aeropuerto Castell\u00f3n\" \/>\n<meta property=\"article:published_time\" content=\"2024-10-21T08:34:23+00:00\" \/>\n<meta property=\"article:modified_time\" content=\"2024-12-09T09:35:42+00:00\" \/>\n<meta property=\"og:image\" content=\"https:\/\/aeroportcastello.com\/wp-content\/uploads\/2024\/12\/aa.jpg\" \/>\n\t<meta property=\"og:image:width\" content=\"2016\" \/>\n\t<meta property=\"og:image:height\" content=\"1512\" \/>\n\t<meta property=\"og:image:type\" content=\"image\/jpeg\" \/>\n<meta name=\"author\" content=\"admin\" \/>\n<meta name=\"twitter:card\" content=\"summary_large_image\" \/>\n<meta name=\"twitter:label1\" content=\"Escrito por\" \/>\n\t<meta name=\"twitter:data1\" content=\"admin\" \/>\n\t<meta name=\"twitter:label2\" content=\"Tiempo de lectura\" \/>\n\t<meta name=\"twitter:data2\" content=\"3 minutos\" \/>\n<script type=\"application\/ld+json\" class=\"yoast-schema-graph\">{\"@context\":\"https:\/\/schema.org\",\"@graph\":[{\"@type\":\"Article\",\"@id\":\"https:\/\/aeroportcastello.com\/es\/la-compania-ecube-duplica-su-capacidad-productiva-en-el-aeropuerto-de-castellon-con-su-nueva-nave-para-procesar-y-almacenar-piezas-de-aviones\/#article\",\"isPartOf\":{\"@id\":\"https:\/\/aeroportcastello.com\/es\/la-compania-ecube-duplica-su-capacidad-productiva-en-el-aeropuerto-de-castellon-con-su-nueva-nave-para-procesar-y-almacenar-piezas-de-aviones\/\"},\"author\":{\"name\":\"admin\",\"@id\":\"https:\/\/aeroportcastello.com\/es\/#\/schema\/person\/6ce30e1beabb48891a1227bcaf9c5afc\"},\"headline\":\"La compa\u00f1\u00eda eCube duplica su capacidad productiva en el aeropuerto de Castell\u00f3n con su nueva nave para procesar y almacenar piezas de aviones\",\"datePublished\":\"2024-10-21T08:34:23+00:00\",\"dateModified\":\"2024-12-09T09:35:42+00:00\",\"mainEntityOfPage\":{\"@id\":\"https:\/\/aeroportcastello.com\/es\/la-compania-ecube-duplica-su-capacidad-productiva-en-el-aeropuerto-de-castellon-con-su-nueva-nave-para-procesar-y-almacenar-piezas-de-aviones\/\"},\"wordCount\":543,\"publisher\":{\"@id\":\"https:\/\/aeroportcastello.com\/es\/#organization\"},\"articleSection\":[\"Noticias Aeropuerto\"],\"inLanguage\":\"es\"},{\"@type\":\"WebPage\",\"@id\":\"https:\/\/aeroportcastello.com\/es\/la-compania-ecube-duplica-su-capacidad-productiva-en-el-aeropuerto-de-castellon-con-su-nueva-nave-para-procesar-y-almacenar-piezas-de-aviones\/\",\"url\":\"https:\/\/aeroportcastello.com\/es\/la-compania-ecube-duplica-su-capacidad-productiva-en-el-aeropuerto-de-castellon-con-su-nueva-nave-para-procesar-y-almacenar-piezas-de-aviones\/\",\"name\":\"La compa\u00f1\u00eda eCube duplica su capacidad productiva en el aeropuerto de Castell\u00f3n con su nueva nave para procesar y almacenar piezas de aviones - Aeropuerto Castell\u00f3n\",\"isPartOf\":{\"@id\":\"https:\/\/aeroportcastello.com\/es\/#website\"},\"datePublished\":\"2024-10-21T08:34:23+00:00\",\"dateModified\":\"2024-12-09T09:35:42+00:00\",\"breadcrumb\":{\"@id\":\"https:\/\/aeroportcastello.com\/es\/la-compania-ecube-duplica-su-capacidad-productiva-en-el-aeropuerto-de-castellon-con-su-nueva-nave-para-procesar-y-almacenar-piezas-de-aviones\/#breadcrumb\"},\"inLanguage\":\"es\",\"potentialAction\":[{\"@type\":\"ReadAction\",\"target\":[\"https:\/\/aeroportcastello.com\/es\/la-compania-ecube-duplica-su-capacidad-productiva-en-el-aeropuerto-de-castellon-con-su-nueva-nave-para-procesar-y-almacenar-piezas-de-aviones\/\"]}]},{\"@type\":\"BreadcrumbList\",\"@id\":\"https:\/\/aeroportcastello.com\/es\/la-compania-ecube-duplica-su-capacidad-productiva-en-el-aeropuerto-de-castellon-con-su-nueva-nave-para-procesar-y-almacenar-piezas-de-aviones\/#breadcrumb\",\"itemListElement\":[{\"@type\":\"ListItem\",\"position\":1,\"name\":\"Pasajeros\",\"item\":\"https:\/\/aeroportcastello.com\/es\/\"},{\"@type\":\"ListItem\",\"position\":2,\"name\":\"La compa\u00f1\u00eda eCube duplica su capacidad productiva en el aeropuerto de Castell\u00f3n con su nueva nave para procesar y almacenar piezas de aviones\"}]},{\"@type\":\"WebSite\",\"@id\":\"https:\/\/aeroportcastello.com\/es\/#website\",\"url\":\"https:\/\/aeroportcastello.com\/es\/\",\"name\":\"Aeropuerto Castell\u00f3n\",\"description\":\"Aeropuerto Castell\u00f3n\",\"publisher\":{\"@id\":\"https:\/\/aeroportcastello.com\/es\/#organization\"},\"potentialAction\":[{\"@type\":\"SearchAction\",\"target\":{\"@type\":\"EntryPoint\",\"urlTemplate\":\"https:\/\/aeroportcastello.com\/es\/?s={search_term_string}\"},\"query-input\":\"required name=search_term_string\"}],\"inLanguage\":\"es\"},{\"@type\":\"Organization\",\"@id\":\"https:\/\/aeroportcastello.com\/es\/#organization\",\"name\":\"Aeropuerto Castell\u00f3n\",\"url\":\"https:\/\/aeroportcastello.com\/es\/\",\"logo\":{\"@type\":\"ImageObject\",\"inLanguage\":\"es\",\"@id\":\"https:\/\/aeroportcastello.com\/es\/#\/schema\/logo\/image\/\",\"url\":\"https:\/\/aeroportcastello.com\/wp-content\/uploads\/2021\/05\/logo_aeroport_castello-1.svg\",\"contentUrl\":\"https:\/\/aeroportcastello.com\/wp-content\/uploads\/2021\/05\/logo_aeroport_castello-1.svg\",\"width\":482.8999999999999772626324556767940521240234375,\"height\":93.7000000000000028421709430404007434844970703125,\"caption\":\"Aeropuerto Castell\u00f3n\"},\"image\":{\"@id\":\"https:\/\/aeroportcastello.com\/es\/#\/schema\/logo\/image\/\"}},{\"@type\":\"Person\",\"@id\":\"https:\/\/aeroportcastello.com\/es\/#\/schema\/person\/6ce30e1beabb48891a1227bcaf9c5afc\",\"name\":\"admin\",\"image\":{\"@type\":\"ImageObject\",\"inLanguage\":\"es\",\"@id\":\"https:\/\/aeroportcastello.com\/es\/#\/schema\/person\/image\/\",\"url\":\"https:\/\/secure.gravatar.com\/avatar\/49a104bbc10efec0d78dc86b9d8c7ddc?s=96&d=mm&r=g\",\"contentUrl\":\"https:\/\/secure.gravatar.com\/avatar\/49a104bbc10efec0d78dc86b9d8c7ddc?s=96&d=mm&r=g\",\"caption\":\"admin\"},\"sameAs\":[\"https:\/\/aeroportcastello.com\"],\"url\":\"https:\/\/aeroportcastello.com\/es\/author\/adm-nunsys\/\"}]}<\/script>\n<!-- \/ Yoast SEO plugin. -->","yoast_head_json":{"title":"La compa\u00f1\u00eda eCube duplica su capacidad productiva en el aeropuerto de Castell\u00f3n con su nueva nave para procesar y almacenar piezas de aviones - Aeropuerto Castell\u00f3n","robots":{"index":"index","follow":"follow","max-snippet":"max-snippet:-1","max-image-preview":"max-image-preview:large","max-video-preview":"max-video-preview:-1"},"canonical":"https:\/\/aeroportcastello.com\/es\/la-compania-ecube-duplica-su-capacidad-productiva-en-el-aeropuerto-de-castellon-con-su-nueva-nave-para-procesar-y-almacenar-piezas-de-aviones\/","og_locale":"es_ES","og_type":"article","og_title":"La compa\u00f1\u00eda eCube duplica su capacidad productiva en el aeropuerto de Castell\u00f3n con su nueva nave para procesar y almacenar piezas de aviones - Aeropuerto Castell\u00f3n","og_description":"La empresa aeron\u00e1utica ha incrementado un 50 % su plantilla con la puesta en marcha de su nuevo recinto de 2.400 metros cuadrados El aeropuerto de Castell\u00f3n da un nuevo paso en su apuesta por la diversificaci\u00f3n con el estreno del nuevo centro de la compa\u00f1\u00eda eCube, dedicado al procesamiento y almacenamiento de piezas de ... Leer m\u00e1s","og_url":"https:\/\/aeroportcastello.com\/es\/la-compania-ecube-duplica-su-capacidad-productiva-en-el-aeropuerto-de-castellon-con-su-nueva-nave-para-procesar-y-almacenar-piezas-de-aviones\/","og_site_name":"Aeropuerto Castell\u00f3n","article_published_time":"2024-10-21T08:34:23+00:00","article_modified_time":"2024-12-09T09:35:42+00:00","og_image":[{"width":2016,"height":1512,"url":"https:\/\/aeroportcastello.com\/wp-content\/uploads\/2024\/12\/aa.jpg","type":"image\/jpeg"}],"author":"admin","twitter_card":"summary_large_image","twitter_misc":{"Escrito por":"admin","Tiempo de lectura":"3 minutos"},"schema":{"@context":"https:\/\/schema.org","@graph":[{"@type":"Article","@id":"https:\/\/aeroportcastello.com\/es\/la-compania-ecube-duplica-su-capacidad-productiva-en-el-aeropuerto-de-castellon-con-su-nueva-nave-para-procesar-y-almacenar-piezas-de-aviones\/#article","isPartOf":{"@id":"https:\/\/aeroportcastello.com\/es\/la-compania-ecube-duplica-su-capacidad-productiva-en-el-aeropuerto-de-castellon-con-su-nueva-nave-para-procesar-y-almacenar-piezas-de-aviones\/"},"author":{"name":"admin","@id":"https:\/\/aeroportcastello.com\/es\/#\/schema\/person\/6ce30e1beabb48891a1227bcaf9c5afc"},"headline":"La compa\u00f1\u00eda eCube duplica su capacidad productiva en el aeropuerto de Castell\u00f3n con su nueva nave para procesar y almacenar piezas de aviones","datePublished":"2024-10-21T08:34:23+00:00","dateModified":"2024-12-09T09:35:42+00:00","mainEntityOfPage":{"@id":"https:\/\/aeroportcastello.com\/es\/la-compania-ecube-duplica-su-capacidad-productiva-en-el-aeropuerto-de-castellon-con-su-nueva-nave-para-procesar-y-almacenar-piezas-de-aviones\/"},"wordCount":543,"publisher":{"@id":"https:\/\/aeroportcastello.com\/es\/#organization"},"articleSection":["Noticias Aeropuerto"],"inLanguage":"es"},{"@type":"WebPage","@id":"https:\/\/aeroportcastello.com\/es\/la-compania-ecube-duplica-su-capacidad-productiva-en-el-aeropuerto-de-castellon-con-su-nueva-nave-para-procesar-y-almacenar-piezas-de-aviones\/","url":"https:\/\/aeroportcastello.com\/es\/la-compania-ecube-duplica-su-capacidad-productiva-en-el-aeropuerto-de-castellon-con-su-nueva-nave-para-procesar-y-almacenar-piezas-de-aviones\/","name":"La compa\u00f1\u00eda eCube duplica su capacidad productiva en el aeropuerto de Castell\u00f3n con su nueva nave para procesar y almacenar piezas de aviones - Aeropuerto Castell\u00f3n","isPartOf":{"@id":"https:\/\/aeroportcastello.com\/es\/#website"},"datePublished":"2024-10-21T08:34:23+00:00","dateModified":"2024-12-09T09:35:42+00:00","breadcrumb":{"@id":"https:\/\/aeroportcastello.com\/es\/la-compania-ecube-duplica-su-capacidad-productiva-en-el-aeropuerto-de-castellon-con-su-nueva-nave-para-procesar-y-almacenar-piezas-de-aviones\/#breadcrumb"},"inLanguage":"es","potentialAction":[{"@type":"ReadAction","target":["https:\/\/aeroportcastello.com\/es\/la-compania-ecube-duplica-su-capacidad-productiva-en-el-aeropuerto-de-castellon-con-su-nueva-nave-para-procesar-y-almacenar-piezas-de-aviones\/"]}]},{"@type":"BreadcrumbList","@id":"https:\/\/aeroportcastello.com\/es\/la-compania-ecube-duplica-su-capacidad-productiva-en-el-aeropuerto-de-castellon-con-su-nueva-nave-para-procesar-y-almacenar-piezas-de-aviones\/#breadcrumb","itemListElement":[{"@type":"ListItem","position":1,"name":"Pasajeros","item":"https:\/\/aeroportcastello.com\/es\/"},{"@type":"ListItem","position":2,"name":"La compa\u00f1\u00eda eCube duplica su capacidad productiva en el aeropuerto de Castell\u00f3n con su nueva nave para procesar y almacenar piezas de aviones"}]},{"@type":"WebSite","@id":"https:\/\/aeroportcastello.com\/es\/#website","url":"https:\/\/aeroportcastello.com\/es\/","name":"Aeropuerto Castell\u00f3n","description":"Aeropuerto Castell\u00f3n","publisher":{"@id":"https:\/\/aeroportcastello.com\/es\/#organization"},"potentialAction":[{"@type":"SearchAction","target":{"@type":"EntryPoint","urlTemplate":"https:\/\/aeroportcastello.com\/es\/?s={search_term_string}"},"query-input":"required name=search_term_string"}],"inLanguage":"es"},{"@type":"Organization","@id":"https:\/\/aeroportcastello.com\/es\/#organization","name":"Aeropuerto Castell\u00f3n","url":"https:\/\/aeroportcastello.com\/es\/","logo":{"@type":"ImageObject","inLanguage":"es","@id":"https:\/\/aeroportcastello.com\/es\/#\/schema\/logo\/image\/","url":"https:\/\/aeroportcastello.com\/wp-content\/uploads\/2021\/05\/logo_aeroport_castello-1.svg","contentUrl":"https:\/\/aeroportcastello.com\/wp-content\/uploads\/2021\/05\/logo_aeroport_castello-1.svg","width":482.8999999999999772626324556767940521240234375,"height":93.7000000000000028421709430404007434844970703125,"caption":"Aeropuerto Castell\u00f3n"},"image":{"@id":"https:\/\/aeroportcastello.com\/es\/#\/schema\/logo\/image\/"}},{"@type":"Person","@id":"https:\/\/aeroportcastello.com\/es\/#\/schema\/person\/6ce30e1beabb48891a1227bcaf9c5afc","name":"admin","image":{"@type":"ImageObject","inLanguage":"es","@id":"https:\/\/aeroportcastello.com\/es\/#\/schema\/person\/image\/","url":"https:\/\/secure.gravatar.com\/avatar\/49a104bbc10efec0d78dc86b9d8c7ddc?s=96&d=mm&r=g","contentUrl":"https:\/\/secure.gravatar.com\/avatar\/49a104bbc10efec0d78dc86b9d8c7ddc?s=96&d=mm&r=g","caption":"admin"},"sameAs":["https:\/\/aeroportcastello.com"],"url":"https:\/\/aeroportcastello.com\/es\/author\/adm-nunsys\/"}]}},"_links":{"self":[{"href":"https:\/\/aeroportcastello.com\/es\/wp-json\/wp\/v2\/posts\/10633"}],"collection":[{"href":"https:\/\/aeroportcastello.com\/es\/wp-json\/wp\/v2\/posts"}],"about":[{"href":"https:\/\/aeroportcastello.com\/es\/wp-json\/wp\/v2\/types\/post"}],"author":[{"embeddable":true,"href":"https:\/\/aeroportcastello.com\/es\/wp-json\/wp\/v2\/users\/1"}],"replies":[{"embeddable":true,"href":"https:\/\/aeroportcastello.com\/es\/wp-json\/wp\/v2\/comments?post=10633"}],"version-history":[{"count":1,"href":"https:\/\/aeroportcastello.com\/es\/wp-json\/wp\/v2\/posts\/10633\/revisions"}],"predecessor-version":[{"id":10638,"href":"https:\/\/aeroportcastello.com\/es\/wp-json\/wp\/v2\/posts\/10633\/revisions\/10638"}],"wp:featuredmedia":[{"embeddable":true,"href":"https:\/\/aeroportcastello.com\/es\/wp-json\/wp\/v2\/media\/10635"}],"wp:attachment":[{"href":"https:\/\/aeroportcastello.com\/es\/wp-json\/wp\/v2\/media?parent=10633"}],"wp:term":[{"taxonomy":"category","embeddable":true,"href":"https:\/\/aeroportcastello.com\/es\/wp-json\/wp\/v2\/categories?post=10633"},{"taxonomy":"post_tag","embeddable":true,"href":"https:\/\/aeroportcastello.com\/es\/wp-json\/wp\/v2\/tags?post=10633"}],"curies":[{"name":"wp","href":"https:\/\/api.w.org\/{rel}","templated":true}]}}