{"id":10625,"date":"2024-10-17T11:24:12","date_gmt":"2024-10-17T09:24:12","guid":{"rendered":"https:\/\/aeroportcastello.com\/?p=10625"},"modified":"2024-12-10T12:13:26","modified_gmt":"2024-12-10T11:13:26","slug":"el-aeropuerto-de-castellon-publica-una-convocatoria-para-captar-las-cuatro-primeras-start-ups-de-la-incubadora-de-la-agencia-espacial-europea","status":"publish","type":"post","link":"https:\/\/aeroportcastello.com\/es\/el-aeropuerto-de-castellon-publica-una-convocatoria-para-captar-las-cuatro-primeras-start-ups-de-la-incubadora-de-la-agencia-espacial-europea\/","title":{"rendered":"El aeropuerto de Castell\u00f3n publica una convocatoria para captar las cuatro primeras \u2018start-ups\u2019 de la incubadora de la Agencia Espacial Europea"},"content":{"rendered":"<p><strong>La convocatoria fija de plazo hasta el 17 de diciembre para la presentaci\u00f3n de proyectos empresariales vinculados con el espacio<\/strong><\/p>\n<p>La sociedad p\u00fablica Aeropuerto de Castell\u00f3n ha publicado una convocatoria para la captaci\u00f3n de las cuatro primeras <em>start-ups<\/em> del total de doce que formar\u00e1n parte del \u2018ESA-BIC Valencia Region\u2019, la primera incubadora de empresas de la Agencia Espacial Europea en la Comunitat Valenciana.<\/p>\n<p>As\u00ed lo ha anunciado el conseller de Medio Ambiente, Infraestructuras y Territorio, Vicente Mart\u00ednez Mus, quien han mantenido un encuentro con el director general de Aerocas, Justo Vell\u00f3n, y el director general de Costas, Puertos y Aeropuertos, Marc Garc\u00eda. para abordar los detalles de la convocatoria, que establece de plazo hasta el pr\u00f3ximo 17 de diciembre para la presentaci\u00f3n de propuestas.<\/p>\n<p>El conseller ha manifestado que la llamada a las empresas \u201cconstituye un paso decisivo para la puesta en marcha del \u2018ESA-BIC Valencia Region\u2019, una iniciativa que va a suponer un importante est\u00edmulo para el desarrollo de la industria aeroespacial en la Comunitat Valenciana y que nos sit\u00faa bajo el paraguas y en contacto directo con la Agencia Espacial Europea\u201d, la instituci\u00f3n que coordina la investigaci\u00f3n y el desarrollo de programas espaciales en Europa.<\/p>\n<p>Seg\u00fan ha se\u00f1alado, este proyecto \u201cayudar\u00e1 a los emprendedores a convertir sus ideas de negocio relacionadas con el espacio en empresas comerciales\u201d y est\u00e1 alineado \u201ccon la apuesta del gobierno de la Generalitat por el emprendimiento,\u00a0el conocimiento, el\u00a0talento y la\u00a0innovaci\u00f3n\u201d.<\/p>\n<p>Vicente Mart\u00ednez Mus ha subrayado el papel del aeropuerto de Castell\u00f3n, \u201cque se va a erigir en un espacio de oportunidad para la innovaci\u00f3n y el desarrollo de las nuevas tecnolog\u00edas vinculadas al espacio\u201d.<\/p>\n<p>El programa tendr\u00e1 una duraci\u00f3n inicial de tres ediciones y permitir\u00e1 impulsar un total de doce proyectos empresariales. El objetivo es apoyar el nacimiento y consolidaci\u00f3n de nuevas empresas del sector aeroespacial, as\u00ed como la transferencia de soluciones innovadoras a partir de tecnolog\u00edas del espacio hacia otros sectores.<\/p>\n<p>El proyecto abarca diversos aspectos, como son: b\u00fasqueda y captaci\u00f3n de <em>start-ups<\/em> relacionadas con el espacio; formaci\u00f3n, sesiones de <em>networking<\/em>, foros de inversores, grupos de trabajo, conferencias, encuentros de ESA-BIC a nivel nacional y europeo; apoyo empresarial, legal y t\u00e9cnico, as\u00ed como puesta a disposici\u00f3n de instalaciones para las <em>start-ups<\/em>.<\/p>\n<p>El ESA-BIC ha sido promovida por la Generalitat, a trav\u00e9s de la empresa p\u00fablica Aeropuerto de Castell\u00f3n (Aerocas), en colaboraci\u00f3n con el consorcio espacial valenciano ValSpace y la Direcci\u00f3n General de Innovaci\u00f3n de la Generalitat<u>.<\/u> Adem\u00e1s, la iniciativa cuenta con cerca de 40 entidades colaboradoras, entre organizaciones empresariales y profesionales, universidades, institutos tecnol\u00f3gicos y empresas.<\/p>\n<p>La influencia del ESA-BIC se extiende a todo el territorio de la Comunitat Valenciana. Con este objetivo, se ha planteado un modelo nodular, con tres centros territoriales, uno por cada provincia.<\/p>\n","protected":false},"excerpt":{"rendered":"<p>La convocatoria fija de plazo hasta el 17 de diciembre para la presentaci\u00f3n de proyectos empresariales vinculados con el espacio La sociedad p\u00fablica Aeropuerto de Castell\u00f3n ha publicado una convocatoria para la captaci\u00f3n de las cuatro primeras start-ups del total de doce que formar\u00e1n parte del \u2018ESA-BIC Valencia Region\u2019, la primera incubadora de empresas de &#8230; <\/p>\n<p class=\"read-more-container\"><a title=\"El aeropuerto de Castell\u00f3n publica una convocatoria para captar las cuatro primeras \u2018start-ups\u2019 de la incubadora de la Agencia Espacial Europea\" class=\"read-more button\" href=\"https:\/\/aeroportcastello.com\/es\/el-aeropuerto-de-castellon-publica-una-convocatoria-para-captar-las-cuatro-primeras-start-ups-de-la-incubadora-de-la-agencia-espacial-europea\/#more-10625\" aria-label=\"Leer m\u00e1s sobre El aeropuerto de Castell\u00f3n publica una convocatoria para captar las cuatro primeras \u2018start-ups\u2019 de la incubadora de la Agencia Espacial Europea\">Leer m\u00e1s<\/a><\/p>\n","protected":false},"author":1,"featured_media":10627,"comment_status":"closed","ping_status":"closed","sticky":false,"template":"","format":"standard","meta":{"footnotes":""},"categories":[1],"tags":[],"yoast_head":"<!-- This site is optimized with the Yoast SEO plugin v22.0 - https:\/\/yoast.com\/wordpress\/plugins\/seo\/ -->\n<title>El aeropuerto de Castell\u00f3n publica una convocatoria para captar las cuatro primeras \u2018start-ups\u2019 de la incubadora de la Agencia Espacial Europea - Aeropuerto Castell\u00f3n<\/title>\n<meta name=\"robots\" content=\"index, follow, max-snippet:-1, max-image-preview:large, max-video-preview:-1\" \/>\n<link rel=\"canonical\" href=\"https:\/\/aeroportcastello.com\/es\/el-aeropuerto-de-castellon-publica-una-convocatoria-para-captar-las-cuatro-primeras-start-ups-de-la-incubadora-de-la-agencia-espacial-europea\/\" \/>\n<meta property=\"og:locale\" content=\"es_ES\" \/>\n<meta property=\"og:type\" content=\"article\" \/>\n<meta property=\"og:title\" content=\"El aeropuerto de Castell\u00f3n publica una convocatoria para captar las cuatro primeras \u2018start-ups\u2019 de la incubadora de la Agencia Espacial Europea - Aeropuerto Castell\u00f3n\" \/>\n<meta property=\"og:description\" content=\"La convocatoria fija de plazo hasta el 17 de diciembre para la presentaci\u00f3n de proyectos empresariales vinculados con el espacio La sociedad p\u00fablica Aeropuerto de Castell\u00f3n ha publicado una convocatoria para la captaci\u00f3n de las cuatro primeras start-ups del total de doce que formar\u00e1n parte del \u2018ESA-BIC Valencia Region\u2019, la primera incubadora de empresas de ... Leer m\u00e1s\" \/>\n<meta property=\"og:url\" content=\"https:\/\/aeroportcastello.com\/es\/el-aeropuerto-de-castellon-publica-una-convocatoria-para-captar-las-cuatro-primeras-start-ups-de-la-incubadora-de-la-agencia-espacial-europea\/\" \/>\n<meta property=\"og:site_name\" content=\"Aeropuerto Castell\u00f3n\" \/>\n<meta property=\"article:published_time\" content=\"2024-10-17T09:24:12+00:00\" \/>\n<meta property=\"article:modified_time\" content=\"2024-12-10T11:13:26+00:00\" \/>\n<meta property=\"og:image\" content=\"https:\/\/aeroportcastello.com\/wp-content\/uploads\/2024\/12\/2.jpg\" \/>\n\t<meta property=\"og:image:width\" content=\"2048\" \/>\n\t<meta property=\"og:image:height\" content=\"1536\" \/>\n\t<meta property=\"og:image:type\" content=\"image\/jpeg\" \/>\n<meta name=\"author\" content=\"admin\" \/>\n<meta name=\"twitter:card\" content=\"summary_large_image\" \/>\n<meta name=\"twitter:label1\" content=\"Escrito por\" \/>\n\t<meta name=\"twitter:data1\" content=\"admin\" \/>\n\t<meta name=\"twitter:label2\" content=\"Tiempo de lectura\" \/>\n\t<meta name=\"twitter:data2\" content=\"3 minutos\" \/>\n<script type=\"application\/ld+json\" class=\"yoast-schema-graph\">{\"@context\":\"https:\/\/schema.org\",\"@graph\":[{\"@type\":\"Article\",\"@id\":\"https:\/\/aeroportcastello.com\/es\/el-aeropuerto-de-castellon-publica-una-convocatoria-para-captar-las-cuatro-primeras-start-ups-de-la-incubadora-de-la-agencia-espacial-europea\/#article\",\"isPartOf\":{\"@id\":\"https:\/\/aeroportcastello.com\/es\/el-aeropuerto-de-castellon-publica-una-convocatoria-para-captar-las-cuatro-primeras-start-ups-de-la-incubadora-de-la-agencia-espacial-europea\/\"},\"author\":{\"name\":\"admin\",\"@id\":\"https:\/\/aeroportcastello.com\/es\/#\/schema\/person\/6ce30e1beabb48891a1227bcaf9c5afc\"},\"headline\":\"El aeropuerto de Castell\u00f3n publica una convocatoria para captar las cuatro primeras \u2018start-ups\u2019 de la incubadora de la Agencia Espacial Europea\",\"datePublished\":\"2024-10-17T09:24:12+00:00\",\"dateModified\":\"2024-12-10T11:13:26+00:00\",\"mainEntityOfPage\":{\"@id\":\"https:\/\/aeroportcastello.com\/es\/el-aeropuerto-de-castellon-publica-una-convocatoria-para-captar-las-cuatro-primeras-start-ups-de-la-incubadora-de-la-agencia-espacial-europea\/\"},\"wordCount\":514,\"publisher\":{\"@id\":\"https:\/\/aeroportcastello.com\/es\/#organization\"},\"articleSection\":[\"Noticias Aeropuerto\"],\"inLanguage\":\"es\"},{\"@type\":\"WebPage\",\"@id\":\"https:\/\/aeroportcastello.com\/es\/el-aeropuerto-de-castellon-publica-una-convocatoria-para-captar-las-cuatro-primeras-start-ups-de-la-incubadora-de-la-agencia-espacial-europea\/\",\"url\":\"https:\/\/aeroportcastello.com\/es\/el-aeropuerto-de-castellon-publica-una-convocatoria-para-captar-las-cuatro-primeras-start-ups-de-la-incubadora-de-la-agencia-espacial-europea\/\",\"name\":\"El aeropuerto de Castell\u00f3n publica una convocatoria para captar las cuatro primeras \u2018start-ups\u2019 de la incubadora de la Agencia Espacial Europea - Aeropuerto Castell\u00f3n\",\"isPartOf\":{\"@id\":\"https:\/\/aeroportcastello.com\/es\/#website\"},\"datePublished\":\"2024-10-17T09:24:12+00:00\",\"dateModified\":\"2024-12-10T11:13:26+00:00\",\"breadcrumb\":{\"@id\":\"https:\/\/aeroportcastello.com\/es\/el-aeropuerto-de-castellon-publica-una-convocatoria-para-captar-las-cuatro-primeras-start-ups-de-la-incubadora-de-la-agencia-espacial-europea\/#breadcrumb\"},\"inLanguage\":\"es\",\"potentialAction\":[{\"@type\":\"ReadAction\",\"target\":[\"https:\/\/aeroportcastello.com\/es\/el-aeropuerto-de-castellon-publica-una-convocatoria-para-captar-las-cuatro-primeras-start-ups-de-la-incubadora-de-la-agencia-espacial-europea\/\"]}]},{\"@type\":\"BreadcrumbList\",\"@id\":\"https:\/\/aeroportcastello.com\/es\/el-aeropuerto-de-castellon-publica-una-convocatoria-para-captar-las-cuatro-primeras-start-ups-de-la-incubadora-de-la-agencia-espacial-europea\/#breadcrumb\",\"itemListElement\":[{\"@type\":\"ListItem\",\"position\":1,\"name\":\"Pasajeros\",\"item\":\"https:\/\/aeroportcastello.com\/es\/\"},{\"@type\":\"ListItem\",\"position\":2,\"name\":\"El aeropuerto de Castell\u00f3n publica una convocatoria para captar las cuatro primeras \u2018start-ups\u2019 de la incubadora de la Agencia Espacial Europea\"}]},{\"@type\":\"WebSite\",\"@id\":\"https:\/\/aeroportcastello.com\/es\/#website\",\"url\":\"https:\/\/aeroportcastello.com\/es\/\",\"name\":\"Aeropuerto Castell\u00f3n\",\"description\":\"Aeropuerto Castell\u00f3n\",\"publisher\":{\"@id\":\"https:\/\/aeroportcastello.com\/es\/#organization\"},\"potentialAction\":[{\"@type\":\"SearchAction\",\"target\":{\"@type\":\"EntryPoint\",\"urlTemplate\":\"https:\/\/aeroportcastello.com\/es\/?s={search_term_string}\"},\"query-input\":\"required name=search_term_string\"}],\"inLanguage\":\"es\"},{\"@type\":\"Organization\",\"@id\":\"https:\/\/aeroportcastello.com\/es\/#organization\",\"name\":\"Aeropuerto Castell\u00f3n\",\"url\":\"https:\/\/aeroportcastello.com\/es\/\",\"logo\":{\"@type\":\"ImageObject\",\"inLanguage\":\"es\",\"@id\":\"https:\/\/aeroportcastello.com\/es\/#\/schema\/logo\/image\/\",\"url\":\"https:\/\/aeroportcastello.com\/wp-content\/uploads\/2021\/05\/logo_aeroport_castello-1.svg\",\"contentUrl\":\"https:\/\/aeroportcastello.com\/wp-content\/uploads\/2021\/05\/logo_aeroport_castello-1.svg\",\"width\":482.8999999999999772626324556767940521240234375,\"height\":93.7000000000000028421709430404007434844970703125,\"caption\":\"Aeropuerto Castell\u00f3n\"},\"image\":{\"@id\":\"https:\/\/aeroportcastello.com\/es\/#\/schema\/logo\/image\/\"}},{\"@type\":\"Person\",\"@id\":\"https:\/\/aeroportcastello.com\/es\/#\/schema\/person\/6ce30e1beabb48891a1227bcaf9c5afc\",\"name\":\"admin\",\"image\":{\"@type\":\"ImageObject\",\"inLanguage\":\"es\",\"@id\":\"https:\/\/aeroportcastello.com\/es\/#\/schema\/person\/image\/\",\"url\":\"https:\/\/secure.gravatar.com\/avatar\/49a104bbc10efec0d78dc86b9d8c7ddc?s=96&d=mm&r=g\",\"contentUrl\":\"https:\/\/secure.gravatar.com\/avatar\/49a104bbc10efec0d78dc86b9d8c7ddc?s=96&d=mm&r=g\",\"caption\":\"admin\"},\"sameAs\":[\"https:\/\/aeroportcastello.com\"],\"url\":\"https:\/\/aeroportcastello.com\/es\/author\/adm-nunsys\/\"}]}<\/script>\n<!-- \/ Yoast SEO plugin. -->","yoast_head_json":{"title":"El aeropuerto de Castell\u00f3n publica una convocatoria para captar las cuatro primeras \u2018start-ups\u2019 de la incubadora de la Agencia Espacial Europea - Aeropuerto Castell\u00f3n","robots":{"index":"index","follow":"follow","max-snippet":"max-snippet:-1","max-image-preview":"max-image-preview:large","max-video-preview":"max-video-preview:-1"},"canonical":"https:\/\/aeroportcastello.com\/es\/el-aeropuerto-de-castellon-publica-una-convocatoria-para-captar-las-cuatro-primeras-start-ups-de-la-incubadora-de-la-agencia-espacial-europea\/","og_locale":"es_ES","og_type":"article","og_title":"El aeropuerto de Castell\u00f3n publica una convocatoria para captar las cuatro primeras \u2018start-ups\u2019 de la incubadora de la Agencia Espacial Europea - Aeropuerto Castell\u00f3n","og_description":"La convocatoria fija de plazo hasta el 17 de diciembre para la presentaci\u00f3n de proyectos empresariales vinculados con el espacio La sociedad p\u00fablica Aeropuerto de Castell\u00f3n ha publicado una convocatoria para la captaci\u00f3n de las cuatro primeras start-ups del total de doce que formar\u00e1n parte del \u2018ESA-BIC Valencia Region\u2019, la primera incubadora de empresas de ... Leer m\u00e1s","og_url":"https:\/\/aeroportcastello.com\/es\/el-aeropuerto-de-castellon-publica-una-convocatoria-para-captar-las-cuatro-primeras-start-ups-de-la-incubadora-de-la-agencia-espacial-europea\/","og_site_name":"Aeropuerto Castell\u00f3n","article_published_time":"2024-10-17T09:24:12+00:00","article_modified_time":"2024-12-10T11:13:26+00:00","og_image":[{"width":2048,"height":1536,"url":"https:\/\/aeroportcastello.com\/wp-content\/uploads\/2024\/12\/2.jpg","type":"image\/jpeg"}],"author":"admin","twitter_card":"summary_large_image","twitter_misc":{"Escrito por":"admin","Tiempo de lectura":"3 minutos"},"schema":{"@context":"https:\/\/schema.org","@graph":[{"@type":"Article","@id":"https:\/\/aeroportcastello.com\/es\/el-aeropuerto-de-castellon-publica-una-convocatoria-para-captar-las-cuatro-primeras-start-ups-de-la-incubadora-de-la-agencia-espacial-europea\/#article","isPartOf":{"@id":"https:\/\/aeroportcastello.com\/es\/el-aeropuerto-de-castellon-publica-una-convocatoria-para-captar-las-cuatro-primeras-start-ups-de-la-incubadora-de-la-agencia-espacial-europea\/"},"author":{"name":"admin","@id":"https:\/\/aeroportcastello.com\/es\/#\/schema\/person\/6ce30e1beabb48891a1227bcaf9c5afc"},"headline":"El aeropuerto de Castell\u00f3n publica una convocatoria para captar las cuatro primeras \u2018start-ups\u2019 de la incubadora de la Agencia Espacial Europea","datePublished":"2024-10-17T09:24:12+00:00","dateModified":"2024-12-10T11:13:26+00:00","mainEntityOfPage":{"@id":"https:\/\/aeroportcastello.com\/es\/el-aeropuerto-de-castellon-publica-una-convocatoria-para-captar-las-cuatro-primeras-start-ups-de-la-incubadora-de-la-agencia-espacial-europea\/"},"wordCount":514,"publisher":{"@id":"https:\/\/aeroportcastello.com\/es\/#organization"},"articleSection":["Noticias Aeropuerto"],"inLanguage":"es"},{"@type":"WebPage","@id":"https:\/\/aeroportcastello.com\/es\/el-aeropuerto-de-castellon-publica-una-convocatoria-para-captar-las-cuatro-primeras-start-ups-de-la-incubadora-de-la-agencia-espacial-europea\/","url":"https:\/\/aeroportcastello.com\/es\/el-aeropuerto-de-castellon-publica-una-convocatoria-para-captar-las-cuatro-primeras-start-ups-de-la-incubadora-de-la-agencia-espacial-europea\/","name":"El aeropuerto de Castell\u00f3n publica una convocatoria para captar las cuatro primeras \u2018start-ups\u2019 de la incubadora de la Agencia Espacial Europea - Aeropuerto Castell\u00f3n","isPartOf":{"@id":"https:\/\/aeroportcastello.com\/es\/#website"},"datePublished":"2024-10-17T09:24:12+00:00","dateModified":"2024-12-10T11:13:26+00:00","breadcrumb":{"@id":"https:\/\/aeroportcastello.com\/es\/el-aeropuerto-de-castellon-publica-una-convocatoria-para-captar-las-cuatro-primeras-start-ups-de-la-incubadora-de-la-agencia-espacial-europea\/#breadcrumb"},"inLanguage":"es","potentialAction":[{"@type":"ReadAction","target":["https:\/\/aeroportcastello.com\/es\/el-aeropuerto-de-castellon-publica-una-convocatoria-para-captar-las-cuatro-primeras-start-ups-de-la-incubadora-de-la-agencia-espacial-europea\/"]}]},{"@type":"BreadcrumbList","@id":"https:\/\/aeroportcastello.com\/es\/el-aeropuerto-de-castellon-publica-una-convocatoria-para-captar-las-cuatro-primeras-start-ups-de-la-incubadora-de-la-agencia-espacial-europea\/#breadcrumb","itemListElement":[{"@type":"ListItem","position":1,"name":"Pasajeros","item":"https:\/\/aeroportcastello.com\/es\/"},{"@type":"ListItem","position":2,"name":"El aeropuerto de Castell\u00f3n publica una convocatoria para captar las cuatro primeras \u2018start-ups\u2019 de la incubadora de la Agencia Espacial Europea"}]},{"@type":"WebSite","@id":"https:\/\/aeroportcastello.com\/es\/#website","url":"https:\/\/aeroportcastello.com\/es\/","name":"Aeropuerto Castell\u00f3n","description":"Aeropuerto Castell\u00f3n","publisher":{"@id":"https:\/\/aeroportcastello.com\/es\/#organization"},"potentialAction":[{"@type":"SearchAction","target":{"@type":"EntryPoint","urlTemplate":"https:\/\/aeroportcastello.com\/es\/?s={search_term_string}"},"query-input":"required name=search_term_string"}],"inLanguage":"es"},{"@type":"Organization","@id":"https:\/\/aeroportcastello.com\/es\/#organization","name":"Aeropuerto Castell\u00f3n","url":"https:\/\/aeroportcastello.com\/es\/","logo":{"@type":"ImageObject","inLanguage":"es","@id":"https:\/\/aeroportcastello.com\/es\/#\/schema\/logo\/image\/","url":"https:\/\/aeroportcastello.com\/wp-content\/uploads\/2021\/05\/logo_aeroport_castello-1.svg","contentUrl":"https:\/\/aeroportcastello.com\/wp-content\/uploads\/2021\/05\/logo_aeroport_castello-1.svg","width":482.8999999999999772626324556767940521240234375,"height":93.7000000000000028421709430404007434844970703125,"caption":"Aeropuerto Castell\u00f3n"},"image":{"@id":"https:\/\/aeroportcastello.com\/es\/#\/schema\/logo\/image\/"}},{"@type":"Person","@id":"https:\/\/aeroportcastello.com\/es\/#\/schema\/person\/6ce30e1beabb48891a1227bcaf9c5afc","name":"admin","image":{"@type":"ImageObject","inLanguage":"es","@id":"https:\/\/aeroportcastello.com\/es\/#\/schema\/person\/image\/","url":"https:\/\/secure.gravatar.com\/avatar\/49a104bbc10efec0d78dc86b9d8c7ddc?s=96&d=mm&r=g","contentUrl":"https:\/\/secure.gravatar.com\/avatar\/49a104bbc10efec0d78dc86b9d8c7ddc?s=96&d=mm&r=g","caption":"admin"},"sameAs":["https:\/\/aeroportcastello.com"],"url":"https:\/\/aeroportcastello.com\/es\/author\/adm-nunsys\/"}]}},"_links":{"self":[{"href":"https:\/\/aeroportcastello.com\/es\/wp-json\/wp\/v2\/posts\/10625"}],"collection":[{"href":"https:\/\/aeroportcastello.com\/es\/wp-json\/wp\/v2\/posts"}],"about":[{"href":"https:\/\/aeroportcastello.com\/es\/wp-json\/wp\/v2\/types\/post"}],"author":[{"embeddable":true,"href":"https:\/\/aeroportcastello.com\/es\/wp-json\/wp\/v2\/users\/1"}],"replies":[{"embeddable":true,"href":"https:\/\/aeroportcastello.com\/es\/wp-json\/wp\/v2\/comments?post=10625"}],"version-history":[{"count":1,"href":"https:\/\/aeroportcastello.com\/es\/wp-json\/wp\/v2\/posts\/10625\/revisions"}],"predecessor-version":[{"id":10630,"href":"https:\/\/aeroportcastello.com\/es\/wp-json\/wp\/v2\/posts\/10625\/revisions\/10630"}],"wp:featuredmedia":[{"embeddable":true,"href":"https:\/\/aeroportcastello.com\/es\/wp-json\/wp\/v2\/media\/10627"}],"wp:attachment":[{"href":"https:\/\/aeroportcastello.com\/es\/wp-json\/wp\/v2\/media?parent=10625"}],"wp:term":[{"taxonomy":"category","embeddable":true,"href":"https:\/\/aeroportcastello.com\/es\/wp-json\/wp\/v2\/categories?post=10625"},{"taxonomy":"post_tag","embeddable":true,"href":"https:\/\/aeroportcastello.com\/es\/wp-json\/wp\/v2\/tags?post=10625"}],"curies":[{"name":"wp","href":"https:\/\/api.w.org\/{rel}","templated":true}]}}