{"id":4562,"date":"2022-04-19T14:09:13","date_gmt":"2022-04-19T12:09:13","guid":{"rendered":"https:\/\/aeroportcastello.com\/ximo-puig-anuncia-la-licitacion-de-la-ruta-aerea-castellon-madrid-para-su-puesta-en-marcha-a-partir-del-proximo-otono\/"},"modified":"2022-04-19T14:09:13","modified_gmt":"2022-04-19T12:09:13","slug":"ximo-puig-anuncia-la-licitacion-de-la-ruta-aerea-castellon-madrid-para-su-puesta-en-marcha-a-partir-del-proximo-otono","status":"publish","type":"post","link":"https:\/\/aeroportcastello.com\/en\/ximo-puig-anuncia-la-licitacion-de-la-ruta-aerea-castellon-madrid-para-su-puesta-en-marcha-a-partir-del-proximo-otono\/","title":{"rendered":"Ximo Puig anuncia la licitaci\u00f3n de la ruta a\u00e9rea Castell\u00f3n-Madrid para su puesta en marcha a partir del pr\u00f3ximo oto\u00f1o"},"content":{"rendered":"<p><strong>El president destaca que la ruta, que dispondr\u00e1 de cinco frecuencias semanales, multiplicar\u00e1 las posibilidades de conexi\u00f3n del aeropuerto<\/strong><\/p>\n<p><span style=\"color: black;\">El president de la Generalitat, Ximo Puig, ha anunciado la pr\u00f3xima licitaci\u00f3n, por parte de la sociedad p\u00fablica Aerocas, de una ruta a\u00e9rea entre Castell\u00f3n y Madrid, con el objetivo de que empiece a operar en el oto\u00f1o de 2022.<\/span><\/p>\n<p><span style=\"color: black;\">Puig ha asegurado que esta ruta, que operar\u00e1 con cinco frecuencias semanales, constituir\u00e1 &#8220;la conexi\u00f3n definitiva para situar al aeropuerto de Castell\u00f3n en el mapa nacional e internacional&#8221;. En este sentido, ha incidido en que permitir\u00e1 enlazar con uno de los principales hubs a\u00e9reos internacionales, lo que multiplicar\u00e1 las posibilidades de conexi\u00f3n del aeropuerto.<\/span><\/p>\n<p><span style=\"color: black;\">El president de la Generalitat ha hecho este anuncio durante su visita al aeropuerto de Castell\u00f3n, donde ha estado acompa\u00f1ado por el conseller de Pol\u00edtica Territorial, Obras P\u00fablicas y Movilidad, Arcadi Espa\u00f1a, la directora general de Aerocas, Blanca Mar\u00edn, y la directora territorial de Presidencia, Eva Redondo.<\/span><\/p>\n<p><span style=\"color: black;\">El contrato, que va a salir a concurso, tendr\u00e1 una duraci\u00f3n de dos a\u00f1os dentro de la labor que viene desarrollando Aerocas en los \u00faltimos a\u00f1os para lograr nuevas rutas nacionales e internacionales. En paralelo, la Generalitat sigue tramitando la declaraci\u00f3n de la ruta como Obligaci\u00f3n de Servicio P\u00fablico (OSP). En este sentido, el contrato que va a salir a concurso servir\u00e1 para evaluar el funcionamiento de la conexi\u00f3n y dimensionar adecuadamente la OSP. <\/span><\/p>\n<p><span style=\"color: black;\">La licitaci\u00f3n de la ruta Castell\u00f3n-Madrid reforzar\u00e1 la estrategia de reactivaci\u00f3n del tr\u00e1fico comercial del aeropuerto de Castell\u00f3n. Al respecto, el president de la Generalitat ha recordado el aeropuerto tiene previsto operar este verano 8 rutas nacionales e internacionales, que generar\u00e1n 17 frecuencias semanales, lo que supondr\u00e1 r\u00e9cord en la historia del aeropuerto. <\/span><\/p>\n<p><b><span style=\"color: black;\">Estrategia de diversificaci\u00f3n<\/span><\/b><\/p>\n<p><span style=\"color: black;\">Asimismo, Ximo Puig ha visitado el nuevo centro de mantenimiento de aviones que ultima la compa\u00f1\u00eda Brok-air Aviation Group, en el marco de la estrategia de diversificaci\u00f3n que viene desarrollando Aerocas. En este sentido, Puig ha destacado el crecimiento industrial del aeropuerto como &#8220;un motor econ\u00f3mico y social para Castell\u00f3n&#8221; y ha agradecido la confianza de las empresas de mantenimiento, estacionamiento y desmantelamiento de aviones instaladas.<\/span><\/p>\n<p><span style=\"color: black;\">El president tambi\u00e9n se ha entrevistado con representantes de la empresa e-Cube Solutions y de la start-up Arkadia Space. Esta \u00faltima se dedica al desarrollo de motores para el sector aeroespacial. <\/span><\/p>\n<p><span style=\"color: black;\">Con el objetivo de reforzar la actividad log\u00edstica del aeropuerto y con la intenci\u00f3n de &#8220;generar empleo y oportunidades&#8221;, Ximo Puig ha avanzado que durante este primer semestre del a\u00f1o saldr\u00e1 a licitaci\u00f3n el proyecto de urbanizaci\u00f3n de la Zona de Actividades Complementarias (ZAC).<\/span><\/p>\n<p><span style=\"color: black;\">La previsi\u00f3n, seg\u00fan el jefe del Consell, es que este proyecto est\u00e9 preparado antes de final de a\u00f1o&#8221; con la intenci\u00f3n de que las obras puedan comenzar el pr\u00f3ximo 2023.<\/span><\/p>\n<p><b><span style=\"color: black;\">Formaci\u00f3n Profesional<\/span><\/b><\/p>\n<p><span style=\"color: black;\">La formaci\u00f3n es otro de los ejes sobre los que pivota el plan de diversificaci\u00f3n del aeropuerto de Castell\u00f3n. Adem\u00e1s de las diversas escuelas de vuelo que operan en las instalaciones, la Generalitat ha apostado por implantar ciclos de Formaci\u00f3n Profesional vinculados a la rama aeron\u00e1utica.<\/span><\/p>\n<p><span style=\"color: black;\">Actualmente ya se ha puesto en marcha el grado medio de Montaje de Estructuras e Instalaci\u00f3n de Sistemas Aeron\u00e1utico y se prev\u00e9 la implementaci\u00f3n de otros tres de grado superior, vinculados tambi\u00e9n al mantenimiento de aviones. Una iniciativa que, seg\u00fan Ximo Puig, permitir\u00e1 convertir el aeropuerto de Castell\u00f3n &#8220;en un centro formativo de referencia en el \u00e1mbito aeron\u00e1utico en la Comunitat Valenciana&#8221; y uno de los centros de referencia espa\u00f1oles en Formaci\u00f3n Profesional.<\/span><\/p>\n","protected":false},"excerpt":{"rendered":"<p>El president destaca que la ruta, que dispondr\u00e1 de cinco frecuencias semanales, multiplicar\u00e1 las posibilidades de conexi\u00f3n del aeropuerto El president de la Generalitat, Ximo Puig, ha anunciado la pr\u00f3xima licitaci\u00f3n, por parte de la sociedad p\u00fablica Aerocas, de una ruta a\u00e9rea entre Castell\u00f3n y Madrid, con el objetivo de que empiece a operar en &#8230; <\/p>\n<p class=\"read-more-container\"><a title=\"Ximo Puig anuncia la licitaci\u00f3n de la ruta a\u00e9rea Castell\u00f3n-Madrid para su puesta en marcha a partir del pr\u00f3ximo oto\u00f1o\" class=\"read-more button\" href=\"https:\/\/aeroportcastello.com\/en\/ximo-puig-anuncia-la-licitacion-de-la-ruta-aerea-castellon-madrid-para-su-puesta-en-marcha-a-partir-del-proximo-otono\/#more-4562\" aria-label=\"Read more about Ximo Puig anuncia la licitaci\u00f3n de la ruta a\u00e9rea Castell\u00f3n-Madrid para su puesta en marcha a partir del pr\u00f3ximo oto\u00f1o\">Read more<\/a><\/p>\n","protected":false},"author":1,"featured_media":4452,"comment_status":"open","ping_status":"open","sticky":false,"template":"","format":"standard","meta":{"footnotes":""},"categories":[2],"tags":[],"yoast_head":"<!-- This site is optimized with the Yoast SEO plugin v22.0 - https:\/\/yoast.com\/wordpress\/plugins\/seo\/ -->\n<title>Ximo Puig anuncia la licitaci\u00f3n de la ruta a\u00e9rea Castell\u00f3n-Madrid para su puesta en marcha a partir del pr\u00f3ximo oto\u00f1o - Aeropuerto Castell\u00f3n<\/title>\n<meta name=\"robots\" content=\"index, follow, max-snippet:-1, max-image-preview:large, max-video-preview:-1\" \/>\n<link rel=\"canonical\" href=\"https:\/\/aeroportcastello.com\/en\/ximo-puig-anuncia-la-licitacion-de-la-ruta-aerea-castellon-madrid-para-su-puesta-en-marcha-a-partir-del-proximo-otono\/\" \/>\n<meta property=\"og:locale\" content=\"en_US\" \/>\n<meta property=\"og:type\" content=\"article\" \/>\n<meta property=\"og:title\" content=\"Ximo Puig anuncia la licitaci\u00f3n de la ruta a\u00e9rea Castell\u00f3n-Madrid para su puesta en marcha a partir del pr\u00f3ximo oto\u00f1o - Aeropuerto Castell\u00f3n\" \/>\n<meta property=\"og:description\" content=\"El president destaca que la ruta, que dispondr\u00e1 de cinco frecuencias semanales, multiplicar\u00e1 las posibilidades de conexi\u00f3n del aeropuerto El president de la Generalitat, Ximo Puig, ha anunciado la pr\u00f3xima licitaci\u00f3n, por parte de la sociedad p\u00fablica Aerocas, de una ruta a\u00e9rea entre Castell\u00f3n y Madrid, con el objetivo de que empiece a operar en ... Read more\" \/>\n<meta property=\"og:url\" content=\"https:\/\/aeroportcastello.com\/en\/ximo-puig-anuncia-la-licitacion-de-la-ruta-aerea-castellon-madrid-para-su-puesta-en-marcha-a-partir-del-proximo-otono\/\" \/>\n<meta property=\"og:site_name\" content=\"Aeropuerto Castell\u00f3n\" \/>\n<meta property=\"article:published_time\" content=\"2022-04-19T12:09:13+00:00\" \/>\n<meta name=\"author\" content=\"admin\" \/>\n<meta name=\"twitter:card\" content=\"summary_large_image\" \/>\n<meta name=\"twitter:label1\" content=\"Written by\" \/>\n\t<meta name=\"twitter:data1\" content=\"admin\" \/>\n\t<meta name=\"twitter:label2\" content=\"Est. reading time\" \/>\n\t<meta name=\"twitter:data2\" content=\"3 minutes\" \/>\n<script type=\"application\/ld+json\" class=\"yoast-schema-graph\">{\"@context\":\"https:\/\/schema.org\",\"@graph\":[{\"@type\":\"Article\",\"@id\":\"https:\/\/aeroportcastello.com\/en\/ximo-puig-anuncia-la-licitacion-de-la-ruta-aerea-castellon-madrid-para-su-puesta-en-marcha-a-partir-del-proximo-otono\/#article\",\"isPartOf\":{\"@id\":\"https:\/\/aeroportcastello.com\/en\/ximo-puig-anuncia-la-licitacion-de-la-ruta-aerea-castellon-madrid-para-su-puesta-en-marcha-a-partir-del-proximo-otono\/\"},\"author\":{\"name\":\"admin\",\"@id\":\"https:\/\/aeroportcastello.com\/en\/#\/schema\/person\/6ce30e1beabb48891a1227bcaf9c5afc\"},\"headline\":\"Ximo Puig anuncia la licitaci\u00f3n de la ruta a\u00e9rea Castell\u00f3n-Madrid para su puesta en marcha a partir del pr\u00f3ximo oto\u00f1o\",\"datePublished\":\"2022-04-19T12:09:13+00:00\",\"dateModified\":\"2022-04-19T12:09:13+00:00\",\"mainEntityOfPage\":{\"@id\":\"https:\/\/aeroportcastello.com\/en\/ximo-puig-anuncia-la-licitacion-de-la-ruta-aerea-castellon-madrid-para-su-puesta-en-marcha-a-partir-del-proximo-otono\/\"},\"wordCount\":666,\"commentCount\":0,\"publisher\":{\"@id\":\"https:\/\/aeroportcastello.com\/en\/#organization\"},\"inLanguage\":\"en-US\",\"potentialAction\":[{\"@type\":\"CommentAction\",\"name\":\"Comment\",\"target\":[\"https:\/\/aeroportcastello.com\/en\/ximo-puig-anuncia-la-licitacion-de-la-ruta-aerea-castellon-madrid-para-su-puesta-en-marcha-a-partir-del-proximo-otono\/#respond\"]}]},{\"@type\":\"WebPage\",\"@id\":\"https:\/\/aeroportcastello.com\/en\/ximo-puig-anuncia-la-licitacion-de-la-ruta-aerea-castellon-madrid-para-su-puesta-en-marcha-a-partir-del-proximo-otono\/\",\"url\":\"https:\/\/aeroportcastello.com\/en\/ximo-puig-anuncia-la-licitacion-de-la-ruta-aerea-castellon-madrid-para-su-puesta-en-marcha-a-partir-del-proximo-otono\/\",\"name\":\"Ximo Puig anuncia la licitaci\u00f3n de la ruta a\u00e9rea Castell\u00f3n-Madrid para su puesta en marcha a partir del pr\u00f3ximo oto\u00f1o - Aeropuerto Castell\u00f3n\",\"isPartOf\":{\"@id\":\"https:\/\/aeroportcastello.com\/en\/#website\"},\"datePublished\":\"2022-04-19T12:09:13+00:00\",\"dateModified\":\"2022-04-19T12:09:13+00:00\",\"breadcrumb\":{\"@id\":\"https:\/\/aeroportcastello.com\/en\/ximo-puig-anuncia-la-licitacion-de-la-ruta-aerea-castellon-madrid-para-su-puesta-en-marcha-a-partir-del-proximo-otono\/#breadcrumb\"},\"inLanguage\":\"en-US\",\"potentialAction\":[{\"@type\":\"ReadAction\",\"target\":[\"https:\/\/aeroportcastello.com\/en\/ximo-puig-anuncia-la-licitacion-de-la-ruta-aerea-castellon-madrid-para-su-puesta-en-marcha-a-partir-del-proximo-otono\/\"]}]},{\"@type\":\"BreadcrumbList\",\"@id\":\"https:\/\/aeroportcastello.com\/en\/ximo-puig-anuncia-la-licitacion-de-la-ruta-aerea-castellon-madrid-para-su-puesta-en-marcha-a-partir-del-proximo-otono\/#breadcrumb\",\"itemListElement\":[{\"@type\":\"ListItem\",\"position\":1,\"name\":\"Passengers\",\"item\":\"https:\/\/aeroportcastello.com\/en\/\"},{\"@type\":\"ListItem\",\"position\":2,\"name\":\"Ximo Puig anuncia la licitaci\u00f3n de la ruta a\u00e9rea Castell\u00f3n-Madrid para su puesta en marcha a partir del pr\u00f3ximo oto\u00f1o\"}]},{\"@type\":\"WebSite\",\"@id\":\"https:\/\/aeroportcastello.com\/en\/#website\",\"url\":\"https:\/\/aeroportcastello.com\/en\/\",\"name\":\"Aeropuerto Castell\u00f3n\",\"description\":\"Aeropuerto Castell\u00f3n\",\"publisher\":{\"@id\":\"https:\/\/aeroportcastello.com\/en\/#organization\"},\"potentialAction\":[{\"@type\":\"SearchAction\",\"target\":{\"@type\":\"EntryPoint\",\"urlTemplate\":\"https:\/\/aeroportcastello.com\/en\/?s={search_term_string}\"},\"query-input\":\"required name=search_term_string\"}],\"inLanguage\":\"en-US\"},{\"@type\":\"Organization\",\"@id\":\"https:\/\/aeroportcastello.com\/en\/#organization\",\"name\":\"Aeropuerto Castell\u00f3n\",\"url\":\"https:\/\/aeroportcastello.com\/en\/\",\"logo\":{\"@type\":\"ImageObject\",\"inLanguage\":\"en-US\",\"@id\":\"https:\/\/aeroportcastello.com\/en\/#\/schema\/logo\/image\/\",\"url\":\"https:\/\/aeroportcastello.com\/wp-content\/uploads\/2021\/05\/logo_aeroport_castello-1.svg\",\"contentUrl\":\"https:\/\/aeroportcastello.com\/wp-content\/uploads\/2021\/05\/logo_aeroport_castello-1.svg\",\"width\":482.8999999999999772626324556767940521240234375,\"height\":93.7000000000000028421709430404007434844970703125,\"caption\":\"Aeropuerto Castell\u00f3n\"},\"image\":{\"@id\":\"https:\/\/aeroportcastello.com\/en\/#\/schema\/logo\/image\/\"}},{\"@type\":\"Person\",\"@id\":\"https:\/\/aeroportcastello.com\/en\/#\/schema\/person\/6ce30e1beabb48891a1227bcaf9c5afc\",\"name\":\"admin\",\"image\":{\"@type\":\"ImageObject\",\"inLanguage\":\"en-US\",\"@id\":\"https:\/\/aeroportcastello.com\/en\/#\/schema\/person\/image\/\",\"url\":\"https:\/\/secure.gravatar.com\/avatar\/49a104bbc10efec0d78dc86b9d8c7ddc?s=96&d=mm&r=g\",\"contentUrl\":\"https:\/\/secure.gravatar.com\/avatar\/49a104bbc10efec0d78dc86b9d8c7ddc?s=96&d=mm&r=g\",\"caption\":\"admin\"},\"sameAs\":[\"https:\/\/aeroportcastello.com\"],\"url\":\"https:\/\/aeroportcastello.com\/en\/author\/adm-nunsys\/\"}]}<\/script>\n<!-- \/ Yoast SEO plugin. -->","yoast_head_json":{"title":"Ximo Puig anuncia la licitaci\u00f3n de la ruta a\u00e9rea Castell\u00f3n-Madrid para su puesta en marcha a partir del pr\u00f3ximo oto\u00f1o - Aeropuerto Castell\u00f3n","robots":{"index":"index","follow":"follow","max-snippet":"max-snippet:-1","max-image-preview":"max-image-preview:large","max-video-preview":"max-video-preview:-1"},"canonical":"https:\/\/aeroportcastello.com\/en\/ximo-puig-anuncia-la-licitacion-de-la-ruta-aerea-castellon-madrid-para-su-puesta-en-marcha-a-partir-del-proximo-otono\/","og_locale":"en_US","og_type":"article","og_title":"Ximo Puig anuncia la licitaci\u00f3n de la ruta a\u00e9rea Castell\u00f3n-Madrid para su puesta en marcha a partir del pr\u00f3ximo oto\u00f1o - Aeropuerto Castell\u00f3n","og_description":"El president destaca que la ruta, que dispondr\u00e1 de cinco frecuencias semanales, multiplicar\u00e1 las posibilidades de conexi\u00f3n del aeropuerto El president de la Generalitat, Ximo Puig, ha anunciado la pr\u00f3xima licitaci\u00f3n, por parte de la sociedad p\u00fablica Aerocas, de una ruta a\u00e9rea entre Castell\u00f3n y Madrid, con el objetivo de que empiece a operar en ... Read more","og_url":"https:\/\/aeroportcastello.com\/en\/ximo-puig-anuncia-la-licitacion-de-la-ruta-aerea-castellon-madrid-para-su-puesta-en-marcha-a-partir-del-proximo-otono\/","og_site_name":"Aeropuerto Castell\u00f3n","article_published_time":"2022-04-19T12:09:13+00:00","author":"admin","twitter_card":"summary_large_image","twitter_misc":{"Written by":"admin","Est. reading time":"3 minutes"},"schema":{"@context":"https:\/\/schema.org","@graph":[{"@type":"Article","@id":"https:\/\/aeroportcastello.com\/en\/ximo-puig-anuncia-la-licitacion-de-la-ruta-aerea-castellon-madrid-para-su-puesta-en-marcha-a-partir-del-proximo-otono\/#article","isPartOf":{"@id":"https:\/\/aeroportcastello.com\/en\/ximo-puig-anuncia-la-licitacion-de-la-ruta-aerea-castellon-madrid-para-su-puesta-en-marcha-a-partir-del-proximo-otono\/"},"author":{"name":"admin","@id":"https:\/\/aeroportcastello.com\/en\/#\/schema\/person\/6ce30e1beabb48891a1227bcaf9c5afc"},"headline":"Ximo Puig anuncia la licitaci\u00f3n de la ruta a\u00e9rea Castell\u00f3n-Madrid para su puesta en marcha a partir del pr\u00f3ximo oto\u00f1o","datePublished":"2022-04-19T12:09:13+00:00","dateModified":"2022-04-19T12:09:13+00:00","mainEntityOfPage":{"@id":"https:\/\/aeroportcastello.com\/en\/ximo-puig-anuncia-la-licitacion-de-la-ruta-aerea-castellon-madrid-para-su-puesta-en-marcha-a-partir-del-proximo-otono\/"},"wordCount":666,"commentCount":0,"publisher":{"@id":"https:\/\/aeroportcastello.com\/en\/#organization"},"inLanguage":"en-US","potentialAction":[{"@type":"CommentAction","name":"Comment","target":["https:\/\/aeroportcastello.com\/en\/ximo-puig-anuncia-la-licitacion-de-la-ruta-aerea-castellon-madrid-para-su-puesta-en-marcha-a-partir-del-proximo-otono\/#respond"]}]},{"@type":"WebPage","@id":"https:\/\/aeroportcastello.com\/en\/ximo-puig-anuncia-la-licitacion-de-la-ruta-aerea-castellon-madrid-para-su-puesta-en-marcha-a-partir-del-proximo-otono\/","url":"https:\/\/aeroportcastello.com\/en\/ximo-puig-anuncia-la-licitacion-de-la-ruta-aerea-castellon-madrid-para-su-puesta-en-marcha-a-partir-del-proximo-otono\/","name":"Ximo Puig anuncia la licitaci\u00f3n de la ruta a\u00e9rea Castell\u00f3n-Madrid para su puesta en marcha a partir del pr\u00f3ximo oto\u00f1o - Aeropuerto Castell\u00f3n","isPartOf":{"@id":"https:\/\/aeroportcastello.com\/en\/#website"},"datePublished":"2022-04-19T12:09:13+00:00","dateModified":"2022-04-19T12:09:13+00:00","breadcrumb":{"@id":"https:\/\/aeroportcastello.com\/en\/ximo-puig-anuncia-la-licitacion-de-la-ruta-aerea-castellon-madrid-para-su-puesta-en-marcha-a-partir-del-proximo-otono\/#breadcrumb"},"inLanguage":"en-US","potentialAction":[{"@type":"ReadAction","target":["https:\/\/aeroportcastello.com\/en\/ximo-puig-anuncia-la-licitacion-de-la-ruta-aerea-castellon-madrid-para-su-puesta-en-marcha-a-partir-del-proximo-otono\/"]}]},{"@type":"BreadcrumbList","@id":"https:\/\/aeroportcastello.com\/en\/ximo-puig-anuncia-la-licitacion-de-la-ruta-aerea-castellon-madrid-para-su-puesta-en-marcha-a-partir-del-proximo-otono\/#breadcrumb","itemListElement":[{"@type":"ListItem","position":1,"name":"Passengers","item":"https:\/\/aeroportcastello.com\/en\/"},{"@type":"ListItem","position":2,"name":"Ximo Puig anuncia la licitaci\u00f3n de la ruta a\u00e9rea Castell\u00f3n-Madrid para su puesta en marcha a partir del pr\u00f3ximo oto\u00f1o"}]},{"@type":"WebSite","@id":"https:\/\/aeroportcastello.com\/en\/#website","url":"https:\/\/aeroportcastello.com\/en\/","name":"Aeropuerto Castell\u00f3n","description":"Aeropuerto Castell\u00f3n","publisher":{"@id":"https:\/\/aeroportcastello.com\/en\/#organization"},"potentialAction":[{"@type":"SearchAction","target":{"@type":"EntryPoint","urlTemplate":"https:\/\/aeroportcastello.com\/en\/?s={search_term_string}"},"query-input":"required name=search_term_string"}],"inLanguage":"en-US"},{"@type":"Organization","@id":"https:\/\/aeroportcastello.com\/en\/#organization","name":"Aeropuerto Castell\u00f3n","url":"https:\/\/aeroportcastello.com\/en\/","logo":{"@type":"ImageObject","inLanguage":"en-US","@id":"https:\/\/aeroportcastello.com\/en\/#\/schema\/logo\/image\/","url":"https:\/\/aeroportcastello.com\/wp-content\/uploads\/2021\/05\/logo_aeroport_castello-1.svg","contentUrl":"https:\/\/aeroportcastello.com\/wp-content\/uploads\/2021\/05\/logo_aeroport_castello-1.svg","width":482.8999999999999772626324556767940521240234375,"height":93.7000000000000028421709430404007434844970703125,"caption":"Aeropuerto Castell\u00f3n"},"image":{"@id":"https:\/\/aeroportcastello.com\/en\/#\/schema\/logo\/image\/"}},{"@type":"Person","@id":"https:\/\/aeroportcastello.com\/en\/#\/schema\/person\/6ce30e1beabb48891a1227bcaf9c5afc","name":"admin","image":{"@type":"ImageObject","inLanguage":"en-US","@id":"https:\/\/aeroportcastello.com\/en\/#\/schema\/person\/image\/","url":"https:\/\/secure.gravatar.com\/avatar\/49a104bbc10efec0d78dc86b9d8c7ddc?s=96&d=mm&r=g","contentUrl":"https:\/\/secure.gravatar.com\/avatar\/49a104bbc10efec0d78dc86b9d8c7ddc?s=96&d=mm&r=g","caption":"admin"},"sameAs":["https:\/\/aeroportcastello.com"],"url":"https:\/\/aeroportcastello.com\/en\/author\/adm-nunsys\/"}]}},"_links":{"self":[{"href":"https:\/\/aeroportcastello.com\/en\/wp-json\/wp\/v2\/posts\/4562"}],"collection":[{"href":"https:\/\/aeroportcastello.com\/en\/wp-json\/wp\/v2\/posts"}],"about":[{"href":"https:\/\/aeroportcastello.com\/en\/wp-json\/wp\/v2\/types\/post"}],"author":[{"embeddable":true,"href":"https:\/\/aeroportcastello.com\/en\/wp-json\/wp\/v2\/users\/1"}],"replies":[{"embeddable":true,"href":"https:\/\/aeroportcastello.com\/en\/wp-json\/wp\/v2\/comments?post=4562"}],"version-history":[{"count":0,"href":"https:\/\/aeroportcastello.com\/en\/wp-json\/wp\/v2\/posts\/4562\/revisions"}],"wp:featuredmedia":[{"embeddable":true,"href":"https:\/\/aeroportcastello.com\/en\/wp-json\/wp\/v2\/media\/4452"}],"wp:attachment":[{"href":"https:\/\/aeroportcastello.com\/en\/wp-json\/wp\/v2\/media?parent=4562"}],"wp:term":[{"taxonomy":"category","embeddable":true,"href":"https:\/\/aeroportcastello.com\/en\/wp-json\/wp\/v2\/categories?post=4562"},{"taxonomy":"post_tag","embeddable":true,"href":"https:\/\/aeroportcastello.com\/en\/wp-json\/wp\/v2\/tags?post=4562"}],"curies":[{"name":"wp","href":"https:\/\/api.w.org\/{rel}","templated":true}]}}