{"id":4558,"date":"2022-05-02T09:58:15","date_gmt":"2022-05-02T07:58:15","guid":{"rendered":"https:\/\/aeroportcastello.com\/el-aeropuerto-de-castellon-recupera-la-conexion-con-sevilla-con-dos-frecuencias-semanales\/"},"modified":"2022-05-02T09:58:15","modified_gmt":"2022-05-02T07:58:15","slug":"el-aeropuerto-de-castellon-recupera-la-conexion-con-sevilla-con-dos-frecuencias-semanales","status":"publish","type":"post","link":"https:\/\/aeroportcastello.com\/en\/el-aeropuerto-de-castellon-recupera-la-conexion-con-sevilla-con-dos-frecuencias-semanales\/","title":{"rendered":"El aeropuerto de Castell\u00f3n recupera la conexi\u00f3n con Sevilla con dos frecuencias semanales"},"content":{"rendered":"<p><strong>La l\u00ednea arranca este lunes 2 de mayo y operar\u00e1 hasta el 19 de octubre, exceptuando el mes de agosto, en que los vuelos se interrumpen<\/strong><\/p>\n<p>El aeropuerto de Castell\u00f3n reactiva este lunes, 2 de mayo, la ruta de Sevilla, operada por la aerol\u00ednea Air Nostrum, que dispone de dos frecuencias semanales, en lunes y mi\u00e9rcoles.<\/p>\n<p>Los vuelos parten del aeropuerto sevillano de San Pablo a las 18.30 horas, con llegada a Castell\u00f3n a las 19.50 horas. En sentido inverso, salen de Castell\u00f3n a las 20.20 horas, con llegada a Sevilla a las 21.40 horas.<\/p>\n<p>La conexi\u00f3n estar\u00e1 operativa entre el 2 de mayo y el 27 de julio. Parar\u00e1 durante el mes de agosto y se retomar\u00e1 el 5 de septiembre hasta el 19 de octubre. Con esta programaci\u00f3n se pretende extender el calendario de vuelos m\u00e1s all\u00e1 de la temporada alta de verano, favoreciendo as\u00ed la desestacionalizaci\u00f3n de la campa\u00f1a tur\u00edstica.<\/p>\n<p>La ruta de Sevilla se suma a las de Londres-Stansted y Bruselas (Ryanair) y a la de Bucarest (Wizz Air), actualmente en funcionamiento. Entre final de mayo y mediados de junio se incorporar\u00e1n el resto de l\u00edneas regulares programadas: Budapest, Londres-Luton y Katowice, operadas por Wizz Air, y Bilbao, gestionada por Volotea.<\/p>\n<p>Las diversas aerol\u00edneas con conexiones con Castell\u00f3n han programado para la actual campa\u00f1a estival, que abarca desde final de marzo hasta final de octubre, m\u00e1s de 140.000 asientos en los vuelos regulares con salida o destino en el aeropuerto castellonense.<\/p>\n<p>El aeropuerto tiene previsto acoger en los siete meses de la temporada de verano m\u00e1s de 700 vuelos regulares, correspondientes a ocho rutas nacionales e internacionales. La coincidencia de todas ellas, prevista a partir del mes de junio, generar\u00e1 17 frecuencias semanales, lo que supondr\u00e1 una cifra r\u00e9cord para el aeropuerto de Castell\u00f3n.<\/p>\n<p>Por otra parte, la sociedad p\u00fablica Aerocas trabaja en la licitaci\u00f3n de una ruta a\u00e9rea entre Castell\u00f3n y Madrid para su puesta en marcha a partir del pr\u00f3ximo oto\u00f1o.<\/p>\n","protected":false},"excerpt":{"rendered":"<p>La l\u00ednea arranca este lunes 2 de mayo y operar\u00e1 hasta el 19 de octubre, exceptuando el mes de agosto, en que los vuelos se interrumpen El aeropuerto de Castell\u00f3n reactiva este lunes, 2 de mayo, la ruta de Sevilla, operada por la aerol\u00ednea Air Nostrum, que dispone de dos frecuencias semanales, en lunes y &#8230; <\/p>\n<p class=\"read-more-container\"><a title=\"El aeropuerto de Castell\u00f3n recupera la conexi\u00f3n con Sevilla con dos frecuencias semanales\" class=\"read-more button\" href=\"https:\/\/aeroportcastello.com\/en\/el-aeropuerto-de-castellon-recupera-la-conexion-con-sevilla-con-dos-frecuencias-semanales\/#more-4558\" aria-label=\"Read more about El aeropuerto de Castell\u00f3n recupera la conexi\u00f3n con Sevilla con dos frecuencias semanales\">Read more<\/a><\/p>\n","protected":false},"author":1,"featured_media":4500,"comment_status":"open","ping_status":"open","sticky":false,"template":"","format":"standard","meta":{"footnotes":""},"categories":[2],"tags":[],"yoast_head":"<!-- This site is optimized with the Yoast SEO plugin v22.0 - https:\/\/yoast.com\/wordpress\/plugins\/seo\/ -->\n<title>El aeropuerto de Castell\u00f3n recupera la conexi\u00f3n con Sevilla con dos frecuencias semanales - Aeropuerto Castell\u00f3n<\/title>\n<meta name=\"robots\" content=\"index, follow, max-snippet:-1, max-image-preview:large, max-video-preview:-1\" \/>\n<link rel=\"canonical\" href=\"https:\/\/aeroportcastello.com\/en\/el-aeropuerto-de-castellon-recupera-la-conexion-con-sevilla-con-dos-frecuencias-semanales\/\" \/>\n<meta property=\"og:locale\" content=\"en_US\" \/>\n<meta property=\"og:type\" content=\"article\" \/>\n<meta property=\"og:title\" content=\"El aeropuerto de Castell\u00f3n recupera la conexi\u00f3n con Sevilla con dos frecuencias semanales - Aeropuerto Castell\u00f3n\" \/>\n<meta property=\"og:description\" content=\"La l\u00ednea arranca este lunes 2 de mayo y operar\u00e1 hasta el 19 de octubre, exceptuando el mes de agosto, en que los vuelos se interrumpen El aeropuerto de Castell\u00f3n reactiva este lunes, 2 de mayo, la ruta de Sevilla, operada por la aerol\u00ednea Air Nostrum, que dispone de dos frecuencias semanales, en lunes y ... Read more\" \/>\n<meta property=\"og:url\" content=\"https:\/\/aeroportcastello.com\/en\/el-aeropuerto-de-castellon-recupera-la-conexion-con-sevilla-con-dos-frecuencias-semanales\/\" \/>\n<meta property=\"og:site_name\" content=\"Aeropuerto Castell\u00f3n\" \/>\n<meta property=\"article:published_time\" content=\"2022-05-02T07:58:15+00:00\" \/>\n<meta name=\"author\" content=\"admin\" \/>\n<meta name=\"twitter:card\" content=\"summary_large_image\" \/>\n<meta name=\"twitter:label1\" content=\"Written by\" \/>\n\t<meta name=\"twitter:data1\" content=\"admin\" \/>\n\t<meta name=\"twitter:label2\" content=\"Est. reading time\" \/>\n\t<meta name=\"twitter:data2\" content=\"2 minutes\" \/>\n<script type=\"application\/ld+json\" class=\"yoast-schema-graph\">{\"@context\":\"https:\/\/schema.org\",\"@graph\":[{\"@type\":\"Article\",\"@id\":\"https:\/\/aeroportcastello.com\/en\/el-aeropuerto-de-castellon-recupera-la-conexion-con-sevilla-con-dos-frecuencias-semanales\/#article\",\"isPartOf\":{\"@id\":\"https:\/\/aeroportcastello.com\/en\/el-aeropuerto-de-castellon-recupera-la-conexion-con-sevilla-con-dos-frecuencias-semanales\/\"},\"author\":{\"name\":\"admin\",\"@id\":\"https:\/\/aeroportcastello.com\/en\/#\/schema\/person\/6ce30e1beabb48891a1227bcaf9c5afc\"},\"headline\":\"El aeropuerto de Castell\u00f3n recupera la conexi\u00f3n con Sevilla con dos frecuencias semanales\",\"datePublished\":\"2022-05-02T07:58:15+00:00\",\"dateModified\":\"2022-05-02T07:58:15+00:00\",\"mainEntityOfPage\":{\"@id\":\"https:\/\/aeroportcastello.com\/en\/el-aeropuerto-de-castellon-recupera-la-conexion-con-sevilla-con-dos-frecuencias-semanales\/\"},\"wordCount\":355,\"commentCount\":0,\"publisher\":{\"@id\":\"https:\/\/aeroportcastello.com\/en\/#organization\"},\"inLanguage\":\"en-US\",\"potentialAction\":[{\"@type\":\"CommentAction\",\"name\":\"Comment\",\"target\":[\"https:\/\/aeroportcastello.com\/en\/el-aeropuerto-de-castellon-recupera-la-conexion-con-sevilla-con-dos-frecuencias-semanales\/#respond\"]}]},{\"@type\":\"WebPage\",\"@id\":\"https:\/\/aeroportcastello.com\/en\/el-aeropuerto-de-castellon-recupera-la-conexion-con-sevilla-con-dos-frecuencias-semanales\/\",\"url\":\"https:\/\/aeroportcastello.com\/en\/el-aeropuerto-de-castellon-recupera-la-conexion-con-sevilla-con-dos-frecuencias-semanales\/\",\"name\":\"El aeropuerto de Castell\u00f3n recupera la conexi\u00f3n con Sevilla con dos frecuencias semanales - Aeropuerto Castell\u00f3n\",\"isPartOf\":{\"@id\":\"https:\/\/aeroportcastello.com\/en\/#website\"},\"datePublished\":\"2022-05-02T07:58:15+00:00\",\"dateModified\":\"2022-05-02T07:58:15+00:00\",\"breadcrumb\":{\"@id\":\"https:\/\/aeroportcastello.com\/en\/el-aeropuerto-de-castellon-recupera-la-conexion-con-sevilla-con-dos-frecuencias-semanales\/#breadcrumb\"},\"inLanguage\":\"en-US\",\"potentialAction\":[{\"@type\":\"ReadAction\",\"target\":[\"https:\/\/aeroportcastello.com\/en\/el-aeropuerto-de-castellon-recupera-la-conexion-con-sevilla-con-dos-frecuencias-semanales\/\"]}]},{\"@type\":\"BreadcrumbList\",\"@id\":\"https:\/\/aeroportcastello.com\/en\/el-aeropuerto-de-castellon-recupera-la-conexion-con-sevilla-con-dos-frecuencias-semanales\/#breadcrumb\",\"itemListElement\":[{\"@type\":\"ListItem\",\"position\":1,\"name\":\"Passengers\",\"item\":\"https:\/\/aeroportcastello.com\/en\/\"},{\"@type\":\"ListItem\",\"position\":2,\"name\":\"El aeropuerto de Castell\u00f3n recupera la conexi\u00f3n con Sevilla con dos frecuencias semanales\"}]},{\"@type\":\"WebSite\",\"@id\":\"https:\/\/aeroportcastello.com\/en\/#website\",\"url\":\"https:\/\/aeroportcastello.com\/en\/\",\"name\":\"Aeropuerto Castell\u00f3n\",\"description\":\"Aeropuerto Castell\u00f3n\",\"publisher\":{\"@id\":\"https:\/\/aeroportcastello.com\/en\/#organization\"},\"potentialAction\":[{\"@type\":\"SearchAction\",\"target\":{\"@type\":\"EntryPoint\",\"urlTemplate\":\"https:\/\/aeroportcastello.com\/en\/?s={search_term_string}\"},\"query-input\":\"required name=search_term_string\"}],\"inLanguage\":\"en-US\"},{\"@type\":\"Organization\",\"@id\":\"https:\/\/aeroportcastello.com\/en\/#organization\",\"name\":\"Aeropuerto Castell\u00f3n\",\"url\":\"https:\/\/aeroportcastello.com\/en\/\",\"logo\":{\"@type\":\"ImageObject\",\"inLanguage\":\"en-US\",\"@id\":\"https:\/\/aeroportcastello.com\/en\/#\/schema\/logo\/image\/\",\"url\":\"https:\/\/aeroportcastello.com\/wp-content\/uploads\/2021\/05\/logo_aeroport_castello-1.svg\",\"contentUrl\":\"https:\/\/aeroportcastello.com\/wp-content\/uploads\/2021\/05\/logo_aeroport_castello-1.svg\",\"width\":482.8999999999999772626324556767940521240234375,\"height\":93.7000000000000028421709430404007434844970703125,\"caption\":\"Aeropuerto Castell\u00f3n\"},\"image\":{\"@id\":\"https:\/\/aeroportcastello.com\/en\/#\/schema\/logo\/image\/\"}},{\"@type\":\"Person\",\"@id\":\"https:\/\/aeroportcastello.com\/en\/#\/schema\/person\/6ce30e1beabb48891a1227bcaf9c5afc\",\"name\":\"admin\",\"image\":{\"@type\":\"ImageObject\",\"inLanguage\":\"en-US\",\"@id\":\"https:\/\/aeroportcastello.com\/en\/#\/schema\/person\/image\/\",\"url\":\"https:\/\/secure.gravatar.com\/avatar\/49a104bbc10efec0d78dc86b9d8c7ddc?s=96&d=mm&r=g\",\"contentUrl\":\"https:\/\/secure.gravatar.com\/avatar\/49a104bbc10efec0d78dc86b9d8c7ddc?s=96&d=mm&r=g\",\"caption\":\"admin\"},\"sameAs\":[\"https:\/\/aeroportcastello.com\"],\"url\":\"https:\/\/aeroportcastello.com\/en\/author\/adm-nunsys\/\"}]}<\/script>\n<!-- \/ Yoast SEO plugin. -->","yoast_head_json":{"title":"El aeropuerto de Castell\u00f3n recupera la conexi\u00f3n con Sevilla con dos frecuencias semanales - Aeropuerto Castell\u00f3n","robots":{"index":"index","follow":"follow","max-snippet":"max-snippet:-1","max-image-preview":"max-image-preview:large","max-video-preview":"max-video-preview:-1"},"canonical":"https:\/\/aeroportcastello.com\/en\/el-aeropuerto-de-castellon-recupera-la-conexion-con-sevilla-con-dos-frecuencias-semanales\/","og_locale":"en_US","og_type":"article","og_title":"El aeropuerto de Castell\u00f3n recupera la conexi\u00f3n con Sevilla con dos frecuencias semanales - Aeropuerto Castell\u00f3n","og_description":"La l\u00ednea arranca este lunes 2 de mayo y operar\u00e1 hasta el 19 de octubre, exceptuando el mes de agosto, en que los vuelos se interrumpen El aeropuerto de Castell\u00f3n reactiva este lunes, 2 de mayo, la ruta de Sevilla, operada por la aerol\u00ednea Air Nostrum, que dispone de dos frecuencias semanales, en lunes y ... Read more","og_url":"https:\/\/aeroportcastello.com\/en\/el-aeropuerto-de-castellon-recupera-la-conexion-con-sevilla-con-dos-frecuencias-semanales\/","og_site_name":"Aeropuerto Castell\u00f3n","article_published_time":"2022-05-02T07:58:15+00:00","author":"admin","twitter_card":"summary_large_image","twitter_misc":{"Written by":"admin","Est. reading time":"2 minutes"},"schema":{"@context":"https:\/\/schema.org","@graph":[{"@type":"Article","@id":"https:\/\/aeroportcastello.com\/en\/el-aeropuerto-de-castellon-recupera-la-conexion-con-sevilla-con-dos-frecuencias-semanales\/#article","isPartOf":{"@id":"https:\/\/aeroportcastello.com\/en\/el-aeropuerto-de-castellon-recupera-la-conexion-con-sevilla-con-dos-frecuencias-semanales\/"},"author":{"name":"admin","@id":"https:\/\/aeroportcastello.com\/en\/#\/schema\/person\/6ce30e1beabb48891a1227bcaf9c5afc"},"headline":"El aeropuerto de Castell\u00f3n recupera la conexi\u00f3n con Sevilla con dos frecuencias semanales","datePublished":"2022-05-02T07:58:15+00:00","dateModified":"2022-05-02T07:58:15+00:00","mainEntityOfPage":{"@id":"https:\/\/aeroportcastello.com\/en\/el-aeropuerto-de-castellon-recupera-la-conexion-con-sevilla-con-dos-frecuencias-semanales\/"},"wordCount":355,"commentCount":0,"publisher":{"@id":"https:\/\/aeroportcastello.com\/en\/#organization"},"inLanguage":"en-US","potentialAction":[{"@type":"CommentAction","name":"Comment","target":["https:\/\/aeroportcastello.com\/en\/el-aeropuerto-de-castellon-recupera-la-conexion-con-sevilla-con-dos-frecuencias-semanales\/#respond"]}]},{"@type":"WebPage","@id":"https:\/\/aeroportcastello.com\/en\/el-aeropuerto-de-castellon-recupera-la-conexion-con-sevilla-con-dos-frecuencias-semanales\/","url":"https:\/\/aeroportcastello.com\/en\/el-aeropuerto-de-castellon-recupera-la-conexion-con-sevilla-con-dos-frecuencias-semanales\/","name":"El aeropuerto de Castell\u00f3n recupera la conexi\u00f3n con Sevilla con dos frecuencias semanales - Aeropuerto Castell\u00f3n","isPartOf":{"@id":"https:\/\/aeroportcastello.com\/en\/#website"},"datePublished":"2022-05-02T07:58:15+00:00","dateModified":"2022-05-02T07:58:15+00:00","breadcrumb":{"@id":"https:\/\/aeroportcastello.com\/en\/el-aeropuerto-de-castellon-recupera-la-conexion-con-sevilla-con-dos-frecuencias-semanales\/#breadcrumb"},"inLanguage":"en-US","potentialAction":[{"@type":"ReadAction","target":["https:\/\/aeroportcastello.com\/en\/el-aeropuerto-de-castellon-recupera-la-conexion-con-sevilla-con-dos-frecuencias-semanales\/"]}]},{"@type":"BreadcrumbList","@id":"https:\/\/aeroportcastello.com\/en\/el-aeropuerto-de-castellon-recupera-la-conexion-con-sevilla-con-dos-frecuencias-semanales\/#breadcrumb","itemListElement":[{"@type":"ListItem","position":1,"name":"Passengers","item":"https:\/\/aeroportcastello.com\/en\/"},{"@type":"ListItem","position":2,"name":"El aeropuerto de Castell\u00f3n recupera la conexi\u00f3n con Sevilla con dos frecuencias semanales"}]},{"@type":"WebSite","@id":"https:\/\/aeroportcastello.com\/en\/#website","url":"https:\/\/aeroportcastello.com\/en\/","name":"Aeropuerto Castell\u00f3n","description":"Aeropuerto Castell\u00f3n","publisher":{"@id":"https:\/\/aeroportcastello.com\/en\/#organization"},"potentialAction":[{"@type":"SearchAction","target":{"@type":"EntryPoint","urlTemplate":"https:\/\/aeroportcastello.com\/en\/?s={search_term_string}"},"query-input":"required name=search_term_string"}],"inLanguage":"en-US"},{"@type":"Organization","@id":"https:\/\/aeroportcastello.com\/en\/#organization","name":"Aeropuerto Castell\u00f3n","url":"https:\/\/aeroportcastello.com\/en\/","logo":{"@type":"ImageObject","inLanguage":"en-US","@id":"https:\/\/aeroportcastello.com\/en\/#\/schema\/logo\/image\/","url":"https:\/\/aeroportcastello.com\/wp-content\/uploads\/2021\/05\/logo_aeroport_castello-1.svg","contentUrl":"https:\/\/aeroportcastello.com\/wp-content\/uploads\/2021\/05\/logo_aeroport_castello-1.svg","width":482.8999999999999772626324556767940521240234375,"height":93.7000000000000028421709430404007434844970703125,"caption":"Aeropuerto Castell\u00f3n"},"image":{"@id":"https:\/\/aeroportcastello.com\/en\/#\/schema\/logo\/image\/"}},{"@type":"Person","@id":"https:\/\/aeroportcastello.com\/en\/#\/schema\/person\/6ce30e1beabb48891a1227bcaf9c5afc","name":"admin","image":{"@type":"ImageObject","inLanguage":"en-US","@id":"https:\/\/aeroportcastello.com\/en\/#\/schema\/person\/image\/","url":"https:\/\/secure.gravatar.com\/avatar\/49a104bbc10efec0d78dc86b9d8c7ddc?s=96&d=mm&r=g","contentUrl":"https:\/\/secure.gravatar.com\/avatar\/49a104bbc10efec0d78dc86b9d8c7ddc?s=96&d=mm&r=g","caption":"admin"},"sameAs":["https:\/\/aeroportcastello.com"],"url":"https:\/\/aeroportcastello.com\/en\/author\/adm-nunsys\/"}]}},"_links":{"self":[{"href":"https:\/\/aeroportcastello.com\/en\/wp-json\/wp\/v2\/posts\/4558"}],"collection":[{"href":"https:\/\/aeroportcastello.com\/en\/wp-json\/wp\/v2\/posts"}],"about":[{"href":"https:\/\/aeroportcastello.com\/en\/wp-json\/wp\/v2\/types\/post"}],"author":[{"embeddable":true,"href":"https:\/\/aeroportcastello.com\/en\/wp-json\/wp\/v2\/users\/1"}],"replies":[{"embeddable":true,"href":"https:\/\/aeroportcastello.com\/en\/wp-json\/wp\/v2\/comments?post=4558"}],"version-history":[{"count":0,"href":"https:\/\/aeroportcastello.com\/en\/wp-json\/wp\/v2\/posts\/4558\/revisions"}],"wp:featuredmedia":[{"embeddable":true,"href":"https:\/\/aeroportcastello.com\/en\/wp-json\/wp\/v2\/media\/4500"}],"wp:attachment":[{"href":"https:\/\/aeroportcastello.com\/en\/wp-json\/wp\/v2\/media?parent=4558"}],"wp:term":[{"taxonomy":"category","embeddable":true,"href":"https:\/\/aeroportcastello.com\/en\/wp-json\/wp\/v2\/categories?post=4558"},{"taxonomy":"post_tag","embeddable":true,"href":"https:\/\/aeroportcastello.com\/en\/wp-json\/wp\/v2\/tags?post=4558"}],"curies":[{"name":"wp","href":"https:\/\/api.w.org\/{rel}","templated":true}]}}