{"id":4556,"date":"2022-05-03T14:34:55","date_gmt":"2022-05-03T12:34:55","guid":{"rendered":"https:\/\/aeroportcastello.com\/el-aeropuerto-de-castellon-se-integra-en-el-consejo-internacional-de-aeropuertos-europa\/"},"modified":"2022-05-03T14:34:55","modified_gmt":"2022-05-03T12:34:55","slug":"el-aeropuerto-de-castellon-se-integra-en-el-consejo-internacional-de-aeropuertos-europa","status":"publish","type":"post","link":"https:\/\/aeroportcastello.com\/en\/el-aeropuerto-de-castellon-se-integra-en-el-consejo-internacional-de-aeropuertos-europa\/","title":{"rendered":"El aeropuerto de Castell\u00f3n se integra en el Consejo Internacional de Aeropuertos-Europa"},"content":{"rendered":"<p><strong>El aeropuerto de Castell\u00f3n se adherir\u00e1 al programa de certificaci\u00f3n de la huella de carbono y de reducci\u00f3n de emisiones de CO2<\/strong><\/p>\n<p>El aeropuerto de Castell\u00f3n se ha integrado en el Consejo Internacional de Aeropuertos-Europa (ACI-Europe), una organizaci\u00f3n que agrupa a m\u00e1s de 500 aeropuertos de 55 pa\u00edses, que representan m\u00e1s del 90% del tr\u00e1fico comercial en Europa.<\/p>\n<p>La directora general de Aerocas, Blanca Mar\u00edn, ha explicado que la adhesi\u00f3n a ACI-Europe pretende referenciar el aeropuerto de Castell\u00f3n \u201cen el principal organismo en Europa de promoci\u00f3n y defensa de los intereses de los aeropuertos\u201d. \u201cEn definitiva, esta asociaci\u00f3n constituye la voz de los aeropuertos europeos\u201d, ha a\u00f1adido<\/p>\n<p>ACI-Europe, con sede en Bruselas, es una organizaci\u00f3n sin \u00e1nimo de lucro que engloba a aeropuertos de todos los tama\u00f1os, asociaciones aeroportuarias nacionales, instituciones educativas y a la industria asociada al sector. Su objetivo principal es representar y liderar la industria aeroportuaria europea, as\u00ed como promover la excelencia profesional en la gesti\u00f3n y operaciones aeroportuarias. As\u00ed mismo, constituye la regi\u00f3n europea dentro del Consejo Internacional de Aeropuertos (ACI), la \u00fanica asociaci\u00f3n profesional mundial de operadores de aeropuertos.<\/p>\n<p>Una de las principales l\u00edneas de trabajo de ACI-Europe es la promoci\u00f3n de la acci\u00f3n clim\u00e1tica por parte de la industria aeroportuaria a trav\u00e9s del programa Airport Carbon Accreditation, el \u00fanico est\u00e1ndar de certificaci\u00f3n de gesti\u00f3n de carbono respaldado institucionalmente para aeropuertos.<\/p>\n<p>El aeropuerto de Castell\u00f3n va a adherirse\u00a0a este programa, que certifica el c\u00e1lculo de la huella de carbono y la evoluci\u00f3n de los compromisos de reducci\u00f3n de emisiones de CO2\u00a0adquiridos.<\/p>\n<p>En este sentido, la directora general de Aerocas ha manifestado que el aeropuerto \u00abtiene un compromiso firme con la preservaci\u00f3n del medio ambiente y la lucha contra el cambio clim\u00e1tico, por lo que estamos trabajando en la b\u00fasqueda de soluciones que permitan minimizar impactos y mitigar la huella de carbono\u00bb.<\/p>\n<p>&nbsp;<\/p>\n","protected":false},"excerpt":{"rendered":"<p>El aeropuerto de Castell\u00f3n se adherir\u00e1 al programa de certificaci\u00f3n de la huella de carbono y de reducci\u00f3n de emisiones de CO2 El aeropuerto de Castell\u00f3n se ha integrado en el Consejo Internacional de Aeropuertos-Europa (ACI-Europe), una organizaci\u00f3n que agrupa a m\u00e1s de 500 aeropuertos de 55 pa\u00edses, que representan m\u00e1s del 90% del tr\u00e1fico &#8230; <\/p>\n<p class=\"read-more-container\"><a title=\"El aeropuerto de Castell\u00f3n se integra en el Consejo Internacional de Aeropuertos-Europa\" class=\"read-more button\" href=\"https:\/\/aeroportcastello.com\/en\/el-aeropuerto-de-castellon-se-integra-en-el-consejo-internacional-de-aeropuertos-europa\/#more-4556\" aria-label=\"Read more about El aeropuerto de Castell\u00f3n se integra en el Consejo Internacional de Aeropuertos-Europa\">Read more<\/a><\/p>\n","protected":false},"author":1,"featured_media":4516,"comment_status":"open","ping_status":"open","sticky":false,"template":"","format":"standard","meta":{"footnotes":""},"categories":[2],"tags":[],"yoast_head":"<!-- This site is optimized with the Yoast SEO plugin v22.0 - https:\/\/yoast.com\/wordpress\/plugins\/seo\/ -->\n<title>El aeropuerto de Castell\u00f3n se integra en el Consejo Internacional de Aeropuertos-Europa - Aeropuerto Castell\u00f3n<\/title>\n<meta name=\"robots\" content=\"index, follow, max-snippet:-1, max-image-preview:large, max-video-preview:-1\" \/>\n<link rel=\"canonical\" href=\"https:\/\/aeroportcastello.com\/en\/el-aeropuerto-de-castellon-se-integra-en-el-consejo-internacional-de-aeropuertos-europa\/\" \/>\n<meta property=\"og:locale\" content=\"en_US\" \/>\n<meta property=\"og:type\" content=\"article\" \/>\n<meta property=\"og:title\" content=\"El aeropuerto de Castell\u00f3n se integra en el Consejo Internacional de Aeropuertos-Europa - Aeropuerto Castell\u00f3n\" \/>\n<meta property=\"og:description\" content=\"El aeropuerto de Castell\u00f3n se adherir\u00e1 al programa de certificaci\u00f3n de la huella de carbono y de reducci\u00f3n de emisiones de CO2 El aeropuerto de Castell\u00f3n se ha integrado en el Consejo Internacional de Aeropuertos-Europa (ACI-Europe), una organizaci\u00f3n que agrupa a m\u00e1s de 500 aeropuertos de 55 pa\u00edses, que representan m\u00e1s del 90% del tr\u00e1fico ... Read more\" \/>\n<meta property=\"og:url\" content=\"https:\/\/aeroportcastello.com\/en\/el-aeropuerto-de-castellon-se-integra-en-el-consejo-internacional-de-aeropuertos-europa\/\" \/>\n<meta property=\"og:site_name\" content=\"Aeropuerto Castell\u00f3n\" \/>\n<meta property=\"article:published_time\" content=\"2022-05-03T12:34:55+00:00\" \/>\n<meta name=\"author\" content=\"admin\" \/>\n<meta name=\"twitter:card\" content=\"summary_large_image\" \/>\n<meta name=\"twitter:label1\" content=\"Written by\" \/>\n\t<meta name=\"twitter:data1\" content=\"admin\" \/>\n\t<meta name=\"twitter:label2\" content=\"Est. reading time\" \/>\n\t<meta name=\"twitter:data2\" content=\"2 minutes\" \/>\n<script type=\"application\/ld+json\" class=\"yoast-schema-graph\">{\"@context\":\"https:\/\/schema.org\",\"@graph\":[{\"@type\":\"Article\",\"@id\":\"https:\/\/aeroportcastello.com\/en\/el-aeropuerto-de-castellon-se-integra-en-el-consejo-internacional-de-aeropuertos-europa\/#article\",\"isPartOf\":{\"@id\":\"https:\/\/aeroportcastello.com\/en\/el-aeropuerto-de-castellon-se-integra-en-el-consejo-internacional-de-aeropuertos-europa\/\"},\"author\":{\"name\":\"admin\",\"@id\":\"https:\/\/aeroportcastello.com\/en\/#\/schema\/person\/6ce30e1beabb48891a1227bcaf9c5afc\"},\"headline\":\"El aeropuerto de Castell\u00f3n se integra en el Consejo Internacional de Aeropuertos-Europa\",\"datePublished\":\"2022-05-03T12:34:55+00:00\",\"dateModified\":\"2022-05-03T12:34:55+00:00\",\"mainEntityOfPage\":{\"@id\":\"https:\/\/aeroportcastello.com\/en\/el-aeropuerto-de-castellon-se-integra-en-el-consejo-internacional-de-aeropuertos-europa\/\"},\"wordCount\":354,\"commentCount\":0,\"publisher\":{\"@id\":\"https:\/\/aeroportcastello.com\/en\/#organization\"},\"inLanguage\":\"en-US\",\"potentialAction\":[{\"@type\":\"CommentAction\",\"name\":\"Comment\",\"target\":[\"https:\/\/aeroportcastello.com\/en\/el-aeropuerto-de-castellon-se-integra-en-el-consejo-internacional-de-aeropuertos-europa\/#respond\"]}]},{\"@type\":\"WebPage\",\"@id\":\"https:\/\/aeroportcastello.com\/en\/el-aeropuerto-de-castellon-se-integra-en-el-consejo-internacional-de-aeropuertos-europa\/\",\"url\":\"https:\/\/aeroportcastello.com\/en\/el-aeropuerto-de-castellon-se-integra-en-el-consejo-internacional-de-aeropuertos-europa\/\",\"name\":\"El aeropuerto de Castell\u00f3n se integra en el Consejo Internacional de Aeropuertos-Europa - Aeropuerto Castell\u00f3n\",\"isPartOf\":{\"@id\":\"https:\/\/aeroportcastello.com\/en\/#website\"},\"datePublished\":\"2022-05-03T12:34:55+00:00\",\"dateModified\":\"2022-05-03T12:34:55+00:00\",\"breadcrumb\":{\"@id\":\"https:\/\/aeroportcastello.com\/en\/el-aeropuerto-de-castellon-se-integra-en-el-consejo-internacional-de-aeropuertos-europa\/#breadcrumb\"},\"inLanguage\":\"en-US\",\"potentialAction\":[{\"@type\":\"ReadAction\",\"target\":[\"https:\/\/aeroportcastello.com\/en\/el-aeropuerto-de-castellon-se-integra-en-el-consejo-internacional-de-aeropuertos-europa\/\"]}]},{\"@type\":\"BreadcrumbList\",\"@id\":\"https:\/\/aeroportcastello.com\/en\/el-aeropuerto-de-castellon-se-integra-en-el-consejo-internacional-de-aeropuertos-europa\/#breadcrumb\",\"itemListElement\":[{\"@type\":\"ListItem\",\"position\":1,\"name\":\"Passengers\",\"item\":\"https:\/\/aeroportcastello.com\/en\/\"},{\"@type\":\"ListItem\",\"position\":2,\"name\":\"El aeropuerto de Castell\u00f3n se integra en el Consejo Internacional de Aeropuertos-Europa\"}]},{\"@type\":\"WebSite\",\"@id\":\"https:\/\/aeroportcastello.com\/en\/#website\",\"url\":\"https:\/\/aeroportcastello.com\/en\/\",\"name\":\"Aeropuerto Castell\u00f3n\",\"description\":\"Aeropuerto Castell\u00f3n\",\"publisher\":{\"@id\":\"https:\/\/aeroportcastello.com\/en\/#organization\"},\"potentialAction\":[{\"@type\":\"SearchAction\",\"target\":{\"@type\":\"EntryPoint\",\"urlTemplate\":\"https:\/\/aeroportcastello.com\/en\/?s={search_term_string}\"},\"query-input\":\"required name=search_term_string\"}],\"inLanguage\":\"en-US\"},{\"@type\":\"Organization\",\"@id\":\"https:\/\/aeroportcastello.com\/en\/#organization\",\"name\":\"Aeropuerto Castell\u00f3n\",\"url\":\"https:\/\/aeroportcastello.com\/en\/\",\"logo\":{\"@type\":\"ImageObject\",\"inLanguage\":\"en-US\",\"@id\":\"https:\/\/aeroportcastello.com\/en\/#\/schema\/logo\/image\/\",\"url\":\"https:\/\/aeroportcastello.com\/wp-content\/uploads\/2021\/05\/logo_aeroport_castello-1.svg\",\"contentUrl\":\"https:\/\/aeroportcastello.com\/wp-content\/uploads\/2021\/05\/logo_aeroport_castello-1.svg\",\"width\":482.8999999999999772626324556767940521240234375,\"height\":93.7000000000000028421709430404007434844970703125,\"caption\":\"Aeropuerto Castell\u00f3n\"},\"image\":{\"@id\":\"https:\/\/aeroportcastello.com\/en\/#\/schema\/logo\/image\/\"}},{\"@type\":\"Person\",\"@id\":\"https:\/\/aeroportcastello.com\/en\/#\/schema\/person\/6ce30e1beabb48891a1227bcaf9c5afc\",\"name\":\"admin\",\"image\":{\"@type\":\"ImageObject\",\"inLanguage\":\"en-US\",\"@id\":\"https:\/\/aeroportcastello.com\/en\/#\/schema\/person\/image\/\",\"url\":\"https:\/\/secure.gravatar.com\/avatar\/49a104bbc10efec0d78dc86b9d8c7ddc?s=96&d=mm&r=g\",\"contentUrl\":\"https:\/\/secure.gravatar.com\/avatar\/49a104bbc10efec0d78dc86b9d8c7ddc?s=96&d=mm&r=g\",\"caption\":\"admin\"},\"sameAs\":[\"https:\/\/aeroportcastello.com\"],\"url\":\"https:\/\/aeroportcastello.com\/en\/author\/adm-nunsys\/\"}]}<\/script>\n<!-- \/ Yoast SEO plugin. -->","yoast_head_json":{"title":"El aeropuerto de Castell\u00f3n se integra en el Consejo Internacional de Aeropuertos-Europa - Aeropuerto Castell\u00f3n","robots":{"index":"index","follow":"follow","max-snippet":"max-snippet:-1","max-image-preview":"max-image-preview:large","max-video-preview":"max-video-preview:-1"},"canonical":"https:\/\/aeroportcastello.com\/en\/el-aeropuerto-de-castellon-se-integra-en-el-consejo-internacional-de-aeropuertos-europa\/","og_locale":"en_US","og_type":"article","og_title":"El aeropuerto de Castell\u00f3n se integra en el Consejo Internacional de Aeropuertos-Europa - Aeropuerto Castell\u00f3n","og_description":"El aeropuerto de Castell\u00f3n se adherir\u00e1 al programa de certificaci\u00f3n de la huella de carbono y de reducci\u00f3n de emisiones de CO2 El aeropuerto de Castell\u00f3n se ha integrado en el Consejo Internacional de Aeropuertos-Europa (ACI-Europe), una organizaci\u00f3n que agrupa a m\u00e1s de 500 aeropuertos de 55 pa\u00edses, que representan m\u00e1s del 90% del tr\u00e1fico ... Read more","og_url":"https:\/\/aeroportcastello.com\/en\/el-aeropuerto-de-castellon-se-integra-en-el-consejo-internacional-de-aeropuertos-europa\/","og_site_name":"Aeropuerto Castell\u00f3n","article_published_time":"2022-05-03T12:34:55+00:00","author":"admin","twitter_card":"summary_large_image","twitter_misc":{"Written by":"admin","Est. reading time":"2 minutes"},"schema":{"@context":"https:\/\/schema.org","@graph":[{"@type":"Article","@id":"https:\/\/aeroportcastello.com\/en\/el-aeropuerto-de-castellon-se-integra-en-el-consejo-internacional-de-aeropuertos-europa\/#article","isPartOf":{"@id":"https:\/\/aeroportcastello.com\/en\/el-aeropuerto-de-castellon-se-integra-en-el-consejo-internacional-de-aeropuertos-europa\/"},"author":{"name":"admin","@id":"https:\/\/aeroportcastello.com\/en\/#\/schema\/person\/6ce30e1beabb48891a1227bcaf9c5afc"},"headline":"El aeropuerto de Castell\u00f3n se integra en el Consejo Internacional de Aeropuertos-Europa","datePublished":"2022-05-03T12:34:55+00:00","dateModified":"2022-05-03T12:34:55+00:00","mainEntityOfPage":{"@id":"https:\/\/aeroportcastello.com\/en\/el-aeropuerto-de-castellon-se-integra-en-el-consejo-internacional-de-aeropuertos-europa\/"},"wordCount":354,"commentCount":0,"publisher":{"@id":"https:\/\/aeroportcastello.com\/en\/#organization"},"inLanguage":"en-US","potentialAction":[{"@type":"CommentAction","name":"Comment","target":["https:\/\/aeroportcastello.com\/en\/el-aeropuerto-de-castellon-se-integra-en-el-consejo-internacional-de-aeropuertos-europa\/#respond"]}]},{"@type":"WebPage","@id":"https:\/\/aeroportcastello.com\/en\/el-aeropuerto-de-castellon-se-integra-en-el-consejo-internacional-de-aeropuertos-europa\/","url":"https:\/\/aeroportcastello.com\/en\/el-aeropuerto-de-castellon-se-integra-en-el-consejo-internacional-de-aeropuertos-europa\/","name":"El aeropuerto de Castell\u00f3n se integra en el Consejo Internacional de Aeropuertos-Europa - Aeropuerto Castell\u00f3n","isPartOf":{"@id":"https:\/\/aeroportcastello.com\/en\/#website"},"datePublished":"2022-05-03T12:34:55+00:00","dateModified":"2022-05-03T12:34:55+00:00","breadcrumb":{"@id":"https:\/\/aeroportcastello.com\/en\/el-aeropuerto-de-castellon-se-integra-en-el-consejo-internacional-de-aeropuertos-europa\/#breadcrumb"},"inLanguage":"en-US","potentialAction":[{"@type":"ReadAction","target":["https:\/\/aeroportcastello.com\/en\/el-aeropuerto-de-castellon-se-integra-en-el-consejo-internacional-de-aeropuertos-europa\/"]}]},{"@type":"BreadcrumbList","@id":"https:\/\/aeroportcastello.com\/en\/el-aeropuerto-de-castellon-se-integra-en-el-consejo-internacional-de-aeropuertos-europa\/#breadcrumb","itemListElement":[{"@type":"ListItem","position":1,"name":"Passengers","item":"https:\/\/aeroportcastello.com\/en\/"},{"@type":"ListItem","position":2,"name":"El aeropuerto de Castell\u00f3n se integra en el Consejo Internacional de Aeropuertos-Europa"}]},{"@type":"WebSite","@id":"https:\/\/aeroportcastello.com\/en\/#website","url":"https:\/\/aeroportcastello.com\/en\/","name":"Aeropuerto Castell\u00f3n","description":"Aeropuerto Castell\u00f3n","publisher":{"@id":"https:\/\/aeroportcastello.com\/en\/#organization"},"potentialAction":[{"@type":"SearchAction","target":{"@type":"EntryPoint","urlTemplate":"https:\/\/aeroportcastello.com\/en\/?s={search_term_string}"},"query-input":"required name=search_term_string"}],"inLanguage":"en-US"},{"@type":"Organization","@id":"https:\/\/aeroportcastello.com\/en\/#organization","name":"Aeropuerto Castell\u00f3n","url":"https:\/\/aeroportcastello.com\/en\/","logo":{"@type":"ImageObject","inLanguage":"en-US","@id":"https:\/\/aeroportcastello.com\/en\/#\/schema\/logo\/image\/","url":"https:\/\/aeroportcastello.com\/wp-content\/uploads\/2021\/05\/logo_aeroport_castello-1.svg","contentUrl":"https:\/\/aeroportcastello.com\/wp-content\/uploads\/2021\/05\/logo_aeroport_castello-1.svg","width":482.8999999999999772626324556767940521240234375,"height":93.7000000000000028421709430404007434844970703125,"caption":"Aeropuerto Castell\u00f3n"},"image":{"@id":"https:\/\/aeroportcastello.com\/en\/#\/schema\/logo\/image\/"}},{"@type":"Person","@id":"https:\/\/aeroportcastello.com\/en\/#\/schema\/person\/6ce30e1beabb48891a1227bcaf9c5afc","name":"admin","image":{"@type":"ImageObject","inLanguage":"en-US","@id":"https:\/\/aeroportcastello.com\/en\/#\/schema\/person\/image\/","url":"https:\/\/secure.gravatar.com\/avatar\/49a104bbc10efec0d78dc86b9d8c7ddc?s=96&d=mm&r=g","contentUrl":"https:\/\/secure.gravatar.com\/avatar\/49a104bbc10efec0d78dc86b9d8c7ddc?s=96&d=mm&r=g","caption":"admin"},"sameAs":["https:\/\/aeroportcastello.com"],"url":"https:\/\/aeroportcastello.com\/en\/author\/adm-nunsys\/"}]}},"_links":{"self":[{"href":"https:\/\/aeroportcastello.com\/en\/wp-json\/wp\/v2\/posts\/4556"}],"collection":[{"href":"https:\/\/aeroportcastello.com\/en\/wp-json\/wp\/v2\/posts"}],"about":[{"href":"https:\/\/aeroportcastello.com\/en\/wp-json\/wp\/v2\/types\/post"}],"author":[{"embeddable":true,"href":"https:\/\/aeroportcastello.com\/en\/wp-json\/wp\/v2\/users\/1"}],"replies":[{"embeddable":true,"href":"https:\/\/aeroportcastello.com\/en\/wp-json\/wp\/v2\/comments?post=4556"}],"version-history":[{"count":0,"href":"https:\/\/aeroportcastello.com\/en\/wp-json\/wp\/v2\/posts\/4556\/revisions"}],"wp:featuredmedia":[{"embeddable":true,"href":"https:\/\/aeroportcastello.com\/en\/wp-json\/wp\/v2\/media\/4516"}],"wp:attachment":[{"href":"https:\/\/aeroportcastello.com\/en\/wp-json\/wp\/v2\/media?parent=4556"}],"wp:term":[{"taxonomy":"category","embeddable":true,"href":"https:\/\/aeroportcastello.com\/en\/wp-json\/wp\/v2\/categories?post=4556"},{"taxonomy":"post_tag","embeddable":true,"href":"https:\/\/aeroportcastello.com\/en\/wp-json\/wp\/v2\/tags?post=4556"}],"curies":[{"name":"wp","href":"https:\/\/api.w.org\/{rel}","templated":true}]}}