{"id":4548,"date":"2022-05-20T08:16:03","date_gmt":"2022-05-20T06:16:03","guid":{"rendered":"https:\/\/aeroportcastello.com\/el-aeropuerto-de-castellon-introducing-castellon-y-el-aeropuerto-de-budapest-realizan-una-accion-promocional-conjunta-de-la-conexion-aerea\/"},"modified":"2022-05-20T08:16:03","modified_gmt":"2022-05-20T06:16:03","slug":"el-aeropuerto-de-castellon-introducing-castellon-y-el-aeropuerto-de-budapest-realizan-una-accion-promocional-conjunta-de-la-conexion-aerea","status":"publish","type":"post","link":"https:\/\/aeroportcastello.com\/en\/el-aeropuerto-de-castellon-introducing-castellon-y-el-aeropuerto-de-budapest-realizan-una-accion-promocional-conjunta-de-la-conexion-aerea\/","title":{"rendered":"El aeropuerto de Castell\u00f3n, Introducing Castell\u00f3n y el aeropuerto de Budapest realizan una acci\u00f3n promocional conjunta de la conexi\u00f3n a\u00e9rea"},"content":{"rendered":"<p><strong>La iniciativa pretende fomentar la utilizaci\u00f3n de la ruta Castell\u00f3n-Budapest, que arranca el pr\u00f3ximo 1 de junio con dos vuelos semanales<\/strong><\/p>\n<p><strong>\u00a0<\/strong>El aeropuerto de Castell\u00f3n, el Club de Producto Introducing Castell\u00f3n y el aeropuerto de Budapest han acordado la realizaci\u00f3n de una iniciativa conjunta destinada a promocionar la conexi\u00f3n a\u00e9rea Castell\u00f3n-Budapest, que arranca el pr\u00f3ximo 1 de junio.<\/p>\n<p>La ruta de Budapest, gestionada por la aerol\u00ednea Wizz Air, operar\u00e1 con dos frecuencias semanales, en mi\u00e9rcoles y domingo, hasta el 26 de octubre.<\/p>\n<p>Con motivo de la puesta en marcha de la l\u00ednea regular, los aeropuertos de Castell\u00f3n y Budapest y la organizaci\u00f3n empresarial Introducing Castell\u00f3n han coordinado acciones encaminadas a fomentar la utilizaci\u00f3n de la ruta.<\/p>\n<p>Entre otros aspectos, el aeropuerto de Budapest va a promocionar a trav\u00e9s de sus canales de difusi\u00f3n el destino Castell\u00f3n y su oferta hotelera, incluyendo el sorteo de estancias en establecimientos de la provincia facilitadas por Introducing Castell\u00f3n.<\/p>\n<p>La directora general de Aerocas, Blanca Mar\u00edn, ha destacado la importancia de una acci\u00f3n coordinada con los aeropuertos con los que existe conexi\u00f3n a\u00e9rea, \u201ca fin de espolear el tr\u00e1fico en ambos sentidos\u201d. Adem\u00e1s, ha valorado la participaci\u00f3n de Introducing Castell\u00f3n, \u201cya que va a permitir posicionar el cat\u00e1logo de productos tur\u00edsticos de la provincia y su excelente oferta hotelera\u201d.<\/p>\n<p>Por su parte, el presidente de Introducing Castell\u00f3n, Javier Gallego, ha manifestado que la activaci\u00f3n de la ruta de Budapest \u201cconstituye una buena noticia, ya que nos conecta con un potencial emisor de turistas\u201d. Javier Gallego ha incidido en el trabajo que est\u00e1 realizando la organizaci\u00f3n empresarial en otros mercados, como el polaco, aprovechando la conexi\u00f3n con Katowice (Wizz Air), que arranca el 15 de junio.<\/p>\n<p>Tambi\u00e9n comienzan en junio las rutas de Londres-Luton (Wizz Air) y la de Bilbao (Volotea). En total, el aeropuerto de Castell\u00f3n operar\u00e1 este verano ocho conexiones regulares, que generar\u00e1n 17 frecuencias semanales, cifra r\u00e9cord para la instalaci\u00f3n.<\/p>\n<p>&nbsp;<\/p>\n<p>&nbsp;<\/p>\n<p>&nbsp;<\/p>\n","protected":false},"excerpt":{"rendered":"<p>La iniciativa pretende fomentar la utilizaci\u00f3n de la ruta Castell\u00f3n-Budapest, que arranca el pr\u00f3ximo 1 de junio con dos vuelos semanales \u00a0El aeropuerto de Castell\u00f3n, el Club de Producto Introducing Castell\u00f3n y el aeropuerto de Budapest han acordado la realizaci\u00f3n de una iniciativa conjunta destinada a promocionar la conexi\u00f3n a\u00e9rea Castell\u00f3n-Budapest, que arranca el pr\u00f3ximo &#8230; <\/p>\n<p class=\"read-more-container\"><a title=\"El aeropuerto de Castell\u00f3n, Introducing Castell\u00f3n y el aeropuerto de Budapest realizan una acci\u00f3n promocional conjunta de la conexi\u00f3n a\u00e9rea\" class=\"read-more button\" href=\"https:\/\/aeroportcastello.com\/en\/el-aeropuerto-de-castellon-introducing-castellon-y-el-aeropuerto-de-budapest-realizan-una-accion-promocional-conjunta-de-la-conexion-aerea\/#more-4548\" aria-label=\"Read more about El aeropuerto de Castell\u00f3n, Introducing Castell\u00f3n y el aeropuerto de Budapest realizan una acci\u00f3n promocional conjunta de la conexi\u00f3n a\u00e9rea\">Read more<\/a><\/p>\n","protected":false},"author":1,"featured_media":4538,"comment_status":"open","ping_status":"open","sticky":false,"template":"","format":"standard","meta":{"footnotes":""},"categories":[2],"tags":[],"yoast_head":"<!-- This site is optimized with the Yoast SEO plugin v22.0 - https:\/\/yoast.com\/wordpress\/plugins\/seo\/ -->\n<title>El aeropuerto de Castell\u00f3n, Introducing Castell\u00f3n y el aeropuerto de Budapest realizan una acci\u00f3n promocional conjunta de la conexi\u00f3n a\u00e9rea - Aeropuerto Castell\u00f3n<\/title>\n<meta name=\"robots\" content=\"index, follow, max-snippet:-1, max-image-preview:large, max-video-preview:-1\" \/>\n<link rel=\"canonical\" href=\"https:\/\/aeroportcastello.com\/en\/el-aeropuerto-de-castellon-introducing-castellon-y-el-aeropuerto-de-budapest-realizan-una-accion-promocional-conjunta-de-la-conexion-aerea\/\" \/>\n<meta property=\"og:locale\" content=\"en_US\" \/>\n<meta property=\"og:type\" content=\"article\" \/>\n<meta property=\"og:title\" content=\"El aeropuerto de Castell\u00f3n, Introducing Castell\u00f3n y el aeropuerto de Budapest realizan una acci\u00f3n promocional conjunta de la conexi\u00f3n a\u00e9rea - Aeropuerto Castell\u00f3n\" \/>\n<meta property=\"og:description\" content=\"La iniciativa pretende fomentar la utilizaci\u00f3n de la ruta Castell\u00f3n-Budapest, que arranca el pr\u00f3ximo 1 de junio con dos vuelos semanales \u00a0El aeropuerto de Castell\u00f3n, el Club de Producto Introducing Castell\u00f3n y el aeropuerto de Budapest han acordado la realizaci\u00f3n de una iniciativa conjunta destinada a promocionar la conexi\u00f3n a\u00e9rea Castell\u00f3n-Budapest, que arranca el pr\u00f3ximo ... Read more\" \/>\n<meta property=\"og:url\" content=\"https:\/\/aeroportcastello.com\/en\/el-aeropuerto-de-castellon-introducing-castellon-y-el-aeropuerto-de-budapest-realizan-una-accion-promocional-conjunta-de-la-conexion-aerea\/\" \/>\n<meta property=\"og:site_name\" content=\"Aeropuerto Castell\u00f3n\" \/>\n<meta property=\"article:published_time\" content=\"2022-05-20T06:16:03+00:00\" \/>\n<meta name=\"author\" content=\"admin\" \/>\n<meta name=\"twitter:card\" content=\"summary_large_image\" \/>\n<meta name=\"twitter:label1\" content=\"Written by\" \/>\n\t<meta name=\"twitter:data1\" content=\"admin\" \/>\n\t<meta name=\"twitter:label2\" content=\"Est. reading time\" \/>\n\t<meta name=\"twitter:data2\" content=\"2 minutes\" \/>\n<script type=\"application\/ld+json\" class=\"yoast-schema-graph\">{\"@context\":\"https:\/\/schema.org\",\"@graph\":[{\"@type\":\"Article\",\"@id\":\"https:\/\/aeroportcastello.com\/en\/el-aeropuerto-de-castellon-introducing-castellon-y-el-aeropuerto-de-budapest-realizan-una-accion-promocional-conjunta-de-la-conexion-aerea\/#article\",\"isPartOf\":{\"@id\":\"https:\/\/aeroportcastello.com\/en\/el-aeropuerto-de-castellon-introducing-castellon-y-el-aeropuerto-de-budapest-realizan-una-accion-promocional-conjunta-de-la-conexion-aerea\/\"},\"author\":{\"name\":\"admin\",\"@id\":\"https:\/\/aeroportcastello.com\/en\/#\/schema\/person\/6ce30e1beabb48891a1227bcaf9c5afc\"},\"headline\":\"El aeropuerto de Castell\u00f3n, Introducing Castell\u00f3n y el aeropuerto de Budapest realizan una acci\u00f3n promocional conjunta de la conexi\u00f3n a\u00e9rea\",\"datePublished\":\"2022-05-20T06:16:03+00:00\",\"dateModified\":\"2022-05-20T06:16:03+00:00\",\"mainEntityOfPage\":{\"@id\":\"https:\/\/aeroportcastello.com\/en\/el-aeropuerto-de-castellon-introducing-castellon-y-el-aeropuerto-de-budapest-realizan-una-accion-promocional-conjunta-de-la-conexion-aerea\/\"},\"wordCount\":380,\"commentCount\":0,\"publisher\":{\"@id\":\"https:\/\/aeroportcastello.com\/en\/#organization\"},\"inLanguage\":\"en-US\",\"potentialAction\":[{\"@type\":\"CommentAction\",\"name\":\"Comment\",\"target\":[\"https:\/\/aeroportcastello.com\/en\/el-aeropuerto-de-castellon-introducing-castellon-y-el-aeropuerto-de-budapest-realizan-una-accion-promocional-conjunta-de-la-conexion-aerea\/#respond\"]}]},{\"@type\":\"WebPage\",\"@id\":\"https:\/\/aeroportcastello.com\/en\/el-aeropuerto-de-castellon-introducing-castellon-y-el-aeropuerto-de-budapest-realizan-una-accion-promocional-conjunta-de-la-conexion-aerea\/\",\"url\":\"https:\/\/aeroportcastello.com\/en\/el-aeropuerto-de-castellon-introducing-castellon-y-el-aeropuerto-de-budapest-realizan-una-accion-promocional-conjunta-de-la-conexion-aerea\/\",\"name\":\"El aeropuerto de Castell\u00f3n, Introducing Castell\u00f3n y el aeropuerto de Budapest realizan una acci\u00f3n promocional conjunta de la conexi\u00f3n a\u00e9rea - Aeropuerto Castell\u00f3n\",\"isPartOf\":{\"@id\":\"https:\/\/aeroportcastello.com\/en\/#website\"},\"datePublished\":\"2022-05-20T06:16:03+00:00\",\"dateModified\":\"2022-05-20T06:16:03+00:00\",\"breadcrumb\":{\"@id\":\"https:\/\/aeroportcastello.com\/en\/el-aeropuerto-de-castellon-introducing-castellon-y-el-aeropuerto-de-budapest-realizan-una-accion-promocional-conjunta-de-la-conexion-aerea\/#breadcrumb\"},\"inLanguage\":\"en-US\",\"potentialAction\":[{\"@type\":\"ReadAction\",\"target\":[\"https:\/\/aeroportcastello.com\/en\/el-aeropuerto-de-castellon-introducing-castellon-y-el-aeropuerto-de-budapest-realizan-una-accion-promocional-conjunta-de-la-conexion-aerea\/\"]}]},{\"@type\":\"BreadcrumbList\",\"@id\":\"https:\/\/aeroportcastello.com\/en\/el-aeropuerto-de-castellon-introducing-castellon-y-el-aeropuerto-de-budapest-realizan-una-accion-promocional-conjunta-de-la-conexion-aerea\/#breadcrumb\",\"itemListElement\":[{\"@type\":\"ListItem\",\"position\":1,\"name\":\"Passengers\",\"item\":\"https:\/\/aeroportcastello.com\/en\/\"},{\"@type\":\"ListItem\",\"position\":2,\"name\":\"El aeropuerto de Castell\u00f3n, Introducing Castell\u00f3n y el aeropuerto de Budapest realizan una acci\u00f3n promocional conjunta de la conexi\u00f3n a\u00e9rea\"}]},{\"@type\":\"WebSite\",\"@id\":\"https:\/\/aeroportcastello.com\/en\/#website\",\"url\":\"https:\/\/aeroportcastello.com\/en\/\",\"name\":\"Aeropuerto Castell\u00f3n\",\"description\":\"Aeropuerto Castell\u00f3n\",\"publisher\":{\"@id\":\"https:\/\/aeroportcastello.com\/en\/#organization\"},\"potentialAction\":[{\"@type\":\"SearchAction\",\"target\":{\"@type\":\"EntryPoint\",\"urlTemplate\":\"https:\/\/aeroportcastello.com\/en\/?s={search_term_string}\"},\"query-input\":\"required name=search_term_string\"}],\"inLanguage\":\"en-US\"},{\"@type\":\"Organization\",\"@id\":\"https:\/\/aeroportcastello.com\/en\/#organization\",\"name\":\"Aeropuerto Castell\u00f3n\",\"url\":\"https:\/\/aeroportcastello.com\/en\/\",\"logo\":{\"@type\":\"ImageObject\",\"inLanguage\":\"en-US\",\"@id\":\"https:\/\/aeroportcastello.com\/en\/#\/schema\/logo\/image\/\",\"url\":\"https:\/\/aeroportcastello.com\/wp-content\/uploads\/2021\/05\/logo_aeroport_castello-1.svg\",\"contentUrl\":\"https:\/\/aeroportcastello.com\/wp-content\/uploads\/2021\/05\/logo_aeroport_castello-1.svg\",\"width\":482.8999999999999772626324556767940521240234375,\"height\":93.7000000000000028421709430404007434844970703125,\"caption\":\"Aeropuerto Castell\u00f3n\"},\"image\":{\"@id\":\"https:\/\/aeroportcastello.com\/en\/#\/schema\/logo\/image\/\"}},{\"@type\":\"Person\",\"@id\":\"https:\/\/aeroportcastello.com\/en\/#\/schema\/person\/6ce30e1beabb48891a1227bcaf9c5afc\",\"name\":\"admin\",\"image\":{\"@type\":\"ImageObject\",\"inLanguage\":\"en-US\",\"@id\":\"https:\/\/aeroportcastello.com\/en\/#\/schema\/person\/image\/\",\"url\":\"https:\/\/secure.gravatar.com\/avatar\/49a104bbc10efec0d78dc86b9d8c7ddc?s=96&d=mm&r=g\",\"contentUrl\":\"https:\/\/secure.gravatar.com\/avatar\/49a104bbc10efec0d78dc86b9d8c7ddc?s=96&d=mm&r=g\",\"caption\":\"admin\"},\"sameAs\":[\"https:\/\/aeroportcastello.com\"],\"url\":\"https:\/\/aeroportcastello.com\/en\/author\/adm-nunsys\/\"}]}<\/script>\n<!-- \/ Yoast SEO plugin. -->","yoast_head_json":{"title":"El aeropuerto de Castell\u00f3n, Introducing Castell\u00f3n y el aeropuerto de Budapest realizan una acci\u00f3n promocional conjunta de la conexi\u00f3n a\u00e9rea - Aeropuerto Castell\u00f3n","robots":{"index":"index","follow":"follow","max-snippet":"max-snippet:-1","max-image-preview":"max-image-preview:large","max-video-preview":"max-video-preview:-1"},"canonical":"https:\/\/aeroportcastello.com\/en\/el-aeropuerto-de-castellon-introducing-castellon-y-el-aeropuerto-de-budapest-realizan-una-accion-promocional-conjunta-de-la-conexion-aerea\/","og_locale":"en_US","og_type":"article","og_title":"El aeropuerto de Castell\u00f3n, Introducing Castell\u00f3n y el aeropuerto de Budapest realizan una acci\u00f3n promocional conjunta de la conexi\u00f3n a\u00e9rea - Aeropuerto Castell\u00f3n","og_description":"La iniciativa pretende fomentar la utilizaci\u00f3n de la ruta Castell\u00f3n-Budapest, que arranca el pr\u00f3ximo 1 de junio con dos vuelos semanales \u00a0El aeropuerto de Castell\u00f3n, el Club de Producto Introducing Castell\u00f3n y el aeropuerto de Budapest han acordado la realizaci\u00f3n de una iniciativa conjunta destinada a promocionar la conexi\u00f3n a\u00e9rea Castell\u00f3n-Budapest, que arranca el pr\u00f3ximo ... Read more","og_url":"https:\/\/aeroportcastello.com\/en\/el-aeropuerto-de-castellon-introducing-castellon-y-el-aeropuerto-de-budapest-realizan-una-accion-promocional-conjunta-de-la-conexion-aerea\/","og_site_name":"Aeropuerto Castell\u00f3n","article_published_time":"2022-05-20T06:16:03+00:00","author":"admin","twitter_card":"summary_large_image","twitter_misc":{"Written by":"admin","Est. reading time":"2 minutes"},"schema":{"@context":"https:\/\/schema.org","@graph":[{"@type":"Article","@id":"https:\/\/aeroportcastello.com\/en\/el-aeropuerto-de-castellon-introducing-castellon-y-el-aeropuerto-de-budapest-realizan-una-accion-promocional-conjunta-de-la-conexion-aerea\/#article","isPartOf":{"@id":"https:\/\/aeroportcastello.com\/en\/el-aeropuerto-de-castellon-introducing-castellon-y-el-aeropuerto-de-budapest-realizan-una-accion-promocional-conjunta-de-la-conexion-aerea\/"},"author":{"name":"admin","@id":"https:\/\/aeroportcastello.com\/en\/#\/schema\/person\/6ce30e1beabb48891a1227bcaf9c5afc"},"headline":"El aeropuerto de Castell\u00f3n, Introducing Castell\u00f3n y el aeropuerto de Budapest realizan una acci\u00f3n promocional conjunta de la conexi\u00f3n a\u00e9rea","datePublished":"2022-05-20T06:16:03+00:00","dateModified":"2022-05-20T06:16:03+00:00","mainEntityOfPage":{"@id":"https:\/\/aeroportcastello.com\/en\/el-aeropuerto-de-castellon-introducing-castellon-y-el-aeropuerto-de-budapest-realizan-una-accion-promocional-conjunta-de-la-conexion-aerea\/"},"wordCount":380,"commentCount":0,"publisher":{"@id":"https:\/\/aeroportcastello.com\/en\/#organization"},"inLanguage":"en-US","potentialAction":[{"@type":"CommentAction","name":"Comment","target":["https:\/\/aeroportcastello.com\/en\/el-aeropuerto-de-castellon-introducing-castellon-y-el-aeropuerto-de-budapest-realizan-una-accion-promocional-conjunta-de-la-conexion-aerea\/#respond"]}]},{"@type":"WebPage","@id":"https:\/\/aeroportcastello.com\/en\/el-aeropuerto-de-castellon-introducing-castellon-y-el-aeropuerto-de-budapest-realizan-una-accion-promocional-conjunta-de-la-conexion-aerea\/","url":"https:\/\/aeroportcastello.com\/en\/el-aeropuerto-de-castellon-introducing-castellon-y-el-aeropuerto-de-budapest-realizan-una-accion-promocional-conjunta-de-la-conexion-aerea\/","name":"El aeropuerto de Castell\u00f3n, Introducing Castell\u00f3n y el aeropuerto de Budapest realizan una acci\u00f3n promocional conjunta de la conexi\u00f3n a\u00e9rea - Aeropuerto Castell\u00f3n","isPartOf":{"@id":"https:\/\/aeroportcastello.com\/en\/#website"},"datePublished":"2022-05-20T06:16:03+00:00","dateModified":"2022-05-20T06:16:03+00:00","breadcrumb":{"@id":"https:\/\/aeroportcastello.com\/en\/el-aeropuerto-de-castellon-introducing-castellon-y-el-aeropuerto-de-budapest-realizan-una-accion-promocional-conjunta-de-la-conexion-aerea\/#breadcrumb"},"inLanguage":"en-US","potentialAction":[{"@type":"ReadAction","target":["https:\/\/aeroportcastello.com\/en\/el-aeropuerto-de-castellon-introducing-castellon-y-el-aeropuerto-de-budapest-realizan-una-accion-promocional-conjunta-de-la-conexion-aerea\/"]}]},{"@type":"BreadcrumbList","@id":"https:\/\/aeroportcastello.com\/en\/el-aeropuerto-de-castellon-introducing-castellon-y-el-aeropuerto-de-budapest-realizan-una-accion-promocional-conjunta-de-la-conexion-aerea\/#breadcrumb","itemListElement":[{"@type":"ListItem","position":1,"name":"Passengers","item":"https:\/\/aeroportcastello.com\/en\/"},{"@type":"ListItem","position":2,"name":"El aeropuerto de Castell\u00f3n, Introducing Castell\u00f3n y el aeropuerto de Budapest realizan una acci\u00f3n promocional conjunta de la conexi\u00f3n a\u00e9rea"}]},{"@type":"WebSite","@id":"https:\/\/aeroportcastello.com\/en\/#website","url":"https:\/\/aeroportcastello.com\/en\/","name":"Aeropuerto Castell\u00f3n","description":"Aeropuerto Castell\u00f3n","publisher":{"@id":"https:\/\/aeroportcastello.com\/en\/#organization"},"potentialAction":[{"@type":"SearchAction","target":{"@type":"EntryPoint","urlTemplate":"https:\/\/aeroportcastello.com\/en\/?s={search_term_string}"},"query-input":"required name=search_term_string"}],"inLanguage":"en-US"},{"@type":"Organization","@id":"https:\/\/aeroportcastello.com\/en\/#organization","name":"Aeropuerto Castell\u00f3n","url":"https:\/\/aeroportcastello.com\/en\/","logo":{"@type":"ImageObject","inLanguage":"en-US","@id":"https:\/\/aeroportcastello.com\/en\/#\/schema\/logo\/image\/","url":"https:\/\/aeroportcastello.com\/wp-content\/uploads\/2021\/05\/logo_aeroport_castello-1.svg","contentUrl":"https:\/\/aeroportcastello.com\/wp-content\/uploads\/2021\/05\/logo_aeroport_castello-1.svg","width":482.8999999999999772626324556767940521240234375,"height":93.7000000000000028421709430404007434844970703125,"caption":"Aeropuerto Castell\u00f3n"},"image":{"@id":"https:\/\/aeroportcastello.com\/en\/#\/schema\/logo\/image\/"}},{"@type":"Person","@id":"https:\/\/aeroportcastello.com\/en\/#\/schema\/person\/6ce30e1beabb48891a1227bcaf9c5afc","name":"admin","image":{"@type":"ImageObject","inLanguage":"en-US","@id":"https:\/\/aeroportcastello.com\/en\/#\/schema\/person\/image\/","url":"https:\/\/secure.gravatar.com\/avatar\/49a104bbc10efec0d78dc86b9d8c7ddc?s=96&d=mm&r=g","contentUrl":"https:\/\/secure.gravatar.com\/avatar\/49a104bbc10efec0d78dc86b9d8c7ddc?s=96&d=mm&r=g","caption":"admin"},"sameAs":["https:\/\/aeroportcastello.com"],"url":"https:\/\/aeroportcastello.com\/en\/author\/adm-nunsys\/"}]}},"_links":{"self":[{"href":"https:\/\/aeroportcastello.com\/en\/wp-json\/wp\/v2\/posts\/4548"}],"collection":[{"href":"https:\/\/aeroportcastello.com\/en\/wp-json\/wp\/v2\/posts"}],"about":[{"href":"https:\/\/aeroportcastello.com\/en\/wp-json\/wp\/v2\/types\/post"}],"author":[{"embeddable":true,"href":"https:\/\/aeroportcastello.com\/en\/wp-json\/wp\/v2\/users\/1"}],"replies":[{"embeddable":true,"href":"https:\/\/aeroportcastello.com\/en\/wp-json\/wp\/v2\/comments?post=4548"}],"version-history":[{"count":0,"href":"https:\/\/aeroportcastello.com\/en\/wp-json\/wp\/v2\/posts\/4548\/revisions"}],"wp:featuredmedia":[{"embeddable":true,"href":"https:\/\/aeroportcastello.com\/en\/wp-json\/wp\/v2\/media\/4538"}],"wp:attachment":[{"href":"https:\/\/aeroportcastello.com\/en\/wp-json\/wp\/v2\/media?parent=4548"}],"wp:term":[{"taxonomy":"category","embeddable":true,"href":"https:\/\/aeroportcastello.com\/en\/wp-json\/wp\/v2\/categories?post=4548"},{"taxonomy":"post_tag","embeddable":true,"href":"https:\/\/aeroportcastello.com\/en\/wp-json\/wp\/v2\/tags?post=4548"}],"curies":[{"name":"wp","href":"https:\/\/api.w.org\/{rel}","templated":true}]}}