{"id":4546,"date":"2022-05-25T10:35:17","date_gmt":"2022-05-25T08:35:17","guid":{"rendered":"https:\/\/aeroportcastello.com\/el-aeropuerto-de-castellon-adjudica-el-servicio-de-cafeteria-de-la-terminal-de-pasajeros-para-su-apertura-al-publico-el-1-de-junio\/"},"modified":"2022-05-25T10:35:17","modified_gmt":"2022-05-25T08:35:17","slug":"el-aeropuerto-de-castellon-adjudica-el-servicio-de-cafeteria-de-la-terminal-de-pasajeros-para-su-apertura-al-publico-el-1-de-junio","status":"publish","type":"post","link":"https:\/\/aeroportcastello.com\/en\/el-aeropuerto-de-castellon-adjudica-el-servicio-de-cafeteria-de-la-terminal-de-pasajeros-para-su-apertura-al-publico-el-1-de-junio\/","title":{"rendered":"El aeropuerto de Castell\u00f3n adjudica el servicio de cafeter\u00eda de la terminal de pasajeros para su apertura al p\u00fablico el 1 de junio"},"content":{"rendered":"<p><strong>La puesta en marcha coincidir\u00e1 con el inicio del periodo de m\u00e1xima actividad comercial con la convergencia de todas las rutas<\/strong><\/p>\n<p>El aeropuerto de Castell\u00f3n ha adjudicado el contrato de explotaci\u00f3n del servicio de cafeter\u00eda de la terminal de pasajeros, que est\u00e1 previsto que entre en funcionamiento el pr\u00f3ximo 1 de junio.<\/p>\n<p>La empresa adjudicataria se va a hacer cargo, en r\u00e9gimen de arrendamiento, de un local acondicionado y equipado para el servicio de bar-cafeter\u00eda con restauraci\u00f3n. El contrato tiene una duraci\u00f3n de cuatro a\u00f1os, con posibilidad de prorrogarse hasta dos a\u00f1os m\u00e1s.<\/p>\n<p>La propuesta ganadora ampl\u00eda el horario m\u00ednimo de apertura que establec\u00edan las bases, fij\u00e1ndolo de 8.00 a 16.00 horas de lunes a viernes. Adem\u00e1s, la cafeter\u00eda prestar\u00e1 servicio los d\u00edas en que operan vuelos regulares, desde dos horas antes de la llegada del avi\u00f3n hasta dos horas despu\u00e9s de la salida.<\/p>\n<p>La directora general de Aerocas, Blanca Mar\u00edn, ha mostrado su satisfacci\u00f3n con la reapertura de la cafeter\u00eda, que, por una parte, dar\u00e1 servicio a las personas pasajeras y a sus acompa\u00f1antes. En este sentido, ha incidido en que la puesta en marcha del establecimiento coincidir\u00e1 con el inicio del periodo de m\u00e1xima actividad comercial del aeropuerto, que operar\u00e1 a partir de junio ocho rutas regulares con 17 frecuencias semanales.<\/p>\n<p>Por otra parte, el horario de la cafeter\u00eda pretende atender la demanda del personal del propio aeropuerto y de las distintas empresas que operan en el mismo, que suman cerca de 150 personas diarias. Tambi\u00e9n dar\u00e1 servicio al alumnado y profesorado de Formaci\u00f3n Profesional que acude a las instalaciones, adscritos al IES la Vall d\u2019Alba, que se incrementar\u00e1 de forma sustancial a partir del pr\u00f3ximo curso con la implantaci\u00f3n de nuevos ciclos formativos.<\/p>\n<p>&nbsp;<\/p>\n","protected":false},"excerpt":{"rendered":"<p>La puesta en marcha coincidir\u00e1 con el inicio del periodo de m\u00e1xima actividad comercial con la convergencia de todas las rutas El aeropuerto de Castell\u00f3n ha adjudicado el contrato de explotaci\u00f3n del servicio de cafeter\u00eda de la terminal de pasajeros, que est\u00e1 previsto que entre en funcionamiento el pr\u00f3ximo 1 de junio. La empresa adjudicataria &#8230; <\/p>\n<p class=\"read-more-container\"><a title=\"El aeropuerto de Castell\u00f3n adjudica el servicio de cafeter\u00eda de la terminal de pasajeros para su apertura al p\u00fablico el 1 de junio\" class=\"read-more button\" href=\"https:\/\/aeroportcastello.com\/en\/el-aeropuerto-de-castellon-adjudica-el-servicio-de-cafeteria-de-la-terminal-de-pasajeros-para-su-apertura-al-publico-el-1-de-junio\/#more-4546\" aria-label=\"Read more about El aeropuerto de Castell\u00f3n adjudica el servicio de cafeter\u00eda de la terminal de pasajeros para su apertura al p\u00fablico el 1 de junio\">Read more<\/a><\/p>\n","protected":false},"author":1,"featured_media":4543,"comment_status":"open","ping_status":"open","sticky":false,"template":"","format":"standard","meta":{"footnotes":""},"categories":[2],"tags":[],"yoast_head":"<!-- This site is optimized with the Yoast SEO plugin v22.0 - https:\/\/yoast.com\/wordpress\/plugins\/seo\/ -->\n<title>El aeropuerto de Castell\u00f3n adjudica el servicio de cafeter\u00eda de la terminal de pasajeros para su apertura al p\u00fablico el 1 de junio - Aeropuerto Castell\u00f3n<\/title>\n<meta name=\"robots\" content=\"index, follow, max-snippet:-1, max-image-preview:large, max-video-preview:-1\" \/>\n<link rel=\"canonical\" href=\"https:\/\/aeroportcastello.com\/en\/el-aeropuerto-de-castellon-adjudica-el-servicio-de-cafeteria-de-la-terminal-de-pasajeros-para-su-apertura-al-publico-el-1-de-junio\/\" \/>\n<meta property=\"og:locale\" content=\"en_US\" \/>\n<meta property=\"og:type\" content=\"article\" \/>\n<meta property=\"og:title\" content=\"El aeropuerto de Castell\u00f3n adjudica el servicio de cafeter\u00eda de la terminal de pasajeros para su apertura al p\u00fablico el 1 de junio - Aeropuerto Castell\u00f3n\" \/>\n<meta property=\"og:description\" content=\"La puesta en marcha coincidir\u00e1 con el inicio del periodo de m\u00e1xima actividad comercial con la convergencia de todas las rutas El aeropuerto de Castell\u00f3n ha adjudicado el contrato de explotaci\u00f3n del servicio de cafeter\u00eda de la terminal de pasajeros, que est\u00e1 previsto que entre en funcionamiento el pr\u00f3ximo 1 de junio. La empresa adjudicataria ... Read more\" \/>\n<meta property=\"og:url\" content=\"https:\/\/aeroportcastello.com\/en\/el-aeropuerto-de-castellon-adjudica-el-servicio-de-cafeteria-de-la-terminal-de-pasajeros-para-su-apertura-al-publico-el-1-de-junio\/\" \/>\n<meta property=\"og:site_name\" content=\"Aeropuerto Castell\u00f3n\" \/>\n<meta property=\"article:published_time\" content=\"2022-05-25T08:35:17+00:00\" \/>\n<meta name=\"author\" content=\"admin\" \/>\n<meta name=\"twitter:card\" content=\"summary_large_image\" \/>\n<meta name=\"twitter:label1\" content=\"Written by\" \/>\n\t<meta name=\"twitter:data1\" content=\"admin\" \/>\n\t<meta name=\"twitter:label2\" content=\"Est. reading time\" \/>\n\t<meta name=\"twitter:data2\" content=\"2 minutes\" \/>\n<script type=\"application\/ld+json\" class=\"yoast-schema-graph\">{\"@context\":\"https:\/\/schema.org\",\"@graph\":[{\"@type\":\"Article\",\"@id\":\"https:\/\/aeroportcastello.com\/en\/el-aeropuerto-de-castellon-adjudica-el-servicio-de-cafeteria-de-la-terminal-de-pasajeros-para-su-apertura-al-publico-el-1-de-junio\/#article\",\"isPartOf\":{\"@id\":\"https:\/\/aeroportcastello.com\/en\/el-aeropuerto-de-castellon-adjudica-el-servicio-de-cafeteria-de-la-terminal-de-pasajeros-para-su-apertura-al-publico-el-1-de-junio\/\"},\"author\":{\"name\":\"admin\",\"@id\":\"https:\/\/aeroportcastello.com\/en\/#\/schema\/person\/6ce30e1beabb48891a1227bcaf9c5afc\"},\"headline\":\"El aeropuerto de Castell\u00f3n adjudica el servicio de cafeter\u00eda de la terminal de pasajeros para su apertura al p\u00fablico el 1 de junio\",\"datePublished\":\"2022-05-25T08:35:17+00:00\",\"dateModified\":\"2022-05-25T08:35:17+00:00\",\"mainEntityOfPage\":{\"@id\":\"https:\/\/aeroportcastello.com\/en\/el-aeropuerto-de-castellon-adjudica-el-servicio-de-cafeteria-de-la-terminal-de-pasajeros-para-su-apertura-al-publico-el-1-de-junio\/\"},\"wordCount\":339,\"commentCount\":0,\"publisher\":{\"@id\":\"https:\/\/aeroportcastello.com\/en\/#organization\"},\"inLanguage\":\"en-US\",\"potentialAction\":[{\"@type\":\"CommentAction\",\"name\":\"Comment\",\"target\":[\"https:\/\/aeroportcastello.com\/en\/el-aeropuerto-de-castellon-adjudica-el-servicio-de-cafeteria-de-la-terminal-de-pasajeros-para-su-apertura-al-publico-el-1-de-junio\/#respond\"]}]},{\"@type\":\"WebPage\",\"@id\":\"https:\/\/aeroportcastello.com\/en\/el-aeropuerto-de-castellon-adjudica-el-servicio-de-cafeteria-de-la-terminal-de-pasajeros-para-su-apertura-al-publico-el-1-de-junio\/\",\"url\":\"https:\/\/aeroportcastello.com\/en\/el-aeropuerto-de-castellon-adjudica-el-servicio-de-cafeteria-de-la-terminal-de-pasajeros-para-su-apertura-al-publico-el-1-de-junio\/\",\"name\":\"El aeropuerto de Castell\u00f3n adjudica el servicio de cafeter\u00eda de la terminal de pasajeros para su apertura al p\u00fablico el 1 de junio - Aeropuerto Castell\u00f3n\",\"isPartOf\":{\"@id\":\"https:\/\/aeroportcastello.com\/en\/#website\"},\"datePublished\":\"2022-05-25T08:35:17+00:00\",\"dateModified\":\"2022-05-25T08:35:17+00:00\",\"breadcrumb\":{\"@id\":\"https:\/\/aeroportcastello.com\/en\/el-aeropuerto-de-castellon-adjudica-el-servicio-de-cafeteria-de-la-terminal-de-pasajeros-para-su-apertura-al-publico-el-1-de-junio\/#breadcrumb\"},\"inLanguage\":\"en-US\",\"potentialAction\":[{\"@type\":\"ReadAction\",\"target\":[\"https:\/\/aeroportcastello.com\/en\/el-aeropuerto-de-castellon-adjudica-el-servicio-de-cafeteria-de-la-terminal-de-pasajeros-para-su-apertura-al-publico-el-1-de-junio\/\"]}]},{\"@type\":\"BreadcrumbList\",\"@id\":\"https:\/\/aeroportcastello.com\/en\/el-aeropuerto-de-castellon-adjudica-el-servicio-de-cafeteria-de-la-terminal-de-pasajeros-para-su-apertura-al-publico-el-1-de-junio\/#breadcrumb\",\"itemListElement\":[{\"@type\":\"ListItem\",\"position\":1,\"name\":\"Passengers\",\"item\":\"https:\/\/aeroportcastello.com\/en\/\"},{\"@type\":\"ListItem\",\"position\":2,\"name\":\"El aeropuerto de Castell\u00f3n adjudica el servicio de cafeter\u00eda de la terminal de pasajeros para su apertura al p\u00fablico el 1 de junio\"}]},{\"@type\":\"WebSite\",\"@id\":\"https:\/\/aeroportcastello.com\/en\/#website\",\"url\":\"https:\/\/aeroportcastello.com\/en\/\",\"name\":\"Aeropuerto Castell\u00f3n\",\"description\":\"Aeropuerto Castell\u00f3n\",\"publisher\":{\"@id\":\"https:\/\/aeroportcastello.com\/en\/#organization\"},\"potentialAction\":[{\"@type\":\"SearchAction\",\"target\":{\"@type\":\"EntryPoint\",\"urlTemplate\":\"https:\/\/aeroportcastello.com\/en\/?s={search_term_string}\"},\"query-input\":\"required name=search_term_string\"}],\"inLanguage\":\"en-US\"},{\"@type\":\"Organization\",\"@id\":\"https:\/\/aeroportcastello.com\/en\/#organization\",\"name\":\"Aeropuerto Castell\u00f3n\",\"url\":\"https:\/\/aeroportcastello.com\/en\/\",\"logo\":{\"@type\":\"ImageObject\",\"inLanguage\":\"en-US\",\"@id\":\"https:\/\/aeroportcastello.com\/en\/#\/schema\/logo\/image\/\",\"url\":\"https:\/\/aeroportcastello.com\/wp-content\/uploads\/2021\/05\/logo_aeroport_castello-1.svg\",\"contentUrl\":\"https:\/\/aeroportcastello.com\/wp-content\/uploads\/2021\/05\/logo_aeroport_castello-1.svg\",\"width\":482.8999999999999772626324556767940521240234375,\"height\":93.7000000000000028421709430404007434844970703125,\"caption\":\"Aeropuerto Castell\u00f3n\"},\"image\":{\"@id\":\"https:\/\/aeroportcastello.com\/en\/#\/schema\/logo\/image\/\"}},{\"@type\":\"Person\",\"@id\":\"https:\/\/aeroportcastello.com\/en\/#\/schema\/person\/6ce30e1beabb48891a1227bcaf9c5afc\",\"name\":\"admin\",\"image\":{\"@type\":\"ImageObject\",\"inLanguage\":\"en-US\",\"@id\":\"https:\/\/aeroportcastello.com\/en\/#\/schema\/person\/image\/\",\"url\":\"https:\/\/secure.gravatar.com\/avatar\/49a104bbc10efec0d78dc86b9d8c7ddc?s=96&d=mm&r=g\",\"contentUrl\":\"https:\/\/secure.gravatar.com\/avatar\/49a104bbc10efec0d78dc86b9d8c7ddc?s=96&d=mm&r=g\",\"caption\":\"admin\"},\"sameAs\":[\"https:\/\/aeroportcastello.com\"],\"url\":\"https:\/\/aeroportcastello.com\/en\/author\/adm-nunsys\/\"}]}<\/script>\n<!-- \/ Yoast SEO plugin. -->","yoast_head_json":{"title":"El aeropuerto de Castell\u00f3n adjudica el servicio de cafeter\u00eda de la terminal de pasajeros para su apertura al p\u00fablico el 1 de junio - Aeropuerto Castell\u00f3n","robots":{"index":"index","follow":"follow","max-snippet":"max-snippet:-1","max-image-preview":"max-image-preview:large","max-video-preview":"max-video-preview:-1"},"canonical":"https:\/\/aeroportcastello.com\/en\/el-aeropuerto-de-castellon-adjudica-el-servicio-de-cafeteria-de-la-terminal-de-pasajeros-para-su-apertura-al-publico-el-1-de-junio\/","og_locale":"en_US","og_type":"article","og_title":"El aeropuerto de Castell\u00f3n adjudica el servicio de cafeter\u00eda de la terminal de pasajeros para su apertura al p\u00fablico el 1 de junio - Aeropuerto Castell\u00f3n","og_description":"La puesta en marcha coincidir\u00e1 con el inicio del periodo de m\u00e1xima actividad comercial con la convergencia de todas las rutas El aeropuerto de Castell\u00f3n ha adjudicado el contrato de explotaci\u00f3n del servicio de cafeter\u00eda de la terminal de pasajeros, que est\u00e1 previsto que entre en funcionamiento el pr\u00f3ximo 1 de junio. La empresa adjudicataria ... Read more","og_url":"https:\/\/aeroportcastello.com\/en\/el-aeropuerto-de-castellon-adjudica-el-servicio-de-cafeteria-de-la-terminal-de-pasajeros-para-su-apertura-al-publico-el-1-de-junio\/","og_site_name":"Aeropuerto Castell\u00f3n","article_published_time":"2022-05-25T08:35:17+00:00","author":"admin","twitter_card":"summary_large_image","twitter_misc":{"Written by":"admin","Est. reading time":"2 minutes"},"schema":{"@context":"https:\/\/schema.org","@graph":[{"@type":"Article","@id":"https:\/\/aeroportcastello.com\/en\/el-aeropuerto-de-castellon-adjudica-el-servicio-de-cafeteria-de-la-terminal-de-pasajeros-para-su-apertura-al-publico-el-1-de-junio\/#article","isPartOf":{"@id":"https:\/\/aeroportcastello.com\/en\/el-aeropuerto-de-castellon-adjudica-el-servicio-de-cafeteria-de-la-terminal-de-pasajeros-para-su-apertura-al-publico-el-1-de-junio\/"},"author":{"name":"admin","@id":"https:\/\/aeroportcastello.com\/en\/#\/schema\/person\/6ce30e1beabb48891a1227bcaf9c5afc"},"headline":"El aeropuerto de Castell\u00f3n adjudica el servicio de cafeter\u00eda de la terminal de pasajeros para su apertura al p\u00fablico el 1 de junio","datePublished":"2022-05-25T08:35:17+00:00","dateModified":"2022-05-25T08:35:17+00:00","mainEntityOfPage":{"@id":"https:\/\/aeroportcastello.com\/en\/el-aeropuerto-de-castellon-adjudica-el-servicio-de-cafeteria-de-la-terminal-de-pasajeros-para-su-apertura-al-publico-el-1-de-junio\/"},"wordCount":339,"commentCount":0,"publisher":{"@id":"https:\/\/aeroportcastello.com\/en\/#organization"},"inLanguage":"en-US","potentialAction":[{"@type":"CommentAction","name":"Comment","target":["https:\/\/aeroportcastello.com\/en\/el-aeropuerto-de-castellon-adjudica-el-servicio-de-cafeteria-de-la-terminal-de-pasajeros-para-su-apertura-al-publico-el-1-de-junio\/#respond"]}]},{"@type":"WebPage","@id":"https:\/\/aeroportcastello.com\/en\/el-aeropuerto-de-castellon-adjudica-el-servicio-de-cafeteria-de-la-terminal-de-pasajeros-para-su-apertura-al-publico-el-1-de-junio\/","url":"https:\/\/aeroportcastello.com\/en\/el-aeropuerto-de-castellon-adjudica-el-servicio-de-cafeteria-de-la-terminal-de-pasajeros-para-su-apertura-al-publico-el-1-de-junio\/","name":"El aeropuerto de Castell\u00f3n adjudica el servicio de cafeter\u00eda de la terminal de pasajeros para su apertura al p\u00fablico el 1 de junio - Aeropuerto Castell\u00f3n","isPartOf":{"@id":"https:\/\/aeroportcastello.com\/en\/#website"},"datePublished":"2022-05-25T08:35:17+00:00","dateModified":"2022-05-25T08:35:17+00:00","breadcrumb":{"@id":"https:\/\/aeroportcastello.com\/en\/el-aeropuerto-de-castellon-adjudica-el-servicio-de-cafeteria-de-la-terminal-de-pasajeros-para-su-apertura-al-publico-el-1-de-junio\/#breadcrumb"},"inLanguage":"en-US","potentialAction":[{"@type":"ReadAction","target":["https:\/\/aeroportcastello.com\/en\/el-aeropuerto-de-castellon-adjudica-el-servicio-de-cafeteria-de-la-terminal-de-pasajeros-para-su-apertura-al-publico-el-1-de-junio\/"]}]},{"@type":"BreadcrumbList","@id":"https:\/\/aeroportcastello.com\/en\/el-aeropuerto-de-castellon-adjudica-el-servicio-de-cafeteria-de-la-terminal-de-pasajeros-para-su-apertura-al-publico-el-1-de-junio\/#breadcrumb","itemListElement":[{"@type":"ListItem","position":1,"name":"Passengers","item":"https:\/\/aeroportcastello.com\/en\/"},{"@type":"ListItem","position":2,"name":"El aeropuerto de Castell\u00f3n adjudica el servicio de cafeter\u00eda de la terminal de pasajeros para su apertura al p\u00fablico el 1 de junio"}]},{"@type":"WebSite","@id":"https:\/\/aeroportcastello.com\/en\/#website","url":"https:\/\/aeroportcastello.com\/en\/","name":"Aeropuerto Castell\u00f3n","description":"Aeropuerto Castell\u00f3n","publisher":{"@id":"https:\/\/aeroportcastello.com\/en\/#organization"},"potentialAction":[{"@type":"SearchAction","target":{"@type":"EntryPoint","urlTemplate":"https:\/\/aeroportcastello.com\/en\/?s={search_term_string}"},"query-input":"required name=search_term_string"}],"inLanguage":"en-US"},{"@type":"Organization","@id":"https:\/\/aeroportcastello.com\/en\/#organization","name":"Aeropuerto Castell\u00f3n","url":"https:\/\/aeroportcastello.com\/en\/","logo":{"@type":"ImageObject","inLanguage":"en-US","@id":"https:\/\/aeroportcastello.com\/en\/#\/schema\/logo\/image\/","url":"https:\/\/aeroportcastello.com\/wp-content\/uploads\/2021\/05\/logo_aeroport_castello-1.svg","contentUrl":"https:\/\/aeroportcastello.com\/wp-content\/uploads\/2021\/05\/logo_aeroport_castello-1.svg","width":482.8999999999999772626324556767940521240234375,"height":93.7000000000000028421709430404007434844970703125,"caption":"Aeropuerto Castell\u00f3n"},"image":{"@id":"https:\/\/aeroportcastello.com\/en\/#\/schema\/logo\/image\/"}},{"@type":"Person","@id":"https:\/\/aeroportcastello.com\/en\/#\/schema\/person\/6ce30e1beabb48891a1227bcaf9c5afc","name":"admin","image":{"@type":"ImageObject","inLanguage":"en-US","@id":"https:\/\/aeroportcastello.com\/en\/#\/schema\/person\/image\/","url":"https:\/\/secure.gravatar.com\/avatar\/49a104bbc10efec0d78dc86b9d8c7ddc?s=96&d=mm&r=g","contentUrl":"https:\/\/secure.gravatar.com\/avatar\/49a104bbc10efec0d78dc86b9d8c7ddc?s=96&d=mm&r=g","caption":"admin"},"sameAs":["https:\/\/aeroportcastello.com"],"url":"https:\/\/aeroportcastello.com\/en\/author\/adm-nunsys\/"}]}},"_links":{"self":[{"href":"https:\/\/aeroportcastello.com\/en\/wp-json\/wp\/v2\/posts\/4546"}],"collection":[{"href":"https:\/\/aeroportcastello.com\/en\/wp-json\/wp\/v2\/posts"}],"about":[{"href":"https:\/\/aeroportcastello.com\/en\/wp-json\/wp\/v2\/types\/post"}],"author":[{"embeddable":true,"href":"https:\/\/aeroportcastello.com\/en\/wp-json\/wp\/v2\/users\/1"}],"replies":[{"embeddable":true,"href":"https:\/\/aeroportcastello.com\/en\/wp-json\/wp\/v2\/comments?post=4546"}],"version-history":[{"count":0,"href":"https:\/\/aeroportcastello.com\/en\/wp-json\/wp\/v2\/posts\/4546\/revisions"}],"wp:featuredmedia":[{"embeddable":true,"href":"https:\/\/aeroportcastello.com\/en\/wp-json\/wp\/v2\/media\/4543"}],"wp:attachment":[{"href":"https:\/\/aeroportcastello.com\/en\/wp-json\/wp\/v2\/media?parent=4546"}],"wp:term":[{"taxonomy":"category","embeddable":true,"href":"https:\/\/aeroportcastello.com\/en\/wp-json\/wp\/v2\/categories?post=4546"},{"taxonomy":"post_tag","embeddable":true,"href":"https:\/\/aeroportcastello.com\/en\/wp-json\/wp\/v2\/tags?post=4546"}],"curies":[{"name":"wp","href":"https:\/\/api.w.org\/{rel}","templated":true}]}}