{"id":14630,"date":"2025-11-29T10:29:08","date_gmt":"2025-11-29T09:29:08","guid":{"rendered":"https:\/\/aeroportcastello.com\/?p=14630"},"modified":"2025-11-29T10:29:08","modified_gmt":"2025-11-29T09:29:08","slug":"el-aeropuerto-de-castellon-prepara-con-el-sector-hotelero-una-operativa-charter-de-30-vuelos-para-el-traslado-de-hasta-2-700-turistas-eslovacos-en-2026","status":"publish","type":"post","link":"https:\/\/aeroportcastello.com\/en\/el-aeropuerto-de-castellon-prepara-con-el-sector-hotelero-una-operativa-charter-de-30-vuelos-para-el-traslado-de-hasta-2-700-turistas-eslovacos-en-2026\/","title":{"rendered":"El aeropuerto de Castell\u00f3n prepara con el sector hotelero una operativa ch\u00e1rter de 30 vuelos para el traslado de hasta 2.700 turistas eslovacos en 2026"},"content":{"rendered":"<p><strong>Los vuelos est\u00e1n programados entre junio y septiembre tras el acuerdo alcanzado entre Introducing Castell\u00f3n y un turoperador internacional<\/strong><\/p>\n<p>El aeropuerto de Castell\u00f3n tiene previsto acoger el pr\u00f3ximo verano una operativa ch\u00e1rter, promovida por Introducing Castell\u00f3n, para el traslado de hasta 2.700 turistas eslovacos a hoteles de la provincia.<\/p>\n<p>El director general de Aerocas, Justo Vell\u00f3n, ha mantenido un encuentro con los representantes de Introducing Castell\u00f3n Javier Gallego e Iker Llanos para abordar los detalles de esta operativa. Esta entidad agrupa a las principales empresas hoteleras de Castell\u00f3n y tiene como objetivo ayudar en la creaci\u00f3n y comercializaci\u00f3n de la oferta tur\u00edstica de la provincia, reforzando su posicionamiento en los mercados.<\/p>\n<p>Justo Vell\u00f3n ha destacado \u201cla vocaci\u00f3n tur\u00edstica\u201d del aeropuerto y su condici\u00f3n de \u201caliado del sector\u201d, por lo que ha mostrado su satisfacci\u00f3n con la programaci\u00f3n de estos vuelos ch\u00e1rter<\/p>\n<p>El director general de Aerocas ha detallado que la operativa contempla enlazar los aeropuertos de Bratislava y Castell\u00f3n durante 15 semanas, entre el 22 de junio y el 28 de septiembre, con una frecuencia semanal. La previsi\u00f3n es que canalice el desplazamiento de hasta 2.700 turistas eslovacos.<\/p>\n<p>Por su parte, el presidente de Introducing Castell\u00f3n, Javier Gallego, ha explicado que la operativa se enmarca em el acuerdo alcanzado con el operador checo DER Touristik para comercializar paquetes de vuelo m\u00e1s estancia en hoteles de la provincia. Gallego ha destacado que se trata acuerdo \u201cpionero\u201d, que abre la puerta a m\u00e1s operativas ch\u00e1rter tur\u00edsticas a trav\u00e9s del aeropuerto de Castell\u00f3n.<\/p>\n<p>El aeropuerto de Castell\u00f3n acoge otro tipo de operaciones ch\u00e1rter, como la que posibilita cada a\u00f1o el traslado de un millar de representantes del sector cer\u00e1mico a la feria Cersaie de Bolonia.<\/p>\n<p>Por otra parte, el aeropuerto de Castell\u00f3n tiene programado para 2026 el mayor n\u00famero de rutas regulares de su trayectoria, con un total de 16. En este 2025 ya ha superado los 300.000 pasajeros, cifra que supone el r\u00e9cord anual de la infraestructura.<\/p>\n","protected":false},"excerpt":{"rendered":"<p>Los vuelos est\u00e1n programados entre junio y septiembre tras el acuerdo alcanzado entre Introducing Castell\u00f3n y un turoperador internacional El aeropuerto de Castell\u00f3n tiene previsto acoger el pr\u00f3ximo verano una operativa ch\u00e1rter, promovida por Introducing Castell\u00f3n, para el traslado de hasta 2.700 turistas eslovacos a hoteles de la provincia. El director general de Aerocas, Justo &#8230; <\/p>\n<p class=\"read-more-container\"><a title=\"El aeropuerto de Castell\u00f3n prepara con el sector hotelero una operativa ch\u00e1rter de 30 vuelos para el traslado de hasta 2.700 turistas eslovacos en 2026\" class=\"read-more button\" href=\"https:\/\/aeroportcastello.com\/en\/el-aeropuerto-de-castellon-prepara-con-el-sector-hotelero-una-operativa-charter-de-30-vuelos-para-el-traslado-de-hasta-2-700-turistas-eslovacos-en-2026\/#more-14630\" aria-label=\"Read more about El aeropuerto de Castell\u00f3n prepara con el sector hotelero una operativa ch\u00e1rter de 30 vuelos para el traslado de hasta 2.700 turistas eslovacos en 2026\">Read more<\/a><\/p>\n","protected":false},"author":5,"featured_media":14627,"comment_status":"closed","ping_status":"closed","sticky":false,"template":"","format":"standard","meta":{"footnotes":""},"categories":[2],"tags":[],"yoast_head":"<!-- This site is optimized with the Yoast SEO plugin v22.0 - https:\/\/yoast.com\/wordpress\/plugins\/seo\/ -->\n<title>El aeropuerto de Castell\u00f3n prepara con el sector hotelero una operativa ch\u00e1rter de 30 vuelos para el traslado de hasta 2.700 turistas eslovacos en 2026 - Aeropuerto Castell\u00f3n<\/title>\n<meta name=\"robots\" content=\"index, follow, max-snippet:-1, max-image-preview:large, max-video-preview:-1\" \/>\n<link rel=\"canonical\" href=\"https:\/\/aeroportcastello.com\/en\/el-aeropuerto-de-castellon-prepara-con-el-sector-hotelero-una-operativa-charter-de-30-vuelos-para-el-traslado-de-hasta-2-700-turistas-eslovacos-en-2026\/\" \/>\n<meta property=\"og:locale\" content=\"en_US\" \/>\n<meta property=\"og:type\" content=\"article\" \/>\n<meta property=\"og:title\" content=\"El aeropuerto de Castell\u00f3n prepara con el sector hotelero una operativa ch\u00e1rter de 30 vuelos para el traslado de hasta 2.700 turistas eslovacos en 2026 - Aeropuerto Castell\u00f3n\" \/>\n<meta property=\"og:description\" content=\"Los vuelos est\u00e1n programados entre junio y septiembre tras el acuerdo alcanzado entre Introducing Castell\u00f3n y un turoperador internacional El aeropuerto de Castell\u00f3n tiene previsto acoger el pr\u00f3ximo verano una operativa ch\u00e1rter, promovida por Introducing Castell\u00f3n, para el traslado de hasta 2.700 turistas eslovacos a hoteles de la provincia. El director general de Aerocas, Justo ... Read more\" \/>\n<meta property=\"og:url\" content=\"https:\/\/aeroportcastello.com\/en\/el-aeropuerto-de-castellon-prepara-con-el-sector-hotelero-una-operativa-charter-de-30-vuelos-para-el-traslado-de-hasta-2-700-turistas-eslovacos-en-2026\/\" \/>\n<meta property=\"og:site_name\" content=\"Aeropuerto Castell\u00f3n\" \/>\n<meta property=\"article:published_time\" content=\"2025-11-29T09:29:08+00:00\" \/>\n<meta property=\"og:image\" content=\"https:\/\/aeroportcastello.com\/wp-content\/uploads\/2025\/11\/thumbnail_IMG_0402.jpg\" \/>\n\t<meta property=\"og:image:width\" content=\"1449\" \/>\n\t<meta property=\"og:image:height\" content=\"1053\" \/>\n\t<meta property=\"og:image:type\" content=\"image\/jpeg\" \/>\n<meta name=\"author\" content=\"JORDI\" \/>\n<meta name=\"twitter:card\" content=\"summary_large_image\" \/>\n<meta name=\"twitter:label1\" content=\"Written by\" \/>\n\t<meta name=\"twitter:data1\" content=\"JORDI\" \/>\n\t<meta name=\"twitter:label2\" content=\"Est. reading time\" \/>\n\t<meta name=\"twitter:data2\" content=\"2 minutes\" \/>\n<script type=\"application\/ld+json\" class=\"yoast-schema-graph\">{\"@context\":\"https:\/\/schema.org\",\"@graph\":[{\"@type\":\"Article\",\"@id\":\"https:\/\/aeroportcastello.com\/en\/el-aeropuerto-de-castellon-prepara-con-el-sector-hotelero-una-operativa-charter-de-30-vuelos-para-el-traslado-de-hasta-2-700-turistas-eslovacos-en-2026\/#article\",\"isPartOf\":{\"@id\":\"https:\/\/aeroportcastello.com\/en\/el-aeropuerto-de-castellon-prepara-con-el-sector-hotelero-una-operativa-charter-de-30-vuelos-para-el-traslado-de-hasta-2-700-turistas-eslovacos-en-2026\/\"},\"author\":{\"name\":\"JORDI\",\"@id\":\"https:\/\/aeroportcastello.com\/en\/#\/schema\/person\/dbe9a5cd8c878b170b9626311b760bbd\"},\"headline\":\"El aeropuerto de Castell\u00f3n prepara con el sector hotelero una operativa ch\u00e1rter de 30 vuelos para el traslado de hasta 2.700 turistas eslovacos en 2026\",\"datePublished\":\"2025-11-29T09:29:08+00:00\",\"dateModified\":\"2025-11-29T09:29:08+00:00\",\"mainEntityOfPage\":{\"@id\":\"https:\/\/aeroportcastello.com\/en\/el-aeropuerto-de-castellon-prepara-con-el-sector-hotelero-una-operativa-charter-de-30-vuelos-para-el-traslado-de-hasta-2-700-turistas-eslovacos-en-2026\/\"},\"wordCount\":375,\"publisher\":{\"@id\":\"https:\/\/aeroportcastello.com\/en\/#organization\"},\"inLanguage\":\"en-US\"},{\"@type\":\"WebPage\",\"@id\":\"https:\/\/aeroportcastello.com\/en\/el-aeropuerto-de-castellon-prepara-con-el-sector-hotelero-una-operativa-charter-de-30-vuelos-para-el-traslado-de-hasta-2-700-turistas-eslovacos-en-2026\/\",\"url\":\"https:\/\/aeroportcastello.com\/en\/el-aeropuerto-de-castellon-prepara-con-el-sector-hotelero-una-operativa-charter-de-30-vuelos-para-el-traslado-de-hasta-2-700-turistas-eslovacos-en-2026\/\",\"name\":\"El aeropuerto de Castell\u00f3n prepara con el sector hotelero una operativa ch\u00e1rter de 30 vuelos para el traslado de hasta 2.700 turistas eslovacos en 2026 - Aeropuerto Castell\u00f3n\",\"isPartOf\":{\"@id\":\"https:\/\/aeroportcastello.com\/en\/#website\"},\"datePublished\":\"2025-11-29T09:29:08+00:00\",\"dateModified\":\"2025-11-29T09:29:08+00:00\",\"breadcrumb\":{\"@id\":\"https:\/\/aeroportcastello.com\/en\/el-aeropuerto-de-castellon-prepara-con-el-sector-hotelero-una-operativa-charter-de-30-vuelos-para-el-traslado-de-hasta-2-700-turistas-eslovacos-en-2026\/#breadcrumb\"},\"inLanguage\":\"en-US\",\"potentialAction\":[{\"@type\":\"ReadAction\",\"target\":[\"https:\/\/aeroportcastello.com\/en\/el-aeropuerto-de-castellon-prepara-con-el-sector-hotelero-una-operativa-charter-de-30-vuelos-para-el-traslado-de-hasta-2-700-turistas-eslovacos-en-2026\/\"]}]},{\"@type\":\"BreadcrumbList\",\"@id\":\"https:\/\/aeroportcastello.com\/en\/el-aeropuerto-de-castellon-prepara-con-el-sector-hotelero-una-operativa-charter-de-30-vuelos-para-el-traslado-de-hasta-2-700-turistas-eslovacos-en-2026\/#breadcrumb\",\"itemListElement\":[{\"@type\":\"ListItem\",\"position\":1,\"name\":\"Passengers\",\"item\":\"https:\/\/aeroportcastello.com\/en\/\"},{\"@type\":\"ListItem\",\"position\":2,\"name\":\"El aeropuerto de Castell\u00f3n prepara con el sector hotelero una operativa ch\u00e1rter de 30 vuelos para el traslado de hasta 2.700 turistas eslovacos en 2026\"}]},{\"@type\":\"WebSite\",\"@id\":\"https:\/\/aeroportcastello.com\/en\/#website\",\"url\":\"https:\/\/aeroportcastello.com\/en\/\",\"name\":\"Aeropuerto Castell\u00f3n\",\"description\":\"Aeropuerto Castell\u00f3n\",\"publisher\":{\"@id\":\"https:\/\/aeroportcastello.com\/en\/#organization\"},\"potentialAction\":[{\"@type\":\"SearchAction\",\"target\":{\"@type\":\"EntryPoint\",\"urlTemplate\":\"https:\/\/aeroportcastello.com\/en\/?s={search_term_string}\"},\"query-input\":\"required name=search_term_string\"}],\"inLanguage\":\"en-US\"},{\"@type\":\"Organization\",\"@id\":\"https:\/\/aeroportcastello.com\/en\/#organization\",\"name\":\"Aeropuerto Castell\u00f3n\",\"url\":\"https:\/\/aeroportcastello.com\/en\/\",\"logo\":{\"@type\":\"ImageObject\",\"inLanguage\":\"en-US\",\"@id\":\"https:\/\/aeroportcastello.com\/en\/#\/schema\/logo\/image\/\",\"url\":\"https:\/\/aeroportcastello.com\/wp-content\/uploads\/2021\/05\/logo_aeroport_castello-1.svg\",\"contentUrl\":\"https:\/\/aeroportcastello.com\/wp-content\/uploads\/2021\/05\/logo_aeroport_castello-1.svg\",\"width\":482.8999999999999772626324556767940521240234375,\"height\":93.7000000000000028421709430404007434844970703125,\"caption\":\"Aeropuerto Castell\u00f3n\"},\"image\":{\"@id\":\"https:\/\/aeroportcastello.com\/en\/#\/schema\/logo\/image\/\"}},{\"@type\":\"Person\",\"@id\":\"https:\/\/aeroportcastello.com\/en\/#\/schema\/person\/dbe9a5cd8c878b170b9626311b760bbd\",\"name\":\"JORDI\",\"image\":{\"@type\":\"ImageObject\",\"inLanguage\":\"en-US\",\"@id\":\"https:\/\/aeroportcastello.com\/en\/#\/schema\/person\/image\/\",\"url\":\"https:\/\/secure.gravatar.com\/avatar\/3b270e37d3e82ec6b995a7d26cf97e61?s=96&d=mm&r=g\",\"contentUrl\":\"https:\/\/secure.gravatar.com\/avatar\/3b270e37d3e82ec6b995a7d26cf97e61?s=96&d=mm&r=g\",\"caption\":\"JORDI\"},\"url\":\"https:\/\/aeroportcastello.com\/en\/author\/jordi\/\"}]}<\/script>\n<!-- \/ Yoast SEO plugin. -->","yoast_head_json":{"title":"El aeropuerto de Castell\u00f3n prepara con el sector hotelero una operativa ch\u00e1rter de 30 vuelos para el traslado de hasta 2.700 turistas eslovacos en 2026 - Aeropuerto Castell\u00f3n","robots":{"index":"index","follow":"follow","max-snippet":"max-snippet:-1","max-image-preview":"max-image-preview:large","max-video-preview":"max-video-preview:-1"},"canonical":"https:\/\/aeroportcastello.com\/en\/el-aeropuerto-de-castellon-prepara-con-el-sector-hotelero-una-operativa-charter-de-30-vuelos-para-el-traslado-de-hasta-2-700-turistas-eslovacos-en-2026\/","og_locale":"en_US","og_type":"article","og_title":"El aeropuerto de Castell\u00f3n prepara con el sector hotelero una operativa ch\u00e1rter de 30 vuelos para el traslado de hasta 2.700 turistas eslovacos en 2026 - Aeropuerto Castell\u00f3n","og_description":"Los vuelos est\u00e1n programados entre junio y septiembre tras el acuerdo alcanzado entre Introducing Castell\u00f3n y un turoperador internacional El aeropuerto de Castell\u00f3n tiene previsto acoger el pr\u00f3ximo verano una operativa ch\u00e1rter, promovida por Introducing Castell\u00f3n, para el traslado de hasta 2.700 turistas eslovacos a hoteles de la provincia. El director general de Aerocas, Justo ... Read more","og_url":"https:\/\/aeroportcastello.com\/en\/el-aeropuerto-de-castellon-prepara-con-el-sector-hotelero-una-operativa-charter-de-30-vuelos-para-el-traslado-de-hasta-2-700-turistas-eslovacos-en-2026\/","og_site_name":"Aeropuerto Castell\u00f3n","article_published_time":"2025-11-29T09:29:08+00:00","og_image":[{"width":1449,"height":1053,"url":"https:\/\/aeroportcastello.com\/wp-content\/uploads\/2025\/11\/thumbnail_IMG_0402.jpg","type":"image\/jpeg"}],"author":"JORDI","twitter_card":"summary_large_image","twitter_misc":{"Written by":"JORDI","Est. reading time":"2 minutes"},"schema":{"@context":"https:\/\/schema.org","@graph":[{"@type":"Article","@id":"https:\/\/aeroportcastello.com\/en\/el-aeropuerto-de-castellon-prepara-con-el-sector-hotelero-una-operativa-charter-de-30-vuelos-para-el-traslado-de-hasta-2-700-turistas-eslovacos-en-2026\/#article","isPartOf":{"@id":"https:\/\/aeroportcastello.com\/en\/el-aeropuerto-de-castellon-prepara-con-el-sector-hotelero-una-operativa-charter-de-30-vuelos-para-el-traslado-de-hasta-2-700-turistas-eslovacos-en-2026\/"},"author":{"name":"JORDI","@id":"https:\/\/aeroportcastello.com\/en\/#\/schema\/person\/dbe9a5cd8c878b170b9626311b760bbd"},"headline":"El aeropuerto de Castell\u00f3n prepara con el sector hotelero una operativa ch\u00e1rter de 30 vuelos para el traslado de hasta 2.700 turistas eslovacos en 2026","datePublished":"2025-11-29T09:29:08+00:00","dateModified":"2025-11-29T09:29:08+00:00","mainEntityOfPage":{"@id":"https:\/\/aeroportcastello.com\/en\/el-aeropuerto-de-castellon-prepara-con-el-sector-hotelero-una-operativa-charter-de-30-vuelos-para-el-traslado-de-hasta-2-700-turistas-eslovacos-en-2026\/"},"wordCount":375,"publisher":{"@id":"https:\/\/aeroportcastello.com\/en\/#organization"},"inLanguage":"en-US"},{"@type":"WebPage","@id":"https:\/\/aeroportcastello.com\/en\/el-aeropuerto-de-castellon-prepara-con-el-sector-hotelero-una-operativa-charter-de-30-vuelos-para-el-traslado-de-hasta-2-700-turistas-eslovacos-en-2026\/","url":"https:\/\/aeroportcastello.com\/en\/el-aeropuerto-de-castellon-prepara-con-el-sector-hotelero-una-operativa-charter-de-30-vuelos-para-el-traslado-de-hasta-2-700-turistas-eslovacos-en-2026\/","name":"El aeropuerto de Castell\u00f3n prepara con el sector hotelero una operativa ch\u00e1rter de 30 vuelos para el traslado de hasta 2.700 turistas eslovacos en 2026 - Aeropuerto Castell\u00f3n","isPartOf":{"@id":"https:\/\/aeroportcastello.com\/en\/#website"},"datePublished":"2025-11-29T09:29:08+00:00","dateModified":"2025-11-29T09:29:08+00:00","breadcrumb":{"@id":"https:\/\/aeroportcastello.com\/en\/el-aeropuerto-de-castellon-prepara-con-el-sector-hotelero-una-operativa-charter-de-30-vuelos-para-el-traslado-de-hasta-2-700-turistas-eslovacos-en-2026\/#breadcrumb"},"inLanguage":"en-US","potentialAction":[{"@type":"ReadAction","target":["https:\/\/aeroportcastello.com\/en\/el-aeropuerto-de-castellon-prepara-con-el-sector-hotelero-una-operativa-charter-de-30-vuelos-para-el-traslado-de-hasta-2-700-turistas-eslovacos-en-2026\/"]}]},{"@type":"BreadcrumbList","@id":"https:\/\/aeroportcastello.com\/en\/el-aeropuerto-de-castellon-prepara-con-el-sector-hotelero-una-operativa-charter-de-30-vuelos-para-el-traslado-de-hasta-2-700-turistas-eslovacos-en-2026\/#breadcrumb","itemListElement":[{"@type":"ListItem","position":1,"name":"Passengers","item":"https:\/\/aeroportcastello.com\/en\/"},{"@type":"ListItem","position":2,"name":"El aeropuerto de Castell\u00f3n prepara con el sector hotelero una operativa ch\u00e1rter de 30 vuelos para el traslado de hasta 2.700 turistas eslovacos en 2026"}]},{"@type":"WebSite","@id":"https:\/\/aeroportcastello.com\/en\/#website","url":"https:\/\/aeroportcastello.com\/en\/","name":"Aeropuerto Castell\u00f3n","description":"Aeropuerto Castell\u00f3n","publisher":{"@id":"https:\/\/aeroportcastello.com\/en\/#organization"},"potentialAction":[{"@type":"SearchAction","target":{"@type":"EntryPoint","urlTemplate":"https:\/\/aeroportcastello.com\/en\/?s={search_term_string}"},"query-input":"required name=search_term_string"}],"inLanguage":"en-US"},{"@type":"Organization","@id":"https:\/\/aeroportcastello.com\/en\/#organization","name":"Aeropuerto Castell\u00f3n","url":"https:\/\/aeroportcastello.com\/en\/","logo":{"@type":"ImageObject","inLanguage":"en-US","@id":"https:\/\/aeroportcastello.com\/en\/#\/schema\/logo\/image\/","url":"https:\/\/aeroportcastello.com\/wp-content\/uploads\/2021\/05\/logo_aeroport_castello-1.svg","contentUrl":"https:\/\/aeroportcastello.com\/wp-content\/uploads\/2021\/05\/logo_aeroport_castello-1.svg","width":482.8999999999999772626324556767940521240234375,"height":93.7000000000000028421709430404007434844970703125,"caption":"Aeropuerto Castell\u00f3n"},"image":{"@id":"https:\/\/aeroportcastello.com\/en\/#\/schema\/logo\/image\/"}},{"@type":"Person","@id":"https:\/\/aeroportcastello.com\/en\/#\/schema\/person\/dbe9a5cd8c878b170b9626311b760bbd","name":"JORDI","image":{"@type":"ImageObject","inLanguage":"en-US","@id":"https:\/\/aeroportcastello.com\/en\/#\/schema\/person\/image\/","url":"https:\/\/secure.gravatar.com\/avatar\/3b270e37d3e82ec6b995a7d26cf97e61?s=96&d=mm&r=g","contentUrl":"https:\/\/secure.gravatar.com\/avatar\/3b270e37d3e82ec6b995a7d26cf97e61?s=96&d=mm&r=g","caption":"JORDI"},"url":"https:\/\/aeroportcastello.com\/en\/author\/jordi\/"}]}},"_links":{"self":[{"href":"https:\/\/aeroportcastello.com\/en\/wp-json\/wp\/v2\/posts\/14630"}],"collection":[{"href":"https:\/\/aeroportcastello.com\/en\/wp-json\/wp\/v2\/posts"}],"about":[{"href":"https:\/\/aeroportcastello.com\/en\/wp-json\/wp\/v2\/types\/post"}],"author":[{"embeddable":true,"href":"https:\/\/aeroportcastello.com\/en\/wp-json\/wp\/v2\/users\/5"}],"replies":[{"embeddable":true,"href":"https:\/\/aeroportcastello.com\/en\/wp-json\/wp\/v2\/comments?post=14630"}],"version-history":[{"count":1,"href":"https:\/\/aeroportcastello.com\/en\/wp-json\/wp\/v2\/posts\/14630\/revisions"}],"predecessor-version":[{"id":14642,"href":"https:\/\/aeroportcastello.com\/en\/wp-json\/wp\/v2\/posts\/14630\/revisions\/14642"}],"wp:featuredmedia":[{"embeddable":true,"href":"https:\/\/aeroportcastello.com\/en\/wp-json\/wp\/v2\/media\/14627"}],"wp:attachment":[{"href":"https:\/\/aeroportcastello.com\/en\/wp-json\/wp\/v2\/media?parent=14630"}],"wp:term":[{"taxonomy":"category","embeddable":true,"href":"https:\/\/aeroportcastello.com\/en\/wp-json\/wp\/v2\/categories?post=14630"},{"taxonomy":"post_tag","embeddable":true,"href":"https:\/\/aeroportcastello.com\/en\/wp-json\/wp\/v2\/tags?post=14630"}],"curies":[{"name":"wp","href":"https:\/\/api.w.org\/{rel}","templated":true}]}}